{"id":14179,"date":"2015-01-14T17:28:12","date_gmt":"2015-01-14T16:28:12","guid":{"rendered":"http:\/\/www.susannavaris.com\/blogg\/?p=14179"},"modified":"2015-01-14T19:33:22","modified_gmt":"2015-01-14T18:33:22","slug":"mera-mens","status":"publish","type":"post","link":"http:\/\/www.susannavaris.com\/blogg\/2015\/01\/mera-mens\/","title":{"rendered":"Mera mens"},"content":{"rendered":"<p style=\"text-align: center;\"><a href=\"http:\/\/www.susannavaris.com\/blogg\/wp-content\/uploads\/2015\/01\/mens.jpg\"><img loading=\"lazy\" decoding=\"async\" class=\"aligncenter size-full wp-image-14180\" src=\"http:\/\/www.susannavaris.com\/blogg\/wp-content\/uploads\/2015\/01\/mens.jpg\" alt=\"mens\" width=\"500\" height=\"299\" srcset=\"http:\/\/www.susannavaris.com\/blogg\/wp-content\/uploads\/2015\/01\/mens.jpg 500w, http:\/\/www.susannavaris.com\/blogg\/wp-content\/uploads\/2015\/01\/mens-300x179.jpg 300w\" sizes=\"auto, (max-width: 500px) 100vw, 500px\" \/><\/a><em>\u00c4nnu mera mens \u00e5t folket&#8230;<\/em><\/p>\n<p>Antagligen har vi inte f\u00e5tt oss tillr\u00e4ckligt med menskonst och -aktivism till livs, eftersom DN ben\u00e4get\u00a0<a href=\"http:\/\/www.dn.se\/insidan\/manga-vill-prata-mer-om-mens\/\">rycker till<\/a> den feministiska r\u00f6relsens hj\u00e4lp \u00e4nnu en g\u00e5ng. Mensen m\u00e5ste upp p\u00e5 bordet, mensen m\u00e5ste bli var hens samtals\u00e4mne. \u00d6verallt och utan begr\u00e4nsningar. Vad det nu ska tj\u00e4na f\u00f6r syfte mer \u00e4n att det \u00e4r ytterligare en maktdemonstration fr\u00e5n de maktfixerade genusvetarna\/feministiska aktivisterna. Testverksamhet som ska utvisa om folket g\u00e5r att domptera med nya, konstruerade normer.<\/p>\n<p>Mens \u00e4r tabu. M\u00e5h\u00e4nda s\u00e5, men inte mer \u00e4n att de g\u00e5r att diskutera med n\u00e4stan vem som helst som man k\u00e4nner n\u00e5gorlunda v\u00e4l. R\u00e4cker det inte s\u00e5? M\u00e5ste man kunna diskutera mens med vilt fr\u00e4mmande personer n\u00e4r som helst? Varf\u00f6r i s\u00e5 fall? Varf\u00f6r f\u00f6rs inte kampen om att f\u00e5 diskutera urinl\u00e4ckage, diarr\u00e9, liktornar, fotsvett och andra mer eller mindre pinsamma kroppsfunktioner med samma hetta? N\u00e4r kommer utst\u00e4llningen med urinl\u00e4ckagekonst? Diarr\u00e9konst, n\u00e5gon..?<\/p>\n<blockquote><p><strong>&#8221;Josefin Persdotter ser<\/strong> ytterligare ett problem. Och \u00e4ven om hon menar att det \u00e4r oundvikligt s\u00e5 \u00e4r det n\u00e5gonting man m\u00e5ste t\u00e4nka p\u00e5.<\/p>\n<p>\u2013 Den befintliga normen s\u00e4ger att alla kvinnor ska ha mens, att det ska g\u00f6ra lite ont och vara jobbigt. Hur vi \u00e4n g\u00f6r i den menstruella mot\u00adr\u00f6relsen s\u00e5 kommer vi att skapa nya normer. Det g\u00f6r ju vi m\u00e4nniskor alltid, hela tiden. Risken \u00e4r att vi ocks\u00e5 f\u00f6rst\u00e4rker vissa aspekter av de befintliga normerna \u2013 som att menstruerande b\u00f6r ha regelbunden mens.&#8221;<\/p><\/blockquote>\n<p>Nya normer var det ja. Den gamla normen med att en kvinna ska ha mens kanske finns d\u00e4r av en anledning? Kan det t\u00e4nkas att en s\u00e5dan norm bildats eftersom det \u00e4r ett tecken p\u00e5 en fungerande kvinnokropp i fertil \u00e5lder (inte gravid d\u00e5)? Att en avvikelse kan tyda p\u00e5 n\u00e5gon slags problematik eller sjukdom? Att det ska g\u00f6ra ont och vara jobbigt har d\u00e5 \u00e5tminstone inte varit en norm i den f\u00f6r feminister annars s\u00e5 f\u00f6rhatliga reklamen under de senaste tre decennierna; det ska k\u00e4nnas torrt som en \u00f6kenvind och fr\u00e4scht som en v\u00e5rbris och man ska kunna g\u00f6ra allt fr\u00e5n att dansa balett till kl\u00e4ttra p\u00e5 bergsv\u00e4ggar.<\/p>\n<blockquote><p>&#8221;Omkring 15 procent av alla kvinnor i fertil \u00e5lder har vad som kal\u00adlas polycystiskt ovarialsyndrom, PCOS, som leder till oregelbunden eller utebliven mens och \u00e4gglossning.<\/p>\n<p>\u2013\u2009Vi m\u00e5ste ha ett vaket \u00f6ga s\u00e5 att inte folk hamnar i kl\u00e4m och k\u00e4nner sig uteslutna, s\u00e4ger Josefin Persdotter och n\u00e4mner ocks\u00e5 hur jobbigt det kan vara vid k\u00f6nsbyten \u00e5t b\u00e5da h\u00e5ll \u2013 att som man ha mens eller att som kvinna inte ha det.<\/p>\n<p>\u2013\u2009I ett samh\u00e4lle med en stark mensnorm blir det jobbigare f\u00f6r vissa grupper och dem f\u00e5r vi inte gl\u00f6mma bort, s\u00e4ger hon.&#8221;<\/p><\/blockquote>\n<p>Uteslutna fr\u00e5n vad\u00e5? Mensnormen? Den som ska ers\u00e4ttas med en ny mensnorm? Jag orkar inte. Jag vet faktiskt inte ens vad jag ska s\u00e4ga mer \u00e4n att vi sannerligen lever i ett v\u00e4lf\u00e4rdsland n\u00e4r m\u00e4nniskor har tid att konstruera s\u00e5 h\u00e4r intrikata problem.<\/p>\n<p><strong>\u00a0Till\u00e4gg:<\/strong><\/p>\n<p>Ni som f\u00f6ljt bloggen ett tag k\u00e4nner till att jag f\u00f6r n\u00e5gra \u00e5r sedan gjorde en hysterektomi; min livmoder opererades med andra ord bort. Orsaken till detta var att jag under hela livet lidit n\u00e5got gruvligt av v\u00e5ldsamma sm\u00e4rtor och andra ol\u00e4genheter f\u00f6rknippade med menstruationen. Troligen handlade det hela om endometrios, d\u00e4r livmoderhinnan v\u00e4xer okontrollerat och st\u00e4ller till det. Det enda jag \u00e5ngrar med operationen \u00e4r att jag inte gjorde den tidigare. Med facit i hand blev det ju aldrig n\u00e5gra barn och jag hade kunnat bespara mig sj\u00e4lv decennier av lidande. Som en f\u00f6ljd av detta blev f\u00f6rst\u00e5s lingonveckan permanent inst\u00e4lld f\u00f6r min del och jag hade inte anat att livet kunde vara s\u00e5 enkelt och sm\u00e4rtfritt. F\u00f6rsta \u00e5ret gick jag genom livet p\u00e5 ett konstant gl\u00e4djerus. En text som ovan ger mig en k\u00e4nsla av kommunikation fr\u00e5n en utomjording, jag kan inte p\u00e5 n\u00e5got vis relatera till den. Trots att jag saknar livmoder har jag inte f\u00f6r en sekund k\u00e4nt mig som n\u00e5got annat \u00e4n en kvinna. Inte det faktum att jag aldrig har f\u00f6tt barn heller. \u00c4r verkligen m\u00e4nniskors k\u00f6nsidentifikation s\u00e5 till den milda grad avh\u00e4ngig av de yttre normerna i samh\u00e4llet?<\/p>\n<p>&nbsp;<\/p>\n","protected":false},"excerpt":{"rendered":"<p>\u00c4nnu mera mens \u00e5t folket&#8230; Antagligen har vi inte f\u00e5tt oss tillr\u00e4ckligt med menskonst och -aktivism till livs, eftersom DN ben\u00e4get\u00a0rycker till den feministiska r\u00f6relsens hj\u00e4lp \u00e4nnu en g\u00e5ng. Mensen m\u00e5ste upp p\u00e5 bordet, mensen m\u00e5ste bli var hens samtals\u00e4mne. &hellip; <a href=\"http:\/\/www.susannavaris.com\/blogg\/2015\/01\/mera-mens\/\">Forts\u00e4tt l\u00e4sa <span class=\"meta-nav\">&rarr;<\/span><\/a><\/p>\n","protected":false},"author":1,"featured_media":0,"comment_status":"open","ping_status":"open","sticky":false,"template":"","format":"standard","meta":{"footnotes":""},"categories":[181,154,259,1928,589,1,403,303],"tags":[175,4900,4899,4903,4081,4577,4082,4578],"class_list":["post-14179","post","type-post","status-publish","format-standard","hentry","category-feminism","category-genus","category-genusvetenskap","category-journalistik","category-medier","category-okategoriserade","category-pseudovetenskap","category-religion","tag-dn","tag-feminism","tag-genus","tag-genusvetenskap","tag-mens","tag-mensaktivism","tag-menskonst","tag-mensnorm"],"_links":{"self":[{"href":"http:\/\/www.susannavaris.com\/blogg\/wp-json\/wp\/v2\/posts\/14179","targetHints":{"allow":["GET"]}}],"collection":[{"href":"http:\/\/www.susannavaris.com\/blogg\/wp-json\/wp\/v2\/posts"}],"about":[{"href":"http:\/\/www.susannavaris.com\/blogg\/wp-json\/wp\/v2\/types\/post"}],"author":[{"embeddable":true,"href":"http:\/\/www.susannavaris.com\/blogg\/wp-json\/wp\/v2\/users\/1"}],"replies":[{"embeddable":true,"href":"http:\/\/www.susannavaris.com\/blogg\/wp-json\/wp\/v2\/comments?post=14179"}],"version-history":[{"count":3,"href":"http:\/\/www.susannavaris.com\/blogg\/wp-json\/wp\/v2\/posts\/14179\/revisions"}],"predecessor-version":[{"id":14184,"href":"http:\/\/www.susannavaris.com\/blogg\/wp-json\/wp\/v2\/posts\/14179\/revisions\/14184"}],"wp:attachment":[{"href":"http:\/\/www.susannavaris.com\/blogg\/wp-json\/wp\/v2\/media?parent=14179"}],"wp:term":[{"taxonomy":"category","embeddable":true,"href":"http:\/\/www.susannavaris.com\/blogg\/wp-json\/wp\/v2\/categories?post=14179"},{"taxonomy":"post_tag","embeddable":true,"href":"http:\/\/www.susannavaris.com\/blogg\/wp-json\/wp\/v2\/tags?post=14179"}],"curies":[{"name":"wp","href":"https:\/\/api.w.org\/{rel}","templated":true}]}}