{"id":14224,"date":"2015-01-29T20:37:26","date_gmt":"2015-01-29T19:37:26","guid":{"rendered":"http:\/\/www.susannavaris.com\/blogg\/?p=14224"},"modified":"2015-01-29T21:02:46","modified_gmt":"2015-01-29T20:02:46","slug":"patriarkala-jarnvagsstationer-del-3","status":"publish","type":"post","link":"http:\/\/www.susannavaris.com\/blogg\/2015\/01\/patriarkala-jarnvagsstationer-del-3\/","title":{"rendered":"Patriarkala j\u00e4rnv\u00e4gsstationer del 3"},"content":{"rendered":"<p style=\"text-align: center;\"><a href=\"http:\/\/www.susannavaris.com\/blogg\/wp-content\/uploads\/2015\/01\/tanja-spelar-trumpet1.jpg\"><img loading=\"lazy\" decoding=\"async\" class=\"aligncenter size-full wp-image-14240\" src=\"http:\/\/www.susannavaris.com\/blogg\/wp-content\/uploads\/2015\/01\/tanja-spelar-trumpet1.jpg\" alt=\"tanja-spelar-trumpet1\" width=\"327\" height=\"325\" srcset=\"http:\/\/www.susannavaris.com\/blogg\/wp-content\/uploads\/2015\/01\/tanja-spelar-trumpet1.jpg 327w, http:\/\/www.susannavaris.com\/blogg\/wp-content\/uploads\/2015\/01\/tanja-spelar-trumpet1-150x150.jpg 150w, http:\/\/www.susannavaris.com\/blogg\/wp-content\/uploads\/2015\/01\/tanja-spelar-trumpet1-300x298.jpg 300w\" sizes=\"auto, (max-width: 327px) 100vw, 327px\" \/><\/a><em>Tanja Bergkvist spelar <a href=\"https:\/\/tanjabergkvist.wordpress.com\/category\/genustrumpeten\/\">trumpet<\/a>.<\/em><\/p>\n<p>&nbsp;<\/p>\n<p>Delarna 1 och 2 finns h\u00e4r: <a href=\"http:\/\/www.susannavaris.com\/blogg\/2015\/01\/winter-wonderland-och-patriarkala-jarnvagsstationer\/\">del 1<\/a> och <a href=\"http:\/\/www.susannavaris.com\/blogg\/2015\/01\/patriarkala-jarnvagsstationer-fortsattning\/\">del 2<\/a>.<\/p>\n<p>Jag forts\u00e4tter h\u00e4r min genoml\u00e4sning av den fascinerande doktorsavhandlingen <a href=\"http:\/\/liu.diva-portal.org\/smash\/get\/diva2:742447\/FULLTEXT01.pdf\">Rum, rytm och resande<\/a> &#8211; Genusperspektiv p\u00e5 resande.<\/p>\n<p>Punkt <strong><em>4.3.2. F\u00f6r\u00e4nderliga platser och rum <\/em><\/strong>(s. 46);<\/p>\n<p>I uppsatsen menas med rum det sociala rummet och med plats det fysiska rummet (om jag f\u00f6rst\u00e5tt beskrivningen med start sista stycket s. 5 r\u00e4tt).<\/p>\n<blockquote>\n<div data-canvas-width=\"632.9583333333335\">&#8221;I enlighet med Doreen Massey (2005) och Tim Cresswell (2004) betraktar jag platsers och rums best\u00e4ndighet som \u00e4ndlig och att de st\u00e5r under st\u00e4ndig omf\u00f6rhandling. Detta ger ett<\/div>\n<div data-canvas-width=\"375.19166666666666\">processuellt f\u00f6rh\u00e5llningss\u00e4tt till s\u00e5v\u00e4l platser som rum.<\/div>\n<div data-canvas-width=\"632.9216666666667\">Enligt Doreen Massey (2005:152) kan s\u00e5v\u00e4l rum som platser betraktas som ett resultat av or\u00e4ttvisa och konfliktfyllda sociala<\/div>\n<div data-canvas-width=\"632.5000000000002\">relationer, som bidragit till hur rum och platser f\u00f6r tillf\u00e4llet avgr\u00e4nsas och definieras.&#8221;<\/p>\n<\/div>\n<div data-canvas-width=\"632.5000000000002\"><\/div>\n<div data-canvas-width=\"632.5000000000002\">[&#8230;]<\/div>\n<div data-canvas-width=\"632.5000000000002\"><\/div>\n<div data-canvas-width=\"632.5000000000002\">\n<div data-canvas-width=\"163.46\">&#8221;H\u00e4r betraktar jag det som att det r\u00e5der en konkurrens \u00f6ver tid om hur platser och rum avgr\u00e4nsas och ben\u00e4mns. Dessa maktf\u00f6rhandlingar inverkar p\u00e5 hur olika individer upplever platser och rum. Det visar ocks\u00e5 att maktordningar som r\u00e5der p\u00e5 platser och i rum \u00e4r m\u00f6jliga att f\u00f6r\u00e4ndra.&#8221;<\/p>\n<\/div>\n<div data-canvas-width=\"163.46\"><\/div>\n<\/div>\n<\/blockquote>\n<div data-canvas-width=\"632.5000000000002\">\n<p data-canvas-width=\"163.46\">B\u00e5de den fysiska platsens och det sociala rummets best\u00e4ndighet \u00e4r \u00e4ndliga eftersom den materiella v\u00e4rlden lever under fysikens lagar. Begreppet omf\u00f6rhandling \u00e4r genusitiska som implicerar att det finns parter som f\u00f6rhandlar om n\u00e5got. Strax d\u00e4rp\u00e5 har vi inf\u00f6rt ett maktperspektiv (vad vore genusvetenskapen utan den?) och rum och platser \u00e4r nu resultat av b\u00e5de &#8221;or\u00e4ttvisa&#8221; och &#8221;konfliktfyllda&#8221; sociala relationer. S\u00e5 varje fysisk plats och varje socialt rum \u00e4r resultat av dessa &#8221;or\u00e4ttvisa och konfliktfyllda&#8221; sociala relationer? (&#8221;Egendom \u00e4r st\u00f6ld&#8221;, eller? Marxism f\u00fcr alle.) Till sist har vi \u00e4ven lite &#8221;revolutionsdr\u00f6mmar&#8221;; &#8221;maktordningar som r\u00e5der p\u00e5 platser och i rum \u00e4r m\u00f6jliga att f\u00f6r\u00e4ndra.)<\/p>\n<p data-canvas-width=\"163.46\">Punkt <strong><em>4.3.3 Appropriation och genusdom\u00e4n<\/em><\/strong>; \u00c4ven f\u00f6rra \u00e5rets genusbuzzword appropriation hittas sj\u00e4lvfallet i denna uppsats (vilket ger en hint om att influenserna fr\u00e5n den h\u00e4r akademiska verksamheten i h\u00f6gsta grad lever vidare i det \u00f6vriga samh\u00e4llet). Ordet finns inte i svenskan och Oxford Dictionaries definierar det <a href=\"http:\/\/www.oxforddictionaries.com\/definition\/english\/appropriation?searchDictCode=all\">s\u00e5 h\u00e4r<\/a>. Det l\u00e5ter kanske lite som att ockupera en byggnad? Exempelmeningar hos Oxford Dictionaries:<\/p>\n<p data-canvas-width=\"163.46\"><a href=\"http:\/\/www.susannavaris.com\/blogg\/wp-content\/uploads\/2015\/01\/appropr.jpg\"><img loading=\"lazy\" decoding=\"async\" class=\"aligncenter size-full wp-image-14226\" src=\"http:\/\/www.susannavaris.com\/blogg\/wp-content\/uploads\/2015\/01\/appropr.jpg\" alt=\"appropr\" width=\"677\" height=\"216\" srcset=\"http:\/\/www.susannavaris.com\/blogg\/wp-content\/uploads\/2015\/01\/appropr.jpg 677w, http:\/\/www.susannavaris.com\/blogg\/wp-content\/uploads\/2015\/01\/appropr-300x96.jpg 300w\" sizes=\"auto, (max-width: 677px) 100vw, 677px\" \/><\/a><\/p>\n<p data-canvas-width=\"163.46\">\u00d6vertagande, ockupation?<\/p>\n<blockquote>\n<div data-canvas-width=\"634.3700000000001\">&#8221;Appropriation \u00e4r ett begrepp som anv\u00e4nds i samband med olika former av bruk och \u00f6vertagande av allm\u00e4nna platser. Appropriation kan ses som en makthandling som anv\u00e4nds<\/div>\n<div data-canvas-width=\"633.4716666666668\">av m\u00e4nniskor som p\u00e5 annat s\u00e4tt \u00e4r utest\u00e4ngda fr\u00e5n offentliga platser.&#8221;<\/div>\n<div data-canvas-width=\"633.4716666666668\">\n<\/div>\n<div data-canvas-width=\"633.4716666666668\">[&#8230;]<\/div>\n<div data-canvas-width=\"633.4716666666668\"><\/div>\n<div data-canvas-width=\"633.4716666666668\">\n<div data-canvas-width=\"138.7833333333333\">&#8221;Den vanligast f\u00f6rekommande definitionen av appropriation \u00e4r dock att individer eller grupper tillf\u00e4lligt tar \u00f6ver en plats och utifr\u00e5n sina egna behov anv\u00e4nder den p\u00e5 ett annat s\u00e4tt \u00e4n den var avsedd f\u00f6r. Detta kan antingen g\u00f6ras som en tempor\u00e4r appropriation vilket definierar en kort tids \u00f6vertagande av platser. Oftast p\u00e5visas denna appropriation genom individernas kroppsspr\u00e5k, deras s\u00e4tt att r\u00f6ra sig och hur de placerar tillh\u00f6righeter de har med sig. En annan form av \u00f6vertagande av plats sker n\u00e4r en grupp p\u00e5 mer regelbunden basis tar \u00f6ver en viss plats. Detta definieras som varaktig appropriation (Wikstr\u00f6m 2005).&#8221;<\/p>\n<\/div>\n<div data-canvas-width=\"138.7833333333333\"><\/div>\n<\/div>\n<\/blockquote>\n<p data-canvas-width=\"138.7833333333333\">Vanligast f\u00f6rekommande definition i vilket sammanhang d\u00e5? Av exemplen i Oxford Dicitionary verkar ordet ha en hel del andra anv\u00e4ndningsomr\u00e5den \u00e4n den som uppsatsf\u00f6rfattaren h\u00e4r ger. Den angivna definitionen tas inte ens upp d\u00e4r.<\/p>\n<blockquote>\n<div data-canvas-width=\"300.77666666666664\">&#8221;En form av \u00f6vertagande av en fysisk plats som kan liknas vid den tempor\u00e4ra appropriationen \u00e4r skapandet av en genusdom\u00e4n (Friberg 2009). \u00c4ven detta \u00e4r en form av<\/div>\n<div data-canvas-width=\"136.29\">makthandling som d\u00e5 genomf\u00f6rs av en grupp som baseras antingen av m\u00e4n eller kvinnor, pojkar eller flickor som tillf\u00e4lligt tar \u00f6ver en plats och skapar en atmosf\u00e4r som tillf\u00e4lligt utest\u00e4nger andra fr\u00e5n platsen.&#8221; (s. 47).<\/p>\n<\/div>\n<div data-canvas-width=\"136.29\"><\/div>\n<\/blockquote>\n<p data-canvas-width=\"558.8\">Men genus och det biologiska k\u00f6net \u00e4r v\u00e4l inte samma sak&#8230;? Eller ska man h\u00e4r f\u00f6rst\u00e5 genus som 1. &#8221;Jag anv\u00e4nder i st\u00e4llet genus som huvudsakligt begrepp f\u00f6r att n\u00e4rma mig hur kroppar tar plats i samh\u00e4llet. Genus betraktas h\u00e4r som konstruerat och f\u00f6r\u00e4nderligt, n\u00e5got som str\u00e4cker sig \u00f6ver den biologiska kroppens gr\u00e4nser och tycks kunna innefatta allt&#8221; 2. Serie 3. Rytm? I s\u00e5 fall: varf\u00f6r blir kategorierna m\u00e4n, kvinnor, pojkar och flickor d\u00e5 alls intressanta?<\/p>\n<blockquote>\n<div data-canvas-width=\"634.865\">&#8221;Lefebvre ([1974]1991) definierar appropriation som en politisk handling, vilken syftar till att omskapa det sociala rummet som domineras av marknadskrafter (Olsson 2008:53ff).<\/div>\n<div data-canvas-width=\"106.05833333333334\">Detta ligger i linje med hur Tomas Wikstr\u00f6m (2005) beskriver att appropriation utmanar kommersialiseringen av offentliga platser genom att individer, som annars riskerar att bli<\/div>\n<div data-canvas-width=\"31.23999999999999\">uteslutna, skapar sig en plats. Enligt denna definition tj\u00e4nar appropriation alltid ett politiskt syfte.&#8221;<\/p>\n<\/div>\n<div data-canvas-width=\"31.23999999999999\"><\/div>\n<\/blockquote>\n<p data-canvas-width=\"31.23999999999999\">Intressant att genusiterna ser appropriation (enbart?) som en motst\u00e5ndshandling mot marknadskrafterna. Oxford Dictionaries verkar f\u00f6rst\u00e5 ordet som \u00e4ven ett \u00f6vertagande av exempelvis privata f\u00f6retag eller boskap fr\u00e5n m\u00e4nniskor som ska f\u00f6rdrivas.<\/p>\n<p data-canvas-width=\"31.23999999999999\">Punkt <strong><em>4.3.4 Genus och samh\u00e4llets delning i en offentlig och privat sf\u00e4r <\/em><\/strong>(s. 48); Raskt konstateras att kvinnorna historiskt varit h\u00e4nvisade till hemmets h\u00e4rd och att kvinnor utanf\u00f6r hemmet \u00e4r utsatta f\u00f6r sexuella v\u00e5ldshandlingar fr\u00e5n m\u00e4n samt betraktas som prostituerade. Varuhusen blev legitima platser f\u00f6r borgerskapets kvinnor och d\u00e4rf\u00f6r har kvinnor kommit att f\u00f6rknippas med shopping och konsumtion. (Sic!). Vidare exploateras kvinnokroppar sexuellt p\u00e5 reklampelare och manliga statyer har namn och yrke, kvinnliga inte.<\/p>\n<p style=\"text-align: center;\" data-canvas-width=\"31.23999999999999\"><a href=\"http:\/\/www.susannavaris.com\/blogg\/wp-content\/uploads\/2015\/01\/Shopping_004020.jpg\"><img loading=\"lazy\" decoding=\"async\" class=\"aligncenter size-full wp-image-14242\" src=\"http:\/\/www.susannavaris.com\/blogg\/wp-content\/uploads\/2015\/01\/Shopping_004020.jpg\" alt=\"Shopping_004020\" width=\"1920\" height=\"1200\" srcset=\"http:\/\/www.susannavaris.com\/blogg\/wp-content\/uploads\/2015\/01\/Shopping_004020.jpg 1920w, http:\/\/www.susannavaris.com\/blogg\/wp-content\/uploads\/2015\/01\/Shopping_004020-300x188.jpg 300w, http:\/\/www.susannavaris.com\/blogg\/wp-content\/uploads\/2015\/01\/Shopping_004020-1024x640.jpg 1024w\" sizes=\"auto, (max-width: 1920px) 100vw, 1920px\" \/><\/a><em>Varuhusen \u00e4r en legitim plats f\u00f6r borgerskapets kvinnor &#8211; det \u00e4r d\u00e4rf\u00f6r kvinnor f\u00f6rknippas med shopping och konsumtion. :) Foto: Visituzbekistan<\/em><\/p>\n<p data-canvas-width=\"31.23999999999999\">Sedan behandlar f\u00f6rfattarinnan p\u00e5 begreppet offentlig plats och sj\u00e4lvfallet mynnar alltihopa ut i en identitetspolitisk ansats (s. 49):<\/p>\n<blockquote>\n<p data-canvas-width=\"31.23999999999999\">&#8221;I denna studie som fokuserar hur kroppar kan \u201dta plats\u201d i samh\u00e4llet utg\u00e5r jag dock ifr\u00e5n att kroppar enbart genom sin n\u00e4rvaro och sitt framtr\u00e4dande i sig b\u00e4r politiska aspekter. Lynn\u00a0A. Staeheli\u00a0(2010) menar att kroppar, \u00e4ven omedvetet, kan utf\u00f6ra politiska handlingar enbart genom att n\u00e4rvara p\u00e5 offentliga platser. Enligt henne kan n\u00e4rvaron av en m\u00e5ngfald av individer verka demokratiskt fostrande, eftersom det synligg\u00f6r de mots\u00e4ttningar och konflikter som finns inbyggda i den r\u00e5dande demokratiska politiken. Med h\u00e4nsyn till argumentationen utg\u00e5r jag h\u00e4r fr\u00e5n att \u00e4ven kroppar i sig kan b\u00e4ra politiska dimensioner d\u00e5 de vistas p\u00e5 j\u00e4rnv\u00e4gsstationerna.&#8221;<\/p>\n<\/blockquote>\n<p data-canvas-width=\"31.23999999999999\">Identitetspolitik och konflikter i den demokratiska politiken. Kroppar som bara genom att vara b\u00e4r p\u00e5 politiska aspekter.<\/p>\n<p data-canvas-width=\"31.23999999999999\">Nu \u00e4r vi framme vid den kanske m\u00e4rkligaste delen av hela denna produkt; punkt <strong>4.4<\/strong> <em><strong>Rytm, fysiska platser och sociala rum<\/strong><\/em>:<\/p>\n<blockquote>\n<div data-canvas-width=\"90.82333333333332\">&#8221;I denna avhandling uppeh\u00e5ller sig en stor del av analysen av j\u00e4rnv\u00e4gsstationerna som fysiska platser och sociala rum kring rytmer. Till inspiration f\u00f6r denna analytiska in riktning har<\/div>\n<div data-canvas-width=\"208.52333333333328\">jag tagit intryck av Henri Lefebvres (2004) rytmanalytiska t\u00e4nkande och vidare utvecklat detta. Enligt Lefebvre \u00e4r en<\/div>\n<div data-canvas-width=\"319.1466666666667\">rytm en upprepning som f\u00f6ljer en s\u00e4rskild logik<\/div>\n<div data-canvas-width=\"514.36\">och som \u00e5terkommer, om \u00e4n med en viss variation. Den f\u00f6rekommer i ett visst tidsligt och rumsligt sammanhang och har en viss varaktighet \u00f6ver tid och en viss utstr\u00e4ckning i rummet (Lefebvre 2004). Lefebvre menade att det var m\u00f6jligt att basera en hel samh\u00e4llsanalys av stadsrummet p\u00e5 den multitud av rytmer som f\u00f6rekommer d\u00e4r. Han j\u00e4mf\u00f6rde de enskilda rytmerna med olika musikinstrument i en symfoniorkester, som tillsammans spelar ett gemensamt musikstycke. Det var rytmerna och deras best\u00e5ndsdelar som skulle utg\u00f6ra ramen f\u00f6r samh\u00e4llsanalysen \u00f6ver hur individer och grupper levde sina liv.&#8221;<\/p>\n<\/div>\n<div data-canvas-width=\"514.36\"><\/div>\n<\/blockquote>\n<p data-canvas-width=\"514.36\">Henri Lefebvre var marxistisk filosof l\u00e4ser jag p\u00e5 Wikipedia. Quelle surpris. Lefebvres rytmanalys g\u00e5r i korthet ut p\u00e5 f\u00f6ljande enligt Wikipedia 150129:<\/p>\n<blockquote><p>&#8221;Lefebvre\u2019s concept of rhythm concerns the repetition of a <a title=\"Bar (music)\" href=\"http:\/\/en.wikipedia.org\/wiki\/Bar_%28music%29\">measure<\/a> at a <a title=\"Frequency\" href=\"http:\/\/en.wikipedia.org\/wiki\/Frequency\">frequency<\/a>. He identifies two kinds of <a title=\"Rhythm\" href=\"http:\/\/en.wikipedia.org\/wiki\/Rhythm\">rhythms<\/a>: cyclical rhythms, which involve simple intervals of repetition, and alternating (or linear) rhythms. An example of a cyclical rhythm would be day fading into night, and night brightening into day; a linear rhythm might be the flow of information from a television set. Additionally, rhythms may be nested within each other; for example, the broadcast of the local news at set intervals throughout the day, throughout the week, is an example of a nested rhythm. In a less abstract fashion (or perhaps only abstract in a different fashion), Lefebvre asserts that rhythms exist at the intersection of <a title=\"Location (geography)\" href=\"http:\/\/en.wikipedia.org\/wiki\/Location_%28geography%29\">place<\/a>, <a title=\"Time\" href=\"http:\/\/en.wikipedia.org\/wiki\/Time\">time<\/a> and the expenditure of <a class=\"mw-redirect\" title=\"Psychic energy\" href=\"http:\/\/en.wikipedia.org\/wiki\/Psychic_energy\">energy<\/a>.<\/p>\n<p>Lefebvre posits that the human body is composed of several rhythms; in order to observe rhythms outside of the body, the rhythmanalyst must use her or his own rhythms as a reference to unify the rhythms under analysis. Properly put, the rhythm is the conjunction of the rhythmanalyst and the object of the analysis.&#8221;<\/p><\/blockquote>\n<p style=\"text-align: center;\"><a href=\"http:\/\/www.susannavaris.com\/blogg\/wp-content\/uploads\/2015\/01\/rhythm02.jpg\"><img loading=\"lazy\" decoding=\"async\" class=\"aligncenter size-full wp-image-14236\" src=\"http:\/\/www.susannavaris.com\/blogg\/wp-content\/uploads\/2015\/01\/rhythm02.jpg\" alt=\"rhythm02\" width=\"682\" height=\"452\" srcset=\"http:\/\/www.susannavaris.com\/blogg\/wp-content\/uploads\/2015\/01\/rhythm02.jpg 682w, http:\/\/www.susannavaris.com\/blogg\/wp-content\/uploads\/2015\/01\/rhythm02-300x199.jpg 300w\" sizes=\"auto, (max-width: 682px) 100vw, 682px\" \/><\/a><em>En slags rytmanalys fr\u00e5n <a href=\"http:\/\/cargocollective.com\/MouleeBasumallik\/Rhythmanalysis\">Cargo Collective<\/a>.<\/em><\/p>\n<p data-canvas-width=\"633.4716666666668\">\u00a0I detta ympar vi sj\u00e4lvfallet in ett maktperspektiv, vad vore marxismen eller feminismen utan en s\u00e5dan?<\/p>\n<blockquote>\n<div data-canvas-width=\"587.6566666666668\">&#8221;Enligt detta t\u00e4nkande f\u00f6rekommer alltid flera samtidiga rytmer i samh\u00e4llet, i s\u00e5 kallad polyrytmik. Eftersom Lefebvre utgick ifr\u00e5n att vissa av dessa rytmer var mer dominerande och<\/div>\n<div data-canvas-width=\"632.9766666666666\">tongivande \u00e4n andra, menade han att det skulle vara m\u00f6jligt att unders\u00f6ka maktdimensioner mellan olika rytmer. Denna maktanalys skulle kunna f\u00f6rdjupas eftersom rytmerna, enligt<\/div>\n<div data-canvas-width=\"149.76500000000001\">Lefebvre, antingen samverkade synkront och harmoniskt i s\u00e5 kallad eurytmi, eller hamnade i kollision och dissonans med varandra i s\u00e5 kallad arytmi (Lefebvre 2004:16).&#8221;<\/p>\n<\/div>\n<div data-canvas-width=\"149.76500000000001\"><\/div>\n<\/blockquote>\n<p data-canvas-width=\"149.76500000000001\">L\u00e5ter inte detta m\u00e4rkligt bekant? F\u00f6rtryckte inte de djupa, m\u00f6rka och manliga klangerna de ljusa, h\u00f6ga och kvinnliga i en viss avhandling om Genustrumpeten? Rytmanalys l\u00e5ter som n\u00e5got en musik- eller konststuderande kunde anv\u00e4nda sig av i sitt skapande, men nyttan f\u00f6r s\u00e4g, samh\u00e4llsplanering verkar fortfarande minst sagt tveksam&#8230;<\/p>\n<p><iframe loading=\"lazy\" src=\"https:\/\/www.youtube.com\/embed\/cJOZp2ZftCw\" width=\"420\" height=\"315\" frameborder=\"0\" allowfullscreen=\"allowfullscreen\"><\/iframe><\/p>\n<p style=\"text-align: center;\" data-canvas-width=\"149.76500000000001\"><em>Snowball, den dansande kakaduan, har rytm!<\/p>\n<p><\/em><\/p>\n<p>&nbsp;<\/p>\n<p>&nbsp;<\/p>\n<p data-canvas-width=\"149.76500000000001\">Detta f\u00e5r r\u00e4cka f\u00f6r den h\u00e4r g\u00e5ngen&#8230;n\u00e4sta g\u00e5ng forts\u00e4tter vi med det sp\u00e4nnande utbenandet av <strong><em>4.4.1 Genus som rytm<\/em><\/strong>.<\/p>\n<\/div>\n","protected":false},"excerpt":{"rendered":"<p>Tanja Bergkvist spelar trumpet. &nbsp; Delarna 1 och 2 finns h\u00e4r: del 1 och del 2. Jag forts\u00e4tter h\u00e4r min genoml\u00e4sning av den fascinerande doktorsavhandlingen Rum, rytm och resande &#8211; Genusperspektiv p\u00e5 resande. Punkt 4.3.2. F\u00f6r\u00e4nderliga platser och rum (s. &hellip; <a href=\"http:\/\/www.susannavaris.com\/blogg\/2015\/01\/patriarkala-jarnvagsstationer-del-3\/\">Forts\u00e4tt l\u00e4sa <span class=\"meta-nav\">&rarr;<\/span><\/a><\/p>\n","protected":false},"author":1,"featured_media":0,"comment_status":"open","ping_status":"open","sticky":false,"template":"","format":"standard","meta":{"footnotes":""},"categories":[181,154,259,3358,1,590,403,303,1060],"tags":[4589,2412,4900,4899,4903,4606,4927,4585,1322,2679,4586,4605],"class_list":["post-14224","post","type-post","status-publish","format-standard","hentry","category-feminism","category-genus","category-genusvetenskap","category-identitetspolitik","category-okategoriserade","category-politik","category-pseudovetenskap","category-religion","category-samhallsplanering","tag-ann-charlotte-gilboa-runnvik","tag-doktorsavhandling","tag-feminism","tag-genus","tag-genusvetenskap","tag-henri-lefebvre","tag-identitetspolitik","tag-linkoping","tag-linkopings-universitet","tag-marxism","tag-rum-rytm-och-resande","tag-rytmanalys"],"_links":{"self":[{"href":"http:\/\/www.susannavaris.com\/blogg\/wp-json\/wp\/v2\/posts\/14224","targetHints":{"allow":["GET"]}}],"collection":[{"href":"http:\/\/www.susannavaris.com\/blogg\/wp-json\/wp\/v2\/posts"}],"about":[{"href":"http:\/\/www.susannavaris.com\/blogg\/wp-json\/wp\/v2\/types\/post"}],"author":[{"embeddable":true,"href":"http:\/\/www.susannavaris.com\/blogg\/wp-json\/wp\/v2\/users\/1"}],"replies":[{"embeddable":true,"href":"http:\/\/www.susannavaris.com\/blogg\/wp-json\/wp\/v2\/comments?post=14224"}],"version-history":[{"count":8,"href":"http:\/\/www.susannavaris.com\/blogg\/wp-json\/wp\/v2\/posts\/14224\/revisions"}],"predecessor-version":[{"id":14243,"href":"http:\/\/www.susannavaris.com\/blogg\/wp-json\/wp\/v2\/posts\/14224\/revisions\/14243"}],"wp:attachment":[{"href":"http:\/\/www.susannavaris.com\/blogg\/wp-json\/wp\/v2\/media?parent=14224"}],"wp:term":[{"taxonomy":"category","embeddable":true,"href":"http:\/\/www.susannavaris.com\/blogg\/wp-json\/wp\/v2\/categories?post=14224"},{"taxonomy":"post_tag","embeddable":true,"href":"http:\/\/www.susannavaris.com\/blogg\/wp-json\/wp\/v2\/tags?post=14224"}],"curies":[{"name":"wp","href":"https:\/\/api.w.org\/{rel}","templated":true}]}}