{"id":14299,"date":"2015-02-15T18:32:38","date_gmt":"2015-02-15T17:32:38","guid":{"rendered":"http:\/\/www.susannavaris.com\/blogg\/?p=14299"},"modified":"2015-02-21T21:17:18","modified_gmt":"2015-02-21T20:17:18","slug":"trotta-tankar-om-laget-for-yttrandefriheten","status":"publish","type":"post","link":"http:\/\/www.susannavaris.com\/blogg\/2015\/02\/trotta-tankar-om-laget-for-yttrandefriheten\/","title":{"rendered":"Tr\u00f6tta tankar om l\u00e4get f\u00f6r yttrandefriheten"},"content":{"rendered":"<p>Mitt nya uppl\u00e4gg p\u00e5 l\u00f6nearbetet medf\u00f6r att jag ibland har f\u00f6rm\u00e5nen att bli jetlaggad helt utan att ens beh\u00f6va flyga till vare sig USA:t eller Thailandet.\u00a0 Jag var hemma klockan 03.05 inatt (ist\u00e4llet f\u00f6r 02.00 som jag planerat, p\u00e5 grund av en brand p\u00e5 ett t\u00e5g vid Hagalund i Stockholm) och imorgon ska jag vara p\u00e5 ett m\u00f6te klockan 09.00. Idag f\u00f6rs\u00f6ker jag d\u00e4rf\u00f6r tr\u00f6tta ut mig s\u00e5 att jag ska somna i tid p\u00e5 kv\u00e4llen, min naturliga rytm \u00e4r numera f\u00f6rskjuten \u00e5t det senare h\u00e5llet och klockan 9 p\u00e5 morgonen \u00e4r fortfarande vargtimma f\u00f6r mig. En glad \u00f6verraskning var ett par tomatr\u00f6da vintagehandskar fr\u00e5n Dior som min mest underbare sambo inhandlat som present och lagt i ett paket under mitt t\u00e4cke&#8230; :)<\/p>\n<p style=\"text-align: center;\"><a href=\"http:\/\/www.susannavaris.com\/blogg\/wp-content\/uploads\/2015\/02\/handskarDSC_0098-50.jpg\"><img loading=\"lazy\" decoding=\"async\" class=\"aligncenter size-full wp-image-14300\" src=\"http:\/\/www.susannavaris.com\/blogg\/wp-content\/uploads\/2015\/02\/handskarDSC_0098-50.jpg\" alt=\"handskarDSC_0098-50\" width=\"2096\" height=\"1415\" srcset=\"http:\/\/www.susannavaris.com\/blogg\/wp-content\/uploads\/2015\/02\/handskarDSC_0098-50.jpg 2096w, http:\/\/www.susannavaris.com\/blogg\/wp-content\/uploads\/2015\/02\/handskarDSC_0098-50-300x203.jpg 300w, http:\/\/www.susannavaris.com\/blogg\/wp-content\/uploads\/2015\/02\/handskarDSC_0098-50-1024x691.jpg 1024w\" sizes=\"auto, (max-width: 2096px) 100vw, 2096px\" \/><\/a><em>Presenthandskarna eller &#8221;handsken \u00e4r kastad&#8221;.<\/em><\/p>\n<p style=\"text-align: left;\">S\u00e5 idag \u00e4r jag tr\u00f6tt och det kan h\u00e4nda att detta g\u00f6r avtryck i texten.<\/p>\n<p style=\"text-align: left;\">Yttrandefriheten. Vilken \u00e4nde ska jag b\u00f6rja i? En brutal\u00a0<a href=\"http:\/\/www.bbc.com\/news\/world-europe-31475803\">attack<\/a> riktad mot, av allt att d\u00f6ma, Lars Vilks och d\u00e4rigenom i f\u00f6rl\u00e4ngningen mot den konstn\u00e4rliga friheten och yttrandefriheten genomf\u00f6rdes ig\u00e5r eftermiddag i Danmark. I linje med attackerna i Frankrike &#8211; den mot redaktionen p\u00e5 tidningen\u00a0<a href=\"http:\/\/www.susannavaris.com\/blogg\/2015\/01\/terrordaden-i-paris\/\">Charlie Hebdo<\/a> och den mot en judisk butik &#8211; besk\u00f6ts ett antal personer som deltog i ett seminarium p\u00e5 tema konst, yttrandefrihet och h\u00e4delse p\u00e5 ett caf\u00e9 i K\u00f6penhamn. En person, filmregiss\u00f6ren Finn Norgaard, har d\u00f6dats och tre polism\u00e4n skadats. Vid synagogan i K\u00f6penhamn <a href=\"http:\/\/www.dn.se\/nyheter\/varlden\/massaker-kan-ha-stoppats-i-sista-stund\/\">d\u00f6dades en person<\/a>, Dan Uzan, av ett skott mot huvudet av sannolikt samme g\u00e4rningsman. Med all \u00f6nskv\u00e4rd tydlighet borde det framg\u00e5 f\u00f6r alla att den yttrandefrihet som under m\u00e5nga blodiga sekler krystades fram i Europa st\u00e5r under attack av religi\u00f6sa extremister. Till skillnad mot de blodiga seklerna \u00e4r det inte representanter f\u00f6r kristendomen som nu s\u00f6ker f\u00f6rtrycka den, det \u00e4r extremister som s\u00e4ger sig verka i islams namn. (Ibland undrar jag om inte friheten fr\u00e5n religion ska v\u00e4ga \u00e4n tyngre \u00e4n religionsfriheten).<\/p>\n<p style=\"text-align: left;\">Dagen innan tycks ett antal nazister fr\u00e5n Svenska Motst\u00e5ndsr\u00f6relsen ha\u00a0<a href=\"http:\/\/www.dagensmedia.se\/nyheter\/print\/dagspress\/article3884545.ece\">befunnit sig<\/a> vid DN\/Expressens redaktion.<\/p>\n<p style=\"text-align: left;\">Vad h\u00e4nde d\u00e5 i Sverige efter Charlie Hebdo? Det anordnades en\u00a0<a href=\"http:\/\/www.susannavaris.com\/blogg\/2015\/01\/terrordaden-i-paris\/\">manifestation<\/a> p\u00e5 Sergels torg. Under ett par veckor blev det m\u00f6jligt att diskutera \u00e4ven de konflikter som nu importerats till Sverige, framf\u00f6r allt den mellan Palestina och Israel. (Ett sidosp\u00e5r i den sistn\u00e4mnda \u00e4r ju f\u00f6rst\u00e5s regeringens olyckliga erk\u00e4nnande av Palestina.) Fr\u00e5gan om invandring och integration var \u00e4ven den n\u00e4stan p\u00e5 v\u00e4g att kunna adresseras. Sedan \u00e5tergick allt till det gamla vanliga och \u00e5siktskorridorens grindvakter intog sina tj\u00e4nstepositioner. Ig\u00e5r, samtidigt med attentatet mot Lars Vilks, p\u00e5gick en ny <a href=\"http:\/\/www.dn.se\/kultur-noje\/kulturdebatt\/svenska-pen-vi-har-fatt-en-hotkultur\/\">manifestation\u00a0 <\/a>p\u00e5 Kulturhuset &#8211; <em>Manifestation till st\u00f6d f\u00f6r hotade konstn\u00e4rer och f\u00f6rfattare<\/em>, ur beskrivningen och programmet:<\/p>\n<p style=\"text-align: left;\"><a href=\"http:\/\/www.susannavaris.com\/blogg\/wp-content\/uploads\/2015\/02\/manifest.jpg\"><img loading=\"lazy\" decoding=\"async\" class=\"aligncenter size-full wp-image-14303\" src=\"http:\/\/www.susannavaris.com\/blogg\/wp-content\/uploads\/2015\/02\/manifest.jpg\" alt=\"manifest\" width=\"518\" height=\"618\" srcset=\"http:\/\/www.susannavaris.com\/blogg\/wp-content\/uploads\/2015\/02\/manifest.jpg 518w, http:\/\/www.susannavaris.com\/blogg\/wp-content\/uploads\/2015\/02\/manifest-251x300.jpg 251w\" sizes=\"auto, (max-width: 518px) 100vw, 518px\" \/><\/a><\/p>\n<p style=\"text-align: left;\">Det enda som n\u00e4mns \u00e4r hotet fr\u00e5n de h\u00f6gerextrema och den allest\u00e4des n\u00e4rvarande Arnstad f\u00e5r \u00e5ter spela rollen av expert. Jag som trodde att Svenska PEN var en seri\u00f6s organisation.<\/p>\n<p style=\"text-align: left;\">F\u00f6r n\u00e5gon dag sedan skrev Ann-Charlotte Marteus en\u00a0<a href=\"http:\/\/www.expressen.se\/ledare\/ann-charlotte-marteus\/det-ar-jag-som-ar-asiktskorridoren\/\">artikel<\/a> i Expressen som \u00e5tminstone jag l\u00e4ste med tilltagande h\u00e4pnad. Om jag nu inte har missat n\u00e5gon satirisk twist i det hela s\u00e5 erk\u00e4nner Marteus i artikeln att det har funnits en avsikt och en organisation bakom skapandet av en \u00e5siktskorridor:<\/p>\n<blockquote>\n<p style=\"text-align: left;\">&#8221;Jag var med och byggde den korridor som har f\u00f6rhindrat en konstruktiv debatt om migration och integration.&#8221;<\/p>\n<p style=\"text-align: left;\">[&#8230;]<\/p>\n<p>&#8221;Minnet \u00e4r f\u00f6rr\u00e4diskt, men jag tror att min korridorbyggarkarri\u00e4r b\u00f6rjade p\u00e5 allvar 2002, i samband med FP:s krav p\u00e5 spr\u00e5ktest. Det var ungef\u00e4r vid samma tid som kv\u00e4ljande dunster av islamofobi n\u00e5dde oss fr\u00e5n Danmark. Jag, som m\u00e5nga andra, fruktade att den danska sjukan skulle smitta. Nu g\u00e4llde det att rida sp\u00e4rr.<\/p>\n<p>Samtidigt b\u00f6rjade SD att synas p\u00e5 kartan. Bara tanken att Sverige skulle kunna f\u00e5 ett s\u00e5 vederv\u00e4rdigt parti i riksdagen var outh\u00e4rdlig. Och d\u00e4rtill f\u00f6rol\u00e4mpande. Sverige var ju Sverige, det exceptionella undantaget, den humanit\u00e4ra stormakten.<\/p>\n<p><strong>Uppdraget f\u00f6r mig som korridorarbetare var tv\u00e5falt. F\u00f6r det f\u00f6rsta att varna f\u00f6r SD och sk\u00e4lla ut alla de bonnl\u00e4ppar som funderade p\u00e5 att r\u00f6sta p\u00e5 partiet. F\u00f6r det andra att sl\u00e5 ner stenh\u00e5rt p\u00e5 debatt\u00f6rer som anv\u00e4nde uttryck som p\u00e5 n\u00e5got s\u00e4tt kunde normalisera SD:s problembeskrivning; attackera varenda j\u00e4vel som anv\u00e4nde ord eller fakta som p\u00e5 n\u00e5got s\u00e4tt kunde tolkas som rasism eller glidningar mot rasism. Eller eventuella f\u00f6rstadier till glidningar mot rasism.&#8221;<\/strong><\/p>\n<p>&nbsp;<\/p>\n<p>&nbsp;<\/p><\/blockquote>\n<p>Marteus beskriver vidare tillvaron i den allt mer krympande korridoren och hur outh\u00e4rdligt allt blev, f\u00f6r att landa i slutsatsen:<\/p>\n<blockquote><p><strong>&#8221;Sverige blev inte som Danmark, tack och lov. Kanske hj\u00e4lpte \u00e5siktskorridoren. Men priset blev h\u00f6gt: sj\u00e4lvcensur p\u00e5 bred front, r\u00e4dsla f\u00f6r att unders\u00f6ka verkligheten f\u00f6rbeh\u00e5llsl\u00f6st, minskad tilltro till argumentens makt. Och som resultat en f\u00f6rdummad offentlighet, moralfebriga politiker och samh\u00e4llsproblem som borde ha uppm\u00e4rksammats och \u00e5tg\u00e4rdats f\u00f6r l\u00e4nge sedan.<\/strong><\/p>\n<p><strong>Det blev en dyr korridor.&#8221;<\/strong><\/p>\n<p>&nbsp;<\/p>\n<p>&nbsp;<\/p><\/blockquote>\n<p>Jag tror inte att vi har sett de fulla konsekvenserna av denna korridor, som oavsett Marteus erk\u00e4nnande, fortfarande lever och frodas i h\u00f6gsta v\u00e4lf\u00f6rm\u00e5ga. Perspektivet \u00e4r kv\u00e4vande ensidigt; den n\u00e4rmast patologiska reflexen var och \u00e4r efter terrord\u00e5den att fundera kring hur h\u00e4ndelserna kan t\u00e4nkas p\u00e5verka muslimer i Frankrike, Danmark och h\u00e4r i Sverige. Att det \u00e4r judar som fallit offer noteras pliktskyldigt i marginalen. Efter Charlie Hebdo skrevs en och annan artikel om hur judar nu inte l\u00e4ngre k\u00e4nde sig trygga i Frankrike, men huvudsakligen har &#8221;islamofobin&#8221; st\u00e5tt i fokus. I dagens SvD beskriver Gunilla von Hall en situation i Frankrike d\u00e4r en svensk reporter \u00e4r h\u00f6gst v\u00e4lkommen in i en annars f\u00f6r media st\u00e4ngd mosk\u00e9, men blir starkt ifr\u00e5gasatt av en judisk medborgare. B\u00e5da reaktionerna syftar till Sveriges erk\u00e4nnande av Palestina som stat. (Hittar inte artikeln p\u00e5 n\u00e4tet just nu).<\/p>\n<p style=\"text-align: center;\"><a href=\"http:\/\/www.susannavaris.com\/blogg\/wp-content\/uploads\/2015\/01\/DSC_0379-50.jpg\"><img loading=\"lazy\" decoding=\"async\" class=\"aligncenter size-full wp-image-14000\" src=\"http:\/\/www.susannavaris.com\/blogg\/wp-content\/uploads\/2015\/01\/DSC_0379-50.jpg\" alt=\"DSC_0379-50\" width=\"2304\" height=\"1536\" srcset=\"http:\/\/www.susannavaris.com\/blogg\/wp-content\/uploads\/2015\/01\/DSC_0379-50.jpg 2304w, http:\/\/www.susannavaris.com\/blogg\/wp-content\/uploads\/2015\/01\/DSC_0379-50-300x200.jpg 300w, http:\/\/www.susannavaris.com\/blogg\/wp-content\/uploads\/2015\/01\/DSC_0379-50-1024x683.jpg 1024w\" sizes=\"auto, (max-width: 2304px) 100vw, 2304px\" \/><\/a><em>Med Lars Vilks i slutet av f\u00f6rra \u00e5ret.<\/em><\/p>\n<p>&nbsp;<\/p>\n<p>I dagarna har kv\u00e4llstidningarnas, denna g\u00e5ngen Expressens, offentligg\u00f6rande av olika anonyma kommentatorer p\u00e5 sajten Flashbacks identiteter blivit uppm\u00e4rksammat. Kring detta reflekterar Oscar Swartz i dagens SvD (och exemplifierar bland annat med allas v\u00e5r Kakan, som nu ska velat ha kastrera m\u00e4n som tittar p\u00e5 porr) och fr\u00e5gar sig om alla i &#8221;branschen&#8221; \u00e4r intresserade av dubbelriktad kommunikation. Kv\u00e4llspressens jakt p\u00e5 klick som nu urartat i en jakt p\u00e5 vanliga medborgare att avsl\u00f6ja med obekv\u00e4ma och\/eller obehagliga \u00e5sikter skulle ju f\u00f6rtj\u00e4na en hel granskning i sig. Ponera att en h\u00f6ger\u00e5siktskontrollerad mediaelit skulle anlita en grupp h\u00f6gerextremister till att granska anonyma kommentarer p\u00e5 feministiska, hbtq- eller v\u00e4nsterfora och h\u00e4nga ut personer bakom kommentarer i riksmedia i ett Sverige styrt av en h\u00f6gerregering med st\u00f6d av en minoritet av medborgarna. Nej, det \u00e4r ju skrattretande&#8230;ponera f\u00f6rresten vidare att vi skulle ha akademiska utbildningar i markandsliberalism (Nationella Sekretariatet f\u00f6r Marknadsliberalism&#8230;) och krav p\u00e5 att all utbildning skulle genomsyras av detta perspektiv. Hahaha&#8230;(ja, marknadsliberalism studeras s\u00e4kert p\u00e5 sina h\u00e5ll, precis som alla ideologier, men det finns inte utbildningar som har marknadsliberalism som ett \u00f6verordnat r\u00e4ttesn\u00f6re och som &#8221;vetenskaplig&#8221; grund). Journalistk\u00e5ren har allts\u00e5, enligt egen uppgift, \u00f6verg\u00e5tt till att uppfostra och kontrollera medborgarna. Jag vill p\u00e5minna om deras tidigare \u00e4rofyllda uppdrag: att bevaka makten \u00e5 medborgarnas v\u00e4gnar. Det beh\u00f6vs allts\u00e5 ingen \u00e5siktskontroll fr\u00e5n politiskt h\u00e5ll, det har den svenska journalistk\u00e5ren skapat alldeles p\u00e5 egen hand. Inte undra p\u00e5 att man svajar p\u00e5 m\u00e5let ang\u00e5ende terrord\u00e5den mot Charlie Hebdo och Lars Vilks, tanken p\u00e5 \u00e5siktskontroll \u00e4r ju inte n\u00e5got som skr\u00e4mmer s\u00e5 v\u00e4rst.<\/p>\n<p>I \u00f6vrigt \u00e4r det skillnad p\u00e5 hat och hot.<\/p>\n<blockquote>\n<p id=\"yui_3_15_0_2_1424018115491_891\">&#8221;N\u00e4thatarna \u00e4r p\u00e5 offensiven nu eftersom politisk korrekthet (att f\u00f6rs\u00f6ka vara en hygglig m\u00e4nniska) hotar deras makt till f\u00f6rm\u00e5n f\u00f6r kvinnor, svartskallar, b\u00f6gar och f\u00f6rskolepedagoger. Frustrationen pyser ur varje h\u00e5l.<\/p>\n<p id=\"yui_3_15_0_2_1424018115491_910\">Deras hat m\u00e4rks, deras gift sprider sig, hatniv\u00e5n har \u00f6kat, anst\u00e4ndighetens gr\u00e4nser har f\u00f6rflyttats. Alla med en smartphone kan g\u00f6ra sin anonyma r\u00f6st h\u00f6rd. Det vet journalister och politiker men ocks\u00e5 vanligt hyggligt folk som v\u00e5gar uttrycka en \u00e5sikt offentligt.<\/p>\n<p id=\"yui_3_15_0_2_1424018115491_895\">Efter att avloppsdelen p\u00e5 n\u00e4tsajten Flashback granskats i veckan har det talats om hatarnas r\u00e4tt att f\u00e5 hata i ett \u00f6ppet samh\u00e4lle. Det \u00e4r ett missf\u00f6rst\u00e5nd att yttrandefrihet inneb\u00e4r att man f\u00e5r hata, hota och f\u00f6rtala. D\u00e4remot har det talats mycket lite om hatarnas offer. Det finns alltid offer.&#8221;<\/p>\n<\/blockquote>\n<p>&#8230;skriver Fredrik Virtanen i efterdyningarna av Flashback-avsl\u00f6jandena. Jo, Fredrik, yttrandefrihet betyder att man f\u00e5r hata. Inte hota eller f\u00f6rtala, men hata. Hat \u00e4r en k\u00e4nsla och hur illa du och dina gelikar p\u00e5 Aftonbaldet \u00e4n tycker om m\u00e4nniskors r\u00e4tt till egna \u00e5sikter och k\u00e4nslor, s\u00e5 kommer ni aldrig att kunna f\u00f6rbjuda en k\u00e4nsla. Att ni sj\u00e4lva g\u00f6r karri\u00e4r p\u00e5 hatet och jobbar h\u00e5rt f\u00f6r att f\u00f6rtrycka \u00e5sikter \u00e4r s\u00e5 v\u00e4mjeligt att jag slutar h\u00e4r med att kommentera det hela.<\/p>\n<blockquote><p>&#8221;Aftonbladets granskning av Flashback v\u00e4ckte i och f\u00f6r sig stor och engagerande debatt. Det var bra och sj\u00e4lva avsikten.&#8221;<\/p><\/blockquote>\n<p>&#8230;skriver chefredakt\u00f6r Jan Helin. Haha, jod\u00e5, s\u00e5 l\u00e4nge den &#8221;stora och engagerande debatten&#8221; ger klirr i kassan s\u00e5&#8230;<\/p>\n<blockquote><p>&#8221;Trust me, I\u00b4m a reporter. Journalistik granskar det som inte \u00e4r bra. Vi skulle s\u00e4kert kunnat n\u00e4mna mer om Flashbacks goda sidor, f\u00f6r de finns s\u00e5klart.&#8221;<\/p><\/blockquote>\n<p>Jag ser fram emot en granskning och uth\u00e4ngning av potentiella terrorister som \u00e5terv\u00e4nder fr\u00e5n att ha krigat med Daesh. Eller \u00e4nnu hellre: varf\u00f6r inte ministrars diskutabla bruk av offentliga medel (<a href=\"http:\/\/www.uvell.se\/2015\/01\/15\/regeringens-m%C3%B6rkl%C3%A4ggning-25034152\">Kaplans resor<\/a>), eller varf\u00f6r Vattenfall\u00a0<a href=\"http:\/\/www.uvell.se\/2015\/01\/15\/regeringens-m%C3%B6rkl%C3%A4ggning-25034152\">tror p\u00e5<\/a> 100 % f\u00f6rnyelsebar energi med <a href=\"https:\/\/se.linkedin.com\/in\/albertomendezrebollo\">Alberto Mendez Robello<\/a>, chef f\u00f6r BU Wind Nordic p\u00e5 Vattenfall i spetsen. Robello har tidigare arbetat p\u00e5 den spanska vindkraftsverkstillverkaren Gamesa, som h\u00e4ndelsevis har f\u00e5tt ett lukrativt\u00a0<a href=\"http:\/\/corporate.vattenfall.se\/nyheter\/pressmeddelanden\/2014\/september\/vattenfall-tecknar-vindkraftkontrakt-med-gamesa\/\">kontrakt<\/a> av Vattenfall i h\u00f6stas. Nu planerar man p\u00e5 Vattenfall \u00e4ven att kapa kostnader genom att ta \u00f6ver underh\u00e5llet av kraftverken sj\u00e4lv, n\u00e5got man tidigare\u00a0<a href=\"http:\/\/www.affarsvarlden.se\/hem\/nyheter\/article3874555.ece\">har anlitat<\/a> vindkraftsverkstillverkaren Vestas f\u00f6r. N\u00e5ja, det \u00e4r ett sidosp\u00e5r, men tanken \u00e4r att illustrera journalistikens tidigare huvuduppgifter. Journalistiken granskar det som inte \u00e4r bra, s\u00e4ger Helin. F\u00f6r vem, kan man d\u00e5 undra? Hot och f\u00f6rtal ska polisanm\u00e4las och utredas (n\u00e5got som tyv\u00e4rr inte h\u00e4nder idag), det \u00e4r inte journalisters uppgift att agera polis, domare och b\u00f6del.<\/p>\n<p style=\"text-align: center;\"><a href=\"http:\/\/www.susannavaris.com\/blogg\/wp-content\/uploads\/2015\/02\/ruwaida.png\"><img loading=\"lazy\" decoding=\"async\" class=\"aligncenter size-full wp-image-14306\" src=\"http:\/\/www.susannavaris.com\/blogg\/wp-content\/uploads\/2015\/02\/ruwaida.png\" alt=\"ruwaida\" width=\"597\" height=\"182\" srcset=\"http:\/\/www.susannavaris.com\/blogg\/wp-content\/uploads\/2015\/02\/ruwaida.png 597w, http:\/\/www.susannavaris.com\/blogg\/wp-content\/uploads\/2015\/02\/ruwaida-300x91.png 300w\" sizes=\"auto, (max-width: 597px) 100vw, 597px\" \/><\/a><em>Yvonne Ruwaida tycker s\u00e5 klart att 100 % f\u00f6rnybart \u00e4r roligt.<\/em><\/p>\n<p style=\"text-align: center;\"><em>\u00a0<\/em><\/p>\n<p>Reaktioner p\u00e5 g\u00e5rdagens terrord\u00e5d:<\/p>\n<p>&nbsp;<\/p>\n<blockquote><p>&#8221;Mot h\u00e4nsynsl\u00f6sa extremister m\u00e5ste \u00adsamh\u00e4llet skydda sig. Ibland med vapenmakt och andra g\u00e5nger med en n\u00e5got l\u00e4gre grad av \u00f6ppenhet.&#8221;<\/p>\n<p>[&#8230;]<\/p>\n<p>&#8221;Ordets och bildens provokat\u00f6rer forts\u00e4tter att f\u00f6lja sin \u00f6vertygelse. Och de som inte tror p\u00e5 h\u00e4delsens och f\u00f6rol\u00e4mpningarnas egenv\u00e4rde avst\u00e5r fr\u00e5n dem, precis som de skulle ha gjort i lugnare tider.&#8221;<\/p><\/blockquote>\n<p>&#8230;skriver DN n\u00e5got kryptiskt p\u00e5 ledarplats.<\/p>\n<blockquote>\n<p id=\"yui_3_15_0_2_1424017077933_960\">&#8221;Lika lite som nazisterna utanf\u00f6r DN kan s\u00e4gas &#8221;representera&#8221; alla svenskar kan de islamistiska terroristerna tala f\u00f6r alla muslimer.<\/p>\n<p id=\"yui_3_15_0_2_1424017077933_935\">Tv\u00e4rtom har just nazister och militanta islamister en likartad syn p\u00e5 b\u00e5de yttandefrihet och demokrati.&#8221;<\/p>\n<\/blockquote>\n<p>&#8230;skriver Anders Lindberg p\u00e5 ledarplats i Aftonbladet.<\/p>\n<blockquote><p>&#8221;Vi m\u00e5ste st\u00e5 enade i kampen f\u00f6r yttrandefriheten &#8211; oavsett om hotet kommer fr\u00e5n v\u00e5ldsbejakande islamister eller nazister, som upps\u00f6ker redaktioner f\u00f6r att tysta rapportering, vilket Expressen fick erfara i veckan.<\/p>\n<p><strong>Det finns inget fullgott skydd mot extremister som vill att v\u00e5ldet ska f\u00e5 diktera debatten. Men en bra b\u00f6rjan \u00e4r att visa st\u00f6d och solidaritet f\u00f6r dem som har hamnat i v\u00e5ldsverkarnas skottlinje.&#8221;<\/strong><\/p>\n<p>&nbsp;<\/p>\n<p>&nbsp;<\/p><\/blockquote>\n<p>&#8230;skriver Anna Dahlberg p\u00e5 Expressens ledarsida.<\/p>\n<p>Fredrik Tenf\u00e4lt p\u00e5 GP fokuserar \u00f6verv\u00e4gande p\u00e5 islamismen i sin <a href=\"http:\/\/www.gp.se\/nyheter\/ledare\/ledarkronika\/1.2630870-fredrik-tenfalt-extremism-att-ta-pa-allvar\">ledare<\/a>.<\/p>\n<p>Och visst, sj\u00e4lvklart ska extremism av alla slag uppm\u00e4rksammas och hanteras och jag hoppas p\u00e5 att \u00e4ven hoten fr\u00e5n islamismen kan finnas med p\u00e5 dagordningen forts\u00e4ttningsvis.<\/p>\n<p>Sanna Rayman om Vilks och yttrandefriheten p\u00e5 SvD:s <a href=\"http:\/\/blog.svd.se\/ledarbloggen\/2015\/02\/14\/atta-ar-i-livsfara\/\">ledarblogg<\/a>.<\/p>\n<p>Andra bloggar som skrivit om detta:<\/p>\n<p><a href=\"https:\/\/toklandet.wordpress.com\/2015\/02\/15\/skjutningarna-i-kopenhamn\/\">Toklandet<\/a>, <a href=\"http:\/\/fnordspotting.blogspot.se\/2015\/02\/kopenhamn.html\">Fnordspotting<\/a>,\u00a0<a href=\"https:\/\/bashflak.wordpress.com\/2015\/02\/15\/trollkonstnarerna\/\">Bashflak<\/a>, <a href=\"http:\/\/gudmundson.blogspot.se\/2015\/02\/terrorattentat-mot-lars-vilks-i.html\">Gudmunson<\/a><\/p>\n<p style=\"text-align: left;\">\u00a0Peter Santesson i Dagens Samh\u00e4lle tidigare i \u00e5r <a href=\"http:\/\/www.dagenssamhalle.se\/kronika\/svenska-publicister-viker-sig-foer-terrorn-13020\">h\u00e4r<\/a>.<\/p>\n<p style=\"text-align: left;\">&#8211; : &#8211; : &#8211; : &#8211;<\/p>\n<p style=\"text-align: left;\">Lena Andersson om yttrandefriheten och hoten mot den i DN <a href=\"http:\/\/www.dn.se\/ledare\/kolumner\/lena-andersson-den-nodvandiga-onodigheten\/\">h\u00e4r<\/a>.<\/p>\n","protected":false},"excerpt":{"rendered":"<p>Mitt nya uppl\u00e4gg p\u00e5 l\u00f6nearbetet medf\u00f6r att jag ibland har f\u00f6rm\u00e5nen att bli jetlaggad helt utan att ens beh\u00f6va flyga till vare sig USA:t eller Thailandet.\u00a0 Jag var hemma klockan 03.05 inatt (ist\u00e4llet f\u00f6r 02.00 som jag planerat, p\u00e5 grund &hellip; <a href=\"http:\/\/www.susannavaris.com\/blogg\/2015\/02\/trotta-tankar-om-laget-for-yttrandefriheten\/\">Forts\u00e4tt l\u00e4sa <span class=\"meta-nav\">&rarr;<\/span><\/a><\/p>\n","protected":false},"author":1,"featured_media":0,"comment_status":"open","ping_status":"open","sticky":false,"template":"","format":"standard","meta":{"footnotes":""},"categories":[181,259,674,3358,4515,1928,3,1162,589,1,590,303],"tags":[753,3259,2817,4224,4623,4532,3115,356,450,3954,4523,4540,4624,4556,900,3813,4549,3738,4625,454,449],"class_list":["post-14299","post","type-post","status-publish","format-standard","hentry","category-feminism","category-genusvetenskap","category-historia","category-identitetspolitik","category-invandring-och-integration","category-journalistik","category-konst","category-kultur","category-medier","category-okategoriserade","category-politik","category-religion","tag-ann-charlotte-marteus","tag-asiktsfortryck","tag-asiktsfrihet","tag-asiktskorridor","tag-attentat","tag-charlie-hebdo","tag-danmark","tag-expressen","tag-extremism","tag-fredrik-virtanen","tag-henrik-arnstad","tag-islamism","tag-jan-helin","tag-jihadism","tag-kulturhuset","tag-lars-vilks","tag-manifestation","tag-researchgruppen","tag-svenska-pen","tag-terrordad","tag-terrorism"],"_links":{"self":[{"href":"http:\/\/www.susannavaris.com\/blogg\/wp-json\/wp\/v2\/posts\/14299","targetHints":{"allow":["GET"]}}],"collection":[{"href":"http:\/\/www.susannavaris.com\/blogg\/wp-json\/wp\/v2\/posts"}],"about":[{"href":"http:\/\/www.susannavaris.com\/blogg\/wp-json\/wp\/v2\/types\/post"}],"author":[{"embeddable":true,"href":"http:\/\/www.susannavaris.com\/blogg\/wp-json\/wp\/v2\/users\/1"}],"replies":[{"embeddable":true,"href":"http:\/\/www.susannavaris.com\/blogg\/wp-json\/wp\/v2\/comments?post=14299"}],"version-history":[{"count":7,"href":"http:\/\/www.susannavaris.com\/blogg\/wp-json\/wp\/v2\/posts\/14299\/revisions"}],"predecessor-version":[{"id":14346,"href":"http:\/\/www.susannavaris.com\/blogg\/wp-json\/wp\/v2\/posts\/14299\/revisions\/14346"}],"wp:attachment":[{"href":"http:\/\/www.susannavaris.com\/blogg\/wp-json\/wp\/v2\/media?parent=14299"}],"wp:term":[{"taxonomy":"category","embeddable":true,"href":"http:\/\/www.susannavaris.com\/blogg\/wp-json\/wp\/v2\/categories?post=14299"},{"taxonomy":"post_tag","embeddable":true,"href":"http:\/\/www.susannavaris.com\/blogg\/wp-json\/wp\/v2\/tags?post=14299"}],"curies":[{"name":"wp","href":"https:\/\/api.w.org\/{rel}","templated":true}]}}