{"id":14318,"date":"2015-02-19T09:00:30","date_gmt":"2015-02-19T08:00:30","guid":{"rendered":"http:\/\/www.susannavaris.com\/blogg\/?p=14318"},"modified":"2015-02-20T10:52:09","modified_gmt":"2015-02-20T09:52:09","slug":"tove-styrke-och-patriarkatet","status":"publish","type":"post","link":"http:\/\/www.susannavaris.com\/blogg\/2015\/02\/tove-styrke-och-patriarkatet\/","title":{"rendered":"Tove Styrke och patriarkatet"},"content":{"rendered":"<p style=\"text-align: center;\"><a href=\"http:\/\/www.susannavaris.com\/blogg\/wp-content\/uploads\/2015\/02\/Tove_Styrke_live_in_2011.jpg\"><img loading=\"lazy\" decoding=\"async\" class=\"aligncenter size-full wp-image-14319\" src=\"http:\/\/www.susannavaris.com\/blogg\/wp-content\/uploads\/2015\/02\/Tove_Styrke_live_in_2011.jpg\" alt=\"Tove_Styrke_live_in_2011\" width=\"640\" height=\"845\" srcset=\"http:\/\/www.susannavaris.com\/blogg\/wp-content\/uploads\/2015\/02\/Tove_Styrke_live_in_2011.jpg 640w, http:\/\/www.susannavaris.com\/blogg\/wp-content\/uploads\/2015\/02\/Tove_Styrke_live_in_2011-227x300.jpg 227w\" sizes=\"auto, (max-width: 640px) 100vw, 640px\" \/><\/a><em>Tove Styrke. Foto: Wikipedia<\/em><\/p>\n<p>I g\u00e5rdagens SvD hittar vi en av de allt flitigare d\u00e4r f\u00f6rekommande kulturartiklarna som f\u00f6ljer DN:s inslagna bana av artiklar sp\u00e4ckade med buzz-begrepp (eller kodord f\u00f6r att markera att man tillh\u00f6r \u00e5siktskorridoren) och moralisk och politisk uppfostran av l\u00e4saren. Det handlar om ett\u00a0<a href=\"http:\/\/www.svd.se\/kultur\/scen\/personligt-tilltal-med-kritisk-udd_4342369.svd\">uppslag<\/a> med artisten Tove Styrke. I papperstidningen har man valt att lyfta ut f\u00f6ljande citat f\u00f6r att markera med fetstil och stora bokst\u00e4ver mitt p\u00e5 ena sidan:<\/p>\n<blockquote><p>&#8221;\u2013 K\u00e4nslan av att inte ha kontroll \u00f6ver mitt liv p\u00e5 grund av att jag \u00e4r tjej, den \u00e4r frustrerande [&#8230;]&#8221;<\/p><\/blockquote>\n<p>Tove Styrke \u00e4r 22 \u00e5r gammal, enligt artikeln uppvuxen i och uppfostrad av Stockholms musikliv, hon har varit med i programmet Idol 2009 och haft en karri\u00e4r som pop-artist sedan 2010, dvs n\u00e4r hon var 17 \u00e5r gammal. New York Post har listat Styrke som en av de tio mest intressanta artisterna att h\u00e5lla ett \u00f6ga p\u00e5 inf\u00f6r \u00e5r 2011. Hon har varit f\u00f6rband \u00e5t The Ark och spelat p\u00e5 Aftonbladets &#8221;livel\u00f6pet&#8221;, samt nominerats i tv\u00e5 kategorier f\u00f6r Rockbj\u00f6rnen \u00e5r 2011. Men, ang\u00e5ende den nya l\u00e5ten <em>Borderline<\/em>:<\/p>\n<blockquote><p>&#8221;\u2013 Den handlar mycket om sj\u00e4lvidentitet, om att ha fostrats in i en begr\u00e4nsad bild av hur och vem jag b\u00f6r vara. Den handlar om att bryta sig fri fr\u00e5n patriarkala strukturer, att riva hierarkier.<\/p>\n<p><strong>Vi sitter i ett rum <\/strong>inne p\u00e5 hennes skivbolags kontor i Stockholm. P\u00e5 v\u00e4ggen h\u00e4nger inramade guld-, silver- och platinaskivor av Whitney Houston, Britney Spears, Robyn och Amanda Jenssen. Sn\u00f6n ligger vit p\u00e5 taken utanf\u00f6r.<\/p>\n<p>\u2013 K\u00e4nslan av att inte ha kontroll \u00f6ver mitt liv p\u00e5 grund av att jag \u00e4r tjej, den \u00e4r frustrerande, s\u00e4ger Tove Styrke och petar in en snus under l\u00e4ppen.&#8221;<\/p><\/blockquote>\n<p>\u00c4r det det Stockholmska musiklivet som \u00e4r en patriarkal struktur? Har Tove Styrke tvingats att bli en musikartist? \u00c4r det Toves pappa som \u00e4r patriarken? I s\u00e5 fall: bryt dig loss! S\u00f6k jobb annanstans! Hos oss s\u00f6ker man stationsst\u00e4dare (garanterat icke-glamour\u00f6st, garanterat ett \u00e4kta arbetar-arbete, garanterad plats p\u00e5 de l\u00e4gre niv\u00e5erna av intersektionalist-pyramiden, garanterad l\u00f6n varje m\u00e5nad, vad finns att f\u00f6rlora?) Ingen ska tvinga n\u00e5gon att jobba med musik mot dennes vilja.<\/p>\n<p>Att inte ha kontroll \u00f6ver ens liv, skulle det s\u00e4rskilt drabba tjejer? Som tjej i Sverige har Styrke alla r\u00e4ttigheter + n\u00e5gra fler \u00e4n hennes manliga medm\u00e4nniskor har. Sj\u00e4lvklart st\u00e4ller inte journalisten en enda f\u00f6ljdfr\u00e5ga p\u00e5 p\u00e5st\u00e5endet. P\u00e5 vad s\u00e4tt skulle just det faktum att Styrke \u00e4r tjej g\u00f6ra att hon inte har kontroll \u00f6ver sitt liv? Att inte ha kontroll \u00e4r en del av livet. Ingen har 100 % kontroll \u00f6ver sitt liv. Det \u00e4r n\u00e5got varje individ m\u00e5ste l\u00e4ra sig att hantera.<\/p>\n<p>Att inte ha kontroll \u00f6ver sitt liv eftersom man \u00e4r tjej \u00e4r f\u00f6rvisso en bild som framf\u00f6r allt feminismen av idag sprider. Kvinnor och tjejer \u00e4r offer per definition och kan aldrig ha ansvar \u00f6ver n\u00e5got och s\u00e4rskilt inte sina liv och livsval. Intalar man en person att den inte kan tillr\u00e4ckligt m\u00e5nga g\u00e5nger s\u00e5 kommer den sv\u00e5rligen att kunna. Det \u00e4r i sj\u00e4lva verket feminismen som verkar som den slags h\u00e4mmande struktur som samma feminism har beskrivit i termer av patriarkat. Det \u00e4r v\u00e4ldigt s\u00e4llan n\u00e5gon bem\u00f6dar sig om att beskriva de patriarkala strukturerna. Mitt tips \u00e4r att b\u00f6rja leta i feminismen.<\/p>\n<p>F\u00f6r \u00f6vrigt \u00e4r det intressant att notera att Strykes nya kamps\u00e5ng \u00e4r reggaeinspirerad:<\/p>\n<blockquote><p>&#8221;Tove Styrke kallar den f\u00f6r sin kamps\u00e5ng och p\u00e5pekar hur kongenialt texten i den reggaedoftande versen knyter an till den jamaicanska genrens tradition av samh\u00e4llskritik och protest.&#8221;<\/p><\/blockquote>\n<p>Det finns v\u00e4l f\u00e5 musikkulturer som \u00e4r lika sexistiska som reggaen? Det skulle vara hip hop:en d\u00e5.<\/p>\n<p><iframe loading=\"lazy\" title=\"Tove Styrke - Borderline\" width=\"640\" height=\"360\" src=\"https:\/\/www.youtube.com\/embed\/7zhwihAXMlI?feature=oembed\" frameborder=\"0\" allow=\"accelerometer; autoplay; clipboard-write; encrypted-media; gyroscope; picture-in-picture; web-share\" referrerpolicy=\"strict-origin-when-cross-origin\" allowfullscreen><\/iframe><\/p>\n<p>&nbsp;<\/p>\n","protected":false},"excerpt":{"rendered":"<p>Tove Styrke. Foto: Wikipedia I g\u00e5rdagens SvD hittar vi en av de allt flitigare d\u00e4r f\u00f6rekommande kulturartiklarna som f\u00f6ljer DN:s inslagna bana av artiklar sp\u00e4ckade med buzz-begrepp (eller kodord f\u00f6r att markera att man tillh\u00f6r \u00e5siktskorridoren) och moralisk och politisk &hellip; <a href=\"http:\/\/www.susannavaris.com\/blogg\/2015\/02\/tove-styrke-och-patriarkatet\/\">Forts\u00e4tt l\u00e4sa <span class=\"meta-nav\">&rarr;<\/span><\/a><\/p>\n","protected":false},"author":1,"featured_media":0,"comment_status":"open","ping_status":"open","sticky":false,"template":"","format":"standard","meta":{"footnotes":""},"categories":[181,3358,1321,1928,994,1,590,403,303],"tags":[4900,4899,4630],"class_list":["post-14318","post","type-post","status-publish","format-standard","hentry","category-feminism","category-identitetspolitik","category-jamstalldhet","category-journalistik","category-musik","category-okategoriserade","category-politik","category-pseudovetenskap","category-religion","tag-feminism","tag-genus","tag-tove-stryke"],"_links":{"self":[{"href":"http:\/\/www.susannavaris.com\/blogg\/wp-json\/wp\/v2\/posts\/14318","targetHints":{"allow":["GET"]}}],"collection":[{"href":"http:\/\/www.susannavaris.com\/blogg\/wp-json\/wp\/v2\/posts"}],"about":[{"href":"http:\/\/www.susannavaris.com\/blogg\/wp-json\/wp\/v2\/types\/post"}],"author":[{"embeddable":true,"href":"http:\/\/www.susannavaris.com\/blogg\/wp-json\/wp\/v2\/users\/1"}],"replies":[{"embeddable":true,"href":"http:\/\/www.susannavaris.com\/blogg\/wp-json\/wp\/v2\/comments?post=14318"}],"version-history":[{"count":4,"href":"http:\/\/www.susannavaris.com\/blogg\/wp-json\/wp\/v2\/posts\/14318\/revisions"}],"predecessor-version":[{"id":14324,"href":"http:\/\/www.susannavaris.com\/blogg\/wp-json\/wp\/v2\/posts\/14318\/revisions\/14324"}],"wp:attachment":[{"href":"http:\/\/www.susannavaris.com\/blogg\/wp-json\/wp\/v2\/media?parent=14318"}],"wp:term":[{"taxonomy":"category","embeddable":true,"href":"http:\/\/www.susannavaris.com\/blogg\/wp-json\/wp\/v2\/categories?post=14318"},{"taxonomy":"post_tag","embeddable":true,"href":"http:\/\/www.susannavaris.com\/blogg\/wp-json\/wp\/v2\/tags?post=14318"}],"curies":[{"name":"wp","href":"https:\/\/api.w.org\/{rel}","templated":true}]}}