{"id":14325,"date":"2015-02-20T16:51:54","date_gmt":"2015-02-20T15:51:54","guid":{"rendered":"http:\/\/www.susannavaris.com\/blogg\/?p=14325"},"modified":"2015-02-20T16:53:20","modified_gmt":"2015-02-20T15:53:20","slug":"invigningsfest-for-podcasten-mellan-scylla-och-charybdis","status":"publish","type":"post","link":"http:\/\/www.susannavaris.com\/blogg\/2015\/02\/invigningsfest-for-podcasten-mellan-scylla-och-charybdis\/","title":{"rendered":"Invigningsfest f\u00f6r podcasten Mellan Scylla och Charybdis"},"content":{"rendered":"<p><a href=\"http:\/\/www.susannavaris.com\/blogg\/wp-content\/uploads\/2015\/02\/10915178_704458866339110_5899369231826749613_n.jpg\"><img loading=\"lazy\" decoding=\"async\" class=\"aligncenter size-full wp-image-14326\" src=\"http:\/\/www.susannavaris.com\/blogg\/wp-content\/uploads\/2015\/02\/10915178_704458866339110_5899369231826749613_n.jpg\" alt=\"10915178_704458866339110_5899369231826749613_n\" width=\"960\" height=\"371\" srcset=\"http:\/\/www.susannavaris.com\/blogg\/wp-content\/uploads\/2015\/02\/10915178_704458866339110_5899369231826749613_n.jpg 960w, http:\/\/www.susannavaris.com\/blogg\/wp-content\/uploads\/2015\/02\/10915178_704458866339110_5899369231826749613_n-300x116.jpg 300w\" sizes=\"auto, (max-width: 960px) 100vw, 960px\" \/><\/a><\/p>\n<p>I f\u00f6rrg\u00e5r var det invigningsfest f\u00f6r den nya podcasten <em>Mellan Scylla och Charybdis<\/em> p\u00e5 Ljudbang studios i M\u00fcnchenbryggeriet. Podcast \u00e4r knappast min starka sida, jag lyssnar inte mycket p\u00e5 radio numera och \u00e4n mindre p\u00e5 poddar. Efter att ha h\u00f6rt premi\u00e4ravsnittet av denna \u00e4r jag dock beredd att \u00e4ndra mig. Stina Oscarson, f.d. chef f\u00f6r <em>Radioteatern<\/em> p\u00e5 SR, numera kr\u00f6nik\u00f6r p\u00e5 DN och konstn\u00e4rlig ledare f\u00f6r ABF:s <em>Socialistisk forum<\/em> och Lars-Anders Johansson, musiker samt kulturansvarig p\u00e5 tankesmedjan Timbro samtalar om politik och samh\u00e4lle med utg\u00e5ngspunkt i en kulturell f\u00f6reteelse.<\/p>\n<p style=\"text-align: center;\"><a href=\"http:\/\/www.susannavaris.com\/blogg\/wp-content\/uploads\/2015\/02\/DSC_0099.jpg\"><img loading=\"lazy\" decoding=\"async\" class=\"aligncenter size-full wp-image-14327\" src=\"http:\/\/www.susannavaris.com\/blogg\/wp-content\/uploads\/2015\/02\/DSC_0099.jpg\" alt=\"DSC_0099\" width=\"4608\" height=\"3072\" srcset=\"http:\/\/www.susannavaris.com\/blogg\/wp-content\/uploads\/2015\/02\/DSC_0099.jpg 4608w, http:\/\/www.susannavaris.com\/blogg\/wp-content\/uploads\/2015\/02\/DSC_0099-300x200.jpg 300w, http:\/\/www.susannavaris.com\/blogg\/wp-content\/uploads\/2015\/02\/DSC_0099-1024x683.jpg 1024w\" sizes=\"auto, (max-width: 4608px) 100vw, 4608px\" \/><\/a> <a href=\"http:\/\/www.susannavaris.com\/blogg\/wp-content\/uploads\/2015\/02\/DSC_0100.jpg\"><img loading=\"lazy\" decoding=\"async\" class=\"aligncenter size-full wp-image-14328\" src=\"http:\/\/www.susannavaris.com\/blogg\/wp-content\/uploads\/2015\/02\/DSC_0100.jpg\" alt=\"DSC_0100\" width=\"3067\" height=\"4373\" srcset=\"http:\/\/www.susannavaris.com\/blogg\/wp-content\/uploads\/2015\/02\/DSC_0100.jpg 3067w, http:\/\/www.susannavaris.com\/blogg\/wp-content\/uploads\/2015\/02\/DSC_0100-210x300.jpg 210w, http:\/\/www.susannavaris.com\/blogg\/wp-content\/uploads\/2015\/02\/DSC_0100-718x1024.jpg 718w\" sizes=\"auto, (max-width: 3067px) 100vw, 3067px\" \/><\/a> <a href=\"http:\/\/www.susannavaris.com\/blogg\/wp-content\/uploads\/2015\/02\/DSC_0101.jpg\"><img loading=\"lazy\" decoding=\"async\" class=\"aligncenter size-full wp-image-14329\" src=\"http:\/\/www.susannavaris.com\/blogg\/wp-content\/uploads\/2015\/02\/DSC_0101.jpg\" alt=\"DSC_0101\" width=\"4608\" height=\"3072\" srcset=\"http:\/\/www.susannavaris.com\/blogg\/wp-content\/uploads\/2015\/02\/DSC_0101.jpg 4608w, http:\/\/www.susannavaris.com\/blogg\/wp-content\/uploads\/2015\/02\/DSC_0101-300x200.jpg 300w, http:\/\/www.susannavaris.com\/blogg\/wp-content\/uploads\/2015\/02\/DSC_0101-1024x683.jpg 1024w\" sizes=\"auto, (max-width: 4608px) 100vw, 4608px\" \/><\/a><em>Gemytligt mingel med pianomusik och allt f\u00f6re intervju och provlyssning i Ljudbangs mysiga lokaler.<\/em><\/p>\n<p style=\"text-align: center;\"><a href=\"http:\/\/www.susannavaris.com\/blogg\/wp-content\/uploads\/2015\/02\/DSC_0102-crop.jpg\"><img loading=\"lazy\" decoding=\"async\" class=\"aligncenter size-full wp-image-14330\" src=\"http:\/\/www.susannavaris.com\/blogg\/wp-content\/uploads\/2015\/02\/DSC_0102-crop.jpg\" alt=\"DSC_0102-crop\" width=\"3340\" height=\"2677\" srcset=\"http:\/\/www.susannavaris.com\/blogg\/wp-content\/uploads\/2015\/02\/DSC_0102-crop.jpg 3340w, http:\/\/www.susannavaris.com\/blogg\/wp-content\/uploads\/2015\/02\/DSC_0102-crop-300x240.jpg 300w, http:\/\/www.susannavaris.com\/blogg\/wp-content\/uploads\/2015\/02\/DSC_0102-crop-1024x821.jpg 1024w\" sizes=\"auto, (max-width: 3340px) 100vw, 3340px\" \/><\/a><em>Rebecka Pershagen och Catta Neuding.<\/em><\/p>\n<p style=\"text-align: center;\"><a href=\"http:\/\/www.susannavaris.com\/blogg\/wp-content\/uploads\/2015\/02\/DSC_0104-crop.jpg\"><img loading=\"lazy\" decoding=\"async\" class=\"aligncenter size-full wp-image-14331\" src=\"http:\/\/www.susannavaris.com\/blogg\/wp-content\/uploads\/2015\/02\/DSC_0104-crop.jpg\" alt=\"DSC_0104-crop\" width=\"2946\" height=\"1447\" srcset=\"http:\/\/www.susannavaris.com\/blogg\/wp-content\/uploads\/2015\/02\/DSC_0104-crop.jpg 2946w, http:\/\/www.susannavaris.com\/blogg\/wp-content\/uploads\/2015\/02\/DSC_0104-crop-300x147.jpg 300w, http:\/\/www.susannavaris.com\/blogg\/wp-content\/uploads\/2015\/02\/DSC_0104-crop-1024x503.jpg 1024w\" sizes=\"auto, (max-width: 2946px) 100vw, 2946px\" \/><\/a> <a href=\"http:\/\/www.susannavaris.com\/blogg\/wp-content\/uploads\/2015\/02\/DSC_0105.jpg\"><img loading=\"lazy\" decoding=\"async\" class=\"aligncenter size-full wp-image-14332\" src=\"http:\/\/www.susannavaris.com\/blogg\/wp-content\/uploads\/2015\/02\/DSC_0105.jpg\" alt=\"DSC_0105\" width=\"4608\" height=\"3072\" srcset=\"http:\/\/www.susannavaris.com\/blogg\/wp-content\/uploads\/2015\/02\/DSC_0105.jpg 4608w, http:\/\/www.susannavaris.com\/blogg\/wp-content\/uploads\/2015\/02\/DSC_0105-300x200.jpg 300w, http:\/\/www.susannavaris.com\/blogg\/wp-content\/uploads\/2015\/02\/DSC_0105-1024x683.jpg 1024w\" sizes=\"auto, (max-width: 4608px) 100vw, 4608px\" \/><\/a> <a href=\"http:\/\/www.susannavaris.com\/blogg\/wp-content\/uploads\/2015\/02\/DSC_0106.jpg\"><img loading=\"lazy\" decoding=\"async\" class=\"aligncenter size-full wp-image-14333\" src=\"http:\/\/www.susannavaris.com\/blogg\/wp-content\/uploads\/2015\/02\/DSC_0106.jpg\" alt=\"DSC_0106\" width=\"4608\" height=\"3072\" srcset=\"http:\/\/www.susannavaris.com\/blogg\/wp-content\/uploads\/2015\/02\/DSC_0106.jpg 4608w, http:\/\/www.susannavaris.com\/blogg\/wp-content\/uploads\/2015\/02\/DSC_0106-300x200.jpg 300w, http:\/\/www.susannavaris.com\/blogg\/wp-content\/uploads\/2015\/02\/DSC_0106-1024x683.jpg 1024w\" sizes=\"auto, (max-width: 4608px) 100vw, 4608px\" \/><\/a><em>Intervju och provlyssning&#8230;<\/em><\/p>\n<p style=\"text-align: center;\"><a href=\"http:\/\/www.susannavaris.com\/blogg\/wp-content\/uploads\/2015\/02\/WP_20150218_21_47_47_Pro-adj.jpg\"><img loading=\"lazy\" decoding=\"async\" class=\"aligncenter size-full wp-image-14334\" src=\"http:\/\/www.susannavaris.com\/blogg\/wp-content\/uploads\/2015\/02\/WP_20150218_21_47_47_Pro-adj.jpg\" alt=\"WP_20150218_21_47_47_Pro-adj\" width=\"1279\" height=\"720\" srcset=\"http:\/\/www.susannavaris.com\/blogg\/wp-content\/uploads\/2015\/02\/WP_20150218_21_47_47_Pro-adj.jpg 1279w, http:\/\/www.susannavaris.com\/blogg\/wp-content\/uploads\/2015\/02\/WP_20150218_21_47_47_Pro-adj-300x169.jpg 300w, http:\/\/www.susannavaris.com\/blogg\/wp-content\/uploads\/2015\/02\/WP_20150218_21_47_47_Pro-adj-1024x576.jpg 1024w\" sizes=\"auto, (max-width: 1279px) 100vw, 1279px\" \/><\/a><a href=\"http:\/\/www.susannavaris.com\/blogg\/wp-content\/uploads\/2015\/02\/DSC_0107.jpg\"><img loading=\"lazy\" decoding=\"async\" class=\"aligncenter size-full wp-image-14335\" src=\"http:\/\/www.susannavaris.com\/blogg\/wp-content\/uploads\/2015\/02\/DSC_0107.jpg\" alt=\"DSC_0107\" width=\"4608\" height=\"3072\" srcset=\"http:\/\/www.susannavaris.com\/blogg\/wp-content\/uploads\/2015\/02\/DSC_0107.jpg 4608w, http:\/\/www.susannavaris.com\/blogg\/wp-content\/uploads\/2015\/02\/DSC_0107-300x200.jpg 300w, http:\/\/www.susannavaris.com\/blogg\/wp-content\/uploads\/2015\/02\/DSC_0107-1024x683.jpg 1024w\" sizes=\"auto, (max-width: 4608px) 100vw, 4608px\" \/><\/a><em>Mera mingel efter&#8230;Lars-Anders Johansson och Fredrik Segerfeldt.<\/em><\/p>\n<p style=\"text-align: left;\">Podcasten ska husera under DN <em>Kultur<\/em> p\u00e5 n\u00e4tet. Undertecknad har ju mycket och ofta hackat p\u00e5 DN <em>Kultur<\/em>, men det h\u00e4r verkar \u00e5tminstone vara en b\u00e5de intressant och v\u00e4lbeh\u00f6vlig satsning. Den h\u00e5rda tonen, dreven, smutskastningarna och bristen p\u00e5 riktiga och fruktbara samtal \u00e4r ju sedan ett decennium en bristvara.<\/p>\n<p style=\"text-align: center;\"><a href=\"http:\/\/www.susannavaris.com\/blogg\/wp-content\/uploads\/2015\/02\/pod.jpg\"><img loading=\"lazy\" decoding=\"async\" class=\"aligncenter size-full wp-image-14336\" src=\"http:\/\/www.susannavaris.com\/blogg\/wp-content\/uploads\/2015\/02\/pod.jpg\" alt=\"pod\" width=\"551\" height=\"394\" srcset=\"http:\/\/www.susannavaris.com\/blogg\/wp-content\/uploads\/2015\/02\/pod.jpg 551w, http:\/\/www.susannavaris.com\/blogg\/wp-content\/uploads\/2015\/02\/pod-300x215.jpg 300w\" sizes=\"auto, (max-width: 551px) 100vw, 551px\" \/><\/a><em>Premi\u00e4ravsnittet kan h\u00f6ras <a href=\"http:\/\/podcast.dn.se\/mellan-scylla-och-charybdis\/\">h\u00e4r<\/a>.<\/em><\/p>\n","protected":false},"excerpt":{"rendered":"<p>I f\u00f6rrg\u00e5r var det invigningsfest f\u00f6r den nya podcasten Mellan Scylla och Charybdis p\u00e5 Ljudbang studios i M\u00fcnchenbryggeriet. Podcast \u00e4r knappast min starka sida, jag lyssnar inte mycket p\u00e5 radio numera och \u00e4n mindre p\u00e5 poddar. Efter att ha h\u00f6rt &hellip; <a href=\"http:\/\/www.susannavaris.com\/blogg\/2015\/02\/invigningsfest-for-podcasten-mellan-scylla-och-charybdis\/\">Forts\u00e4tt l\u00e4sa <span class=\"meta-nav\">&rarr;<\/span><\/a><\/p>\n","protected":false},"author":1,"featured_media":0,"comment_status":"open","ping_status":"open","sticky":false,"template":"","format":"standard","meta":{"footnotes":""},"categories":[555,1928,3,1162,589,1,590],"tags":[175,554,17,4917,4632,4636,4634,4631,4910,4635,4633],"class_list":["post-14325","post","type-post","status-publish","format-standard","hentry","category-events","category-journalistik","category-konst","category-kultur","category-medier","category-okategoriserade","category-politik","tag-dn","tag-event","tag-konst-2","tag-kultur","tag-lars-anders-johansson","tag-ljudbang","tag-mellan-scylla-och-charybdis","tag-podcast","tag-politik","tag-samtal","tag-stina-oscarson"],"_links":{"self":[{"href":"http:\/\/www.susannavaris.com\/blogg\/wp-json\/wp\/v2\/posts\/14325","targetHints":{"allow":["GET"]}}],"collection":[{"href":"http:\/\/www.susannavaris.com\/blogg\/wp-json\/wp\/v2\/posts"}],"about":[{"href":"http:\/\/www.susannavaris.com\/blogg\/wp-json\/wp\/v2\/types\/post"}],"author":[{"embeddable":true,"href":"http:\/\/www.susannavaris.com\/blogg\/wp-json\/wp\/v2\/users\/1"}],"replies":[{"embeddable":true,"href":"http:\/\/www.susannavaris.com\/blogg\/wp-json\/wp\/v2\/comments?post=14325"}],"version-history":[{"count":3,"href":"http:\/\/www.susannavaris.com\/blogg\/wp-json\/wp\/v2\/posts\/14325\/revisions"}],"predecessor-version":[{"id":14339,"href":"http:\/\/www.susannavaris.com\/blogg\/wp-json\/wp\/v2\/posts\/14325\/revisions\/14339"}],"wp:attachment":[{"href":"http:\/\/www.susannavaris.com\/blogg\/wp-json\/wp\/v2\/media?parent=14325"}],"wp:term":[{"taxonomy":"category","embeddable":true,"href":"http:\/\/www.susannavaris.com\/blogg\/wp-json\/wp\/v2\/categories?post=14325"},{"taxonomy":"post_tag","embeddable":true,"href":"http:\/\/www.susannavaris.com\/blogg\/wp-json\/wp\/v2\/tags?post=14325"}],"curies":[{"name":"wp","href":"https:\/\/api.w.org\/{rel}","templated":true}]}}