{"id":14340,"date":"2015-02-20T18:13:59","date_gmt":"2015-02-20T17:13:59","guid":{"rendered":"http:\/\/www.susannavaris.com\/blogg\/?p=14340"},"modified":"2015-02-20T19:00:40","modified_gmt":"2015-02-20T18:00:40","slug":"en-till-pudel","status":"publish","type":"post","link":"http:\/\/www.susannavaris.com\/blogg\/2015\/02\/en-till-pudel\/","title":{"rendered":"En till pudel"},"content":{"rendered":"<p style=\"text-align: center;\"><a href=\"http:\/\/www.susannavaris.com\/blogg\/wp-content\/uploads\/2015\/02\/Per_Svensson_dec_2014.jpg\"><img loading=\"lazy\" decoding=\"async\" class=\"aligncenter size-full wp-image-14341\" src=\"http:\/\/www.susannavaris.com\/blogg\/wp-content\/uploads\/2015\/02\/Per_Svensson_dec_2014.jpg\" alt=\"Per Svensson dec 2014\" width=\"620\" height=\"640\" srcset=\"http:\/\/www.susannavaris.com\/blogg\/wp-content\/uploads\/2015\/02\/Per_Svensson_dec_2014.jpg 620w, http:\/\/www.susannavaris.com\/blogg\/wp-content\/uploads\/2015\/02\/Per_Svensson_dec_2014-291x300.jpg 291w\" sizes=\"auto, (max-width: 620px) 100vw, 620px\" \/><\/a><em>Per Svensson. Foto: Frankie Foughantine\/Wikipedia<\/em><\/p>\n<p>En till pudel kan nu noteras fr\u00e5n en som erk\u00e4nner sig skyldig till dagens klimat av \u00e5siktskorridor och v\u00e4rdegrundsfascism. Tidigare\u00a0<a href=\"http:\/\/www.susannavaris.com\/blogg\/2015\/02\/trotta-tankar-om-laget-for-yttrandefriheten\/\">erk\u00e4nde<\/a> ju Ann-Charlotte Marteus i Expressen att hon varit med och skapat \u00e5siktskorridoren. Nu \u00e4r det Per Svensson, som i Sydsvenskan\u00a0<a href=\"http:\/\/www.sydsvenskan.se\/kultur--nojen\/tyck-ratt-tack\/\">tar p\u00e5 sig<\/a> en del av ansvaret f\u00f6r genusinspekt\u00f6rerna som bland annat verkar p\u00e5 f\u00f6retaget Genusredakt\u00f6rerna:<\/p>\n<blockquote><p>&#8221;Det \u00e4r mitt och andra postmodernistiskt anf\u00e4ktade 80-talsintellektuellas fel. Genom att h\u00e4vda att verkligheten \u00e4r ett spr\u00e5kspel och en spr\u00e5kspegel ville vi befria oss fr\u00e5n de stora ber\u00e4ttelsernas (marxismens) \u00e5siktstyranni.<\/p>\n<p>Och nu, drygt tjugofem \u00e5r senare, st\u00e5r vi h\u00e4r med en generation av unga akademiker och skribenter som blivit s\u00e5 indoktrinerade med denna id\u00e9 att de p\u00e5 allvar tycks tro att det inte \u00e4r n\u00e5gon skillnad mellan att skriva \u201djag pissar\u201d och att g\u00f6ra det. Det \u00e4r denna \u00f6vertygelse, i kombination med politisk r\u00e4ttr\u00e5dighet, som gjort s\u00e5 m\u00e5nga av dem till verbala viktorianer.<\/p>\n<p>Det kan bli hur fruktansv\u00e4rt som helst. Det \u00e4r redan r\u00e4tt hemskt.&#8221;<\/p><\/blockquote>\n<p>Per Svensson \u00e4r journalist och f\u00f6rfattare och har bland annat varit chefredakt\u00f6r f\u00f6r Kv\u00e4llsposten och kulturchef f\u00f6r Expressen.<\/p>\n<p>Andra bloggar om detta:<\/p>\n<p><a href=\"https:\/\/toklandet.wordpress.com\/2015\/02\/16\/genusredaktorer-de-normkritiska-korrekturlasarna\/\">Toklandet<\/a><\/p>\n<p><a href=\"http:\/\/ekvalist.blogspot.se\/2015\/02\/genusredaktorer-vill-skapa-spraklig.html\">Ekvalist<\/a><\/p>\n","protected":false},"excerpt":{"rendered":"<p>Per Svensson. Foto: Frankie Foughantine\/Wikipedia En till pudel kan nu noteras fr\u00e5n en som erk\u00e4nner sig skyldig till dagens klimat av \u00e5siktskorridor och v\u00e4rdegrundsfascism. Tidigare\u00a0erk\u00e4nde ju Ann-Charlotte Marteus i Expressen att hon varit med och skapat \u00e5siktskorridoren. Nu \u00e4r det &hellip; <a href=\"http:\/\/www.susannavaris.com\/blogg\/2015\/02\/en-till-pudel\/\">Forts\u00e4tt l\u00e4sa <span class=\"meta-nav\">&rarr;<\/span><\/a><\/p>\n","protected":false},"author":1,"featured_media":0,"comment_status":"open","ping_status":"open","sticky":false,"template":"","format":"standard","meta":{"footnotes":""},"categories":[181,154,259,3358,1928,1162,589,1,590],"tags":[4224,356,4899,4639,4903,4638,2679,4637,2930,4640,1316],"class_list":["post-14340","post","type-post","status-publish","format-standard","hentry","category-feminism","category-genus","category-genusvetenskap","category-identitetspolitik","category-journalistik","category-kultur","category-medier","category-okategoriserade","category-politik","tag-asiktskorridor","tag-expressen","tag-genus","tag-genusredaktorerna","tag-genusvetenskap","tag-kvallsposten","tag-marxism","tag-per-svensson","tag-postmodernism","tag-pudel","tag-sydsvenskan"],"_links":{"self":[{"href":"http:\/\/www.susannavaris.com\/blogg\/wp-json\/wp\/v2\/posts\/14340","targetHints":{"allow":["GET"]}}],"collection":[{"href":"http:\/\/www.susannavaris.com\/blogg\/wp-json\/wp\/v2\/posts"}],"about":[{"href":"http:\/\/www.susannavaris.com\/blogg\/wp-json\/wp\/v2\/types\/post"}],"author":[{"embeddable":true,"href":"http:\/\/www.susannavaris.com\/blogg\/wp-json\/wp\/v2\/users\/1"}],"replies":[{"embeddable":true,"href":"http:\/\/www.susannavaris.com\/blogg\/wp-json\/wp\/v2\/comments?post=14340"}],"version-history":[{"count":4,"href":"http:\/\/www.susannavaris.com\/blogg\/wp-json\/wp\/v2\/posts\/14340\/revisions"}],"predecessor-version":[{"id":14345,"href":"http:\/\/www.susannavaris.com\/blogg\/wp-json\/wp\/v2\/posts\/14340\/revisions\/14345"}],"wp:attachment":[{"href":"http:\/\/www.susannavaris.com\/blogg\/wp-json\/wp\/v2\/media?parent=14340"}],"wp:term":[{"taxonomy":"category","embeddable":true,"href":"http:\/\/www.susannavaris.com\/blogg\/wp-json\/wp\/v2\/categories?post=14340"},{"taxonomy":"post_tag","embeddable":true,"href":"http:\/\/www.susannavaris.com\/blogg\/wp-json\/wp\/v2\/tags?post=14340"}],"curies":[{"name":"wp","href":"https:\/\/api.w.org\/{rel}","templated":true}]}}