{"id":14351,"date":"2015-02-26T18:21:37","date_gmt":"2015-02-26T17:21:37","guid":{"rendered":"http:\/\/www.susannavaris.com\/blogg\/?p=14351"},"modified":"2015-02-26T18:22:09","modified_gmt":"2015-02-26T17:22:09","slug":"louise-bourgeois-pa-moderna-museet","status":"publish","type":"post","link":"http:\/\/www.susannavaris.com\/blogg\/2015\/02\/louise-bourgeois-pa-moderna-museet\/","title":{"rendered":"Louise Bourgeois p\u00e5 Moderna Museet"},"content":{"rendered":"<p>I f\u00f6rrg\u00e5r bes\u00f6kte vi\u00a0<a href=\"http:\/\/www.modernamuseet.se\/sv\/Stockholm\/Utstallningar\/2015\/Louise-Bourgeois\/\">Louise Bourgeois-utst\u00e4llningen<\/a> p\u00e5 Moderna Museet.<\/p>\n<p style=\"text-align: center;\"><a href=\"http:\/\/www.susannavaris.com\/blogg\/wp-content\/uploads\/2015\/02\/DSC_0115.jpg\"><img loading=\"lazy\" decoding=\"async\" class=\"aligncenter size-full wp-image-14352\" src=\"http:\/\/www.susannavaris.com\/blogg\/wp-content\/uploads\/2015\/02\/DSC_0115.jpg\" alt=\"DSC_0115\" width=\"4608\" height=\"3072\" srcset=\"http:\/\/www.susannavaris.com\/blogg\/wp-content\/uploads\/2015\/02\/DSC_0115.jpg 4608w, http:\/\/www.susannavaris.com\/blogg\/wp-content\/uploads\/2015\/02\/DSC_0115-300x200.jpg 300w, http:\/\/www.susannavaris.com\/blogg\/wp-content\/uploads\/2015\/02\/DSC_0115-1024x683.jpg 1024w\" sizes=\"auto, (max-width: 4608px) 100vw, 4608px\" \/><\/a> <a href=\"http:\/\/www.susannavaris.com\/blogg\/wp-content\/uploads\/2015\/02\/WP_20150224_11_50_31_Pro.jpg\"><img loading=\"lazy\" decoding=\"async\" class=\"aligncenter size-full wp-image-14353\" src=\"http:\/\/www.susannavaris.com\/blogg\/wp-content\/uploads\/2015\/02\/WP_20150224_11_50_31_Pro.jpg\" alt=\"WP_20150224_11_50_31_Pro\" width=\"1280\" height=\"720\" srcset=\"http:\/\/www.susannavaris.com\/blogg\/wp-content\/uploads\/2015\/02\/WP_20150224_11_50_31_Pro.jpg 1280w, http:\/\/www.susannavaris.com\/blogg\/wp-content\/uploads\/2015\/02\/WP_20150224_11_50_31_Pro-300x169.jpg 300w, http:\/\/www.susannavaris.com\/blogg\/wp-content\/uploads\/2015\/02\/WP_20150224_11_50_31_Pro-1024x576.jpg 1024w\" sizes=\"auto, (max-width: 1280px) 100vw, 1280px\" \/><\/a> <a href=\"http:\/\/www.susannavaris.com\/blogg\/wp-content\/uploads\/2015\/02\/WP_20150224_11_51_28_Pro.jpg\"><img loading=\"lazy\" decoding=\"async\" class=\"aligncenter size-full wp-image-14354\" src=\"http:\/\/www.susannavaris.com\/blogg\/wp-content\/uploads\/2015\/02\/WP_20150224_11_51_28_Pro.jpg\" alt=\"WP_20150224_11_51_28_Pro\" width=\"3072\" height=\"1728\" srcset=\"http:\/\/www.susannavaris.com\/blogg\/wp-content\/uploads\/2015\/02\/WP_20150224_11_51_28_Pro.jpg 3072w, http:\/\/www.susannavaris.com\/blogg\/wp-content\/uploads\/2015\/02\/WP_20150224_11_51_28_Pro-300x169.jpg 300w, http:\/\/www.susannavaris.com\/blogg\/wp-content\/uploads\/2015\/02\/WP_20150224_11_51_28_Pro-1024x576.jpg 1024w\" sizes=\"auto, (max-width: 3072px) 100vw, 3072px\" \/><\/a><em>Maman. den stora spindelskulpturen, utanf\u00f6r mus\u00e9ets entr\u00e9. Kika g\u00e4rna in p\u00e5 Modernas hemsida, d\u00e4r det finns en film om monteringen av konstverket. <\/em><\/p>\n<p style=\"text-align: left;\">Louise Bourgeois \u00e4r en egensinnig och fascinerande konstn\u00e4r, som jag inte har sett s\u00e5 m\u00e5nga verk av live tidigare och det var trevligt att f\u00e5 se den ber\u00f6mda <em>Maman<\/em> i verkligheten.<\/p>\n<p style=\"text-align: center;\"><a href=\"http:\/\/www.susannavaris.com\/blogg\/wp-content\/uploads\/2015\/02\/DSC_0123.jpg\"><img loading=\"lazy\" decoding=\"async\" class=\"aligncenter size-full wp-image-14355\" src=\"http:\/\/www.susannavaris.com\/blogg\/wp-content\/uploads\/2015\/02\/DSC_0123.jpg\" alt=\"DSC_0123\" width=\"3072\" height=\"4608\" srcset=\"http:\/\/www.susannavaris.com\/blogg\/wp-content\/uploads\/2015\/02\/DSC_0123.jpg 3072w, http:\/\/www.susannavaris.com\/blogg\/wp-content\/uploads\/2015\/02\/DSC_0123-200x300.jpg 200w, http:\/\/www.susannavaris.com\/blogg\/wp-content\/uploads\/2015\/02\/DSC_0123-683x1024.jpg 683w\" sizes=\"auto, (max-width: 3072px) 100vw, 3072px\" \/><\/a> <a href=\"http:\/\/www.susannavaris.com\/blogg\/wp-content\/uploads\/2015\/02\/DSC_0125.jpg\"><img loading=\"lazy\" decoding=\"async\" class=\"aligncenter size-full wp-image-14356\" src=\"http:\/\/www.susannavaris.com\/blogg\/wp-content\/uploads\/2015\/02\/DSC_0125.jpg\" alt=\"DSC_0125\" width=\"3072\" height=\"4608\" srcset=\"http:\/\/www.susannavaris.com\/blogg\/wp-content\/uploads\/2015\/02\/DSC_0125.jpg 3072w, http:\/\/www.susannavaris.com\/blogg\/wp-content\/uploads\/2015\/02\/DSC_0125-200x300.jpg 200w, http:\/\/www.susannavaris.com\/blogg\/wp-content\/uploads\/2015\/02\/DSC_0125-683x1024.jpg 683w\" sizes=\"auto, (max-width: 3072px) 100vw, 3072px\" \/><\/a> <a href=\"http:\/\/www.susannavaris.com\/blogg\/wp-content\/uploads\/2015\/02\/DSC_0128.jpg\"><img loading=\"lazy\" decoding=\"async\" class=\"aligncenter size-full wp-image-14357\" src=\"http:\/\/www.susannavaris.com\/blogg\/wp-content\/uploads\/2015\/02\/DSC_0128.jpg\" alt=\"DSC_0128\" width=\"4608\" height=\"3072\" srcset=\"http:\/\/www.susannavaris.com\/blogg\/wp-content\/uploads\/2015\/02\/DSC_0128.jpg 4608w, http:\/\/www.susannavaris.com\/blogg\/wp-content\/uploads\/2015\/02\/DSC_0128-300x200.jpg 300w, http:\/\/www.susannavaris.com\/blogg\/wp-content\/uploads\/2015\/02\/DSC_0128-1024x683.jpg 1024w\" sizes=\"auto, (max-width: 4608px) 100vw, 4608px\" \/><\/a><em>Utst\u00e4llningen var upplagd p\u00e5 ett mycket intrikat s\u00e4tt, d\u00e4r konstn\u00e4rinnans olika perioder visades l\u00e4ngs en labyrintliknande snitslad bana och d\u00e4r man fr\u00e5n varje tema\/period\/rum kunde se b\u00e5de glimtar fram\u00e5t och bak\u00e5t.<\/em><\/p>\n<p style=\"text-align: center;\"><a href=\"http:\/\/www.susannavaris.com\/blogg\/wp-content\/uploads\/2015\/02\/DSC_0129.jpg\"><img loading=\"lazy\" decoding=\"async\" class=\"aligncenter size-full wp-image-14358\" src=\"http:\/\/www.susannavaris.com\/blogg\/wp-content\/uploads\/2015\/02\/DSC_0129.jpg\" alt=\"DSC_0129\" width=\"3072\" height=\"4608\" srcset=\"http:\/\/www.susannavaris.com\/blogg\/wp-content\/uploads\/2015\/02\/DSC_0129.jpg 3072w, http:\/\/www.susannavaris.com\/blogg\/wp-content\/uploads\/2015\/02\/DSC_0129-200x300.jpg 200w, http:\/\/www.susannavaris.com\/blogg\/wp-content\/uploads\/2015\/02\/DSC_0129-683x1024.jpg 683w\" sizes=\"auto, (max-width: 3072px) 100vw, 3072px\" \/><\/a> <a href=\"http:\/\/www.susannavaris.com\/blogg\/wp-content\/uploads\/2015\/02\/DSC_0130.jpg\"><img loading=\"lazy\" decoding=\"async\" class=\"aligncenter size-full wp-image-14359\" src=\"http:\/\/www.susannavaris.com\/blogg\/wp-content\/uploads\/2015\/02\/DSC_0130.jpg\" alt=\"DSC_0130\" width=\"4608\" height=\"3072\" srcset=\"http:\/\/www.susannavaris.com\/blogg\/wp-content\/uploads\/2015\/02\/DSC_0130.jpg 4608w, http:\/\/www.susannavaris.com\/blogg\/wp-content\/uploads\/2015\/02\/DSC_0130-300x200.jpg 300w, http:\/\/www.susannavaris.com\/blogg\/wp-content\/uploads\/2015\/02\/DSC_0130-1024x683.jpg 1024w\" sizes=\"auto, (max-width: 4608px) 100vw, 4608px\" \/><\/a> <a href=\"http:\/\/www.susannavaris.com\/blogg\/wp-content\/uploads\/2015\/02\/DSC_0131.jpg\"><img loading=\"lazy\" decoding=\"async\" class=\"aligncenter size-full wp-image-14360\" src=\"http:\/\/www.susannavaris.com\/blogg\/wp-content\/uploads\/2015\/02\/DSC_0131.jpg\" alt=\"DSC_0131\" width=\"3072\" height=\"4608\" srcset=\"http:\/\/www.susannavaris.com\/blogg\/wp-content\/uploads\/2015\/02\/DSC_0131.jpg 3072w, http:\/\/www.susannavaris.com\/blogg\/wp-content\/uploads\/2015\/02\/DSC_0131-200x300.jpg 200w, http:\/\/www.susannavaris.com\/blogg\/wp-content\/uploads\/2015\/02\/DSC_0131-683x1024.jpg 683w\" sizes=\"auto, (max-width: 3072px) 100vw, 3072px\" \/><\/a> <a href=\"http:\/\/www.susannavaris.com\/blogg\/wp-content\/uploads\/2015\/02\/DSC_0132.jpg\"><img loading=\"lazy\" decoding=\"async\" class=\"aligncenter size-full wp-image-14361\" src=\"http:\/\/www.susannavaris.com\/blogg\/wp-content\/uploads\/2015\/02\/DSC_0132.jpg\" alt=\"DSC_0132\" width=\"3072\" height=\"4608\" srcset=\"http:\/\/www.susannavaris.com\/blogg\/wp-content\/uploads\/2015\/02\/DSC_0132.jpg 3072w, http:\/\/www.susannavaris.com\/blogg\/wp-content\/uploads\/2015\/02\/DSC_0132-200x300.jpg 200w, http:\/\/www.susannavaris.com\/blogg\/wp-content\/uploads\/2015\/02\/DSC_0132-683x1024.jpg 683w\" sizes=\"auto, (max-width: 3072px) 100vw, 3072px\" \/><\/a><em>K\u00f6ttslighet, kroppar och starka uttryck.<\/em><\/p>\n<p style=\"text-align: center;\"><a href=\"http:\/\/www.susannavaris.com\/blogg\/wp-content\/uploads\/2015\/02\/DSC_0133.jpg\"><img loading=\"lazy\" decoding=\"async\" class=\"aligncenter size-full wp-image-14362\" src=\"http:\/\/www.susannavaris.com\/blogg\/wp-content\/uploads\/2015\/02\/DSC_0133.jpg\" alt=\"DSC_0133\" width=\"4608\" height=\"3072\" srcset=\"http:\/\/www.susannavaris.com\/blogg\/wp-content\/uploads\/2015\/02\/DSC_0133.jpg 4608w, http:\/\/www.susannavaris.com\/blogg\/wp-content\/uploads\/2015\/02\/DSC_0133-300x200.jpg 300w, http:\/\/www.susannavaris.com\/blogg\/wp-content\/uploads\/2015\/02\/DSC_0133-1024x683.jpg 1024w\" sizes=\"auto, (max-width: 4608px) 100vw, 4608px\" \/><\/a> <a href=\"http:\/\/www.susannavaris.com\/blogg\/wp-content\/uploads\/2015\/02\/DSC_0134.jpg\"><img loading=\"lazy\" decoding=\"async\" class=\"aligncenter size-full wp-image-14363\" src=\"http:\/\/www.susannavaris.com\/blogg\/wp-content\/uploads\/2015\/02\/DSC_0134.jpg\" alt=\"DSC_0134\" width=\"3042\" height=\"3447\" srcset=\"http:\/\/www.susannavaris.com\/blogg\/wp-content\/uploads\/2015\/02\/DSC_0134.jpg 3042w, http:\/\/www.susannavaris.com\/blogg\/wp-content\/uploads\/2015\/02\/DSC_0134-265x300.jpg 265w, http:\/\/www.susannavaris.com\/blogg\/wp-content\/uploads\/2015\/02\/DSC_0134-904x1024.jpg 904w\" sizes=\"auto, (max-width: 3042px) 100vw, 3042px\" \/><\/a><em>Louise Bourgeois \u00e4r en stor inspiration och jag v\u00e4ljer att blunda med ena \u00f6gat \u00e5t de texter i utst\u00e4llningen d\u00e4r hon ocks\u00e5 ska inf\u00f6rlivas i det feministiska projektet. Jag tycker om Bourgeois kontrastrika skapande och m\u00f6rkret, men ocks\u00e5 det hoppfulla, som hon f\u00f6rmedlar.<\/em><\/p>\n","protected":false},"excerpt":{"rendered":"<p>I f\u00f6rrg\u00e5r bes\u00f6kte vi\u00a0Louise Bourgeois-utst\u00e4llningen p\u00e5 Moderna Museet. Maman. den stora spindelskulpturen, utanf\u00f6r mus\u00e9ets entr\u00e9. Kika g\u00e4rna in p\u00e5 Modernas hemsida, d\u00e4r det finns en film om monteringen av konstverket. Louise Bourgeois \u00e4r en egensinnig och fascinerande konstn\u00e4r, som jag &hellip; <a href=\"http:\/\/www.susannavaris.com\/blogg\/2015\/02\/louise-bourgeois-pa-moderna-museet\/\">Forts\u00e4tt l\u00e4sa <span class=\"meta-nav\">&rarr;<\/span><\/a><\/p>\n","protected":false},"author":1,"featured_media":0,"comment_status":"open","ping_status":"open","sticky":false,"template":"","format":"standard","meta":{"footnotes":""},"categories":[3,1162,1,4],"tags":[17,210,234,122],"class_list":["post-14351","post","type-post","status-publish","format-standard","hentry","category-konst","category-kultur","category-okategoriserade","category-utstallning","tag-konst-2","tag-louise-bourgeois","tag-moderna-museet","tag-utstallning-2"],"_links":{"self":[{"href":"http:\/\/www.susannavaris.com\/blogg\/wp-json\/wp\/v2\/posts\/14351","targetHints":{"allow":["GET"]}}],"collection":[{"href":"http:\/\/www.susannavaris.com\/blogg\/wp-json\/wp\/v2\/posts"}],"about":[{"href":"http:\/\/www.susannavaris.com\/blogg\/wp-json\/wp\/v2\/types\/post"}],"author":[{"embeddable":true,"href":"http:\/\/www.susannavaris.com\/blogg\/wp-json\/wp\/v2\/users\/1"}],"replies":[{"embeddable":true,"href":"http:\/\/www.susannavaris.com\/blogg\/wp-json\/wp\/v2\/comments?post=14351"}],"version-history":[{"count":2,"href":"http:\/\/www.susannavaris.com\/blogg\/wp-json\/wp\/v2\/posts\/14351\/revisions"}],"predecessor-version":[{"id":14365,"href":"http:\/\/www.susannavaris.com\/blogg\/wp-json\/wp\/v2\/posts\/14351\/revisions\/14365"}],"wp:attachment":[{"href":"http:\/\/www.susannavaris.com\/blogg\/wp-json\/wp\/v2\/media?parent=14351"}],"wp:term":[{"taxonomy":"category","embeddable":true,"href":"http:\/\/www.susannavaris.com\/blogg\/wp-json\/wp\/v2\/categories?post=14351"},{"taxonomy":"post_tag","embeddable":true,"href":"http:\/\/www.susannavaris.com\/blogg\/wp-json\/wp\/v2\/tags?post=14351"}],"curies":[{"name":"wp","href":"https:\/\/api.w.org\/{rel}","templated":true}]}}