{"id":14367,"date":"2015-03-03T18:51:27","date_gmt":"2015-03-03T17:51:27","guid":{"rendered":"http:\/\/www.susannavaris.com\/blogg\/?p=14367"},"modified":"2015-03-03T18:51:27","modified_gmt":"2015-03-03T17:51:27","slug":"gastinlagg-oravsky-om-arvsynd-och-annat","status":"publish","type":"post","link":"http:\/\/www.susannavaris.com\/blogg\/2015\/03\/gastinlagg-oravsky-om-arvsynd-och-annat\/","title":{"rendered":"G\u00e4stinl\u00e4gg: Oravsky om arvsynd och annat"},"content":{"rendered":"<p><strong>Anklagelser och Gottg\u00f6relser, Arvsynd och N\u00f6d<\/strong><\/p>\n<p>&nbsp;<\/p>\n<p>Den 3 mars 2015 intervjuade Anna Hernek en debutantf\u00f6rfattarinna i anledning av att hennes \u201dsj\u00e4lvbiografiska serieroman\u201d precis n\u00e5dde landets f\u00f6rs\u00e4ljningsplatser. Sveriges Radio, som \u00e4r en av allm\u00e4nheten finansierat Public Service organ, g\u00e5ng p\u00e5 g\u00e5ng bereder kvinnor plats att gratis och oemotsagt g\u00f6ra flerminuters reklaminslag f\u00f6r sina kommersiella produkter: filmer, teaterupps\u00e4ttningar, romaner, seriealbum, performances, foto- och bildutst\u00e4llningar\u2026 samtidigt som m\u00e4n tilldelas denna gratis och dessutom skattefria ynnest, bara om det bakom dem st\u00e5r n\u00e5gon stark kommersiell akt\u00f6r s\u00e5 som Bonnier eller Svensk Filmindustri.<\/p>\n<p>Jag tycker inte om denna snedf\u00f6rdelande kvotering, men det \u00e4r inte anledningen varf\u00f6r jag nu fattar pennan.<\/p>\n<p>Anledningen \u00e4r att denna i\u00f6gonfallande obalans i det vad som borde vara ett opartiskt Public Serviceorgan, alltid, och jag menar alltid, motiveras med politiserande j\u00e4mst\u00e4lldhetsargument och som dessutom inte n\u00f6dv\u00e4ndigtvis \u00e4r sanna eller ens giltiga. Som exempelvis i fallet med den debuterande inte alltf\u00f6r v\u00e4largumenterande f\u00f6rfattarinnan. Hon tyckte, och programledaren verkade h\u00e5lla med henne, att \u201ddet \u00e4r dags att samh\u00e4llet avskaffar de tabun som r\u00e5der kring aborter\u201d.<\/p>\n<p>Det \u00e4r inte f\u00f6rsta g\u00e5ngen jag h\u00f6rde denna \u201df\u00f6rklaring f\u00f6r\u201d, varf\u00f6r dessa mer eller mindre duktiga konstn\u00e4rer och f\u00f6rfattare och sk\u00e5despelare och komedianter m\u00e5ste erbjudas gratisreklam i Public Service. Omedelbart n\u00e5gon har n\u00e5got att s\u00e4ga om menstruationen, stora eller sm\u00e5 br\u00f6st, br\u00f6stcancer, snippor, livmoder och livmodercancer, botoxbehandlingar och andra utseendekorrigeringar, o\u00f6nskad beh\u00e5ring, aborter, lesbiskhet, lyckliga och olyckliga skilsm\u00e4ssor, frivillig och ofrivillig barnl\u00f6shet et cetera, erbjuder SR gratisreklam \u00e5t denna eller dem och alltid och utan undantag med h\u00e4nvisning till att deras \u201dtypiskt kvinnliga \u00e4mnen\u201d l\u00e4r sedan m\u00e4nsklighetens uppkomst och \u00e4nda fram tills nu, vara tabubelagda, och det \u00e4r naturligtvis inget tvivel om att det \u00e4r den oefterr\u00e4ttlige vite medel\u00e5lders heterosexuelle mannen som var tabugr\u00e4nsens maktfullkomlige v\u00e4ktare.<\/p>\n<p>S\u00e5 \u00e4r dock inte fallet.<\/p>\n<p>\u00c4r inte det fullkomligt naturligt att vissa \u00e4mnen f\u00f6rs p\u00e5 tal med stor intensitet under vissa perioder, exempelvis val och olika partiprogram under ett val\u00e5r, och att en begr\u00e4nsad exponering av andra \u00e4mnen under denna period knappast kan vara resultat av ett uttryckligt eller ens outtalat f\u00f6rbud?<\/p>\n<p>Att inte allt som inte f\u00f6rs p\u00e5 tal i den dagliga mediala agendan, \u00e4r p\u00e5 grund av att det omfattas av n\u00e5got tabu, p\u00e5talas inte av programledare p\u00e5 SR, eftersom det sedermera uppfattas som en bergfast dogm att kvinnor och s\u00e5 kallade \u201dkvinnliga \u00e4mnen\u201d vid varje m\u00f6jligt eller givet tillf\u00e4lle under historiens g\u00e5ng var undanskuffade och trampade p\u00e5.<\/p>\n<p>Det talas ytterst s\u00e4llan eller n\u00e4ra p\u00e5 aldrig om muskul\u00f6sa, fallsk\u00e4rmshoppande, djuphavsdykande, sjuttio\u00e5ringar med l\u00e5ngt, r\u00e5ttf\u00e4rgat h\u00e5r. T\u00e4nk att jag skulle skriva en \u201dsj\u00e4lvbiografisk serieroman\u201d om en s\u00e5dan snubbe och avkr\u00e4va gratisreklam av SR med h\u00e4nvisning till att \u201ddet \u00e4r dags att samh\u00e4llet avskaffar de tabun som r\u00e5der kring friska, v\u00e4lbyggda sjuttio\u00e5ringar\u201d. Jag skulle troligen inte komma alltf\u00f6r l\u00e5ngt med mitt krav, inte ens om sj\u00e4lva Bonnier stod f\u00f6r utgivningen.<\/p>\n<p>Jag kan redan h\u00f6ra ditt motargument k\u00e4re l\u00e4sare. S\u00e5 h\u00e4r \u00e4r mitt svar: enligt Socialstyrelsen, utf\u00f6rs i Sverige mellan 35 000 och 38 000 aborter \u00e5rligen. Jag kan h\u00e5lla med om att det \u00e4r ett antal som SR inte borde negligera, utan tv\u00e4rtom, borde str\u00e4va efter att g\u00f6ra program om. Men finns det inte \u00e5tminstone lika m\u00e5nga sjuttio\u00e5ringar i Sverige?<\/p>\n<p>Enligt Statistiska Centralbyr\u00e5ns enhet f\u00f6r befolkningsstatistik, utgjordes 24 procent av Sveriges befolkning av 65 \u00e5r gamla eller \u00e4ldre. Det ger 2.352.000 m\u00e4nniskor och cirka h\u00e4lften av dem \u00e4r m\u00e4n.<\/p>\n<p>\u00a9 vladimir oravsky<\/p>\n","protected":false},"excerpt":{"rendered":"<p>Anklagelser och Gottg\u00f6relser, Arvsynd och N\u00f6d &nbsp; Den 3 mars 2015 intervjuade Anna Hernek en debutantf\u00f6rfattarinna i anledning av att hennes \u201dsj\u00e4lvbiografiska serieroman\u201d precis n\u00e5dde landets f\u00f6rs\u00e4ljningsplatser. Sveriges Radio, som \u00e4r en av allm\u00e4nheten finansierat Public Service organ, g\u00e5ng p\u00e5 &hellip; <a href=\"http:\/\/www.susannavaris.com\/blogg\/2015\/03\/gastinlagg-oravsky-om-arvsynd-och-annat\/\">Forts\u00e4tt l\u00e4sa <span class=\"meta-nav\">&rarr;<\/span><\/a><\/p>\n","protected":false},"author":1,"featured_media":0,"comment_status":"open","ping_status":"open","sticky":false,"template":"","format":"standard","meta":{"footnotes":""},"categories":[1364,181,3280,154,259,3358,1321,1928,1162,589,3787,1,590,303],"tags":[4643,4900,4918,4922,4917,351,4644,3279],"class_list":["post-14367","post","type-post","status-publish","format-standard","hentry","category-bocker","category-feminism","category-gastinlagg","category-genus","category-genusvetenskap","category-identitetspolitik","category-jamstalldhet","category-journalistik","category-kultur","category-medier","category-misandri-i-media","category-okategoriserade","category-politik","category-religion","tag-exponering","tag-feminism","tag-jamstalldhet","tag-journalistik","tag-kultur","tag-media","tag-tabu","tag-vladimir-oravsky"],"_links":{"self":[{"href":"http:\/\/www.susannavaris.com\/blogg\/wp-json\/wp\/v2\/posts\/14367","targetHints":{"allow":["GET"]}}],"collection":[{"href":"http:\/\/www.susannavaris.com\/blogg\/wp-json\/wp\/v2\/posts"}],"about":[{"href":"http:\/\/www.susannavaris.com\/blogg\/wp-json\/wp\/v2\/types\/post"}],"author":[{"embeddable":true,"href":"http:\/\/www.susannavaris.com\/blogg\/wp-json\/wp\/v2\/users\/1"}],"replies":[{"embeddable":true,"href":"http:\/\/www.susannavaris.com\/blogg\/wp-json\/wp\/v2\/comments?post=14367"}],"version-history":[{"count":1,"href":"http:\/\/www.susannavaris.com\/blogg\/wp-json\/wp\/v2\/posts\/14367\/revisions"}],"predecessor-version":[{"id":14368,"href":"http:\/\/www.susannavaris.com\/blogg\/wp-json\/wp\/v2\/posts\/14367\/revisions\/14368"}],"wp:attachment":[{"href":"http:\/\/www.susannavaris.com\/blogg\/wp-json\/wp\/v2\/media?parent=14367"}],"wp:term":[{"taxonomy":"category","embeddable":true,"href":"http:\/\/www.susannavaris.com\/blogg\/wp-json\/wp\/v2\/categories?post=14367"},{"taxonomy":"post_tag","embeddable":true,"href":"http:\/\/www.susannavaris.com\/blogg\/wp-json\/wp\/v2\/tags?post=14367"}],"curies":[{"name":"wp","href":"https:\/\/api.w.org\/{rel}","templated":true}]}}