{"id":14369,"date":"2015-03-03T19:39:53","date_gmt":"2015-03-03T18:39:53","guid":{"rendered":"http:\/\/www.susannavaris.com\/blogg\/?p=14369"},"modified":"2015-03-09T16:07:20","modified_gmt":"2015-03-09T15:07:20","slug":"hur-manga-trad","status":"publish","type":"post","link":"http:\/\/www.susannavaris.com\/blogg\/2015\/03\/hur-manga-trad\/","title":{"rendered":"Hur m\u00e5nga tr\u00e4d"},"content":{"rendered":"<p>&#8230;ska vi beh\u00f6va avverka, fullst\u00e4ndigt i on\u00f6dan, f\u00f6r att sprida den h\u00e4r sortens anti-intellektuell, pubertal och hj\u00e4rncellsd\u00f6dande (men politiskt korrekt) propaganda?<\/p>\n<p style=\"text-align: center;\"><a href=\"http:\/\/www.susannavaris.com\/blogg\/wp-content\/uploads\/2015\/03\/hejblekk-01.jpg\"><img loading=\"lazy\" decoding=\"async\" class=\"aligncenter size-full wp-image-14370\" src=\"http:\/\/www.susannavaris.com\/blogg\/wp-content\/uploads\/2015\/03\/hejblekk-01.jpg\" alt=\"hejblekk 01\" width=\"881\" height=\"534\" srcset=\"http:\/\/www.susannavaris.com\/blogg\/wp-content\/uploads\/2015\/03\/hejblekk-01.jpg 881w, http:\/\/www.susannavaris.com\/blogg\/wp-content\/uploads\/2015\/03\/hejblekk-01-300x182.jpg 300w\" sizes=\"auto, (max-width: 881px) 100vw, 881px\" \/><\/a><em><a href=\"http:\/\/www.metro.se\/nyheter\/michaela-gor-feministiskt-experiment-viker-inte-undan-for-man-pa-gatan\/EVHocb!m5NAciq1KT9R\/\">Artikeln<\/a> i Metro. <\/em><\/p>\n<blockquote>\n<p style=\"text-align: left;\">&#8221;Skribenten Michaela Larsson, 26, i Malm\u00f6 har inspirerats av ett Twitterinl\u00e4gg skrivet av amerikanska Cosmopolitans sex- och relationsredakt\u00f6r Anna Breslaw: \u201dMin syster g\u00f6r ett experiment: Varje g\u00e5ng en man g\u00e5r mot henne, \u00e4r hon inte den som flyttar p\u00e5\u00a0sig f\u00f6rst. Hittills har hon krockat med 28 m\u00e4n.\u201d&#8221;<\/p>\n<\/blockquote>\n<p style=\"text-align: left;\">Urs\u00e4kta? Cosmopolitan? Snackar vi om det glossiga magasinet som livn\u00e4r sig p\u00e5 unga kvinnors h\u00e4vdelsebehov inf\u00f6r varandra och som i detta leder till shoppingberoende och \u00e4tst\u00f6rningar (aka det patriarkala f\u00f6rtrycket)?<\/p>\n<p style=\"text-align: left;\">Bloggerskan ska allts\u00e5 nu l\u00e5ta bli att v\u00e4ja f\u00f6r m\u00e4n hon m\u00f6ter ute p\u00e5 gatan. Med detta experiment v\u00e4ntar hon sig att bekr\u00e4fta sin f\u00f6rdom om att m\u00e4n, helst lite \u00e4ldre, &#8221;ser rummet som sitt eget&#8221;? Varf\u00f6r hon d\u00e5 v\u00e4ljer att inte ens f\u00f6rs\u00f6ka l\u00e5ta bli att v\u00e4ja f\u00f6r kvinnor \u00e4r antagligen just f\u00f6r att f\u00e5 sin f\u00f6rdom bekr\u00e4ftad. Dvs ungef\u00e4r p\u00e5 det vis som genusvetenskapen fungerar:<\/p>\n<blockquote><p>&#8221;\u2013 Man blir medveten om att man g\u00f6r det ganska mycket. Sedan f\u00e5r man flytta p\u00e5 sig med sunt f\u00f6rnuft. Det handlar inte om att g\u00e5 runt p\u00e5 stan och g\u00e5 in i folk utan att snarare se det offentliga rummet och vem som tar mest sj\u00e4lvklar plats i det och varf\u00f6r, s\u00e4ger Michaela Larsson.<\/p>\n<p><b>Vilka strukturer tror du att du kommer att uppt\u00e4cka?<\/b><\/p>\n<p>\u2013 Det kommer nog avspeglas precis som det avspeglas i hela det offentliga rummet \u2013 att manligt kodade personer som ofta \u00e4r lite \u00e4ldre tar plats med sj\u00e4lvklarhet och ser rummet som sitt eget. Jag tror att kvinnor \u00f6verlag \u00e4r mer vana vid att bara flytta p\u00e5 sig, n\u00e5got som syns \u00f6verallt \u2013 i aff\u00e4rer, p\u00e5 fester och p\u00e5 alla olika platser, s\u00e4ger hon.&#8221;<\/p><\/blockquote>\n<p>Jag vet inte om Malm\u00f6, men i Stockholm har jag sedan l\u00e4nge blivit ursinnig \u00f6ver den h\u00f6gst utbredda sporten &#8221;eftersom jag \u00e4r en s\u00e5 j\u00e4vla v.i.p. s\u00e5 f\u00e5r du hoppa ner i diket n\u00e4r jag kommer&#8221;. Ut\u00f6vas av b\u00e5da k\u00f6nen, men unga kvinnor med designerv\u00e4skor och mammor med barnvagnar toppar listan. Designerv\u00e4skan b\u00e4rs med f\u00f6rdel i armkroken f\u00f6r att den man m\u00f6ter ska f\u00e5 sig en sm\u00e4ll om den \u00e4r dum nog att inte hoppa undan. Ett annat alternativ \u00e4r &#8221;min mobil \u00e4r s\u00e5 j***a viktig att jag f\u00f6rv\u00e4ntar mig att du hoppar ner i diket n\u00e4r jag kommer&#8221;, dvs l\u00e5tsas inte se eftersom allt fokus ligger p\u00e5 mobilen.<\/p>\n<p style=\"text-align: center;\"><a href=\"http:\/\/www.susannavaris.com\/blogg\/wp-content\/uploads\/2015\/03\/Rachel-Zoe-Shows-Off-Her-Alexander-McQueen-Diaper-Bag.jpg\"><img loading=\"lazy\" decoding=\"async\" class=\"aligncenter size-full wp-image-14371\" src=\"http:\/\/www.susannavaris.com\/blogg\/wp-content\/uploads\/2015\/03\/Rachel-Zoe-Shows-Off-Her-Alexander-McQueen-Diaper-Bag.jpg\" alt=\"Rachel-Zoe-Shows-Off-Her-Alexander-McQueen-Diaper-Bag\" width=\"550\" height=\"550\" srcset=\"http:\/\/www.susannavaris.com\/blogg\/wp-content\/uploads\/2015\/03\/Rachel-Zoe-Shows-Off-Her-Alexander-McQueen-Diaper-Bag.jpg 550w, http:\/\/www.susannavaris.com\/blogg\/wp-content\/uploads\/2015\/03\/Rachel-Zoe-Shows-Off-Her-Alexander-McQueen-Diaper-Bag-150x150.jpg 150w, http:\/\/www.susannavaris.com\/blogg\/wp-content\/uploads\/2015\/03\/Rachel-Zoe-Shows-Off-Her-Alexander-McQueen-Diaper-Bag-300x300.jpg 300w\" sizes=\"auto, (max-width: 550px) 100vw, 550px\" \/><\/a><em>Rachel Zoe f\u00f6revisar Alexander McQueens bl\u00f6jv\u00e4ska och har inget med artikeln att g\u00f6ra. Notera de vassa h\u00f6rnen, de kommer v\u00e4l till pass. Bild fr\u00e5n Popsugar.<\/em><\/p>\n<p>Senast idag, vid ett \u00f6verg\u00e5ngsst\u00e4lle, g\u00e5r en brun, fittb\u00e4rande kropp (f\u00f6r att anv\u00e4nda feministers egna vokabul\u00e4r) av det mognare slaget rakt in i min sambo (en h\u00f6gst heteronormativ, medel\u00e5lders karl) vad det verkade, helt avsiktligt. Hur ser den strukturen ut?<\/p>\n<p>Ber om urs\u00e4kt f\u00f6r det uppr\u00f6rda tonl\u00e4get, artikeln ovan blev n\u00e5got slags halmstr\u00e5 som kn\u00e4ckte \u00e5snans rygg med avseende p\u00e5 dumhetsorgierna.<\/p>\n<p>\u00c4ven Toklandet skrivet om detta och andra galenskaper <a href=\"https:\/\/toklandet.wordpress.com\/\">h\u00e4r<\/a>.<\/p>\n<p>En ny, intressant blogg Politivism om samma <a href=\"https:\/\/politivismen.wordpress.com\/2015\/03\/03\/pa-vagen-mot-kaoset-ga-rakt-in-i-man\/\">h\u00e4r<\/a>.<\/p>\n<p>&#8211; : &#8211; : &#8211; : &#8211;<\/p>\n<p>Som av en h\u00e4ndelse uppt\u00e4cker jag nu, 150304, att Ekvalist samma dag bloggat om en form av mycket intressant genusforskning som just ber\u00f6r den ovan n\u00e4mnda inomk\u00f6nsliga konkurrensen g\u00e4llande kvinnor: <a href=\"http:\/\/ekvalist.blogspot.se\/2015\/03\/darwinistisk-genusvetenskap.html\">h\u00e4r<\/a>.<\/p>\n<p>L\u00f6jesguiden om Larssons experiment <a href=\"https:\/\/lojesguiden.wordpress.com\/2015\/03\/09\/tack-metro-tack-michaela\/\">h\u00e4r<\/a>.<\/p>\n","protected":false},"excerpt":{"rendered":"<p>&#8230;ska vi beh\u00f6va avverka, fullst\u00e4ndigt i on\u00f6dan, f\u00f6r att sprida den h\u00e4r sortens anti-intellektuell, pubertal och hj\u00e4rncellsd\u00f6dande (men politiskt korrekt) propaganda? Artikeln i Metro. &#8221;Skribenten Michaela Larsson, 26, i Malm\u00f6 har inspirerats av ett Twitterinl\u00e4gg skrivet av amerikanska Cosmopolitans sex- &hellip; <a href=\"http:\/\/www.susannavaris.com\/blogg\/2015\/03\/hur-manga-trad\/\">Forts\u00e4tt l\u00e4sa <span class=\"meta-nav\">&rarr;<\/span><\/a><\/p>\n","protected":false},"author":1,"featured_media":0,"comment_status":"open","ping_status":"open","sticky":false,"template":"","format":"standard","meta":{"footnotes":""},"categories":[178,181,3358,1321,1928,589,3787,1,403,303],"tags":[4647,4646,4900,4649,4648,4651,4645,1543,2777,4650],"class_list":["post-14369","post","type-post","status-publish","format-standard","hentry","category-blodtryckshojare","category-feminism","category-identitetspolitik","category-jamstalldhet","category-journalistik","category-medier","category-misandri-i-media","category-okategoriserade","category-pseudovetenskap","category-religion","tag-anna-breslaw","tag-cosmopolitan","tag-feminism","tag-fotgangare","tag-gangtrafik","tag-gatumaktordning","tag-michaela-larsson","tag-patriarkat","tag-tweet","tag-vajning"],"_links":{"self":[{"href":"http:\/\/www.susannavaris.com\/blogg\/wp-json\/wp\/v2\/posts\/14369","targetHints":{"allow":["GET"]}}],"collection":[{"href":"http:\/\/www.susannavaris.com\/blogg\/wp-json\/wp\/v2\/posts"}],"about":[{"href":"http:\/\/www.susannavaris.com\/blogg\/wp-json\/wp\/v2\/types\/post"}],"author":[{"embeddable":true,"href":"http:\/\/www.susannavaris.com\/blogg\/wp-json\/wp\/v2\/users\/1"}],"replies":[{"embeddable":true,"href":"http:\/\/www.susannavaris.com\/blogg\/wp-json\/wp\/v2\/comments?post=14369"}],"version-history":[{"count":8,"href":"http:\/\/www.susannavaris.com\/blogg\/wp-json\/wp\/v2\/posts\/14369\/revisions"}],"predecessor-version":[{"id":14463,"href":"http:\/\/www.susannavaris.com\/blogg\/wp-json\/wp\/v2\/posts\/14369\/revisions\/14463"}],"wp:attachment":[{"href":"http:\/\/www.susannavaris.com\/blogg\/wp-json\/wp\/v2\/media?parent=14369"}],"wp:term":[{"taxonomy":"category","embeddable":true,"href":"http:\/\/www.susannavaris.com\/blogg\/wp-json\/wp\/v2\/categories?post=14369"},{"taxonomy":"post_tag","embeddable":true,"href":"http:\/\/www.susannavaris.com\/blogg\/wp-json\/wp\/v2\/tags?post=14369"}],"curies":[{"name":"wp","href":"https:\/\/api.w.org\/{rel}","templated":true}]}}