{"id":14377,"date":"2015-03-04T20:41:10","date_gmt":"2015-03-04T19:41:10","guid":{"rendered":"http:\/\/www.susannavaris.com\/blogg\/?p=14377"},"modified":"2015-03-04T20:41:10","modified_gmt":"2015-03-04T19:41:10","slug":"utstallning-pa-hog-hojd","status":"publish","type":"post","link":"http:\/\/www.susannavaris.com\/blogg\/2015\/03\/utstallning-pa-hog-hojd\/","title":{"rendered":"Utst\u00e4llning p\u00e5 h\u00f6g h\u00f6jd"},"content":{"rendered":"<p>Om tre veckor, den 25:e mars, \u00e4r det vernissage f\u00f6r min utst\u00e4llning hos Kakn\u00e4stornet restaurang, festv\u00e5ning och caf\u00e9. Varmt v\u00e4lkomna!<\/p>\n<p style=\"text-align: center;\"><a href=\"http:\/\/www.susannavaris.com\/blogg\/wp-content\/uploads\/2015\/03\/event-header-bakgrund-text-logo.jpg\"><img loading=\"lazy\" decoding=\"async\" class=\"aligncenter size-full wp-image-14378\" src=\"http:\/\/www.susannavaris.com\/blogg\/wp-content\/uploads\/2015\/03\/event-header-bakgrund-text-logo.jpg\" alt=\"event-header bakgrund text logo\" width=\"2328\" height=\"880\" srcset=\"http:\/\/www.susannavaris.com\/blogg\/wp-content\/uploads\/2015\/03\/event-header-bakgrund-text-logo.jpg 2328w, http:\/\/www.susannavaris.com\/blogg\/wp-content\/uploads\/2015\/03\/event-header-bakgrund-text-logo-300x113.jpg 300w, http:\/\/www.susannavaris.com\/blogg\/wp-content\/uploads\/2015\/03\/event-header-bakgrund-text-logo-1024x387.jpg 1024w\" sizes=\"auto, (max-width: 2328px) 100vw, 2328px\" \/><\/a><em>Evenemanget p\u00e5 Facebook: <a href=\"https:\/\/www.facebook.com\/events\/623222591145012\/\">evenemang <\/a><\/em><\/p>\n<p style=\"text-align: left;\"><span class=\"fsl\"><a href=\"https:\/\/www.facebook.com\/lilycrowart\" data-hovercard=\"\/ajax\/hovercard\/page.php?id=166258563387498\">Lilycrow &#8211; art of Susanna Varis<\/a> flyger h\u00f6gt och st\u00e4ller ut hos <a href=\"https:\/\/www.facebook.com\/pages\/Kakn%C3%A4stornet\/149792481737647\" data-hovercard=\"\/ajax\/hovercard\/page.php?id=149792481737647\">Kakn\u00e4stornet<\/a> restaurang, festv\u00e5ning &amp; caf\u00e9.<\/p>\n<p>M\u00e5leri, collage och digital konst.<\/p>\n<p>Njut av konst och upplev den fantastiska milj\u00f6n i det klassiska landm\u00e4rket i brutalistisk stil fr\u00e5n 1967, 155 m \u00f6ver havet och med Stockholm nedanf\u00f6r dina f\u00f6tter!<\/p>\n<p>Vernissage: 25:e mars 2015 kl. 16 &#8211; 18<br \/>\n(Utst\u00e4llningen p\u00e5g\u00e5r: 26:e mars &#8211; 21:a april)<\/p>\n<p>V\u00e4lkommen!<\/p>\n<p>Lilycrow &#8211; art of Susanna Varis is flying high and brings you this exhibition at Kakn\u00e4stornet restaurang, festv\u00e5ning and caf\u00e9.<span class=\"text_exposed_show\"><\/p>\n<p>Paintings, collages and digital art.<\/p>\n<p>Enjoy art and experience the fabulous environment in the classic landmark in neo-brutal style from 1967, 155 meters above sea level and with the city of Stockholm below your feet!<\/p>\n<p>Vernissage: 25:th mars 2015 4 &#8211; 6 pm<br \/>\nExhibition: 26:th mars &#8211; 21:st april 2015<\/p>\n<p>Welcome!<\/span><\/span><\/p>\n","protected":false},"excerpt":{"rendered":"<p>Om tre veckor, den 25:e mars, \u00e4r det vernissage f\u00f6r min utst\u00e4llning hos Kakn\u00e4stornet restaurang, festv\u00e5ning och caf\u00e9. Varmt v\u00e4lkomna! Evenemanget p\u00e5 Facebook: evenemang Lilycrow &#8211; art of Susanna Varis flyger h\u00f6gt och st\u00e4ller ut hos Kakn\u00e4stornet restaurang, festv\u00e5ning &amp; &hellip; <a href=\"http:\/\/www.susannavaris.com\/blogg\/2015\/03\/utstallning-pa-hog-hojd\/\">Forts\u00e4tt l\u00e4sa <span class=\"meta-nav\">&rarr;<\/span><\/a><\/p>\n","protected":false},"author":1,"featured_media":0,"comment_status":"open","ping_status":"open","sticky":false,"template":"","format":"standard","meta":{"footnotes":""},"categories":[555,3,1162,415,1,2262,4],"tags":[418,1147,4629,17,3274,122],"class_list":["post-14377","post","type-post","status-publish","format-standard","hentry","category-events","category-konst","category-kultur","category-lowbrow","category-okategoriserade","category-pop-surrealism","category-utstallning","tag-art","tag-exhibition","tag-kaknastornet","tag-konst-2","tag-lilycrow-art-of-susanna-varis","tag-utstallning-2"],"_links":{"self":[{"href":"http:\/\/www.susannavaris.com\/blogg\/wp-json\/wp\/v2\/posts\/14377","targetHints":{"allow":["GET"]}}],"collection":[{"href":"http:\/\/www.susannavaris.com\/blogg\/wp-json\/wp\/v2\/posts"}],"about":[{"href":"http:\/\/www.susannavaris.com\/blogg\/wp-json\/wp\/v2\/types\/post"}],"author":[{"embeddable":true,"href":"http:\/\/www.susannavaris.com\/blogg\/wp-json\/wp\/v2\/users\/1"}],"replies":[{"embeddable":true,"href":"http:\/\/www.susannavaris.com\/blogg\/wp-json\/wp\/v2\/comments?post=14377"}],"version-history":[{"count":1,"href":"http:\/\/www.susannavaris.com\/blogg\/wp-json\/wp\/v2\/posts\/14377\/revisions"}],"predecessor-version":[{"id":14379,"href":"http:\/\/www.susannavaris.com\/blogg\/wp-json\/wp\/v2\/posts\/14377\/revisions\/14379"}],"wp:attachment":[{"href":"http:\/\/www.susannavaris.com\/blogg\/wp-json\/wp\/v2\/media?parent=14377"}],"wp:term":[{"taxonomy":"category","embeddable":true,"href":"http:\/\/www.susannavaris.com\/blogg\/wp-json\/wp\/v2\/categories?post=14377"},{"taxonomy":"post_tag","embeddable":true,"href":"http:\/\/www.susannavaris.com\/blogg\/wp-json\/wp\/v2\/tags?post=14377"}],"curies":[{"name":"wp","href":"https:\/\/api.w.org\/{rel}","templated":true}]}}