{"id":14414,"date":"2015-03-08T16:06:53","date_gmt":"2015-03-08T15:06:53","guid":{"rendered":"http:\/\/www.susannavaris.com\/blogg\/?p=14414"},"modified":"2015-03-08T22:47:09","modified_gmt":"2015-03-08T21:47:09","slug":"8-mars-2015-del-1","status":"publish","type":"post","link":"http:\/\/www.susannavaris.com\/blogg\/2015\/03\/8-mars-2015-del-1\/","title":{"rendered":"8. mars 2015 del 1"},"content":{"rendered":"<p>Ingen, som inte lever under en sten och fullst\u00e4ndigt avsk\u00e4rmad fr\u00e5n det \u00f6vriga samh\u00e4llet kan ha undg\u00e5tt att det \u00e5ter \u00e4r den internationella kvinnodagen. Feministerna, som ju anser sig f\u00f6ra alla kvinnors talan, firar julafton.<\/p>\n<p>Varf\u00f6r ska vi ha en speciell dag f\u00f6r kvinnor? F\u00f6r att uppm\u00e4rksamma de or\u00e4ttvisor som s\u00e4rskilt kvinnor drabbas av? F\u00f6r att fira det kvinnliga k\u00f6net? F\u00f6r att g\u00f6ra reklam f\u00f6r det feministiska\/genusindustriella komplexet? Det finns en internationell\u00a0<a href=\"http:\/\/sv.wikipedia.org\/wiki\/Internationella_mansdagen\">mansdag<\/a> ocks\u00e5, n\u00e5got som exempelvis FN v\u00e4ljer att ignorera till den internationella toalettdagens f\u00f6rdel. Denna dag brukar i svensk media betecknas av allehanda problematiseringar av &#8221;manligheten&#8221; och &#8221;manlighetsnormen&#8221;. Bloggaren Bashflak om f\u00f6rra \u00e5rets mansdag p\u00e5 <a href=\"http:\/\/se.avoiceformen.com\/manshat\/internationella-mansdagen-2014\/\">AVfM<\/a>.<\/p>\n<p>P\u00e5 <a href=\"http:\/\/sv.wikipedia.org\/wiki\/Internationella_mansdagen\">Wikipedia<\/a> (150308) kan man l\u00e4sa sig till att den internationella kvinnodagen instiftats 1910 av den socialistiska v\u00e4rldsorganisationen Andra internationalen p\u00e5 initiativ av tyska kommunisten Clara Zetkin.<\/p>\n<p>Jag \u00e4r ingen stor anh\u00e4ngare av kollektivism och den allt mer utbredda indentitetspolitiken och f\u00f6ljdaktligen inte av den h\u00e4r sortens jippon, men ok, det \u00e4r internationella kvinnodagen. Sj\u00e4lv har jag hittills blivit uppm\u00e4rksammad med anledning av kvinnodagen per telefon av en moster i Finland och av bloggaren Ekvalist:<\/p>\n<p style=\"text-align: center;\"><a href=\"http:\/\/www.susannavaris.com\/blogg\/wp-content\/uploads\/2015\/03\/ekvalist.jpg\"><img loading=\"lazy\" decoding=\"async\" class=\"aligncenter size-full wp-image-14415\" src=\"http:\/\/www.susannavaris.com\/blogg\/wp-content\/uploads\/2015\/03\/ekvalist.jpg\" alt=\"ekvalist\" width=\"645\" height=\"263\" srcset=\"http:\/\/www.susannavaris.com\/blogg\/wp-content\/uploads\/2015\/03\/ekvalist.jpg 645w, http:\/\/www.susannavaris.com\/blogg\/wp-content\/uploads\/2015\/03\/ekvalist-300x122.jpg 300w\" sizes=\"auto, (max-width: 645px) 100vw, 645px\" \/><\/a><em>Crowbar tackar \u00f6dmjukast\u00a0<a href=\"http:\/\/ekvalist.blogspot.se\/2015\/03\/kvinnodagen.html\">Ekvalist<\/a> f\u00f6r uppm\u00e4rksamheten!<\/em><\/p>\n<p style=\"text-align: left;\">Till skillnad mot vid den internationella mansdagen har media fullst\u00e4ndigt g\u00e5tt bananas \u00f6ver den internationella kvinnodagen, som sig b\u00f6r. Den envetna, feministiska propagandan som vi \u00e4ven under \u00e5rets 364 andra dagar matas med har ytterligare skruvats upp ett varv. Jag har n\u00e4ppeligen m\u00f6jlighet att \u00e5terge allt som producerats och koncentrerar mig framf\u00f6r allt p\u00e5 g\u00e5rdagens och dagens SvD och DN. Men titta g\u00e4rna f\u00f6rst p\u00e5 vad som h\u00e4nder n\u00e4r n\u00e5gon st\u00e4ller sig utanf\u00f6r \u00e5siktskorridoren; <a href=\"http:\/\/genusdebatten.se\/sanningen-som-chockade-nyhetsmorgon\/\">h\u00e4r<\/a> med utm\u00e4rkta kommentarer av Ulf T p\u00e5 Genusdebatten.<\/p>\n<p style=\"text-align: left;\">SvD (pappersupplagorna):<\/p>\n<p style=\"text-align: left;\">Rent generellt kan det konstateras att de stora problemen g\u00e4llande j\u00e4mst\u00e4lldhetsproblematik som drabbar kvinnor finns fr\u00e4mst utomlands, b\u00e5de faktiskt och vad g\u00e4ller mediefokus. Sanna Rayman\u00a0<a href=\"http:\/\/www.svd.se\/opinion\/ledarsidan\/fran-nairobi-till-norrkoping_4391585.svd\">skriver<\/a> i dagens SvD om ett gr\u00e4ns\u00f6verskridande problem, k\u00f6nsstympning (som ju egentligen ber\u00f6r b\u00e5da k\u00f6nen) och kommer med det enda, lilla guldkornet i flodv\u00e5gen:<\/p>\n<blockquote><p>&#8221;Sedan po\u00e4ngterar b\u00e5de hon och Johnson att det ofta \u00e4r l\u00e4ttare att \u00f6vertyga m\u00e4n \u00e4n kvinnor om k\u00f6nsstympningens f\u00f6rkastlighet. Kvinnor f\u00f6rsvarar det de sj\u00e4lva utsatts f\u00f6r och levat med, s\u00e4ger de.<\/p>\n<p>Det \u00e4r en tanke att begrunda en dag som denna, n\u00e4r mannen ofta st\u00e4lls som ansvarig f\u00f6r allt patriarkalt f\u00f6rtryck \u2013 trots att den som ut\u00f6var och uppr\u00e4tth\u00e5ller f\u00f6rtrycket lika g\u00e4rna kan vara en kvinna.<\/p>\n<p>Normer \u00e4r sv\u00e5rare \u2013 och g\u00e5r djupare \u2013 \u00e4n s\u00e5.&#8221;<\/p><\/blockquote>\n<p style=\"text-align: left;\">Svenskan startade sin kvinnodag redan ig\u00e5r och den enskilda person som dragit vinstlotten i \u00e5rets bevakning \u00e4r tvekl\u00f6st tidningens egna skribent, Jenny Nordberg, vars nya bok ges en makal\u00f6s exponering. I g\u00e5rdagens tidning:<\/p>\n<p style=\"text-align: center;\"><a href=\"http:\/\/www.susannavaris.com\/blogg\/wp-content\/uploads\/2015\/03\/kd01.jpg\"><img loading=\"lazy\" decoding=\"async\" class=\"aligncenter size-full wp-image-14416\" src=\"http:\/\/www.susannavaris.com\/blogg\/wp-content\/uploads\/2015\/03\/kd01.jpg\" alt=\"kd01\" width=\"1317\" height=\"1845\" srcset=\"http:\/\/www.susannavaris.com\/blogg\/wp-content\/uploads\/2015\/03\/kd01.jpg 1317w, http:\/\/www.susannavaris.com\/blogg\/wp-content\/uploads\/2015\/03\/kd01-214x300.jpg 214w, http:\/\/www.susannavaris.com\/blogg\/wp-content\/uploads\/2015\/03\/kd01-731x1024.jpg 731w\" sizes=\"auto, (max-width: 1317px) 100vw, 1317px\" \/><\/a> <a href=\"http:\/\/www.susannavaris.com\/blogg\/wp-content\/uploads\/2015\/03\/kd02.jpg\"><img loading=\"lazy\" decoding=\"async\" class=\"aligncenter size-full wp-image-14417\" src=\"http:\/\/www.susannavaris.com\/blogg\/wp-content\/uploads\/2015\/03\/kd02.jpg\" alt=\"kd02\" width=\"2083\" height=\"1336\" srcset=\"http:\/\/www.susannavaris.com\/blogg\/wp-content\/uploads\/2015\/03\/kd02.jpg 2083w, http:\/\/www.susannavaris.com\/blogg\/wp-content\/uploads\/2015\/03\/kd02-300x192.jpg 300w, http:\/\/www.susannavaris.com\/blogg\/wp-content\/uploads\/2015\/03\/kd02-1024x657.jpg 1024w\" sizes=\"auto, (max-width: 2083px) 100vw, 2083px\" \/><\/a> <a href=\"http:\/\/www.susannavaris.com\/blogg\/wp-content\/uploads\/2015\/03\/kd03.jpg\"><img loading=\"lazy\" decoding=\"async\" class=\"aligncenter size-full wp-image-14418\" src=\"http:\/\/www.susannavaris.com\/blogg\/wp-content\/uploads\/2015\/03\/kd03.jpg\" alt=\"kd03\" width=\"2020\" height=\"1354\" srcset=\"http:\/\/www.susannavaris.com\/blogg\/wp-content\/uploads\/2015\/03\/kd03.jpg 2020w, http:\/\/www.susannavaris.com\/blogg\/wp-content\/uploads\/2015\/03\/kd03-300x201.jpg 300w, http:\/\/www.susannavaris.com\/blogg\/wp-content\/uploads\/2015\/03\/kd03-1024x686.jpg 1024w\" sizes=\"auto, (max-width: 2020px) 100vw, 2020px\" \/><\/a><em>F\u00f6rstasidan och tv\u00e5 uppslag handlar om flickor som kl\u00e4r sig och lever som pojkar\u00a0 i Afghanistan, precis det som \u00e4r temat f\u00f6r Nordbergs bok.<\/em><\/p>\n<p style=\"text-align: left;\">I dagens tidning:<\/p>\n<p style=\"text-align: center;\"><a href=\"http:\/\/www.susannavaris.com\/blogg\/wp-content\/uploads\/2015\/03\/kd04.jpg\"><img loading=\"lazy\" decoding=\"async\" class=\"aligncenter size-full wp-image-14419\" src=\"http:\/\/www.susannavaris.com\/blogg\/wp-content\/uploads\/2015\/03\/kd04.jpg\" alt=\"kd04\" width=\"2002\" height=\"645\" srcset=\"http:\/\/www.susannavaris.com\/blogg\/wp-content\/uploads\/2015\/03\/kd04.jpg 2002w, http:\/\/www.susannavaris.com\/blogg\/wp-content\/uploads\/2015\/03\/kd04-300x97.jpg 300w, http:\/\/www.susannavaris.com\/blogg\/wp-content\/uploads\/2015\/03\/kd04-1024x330.jpg 1024w\" sizes=\"auto, (max-width: 2002px) 100vw, 2002px\" \/><\/a><em>Bl\u00e4nkare p\u00e5 f\u00f6rstasidan.<\/em><\/p>\n<p style=\"text-align: center;\"><a href=\"http:\/\/www.susannavaris.com\/blogg\/wp-content\/uploads\/2015\/03\/kd05.jpg\"><img loading=\"lazy\" decoding=\"async\" class=\"aligncenter size-full wp-image-14420\" src=\"http:\/\/www.susannavaris.com\/blogg\/wp-content\/uploads\/2015\/03\/kd05.jpg\" alt=\"kd05\" width=\"2085\" height=\"1422\" srcset=\"http:\/\/www.susannavaris.com\/blogg\/wp-content\/uploads\/2015\/03\/kd05.jpg 2085w, http:\/\/www.susannavaris.com\/blogg\/wp-content\/uploads\/2015\/03\/kd05-300x205.jpg 300w, http:\/\/www.susannavaris.com\/blogg\/wp-content\/uploads\/2015\/03\/kd05-1024x698.jpg 1024w\" sizes=\"auto, (max-width: 2085px) 100vw, 2085px\" \/><\/a> <a href=\"http:\/\/www.susannavaris.com\/blogg\/wp-content\/uploads\/2015\/03\/kd06.jpg\"><img loading=\"lazy\" decoding=\"async\" class=\"aligncenter size-full wp-image-14421\" src=\"http:\/\/www.susannavaris.com\/blogg\/wp-content\/uploads\/2015\/03\/kd06.jpg\" alt=\"kd06\" width=\"1291\" height=\"1384\" srcset=\"http:\/\/www.susannavaris.com\/blogg\/wp-content\/uploads\/2015\/03\/kd06.jpg 1291w, http:\/\/www.susannavaris.com\/blogg\/wp-content\/uploads\/2015\/03\/kd06-280x300.jpg 280w, http:\/\/www.susannavaris.com\/blogg\/wp-content\/uploads\/2015\/03\/kd06-955x1024.jpg 955w\" sizes=\"auto, (max-width: 1291px) 100vw, 1291px\" \/><\/a><em>Tre helsidor i en s\u00f6ndagsintervju.<\/em><\/p>\n<p style=\"text-align: center;\"><a href=\"http:\/\/www.susannavaris.com\/blogg\/wp-content\/uploads\/2015\/03\/kd07.jpg\"><img loading=\"lazy\" decoding=\"async\" class=\"aligncenter size-full wp-image-14422\" src=\"http:\/\/www.susannavaris.com\/blogg\/wp-content\/uploads\/2015\/03\/kd07.jpg\" alt=\"kd07\" width=\"2048\" height=\"1357\" srcset=\"http:\/\/www.susannavaris.com\/blogg\/wp-content\/uploads\/2015\/03\/kd07.jpg 2048w, http:\/\/www.susannavaris.com\/blogg\/wp-content\/uploads\/2015\/03\/kd07-300x199.jpg 300w, http:\/\/www.susannavaris.com\/blogg\/wp-content\/uploads\/2015\/03\/kd07-1024x679.jpg 1024w\" sizes=\"auto, (max-width: 2048px) 100vw, 2048px\" \/><\/a><em>Tv\u00e5 helsidor i avdelningen SvD Insikt. Jag antar att vi \u00e4ven kommer att f\u00e5 se en recension av boken (om den inte redan har publicerats).<\/em><\/p>\n<p style=\"text-align: left;\">Jag antar att det \u00e4r de patriarkala strukturerna som g\u00f6r att Nordbergs bok inte uppm\u00e4rksammas mer. Nordberg har g\u00e5tt fr\u00e5n att i relativt neutrala ordalag rapportera fr\u00e5n USA i sina kolumner i SvD till att bli allt mer feministisk i texterna. Ett exempel behandlas p\u00e5 bloggen N\u00f6jesguiden <a href=\"https:\/\/lojesguiden.wordpress.com\/\">h\u00e4r<\/a>.<\/p>\n<p style=\"text-align: left;\">I \u00f6vrigt har det handlat om varierande teman. G\u00e5rdagens SvD:<\/p>\n<p style=\"text-align: left;\">P\u00e5 f\u00f6rstasidan, som ses i bild ovan, finns ut\u00f6ver flickorna fr\u00e5n Afghanistan en bl\u00e4nkare om &#8221;J\u00e4mst\u00e4lld vab ska ge bonus&#8221; och dito f\u00f6r SvD Br\u00e4nnpunkt: &#8221;Varf\u00f6r inget k\u00f6nsperspektiv i migrationsdebatten?&#8221;, d\u00e4r en genusvetare\u00a0<a href=\"http:\/\/www.svd.se\/opinion\/brannpunkt\/varfor-saknas-konsperspektivet_4389317.svd\">problematiserar<\/a> det faktum att ca 80 % av de ensamkommande flyktingbarnen \u00e4r pojkar. Medelst tunga argument som &#8221;alla vet att&#8221; sl\u00e5r genusvetaren Helena Brandt fast den genusvetenskapliga grundtesen att flickor och kvinnor alltid drabbas v\u00e4rst:<\/p>\n<blockquote>\n<p style=\"text-align: left;\">&#8221;Alla vet att fattigdom sl\u00e5r h\u00e5rdast mot kvinnor, vilket h\u00e4nger samman med kvinnornas roll och deras l\u00e5ga status i samh\u00e4llet och i familjen. I en del l\u00e4nder \u00e4r diskriminering mot kvinnor inskriven i lagen medan i andra l\u00e4nder forts\u00e4tter k\u00f6nsdiskrimineringen trots lagar som f\u00f6rbjuder diskriminering.&#8221;<\/p>\n<\/blockquote>\n<p style=\"text-align: left;\">I vissa l\u00e4nder som Sverige \u00e4r diskriminering mot m\u00e4n inskriven i lagen.<\/p>\n<p style=\"text-align: center;\"><a href=\"http:\/\/www.susannavaris.com\/blogg\/wp-content\/uploads\/2015\/03\/kda01.jpg\"><img loading=\"lazy\" decoding=\"async\" class=\"aligncenter size-full wp-image-14424\" src=\"http:\/\/www.susannavaris.com\/blogg\/wp-content\/uploads\/2015\/03\/kda01.jpg\" alt=\"kda01\" width=\"621\" height=\"145\" srcset=\"http:\/\/www.susannavaris.com\/blogg\/wp-content\/uploads\/2015\/03\/kda01.jpg 621w, http:\/\/www.susannavaris.com\/blogg\/wp-content\/uploads\/2015\/03\/kda01-300x70.jpg 300w\" sizes=\"auto, (max-width: 621px) 100vw, 621px\" \/><\/a><em>I n\u00e4tupplagan hymlas det inte.<\/em><\/p>\n<p style=\"text-align: left;\">Brandt tycks ocks\u00e5 se det som problematiskt att &#8221;vi tycker att det \u00e4r sj\u00e4lvklart att hj\u00e4lpa m\u00e4nniskor i beroendest\u00e4llning&#8221;.<\/p>\n<blockquote>\n<p style=\"text-align: left;\">&#8221;Men om vi inte nyanserar bilden av de m\u00e4nniskor som f\u00e5r ta del av v\u00e5ra gemensamma resurser, sker f\u00f6rdelningen godtyckligt och enligt gamla traditioner. Konsekvensen blir att vi forts\u00e4tter med ett f\u00f6rdelningssystem som bygger p\u00e5 traditionella teorier d\u00e4r mannen \u00e4r norm och s\u00e5ledes den som fr\u00e4mst ska f\u00e5 ta del av samh\u00e4llets resurser.&#8221;<\/p>\n<\/blockquote>\n<p style=\"text-align: left;\">Urs\u00e4kta? Hur ser k\u00f6nsf\u00f6rdelningen ut bland de som \u00e4r mottagare f\u00f6r samh\u00e4llets transfereringar? (Om n\u00e5gon har vettig statistik p\u00e5 detta s\u00e5 tar jag tacksamt emot den). I runda sl\u00e4ngar betalar genomsnittsmannen in ca 1 miljon kronor mer \u00e4n genomsnittskvinnan och tar emot ca 1 miljon mindre under sin livstid. Brandt vill vidare g\u00e4rna kompensera de flickor och kvinnor som &#8221;blir kvar i byarna&#8221;. Jag \u00e4r lite nyfiken p\u00e5 hur hon har t\u00e4nkt sig att detta ska g\u00e5 till? Ska vi k\u00f6nskvotera bist\u00e5ndet till de aktuella l\u00e4nderna och utg\u00e5 fr\u00e5n procentuell f\u00f6rdelning av de individer som tar sig till Sverige? 70 % flyktingbarn som \u00e4r pojkar ger 70 % av bist\u00e5ndet g\u00e5r till flickor i Afghanistan? Eller ska vi k\u00f6nskvotera flyktingbarnen?<\/p>\n<p style=\"text-align: left;\">Vidare i tidningen, p\u00e5 samma sida:<\/p>\n<p style=\"text-align: left;\"><a href=\"http:\/\/www.susannavaris.com\/blogg\/wp-content\/uploads\/2015\/03\/kd25.jpg\"><img loading=\"lazy\" decoding=\"async\" class=\"aligncenter size-full wp-image-14423\" src=\"http:\/\/www.susannavaris.com\/blogg\/wp-content\/uploads\/2015\/03\/kd25.jpg\" alt=\"kd25\" width=\"1559\" height=\"1005\" srcset=\"http:\/\/www.susannavaris.com\/blogg\/wp-content\/uploads\/2015\/03\/kd25.jpg 1559w, http:\/\/www.susannavaris.com\/blogg\/wp-content\/uploads\/2015\/03\/kd25-300x193.jpg 300w, http:\/\/www.susannavaris.com\/blogg\/wp-content\/uploads\/2015\/03\/kd25-1024x660.jpg 1024w\" sizes=\"auto, (max-width: 1559px) 100vw, 1559px\" \/><\/a><br \/>\nVidare p\u00e5 samma sida; INL\u00c4GG: FEMINISM d\u00e4r olika feministiska organisationer skriver om vapenavtalet med Saudiarabien:<\/p>\n<p style=\"text-align: center;\"><a href=\"http:\/\/www.susannavaris.com\/blogg\/wp-content\/uploads\/2015\/03\/kda02.png\"><img loading=\"lazy\" decoding=\"async\" class=\"aligncenter size-full wp-image-14425\" src=\"http:\/\/www.susannavaris.com\/blogg\/wp-content\/uploads\/2015\/03\/kda02.png\" alt=\"kda02\" width=\"690\" height=\"148\" srcset=\"http:\/\/www.susannavaris.com\/blogg\/wp-content\/uploads\/2015\/03\/kda02.png 690w, http:\/\/www.susannavaris.com\/blogg\/wp-content\/uploads\/2015\/03\/kda02-300x64.png 300w\" sizes=\"auto, (max-width: 690px) 100vw, 690px\" \/><\/a><em>Skr\u00e4mdump ur n\u00e4tupplagan.<\/em><\/p>\n<p style=\"text-align: left;\">Br\u00e4nnpunkt f\u00f6ljs av de fyra sidorna ovan om afghanska flickor som kl\u00e4r ut sig och lever som pojkar.<\/p>\n<p style=\"text-align: left;\">Sidan 21 handlar om att &#8221;M vill ge vabbande m\u00e4n bonus&#8221;:<\/p>\n<p style=\"text-align: center;\"><a href=\"http:\/\/www.susannavaris.com\/blogg\/wp-content\/uploads\/2015\/03\/kda03.jpg\"><img loading=\"lazy\" decoding=\"async\" class=\"aligncenter size-full wp-image-14426\" src=\"http:\/\/www.susannavaris.com\/blogg\/wp-content\/uploads\/2015\/03\/kda03.jpg\" alt=\"kda03\" width=\"693\" height=\"465\" srcset=\"http:\/\/www.susannavaris.com\/blogg\/wp-content\/uploads\/2015\/03\/kda03.jpg 693w, http:\/\/www.susannavaris.com\/blogg\/wp-content\/uploads\/2015\/03\/kda03-300x201.jpg 300w\" sizes=\"auto, (max-width: 693px) 100vw, 693px\" \/><\/a><em>Sk\u00e4rmdump fr\u00e5n n\u00e4tupplagan.<\/em><\/p>\n<p style=\"text-align: left;\">Anna K\u00f6nig-Jerlemyr menar i artikeln att det \u00e4r ett problem att kvinnor oftare \u00e4r hemma med b\u00e5de friska och sjuka barn och att detta \u00e4r n\u00e5got som politiken ska l\u00f6sa med &#8221;mor\u00f6tter&#8221;. Den som letar efter individens frihet f\u00e5r s\u00f6ka sig annanstans.<\/p>\n<blockquote><p>&#8221;Den moderata verktygsl\u00e5dan handlar mindre om detaljstyre, enligt Anna K\u00f6nig Jerlmyr, men det kommer att finnas lagar, policys och delar som arbetsmarknadens parter f\u00e5r f\u00f6rs\u00f6ka l\u00f6sa.<\/p>\n<p>\u2013 Vi tittar p\u00e5 mor\u00f6tter f\u00f6r familjer att dela p\u00e5 ansvaret. Det \u00e4r ett problem att kvinnor tar ett st\u00f6rre ansvar f\u00f6r hemarbetet.&#8221;<\/p><\/blockquote>\n<p>Noteras kan, att Katarina Wennstam f\u00f6r ovanlighetens skull inte bidrar med en feministisk pamflett p\u00e5 sidan 30. Nu \u00e4r det kolonialism och rasism.<\/p>\n<p>Kulturdelen, s. 34-35:<\/p>\n<p><a href=\"http:\/\/www.susannavaris.com\/blogg\/wp-content\/uploads\/2015\/03\/kd12.jpg\"><img loading=\"lazy\" decoding=\"async\" class=\"aligncenter size-full wp-image-14427\" src=\"http:\/\/www.susannavaris.com\/blogg\/wp-content\/uploads\/2015\/03\/kd12.jpg\" alt=\"kd12\" width=\"2050\" height=\"1374\" srcset=\"http:\/\/www.susannavaris.com\/blogg\/wp-content\/uploads\/2015\/03\/kd12.jpg 2050w, http:\/\/www.susannavaris.com\/blogg\/wp-content\/uploads\/2015\/03\/kd12-300x201.jpg 300w, http:\/\/www.susannavaris.com\/blogg\/wp-content\/uploads\/2015\/03\/kd12-1024x686.jpg 1024w\" sizes=\"auto, (max-width: 2050px) 100vw, 2050px\" \/><\/a><br \/>\nKulturdelen, s. 37:<\/p>\n<p style=\"text-align: center;\"><a href=\"http:\/\/www.susannavaris.com\/blogg\/wp-content\/uploads\/2015\/03\/kd13.jpg\"><img loading=\"lazy\" decoding=\"async\" class=\"aligncenter size-full wp-image-14428\" src=\"http:\/\/www.susannavaris.com\/blogg\/wp-content\/uploads\/2015\/03\/kd13.jpg\" alt=\"kd13\" width=\"780\" height=\"1435\" srcset=\"http:\/\/www.susannavaris.com\/blogg\/wp-content\/uploads\/2015\/03\/kd13.jpg 780w, http:\/\/www.susannavaris.com\/blogg\/wp-content\/uploads\/2015\/03\/kd13-163x300.jpg 163w, http:\/\/www.susannavaris.com\/blogg\/wp-content\/uploads\/2015\/03\/kd13-557x1024.jpg 557w\" sizes=\"auto, (max-width: 780px) 100vw, 780px\" \/><\/a><em>Margareta Garpe (&#8221;J\u00f6sses Flickor&#8221;), Suzanne Osten&#8230;feministiska dramer, moderna klassiker&#8230;<\/em><\/p>\n<p style=\"text-align: left;\">Kulturdelen, s.39:<\/p>\n<p style=\"text-align: center;\"><a href=\"http:\/\/www.susannavaris.com\/blogg\/wp-content\/uploads\/2015\/03\/kd14.jpg\"><img loading=\"lazy\" decoding=\"async\" class=\"aligncenter size-full wp-image-14429\" src=\"http:\/\/www.susannavaris.com\/blogg\/wp-content\/uploads\/2015\/03\/kd14.jpg\" alt=\"kd14\" width=\"832\" height=\"1868\" srcset=\"http:\/\/www.susannavaris.com\/blogg\/wp-content\/uploads\/2015\/03\/kd14.jpg 832w, http:\/\/www.susannavaris.com\/blogg\/wp-content\/uploads\/2015\/03\/kd14-134x300.jpg 134w, http:\/\/www.susannavaris.com\/blogg\/wp-content\/uploads\/2015\/03\/kd14-456x1024.jpg 456w\" sizes=\"auto, (max-width: 832px) 100vw, 832px\" \/><\/a><em>Kvinno\u00f6den i Gamla stan&#8230;<\/em><\/p>\n<p style=\"text-align: left;\">SvD N\u00e4ringsliv ig\u00e5r:<\/p>\n<p style=\"text-align: center;\"><a href=\"http:\/\/www.susannavaris.com\/blogg\/wp-content\/uploads\/2015\/03\/kd08.jpg\"><img loading=\"lazy\" decoding=\"async\" class=\"aligncenter size-full wp-image-14430\" src=\"http:\/\/www.susannavaris.com\/blogg\/wp-content\/uploads\/2015\/03\/kd08.jpg\" alt=\"kd08\" width=\"2304\" height=\"1536\" srcset=\"http:\/\/www.susannavaris.com\/blogg\/wp-content\/uploads\/2015\/03\/kd08.jpg 2304w, http:\/\/www.susannavaris.com\/blogg\/wp-content\/uploads\/2015\/03\/kd08-300x200.jpg 300w, http:\/\/www.susannavaris.com\/blogg\/wp-content\/uploads\/2015\/03\/kd08-1024x683.jpg 1024w\" sizes=\"auto, (max-width: 2304px) 100vw, 2304px\" \/><\/a> <a href=\"http:\/\/www.susannavaris.com\/blogg\/wp-content\/uploads\/2015\/03\/kd10.jpg\"><img loading=\"lazy\" decoding=\"async\" class=\"aligncenter size-full wp-image-14431\" src=\"http:\/\/www.susannavaris.com\/blogg\/wp-content\/uploads\/2015\/03\/kd10.jpg\" alt=\"kd10\" width=\"2304\" height=\"1536\" srcset=\"http:\/\/www.susannavaris.com\/blogg\/wp-content\/uploads\/2015\/03\/kd10.jpg 2304w, http:\/\/www.susannavaris.com\/blogg\/wp-content\/uploads\/2015\/03\/kd10-300x200.jpg 300w, http:\/\/www.susannavaris.com\/blogg\/wp-content\/uploads\/2015\/03\/kd10-1024x683.jpg 1024w\" sizes=\"auto, (max-width: 2304px) 100vw, 2304px\" \/><\/a> <a href=\"http:\/\/www.susannavaris.com\/blogg\/wp-content\/uploads\/2015\/03\/kd11.jpg\"><img loading=\"lazy\" decoding=\"async\" class=\"aligncenter size-full wp-image-14432\" src=\"http:\/\/www.susannavaris.com\/blogg\/wp-content\/uploads\/2015\/03\/kd11.jpg\" alt=\"kd11\" width=\"2116\" height=\"1389\" srcset=\"http:\/\/www.susannavaris.com\/blogg\/wp-content\/uploads\/2015\/03\/kd11.jpg 2116w, http:\/\/www.susannavaris.com\/blogg\/wp-content\/uploads\/2015\/03\/kd11-300x197.jpg 300w, http:\/\/www.susannavaris.com\/blogg\/wp-content\/uploads\/2015\/03\/kd11-1024x672.jpg 1024w\" sizes=\"auto, (max-width: 2116px) 100vw, 2116px\" \/><\/a><em>Kvinnor i textilfabriker i Bangladesh&#8230;tja, \u00e4r det bra med tillv\u00e4xt och arbetstillf\u00e4llen? \u00c4r det bra att vi har f\u00f6retag som HM?<\/em><\/p>\n<p style=\"text-align: left;\">P\u00e5 sidan 4 finns en liten artikel om att &#8221;&#8221;Vabbandet&#8221; allt mer j\u00e4mlikt&#8221;.<\/p>\n<p style=\"text-align: left;\">Sidan 7:<\/p>\n<p style=\"text-align: center;\"><a href=\"http:\/\/www.susannavaris.com\/blogg\/wp-content\/uploads\/2015\/03\/kd09.jpg\"><img loading=\"lazy\" decoding=\"async\" class=\"aligncenter size-full wp-image-14433\" src=\"http:\/\/www.susannavaris.com\/blogg\/wp-content\/uploads\/2015\/03\/kd09.jpg\" alt=\"kd09\" width=\"1536\" height=\"2304\" srcset=\"http:\/\/www.susannavaris.com\/blogg\/wp-content\/uploads\/2015\/03\/kd09.jpg 1536w, http:\/\/www.susannavaris.com\/blogg\/wp-content\/uploads\/2015\/03\/kd09-200x300.jpg 200w, http:\/\/www.susannavaris.com\/blogg\/wp-content\/uploads\/2015\/03\/kd09-683x1024.jpg 683w\" sizes=\"auto, (max-width: 1536px) 100vw, 1536px\" \/><\/a><em>Kvotering kvotering&#8230;<\/em><\/p>\n<blockquote>\n<p style=\"text-align: left;\"><strong>&#8221;Siffror fr\u00e5n 2013<\/strong> tecknar i det avseendet en dyster bild. I Europas st\u00f6rsta fordonskoncern Volkswagen l\u00e5g andelen kvinnliga chefer i toppbefattning p\u00e5 9,8 procent, i verkstadsbj\u00e4ssen Thyssen Krupp p\u00e5 7,8 procent och i Continental och Heidelberg Cement p\u00e5 inte mer \u00e4n 7 procent. I topp l\u00e5g Allianz med 28 procent och kemif\u00f6retaget Henkel med drygt 33 procent \u2013 fortfarande med obalans men b\u00e5da ocks\u00e5 med en klar policy att h\u00f6ja kvinnokvoten.&#8221;<\/p>\n<\/blockquote>\n<p style=\"text-align: left;\">Jag skulle vilja veta hur m\u00e5nga av de anst\u00e4llda ingenj\u00f6rerna och ekonomerna p\u00e5 strategiska positioner i dessa f\u00f6retag \u00e4r. Hur stor \u00e4r andelen kvinnliga civilingenj\u00f6rer i Tyskland?<\/p>\n<p style=\"text-align: left;\">Det var allt fr\u00e5n g\u00e5rdagens feministiska nyheter i SvD (bortsett fr\u00e5n reklamkampanjen f\u00f6r Nordbergs bok fr\u00e5n idag), \u00f6ver till dagens:<\/p>\n<p style=\"text-align: center;\"><a href=\"http:\/\/www.susannavaris.com\/blogg\/wp-content\/uploads\/2015\/03\/kd15.jpg\"><img loading=\"lazy\" decoding=\"async\" class=\"aligncenter size-full wp-image-14434\" src=\"http:\/\/www.susannavaris.com\/blogg\/wp-content\/uploads\/2015\/03\/kd15.jpg\" alt=\"kd15\" width=\"1488\" height=\"1674\" srcset=\"http:\/\/www.susannavaris.com\/blogg\/wp-content\/uploads\/2015\/03\/kd15.jpg 1488w, http:\/\/www.susannavaris.com\/blogg\/wp-content\/uploads\/2015\/03\/kd15-267x300.jpg 267w, http:\/\/www.susannavaris.com\/blogg\/wp-content\/uploads\/2015\/03\/kd15-910x1024.jpg 910w\" sizes=\"auto, (max-width: 1488px) 100vw, 1488px\" \/><\/a><em>SvD:s framsida idag. <\/em><\/p>\n<p style=\"text-align: left;\">Den stora nyheten best\u00e5r av att kvinnor nu &#8221;tar mera plats&#8221; n\u00e4r det g\u00e4ller ministrar och den uppm\u00e4rksamhet dessa f\u00e5r i media. R\u00e4knar man bort statsministern \u00e4r det en helt j\u00e4mn f\u00f6rdelning mellan kvinnliga och manliga ministrar i media.<\/p>\n<p><a href=\"http:\/\/www.susannavaris.com\/blogg\/wp-content\/uploads\/2015\/03\/kd17.jpg\"><img loading=\"lazy\" decoding=\"async\" class=\"aligncenter size-full wp-image-14435\" src=\"http:\/\/www.susannavaris.com\/blogg\/wp-content\/uploads\/2015\/03\/kd17.jpg\" alt=\"kd17\" width=\"2304\" height=\"1536\" srcset=\"http:\/\/www.susannavaris.com\/blogg\/wp-content\/uploads\/2015\/03\/kd17.jpg 2304w, http:\/\/www.susannavaris.com\/blogg\/wp-content\/uploads\/2015\/03\/kd17-300x200.jpg 300w, http:\/\/www.susannavaris.com\/blogg\/wp-content\/uploads\/2015\/03\/kd17-1024x683.jpg 1024w\" sizes=\"auto, (max-width: 2304px) 100vw, 2304px\" \/><\/a><\/p>\n<blockquote><p>&#8221;<strong>\u00c4n mer intressant<\/strong> blir statistiken d\u00e5 man r\u00e4knar bort statsministern \u2013\u00a0som av sj\u00e4lvklara sk\u00e4l \u00e4r den som f\u00e5r st\u00f6rst uppm\u00e4rksamhet. I fallet Reinfeldt fick de moderata kvinnliga ministrarna d\u00e5 33 procent av utrymmet, trots att de var fler till antalet \u00e4n m\u00e4nnen.<\/p>\n<p>I regeringen L\u00f6fven landar kvinnorna p\u00e5 57,2 procent.<\/p>\n<p>\u00c5sa Romson:<\/p>\n<p>\u2013\u00a0Det \u00e4r tur att L\u00f6fven \u00e4r med och fyller upp s\u00e5 att inte Gubbsverige tror att det har skett en revolution \u00f6ver en kort tidsperiod. Utan att ordningen sakta men s\u00e4kert g\u00e5r \u00e5t lite mer j\u00e4mst\u00e4lldhet, \u00e5tminstone p\u00e5 det politiska omr\u00e5det.<\/p>\n<p><strong>Varf\u00f6r \u00e4r det viktigt?<\/strong><\/p>\n<p>\u2013\u00a0Det \u00e4r viktigt f\u00f6r den demokratiska legitimiteten och f\u00f6r att visa att alla har samma m\u00f6jligheter. S\u00e5 \u00e4r det inte i dag, det ser vi p\u00e5 flera parametrar.&#8221;<\/p><\/blockquote>\n<p>Vice statsministerns hj\u00e4rtliga inst\u00e4llning till den manliga befolkningen skymtar \u00e5ter fram.<\/p>\n<p><em>\u00a0Forts\u00e4ttning f\u00f6ljer i <a href=\"http:\/\/www.susannavaris.com\/blogg\/2015\/03\/8-mars-2015-del-2\/\">del 2<\/a>&#8230;<\/em><\/p>\n<p style=\"text-align: left;\">\n","protected":false},"excerpt":{"rendered":"<p>Ingen, som inte lever under en sten och fullst\u00e4ndigt avsk\u00e4rmad fr\u00e5n det \u00f6vriga samh\u00e4llet kan ha undg\u00e5tt att det \u00e5ter \u00e4r den internationella kvinnodagen. Feministerna, som ju anser sig f\u00f6ra alla kvinnors talan, firar julafton. Varf\u00f6r ska vi ha en &hellip; <a href=\"http:\/\/www.susannavaris.com\/blogg\/2015\/03\/8-mars-2015-del-1\/\">Forts\u00e4tt l\u00e4sa <span class=\"meta-nav\">&rarr;<\/span><\/a><\/p>\n","protected":false},"author":1,"featured_media":0,"comment_status":"open","ping_status":"open","sticky":false,"template":"","format":"standard","meta":{"footnotes":""},"categories":[178,181,154,259,3358,1321,1928,589,3787,1,590],"tags":[4657,175,4900,4656,4918,3206,4922,2761,4658,504],"class_list":["post-14414","post","type-post","status-publish","format-standard","hentry","category-blodtryckshojare","category-feminism","category-genus","category-genusvetenskap","category-identitetspolitik","category-jamstalldhet","category-journalistik","category-medier","category-misandri-i-media","category-okategoriserade","category-politik","tag-8-e-mars","tag-dn","tag-feminism","tag-internationella-kvinnodagen","tag-jamstalldhet","tag-jenny-nordberg","tag-journalistik","tag-kvinnodagen","tag-mansdagen","tag-svd"],"_links":{"self":[{"href":"http:\/\/www.susannavaris.com\/blogg\/wp-json\/wp\/v2\/posts\/14414","targetHints":{"allow":["GET"]}}],"collection":[{"href":"http:\/\/www.susannavaris.com\/blogg\/wp-json\/wp\/v2\/posts"}],"about":[{"href":"http:\/\/www.susannavaris.com\/blogg\/wp-json\/wp\/v2\/types\/post"}],"author":[{"embeddable":true,"href":"http:\/\/www.susannavaris.com\/blogg\/wp-json\/wp\/v2\/users\/1"}],"replies":[{"embeddable":true,"href":"http:\/\/www.susannavaris.com\/blogg\/wp-json\/wp\/v2\/comments?post=14414"}],"version-history":[{"count":6,"href":"http:\/\/www.susannavaris.com\/blogg\/wp-json\/wp\/v2\/posts\/14414\/revisions"}],"predecessor-version":[{"id":14453,"href":"http:\/\/www.susannavaris.com\/blogg\/wp-json\/wp\/v2\/posts\/14414\/revisions\/14453"}],"wp:attachment":[{"href":"http:\/\/www.susannavaris.com\/blogg\/wp-json\/wp\/v2\/media?parent=14414"}],"wp:term":[{"taxonomy":"category","embeddable":true,"href":"http:\/\/www.susannavaris.com\/blogg\/wp-json\/wp\/v2\/categories?post=14414"},{"taxonomy":"post_tag","embeddable":true,"href":"http:\/\/www.susannavaris.com\/blogg\/wp-json\/wp\/v2\/tags?post=14414"}],"curies":[{"name":"wp","href":"https:\/\/api.w.org\/{rel}","templated":true}]}}