{"id":14485,"date":"2015-03-15T19:39:00","date_gmt":"2015-03-15T18:39:00","guid":{"rendered":"http:\/\/www.susannavaris.com\/blogg\/?p=14485"},"modified":"2015-03-16T21:32:52","modified_gmt":"2015-03-16T20:32:52","slug":"meninismen-ar-har","status":"publish","type":"post","link":"http:\/\/www.susannavaris.com\/blogg\/2015\/03\/meninismen-ar-har\/","title":{"rendered":"Meninismen \u00e4r h\u00e4r!"},"content":{"rendered":"<p style=\"text-align: center;\"><a href=\"http:\/\/www.susannavaris.com\/blogg\/wp-content\/uploads\/2015\/03\/meninism01.png\"><img loading=\"lazy\" decoding=\"async\" class=\"aligncenter size-full wp-image-14486\" src=\"http:\/\/www.susannavaris.com\/blogg\/wp-content\/uploads\/2015\/03\/meninism01.png\" alt=\"meninism01\" width=\"300\" height=\"223\" \/><\/a><em>Bild fr\u00e5n Xtribune.<\/em><\/p>\n<p>Nu har delar av den manliga befolkningen i det stora landet i v\u00e4ster tr\u00f6ttnat p\u00e5 feminister och d\u00e5 framf\u00f6r allt de skr\u00e4nande, moderna radikalfeministerna vi \u00e4ven k\u00e4nner igen h\u00e4r hemifr\u00e5n. R\u00f6relsen\u00a0<a href=\"http:\/\/xtribune.com\/2015\/01\/hundreds-men-start-new-trend-enrage-feminists-working-meninism\/\">Meninismen<\/a> \u00e4r h\u00e4r!<\/p>\n<blockquote>\n<div class=\"copy-paste-block\">&#8221;Feminists today are known for their repulsive behavior, so it isn\u2019t hard to understand why so many would be against them. Somewhere along the line, \u201cgirl power\u201d turned into constant man-hating and acting like vile animals for their \u201ccause\u201d.<\/div>\n<div class=\"copy-paste-block\"><\/div>\n<div class=\"copy-paste-block\">Read more at http:\/\/xtribune.com\/2015\/01\/hundreds-men-start-new-trend-enrage-feminists-working-meninism\/<\/div>\n<div class=\"copy-paste-block\"><\/div>\n<div class=\"copy-paste-block\"><\/div>\n<div class=\"copy-paste-block\"><\/div>\n<div class=\"copy-paste-block\" style=\"text-align: center;\"><a href=\"http:\/\/www.susannavaris.com\/blogg\/wp-content\/uploads\/2015\/03\/meninist02.jpg\"><img loading=\"lazy\" decoding=\"async\" class=\"aligncenter size-full wp-image-14488\" src=\"http:\/\/www.susannavaris.com\/blogg\/wp-content\/uploads\/2015\/03\/meninist02.jpg\" alt=\"meninist02\" width=\"309\" height=\"463\" srcset=\"http:\/\/www.susannavaris.com\/blogg\/wp-content\/uploads\/2015\/03\/meninist02.jpg 309w, http:\/\/www.susannavaris.com\/blogg\/wp-content\/uploads\/2015\/03\/meninist02-200x300.jpg 200w\" sizes=\"auto, (max-width: 309px) 100vw, 309px\" \/><\/a>Mer fr\u00e5n Meninism. Bild fr\u00e5n Xtribune.<\/div>\n<div class=\"copy-paste-block\" style=\"text-align: center;\"><\/div>\n<div class=\"copy-paste-block\" style=\"text-align: center;\"><\/div>\n<div class=\"copy-paste-block\"><\/div>\n<\/blockquote>\n<p class=\"copy-paste-block\">R\u00f6relsen verkar ha startat som ett sk\u00e4mt, men fler och fler har anslutit med vad man kan anta, varierande seriositet. Jag \u00e4r \u00f6vertygad om att det bubblar en hel del tr\u00f6tthet och till och med aggression mot dagens skr\u00e4nfeminism hos en tilltagande skara m\u00e4nniskor, inte bara m\u00e4n och att detta \u00e4r ett s\u00e4tt att l\u00e4tta p\u00e5 trycket. Det ska finnas tv\u00e5 hashtags &#8221;Meninist Twitter&#8221; och &#8221;yes all men&#8221; d\u00e4r olika uttryck f\u00f6r meninismen samlas. (\u00c4ven feminister tycks ha hittat till de h\u00e4r tr\u00e5darna dock&#8230;)<\/p>\n<p class=\"copy-paste-block\" style=\"text-align: center;\"><a href=\"http:\/\/www.susannavaris.com\/blogg\/wp-content\/uploads\/2015\/03\/meninism03.jpg\"><img loading=\"lazy\" decoding=\"async\" class=\"aligncenter size-full wp-image-14487\" src=\"http:\/\/www.susannavaris.com\/blogg\/wp-content\/uploads\/2015\/03\/meninism03.jpg\" alt=\"meninism03\" width=\"920\" height=\"525\" srcset=\"http:\/\/www.susannavaris.com\/blogg\/wp-content\/uploads\/2015\/03\/meninism03.jpg 920w, http:\/\/www.susannavaris.com\/blogg\/wp-content\/uploads\/2015\/03\/meninism03-300x171.jpg 300w\" sizes=\"auto, (max-width: 920px) 100vw, 920px\" \/><\/a><em>Ida \u00d6stensson i SVT Debatt.<\/em><\/p>\n<p class=\"copy-paste-block\">Sj\u00e4lv har jag varit mycket n\u00e4ra att packa mina v\u00e4skor och emigrera omedelbart efter att jag r\u00e5kade se den skr\u00e4nande feministen Ida \u00d6stensson fr\u00e5n Crossing Boarders anv\u00e4nda sig av hela arsenalen av feministiska h\u00e4rskartekniker mot GP:s ledarskriben Csaba Bene Perlenberg i\u00a0\u00a0<a href=\"http:\/\/www.svt.se\/debatt\/se-program\/debatt-sasong-14-debatt-6?autostart=true\">SVT Debatt 20:52<\/a> om huruvida feminismen har ansvar f\u00f6r pojkars sjunkande skolresultat. Perlenbergs debattartikel p\u00e5 temat hittar du <a href=\"http:\/\/www.gp.se\/nyheter\/ledare\/ledarkronika\/1.2650571-csaba-bene-perlenberg-de-forlorade-pojkarna\">h\u00e4r<\/a>. Erik p\u00e5 Genusdebatten har\u00a0<a href=\"http:\/\/genusdebatten.se\/svar-pa-ida-ostensson-inlagg-pa-svt-opinion-om-mansrollen-och-pojkars-skolresultat\/\">replikerat<\/a> utm\u00e4rkt i samma \u00e4mne p\u00e5 en\u00a0<a href=\"http:\/\/www.svt.se\/opinion\/article2750560.svt\">debattartikel<\/a> \u00d6stensson med flera i sin tur skrivit som svar till Perlenberg. Det \u00e4r fascinerande hur blind feminismen \u00e4r f\u00f6r sin egen sexism och hur om\u00f6jligt det \u00e4r att ens f\u00f6rs\u00f6ka f\u00f6ra fram \u00e5sikter som inte sammanfaller med de radikalfeministiska. Visst kan det vara provocerande f\u00f6r en feminist att n\u00e5gon skyller p\u00e5 den egna ideologin i n\u00e5gon fr\u00e5ga, men med tanke p\u00e5 att den enda f\u00f6rklaringsmodellen inom feminismen n\u00e4r det g\u00e4ller kvinnors problematik p\u00e5 j\u00e4mst\u00e4lldhetsomr\u00e5det \u00e4r m\u00e4n\/manlighet och m\u00f6jligen patriarkatet, s\u00e5 borde man kunna se det hela som en m\u00f6jlighet att s\u00e4tta sig in i hur &#8221;den andra sidan&#8221; upplever debatten.<\/p>\n<p class=\"copy-paste-block\">Ibland blir jag alldeles matt av all den galenskap som dagligen sk\u00f6ljer \u00f6ver oss i media och radikalfeminismens tolkningsf\u00f6retr\u00e4de i allt som har med j\u00e4mst\u00e4lldhet att g\u00f6ra. De politiska partierna har fr\u00e5n h\u00f6ger till v\u00e4nster, med ett par undantag, enats kring just den h\u00e4r, vad det verkar, enad v\u00e4gens ideologi. Den har n\u00e4stlat sig in hos ett skr\u00e4mmande stort antal akademiska institutioner och hos m\u00e5nga f\u00f6retag. Inom akademierna utser genusvetarna sedan varandra till professorer och producerar radikalfeministiska &#8221;avhandlingar&#8221; i parti och minut, f\u00f6r att de politiska aktivisterna sedan ska ha &#8221;vetenskap&#8221; att h\u00e4nvisa till n\u00e4r de kampanjar f\u00f6r sina l\u00f6sningar. Det \u00e4r fortfarande en g\u00e5ta hur detta \u00e4r m\u00f6jligt i Sverige \u00e5r 2015. Journalistk\u00e5ren (med undantag av SvD:s och numera \u00e4ven GP:s ledarsida, vad det verkar, om man r\u00e4knar dags- och kv\u00e4llstidningarna) g\u00f6r sitt b\u00e4sta f\u00f6r att uppfostra folket i den r\u00e4tta l\u00e4ran, dvs de \u00e5sikter som ryms inom \u00e5siktskorridoren och som i stort \u00e4r socialistiska och\/eller milj\u00f6partistiska samt radikalfeministiska. Det verkar som att vi, eller de, eller vem(?) \u00e4r i f\u00e4rd med att demontera demokratin i dess best\u00e5ndsdelar och ers\u00e4tta den med en slags &#8221;enda ideologins v\u00e4g&#8221;. En \u00e5siktsdiktatur skapad helt och h\u00e5llet p\u00e5 egen hand i ett av v\u00e4rldens mest v\u00e4lm\u00e5ende (och j\u00e4mst\u00e4llda) l\u00e4nder, efter hundratals \u00e5r av fred. I det perspektivet \u00e4r GP:s nya politiska redakt\u00f6r Alice Teodorescu ett v\u00e4lbeh\u00f6vligt tillskott i m\u00e5ngfalden. Sj\u00e4lvklart var inte Teodorescus v\u00e4g till chefredakt\u00f6rsposten okomplicerad. Det blev <a href=\"http:\/\/www.dagensmedia.se\/nyheter\/print\/dagspress\/article3876129.ece\">uppror<\/a> p\u00e5 ledarredaktionen:<\/p>\n<blockquote><p><strong>&#8221;Hur ser ni p\u00e5 att f\u00e5 Alice Teodorescu som chef?<\/strong><\/p>\n<p>\u2013 Vi tycker att det \u00e4r djupt problematiskt. GP har en l\u00e5ng tradition av en socialliberal linje. I m\u00e5nga fr\u00e5gor \u00e4r vi n\u00e4rmast v\u00e4nsterliberala. Jag k\u00e4nner inte Alice, men jag antar att hon hyser sina politiska uppfattningar och vill driva dem precis som vi, s\u00e4ger Gert Gelotte och forts\u00e4tter:<\/p>\n<p>\u2013 Det \u00e4r den politiska redakt\u00f6ren som avg\u00f6r tidningens politiska linje i olika fr\u00e5gor. Vi undrar om detta inneb\u00e4r att GP ska bli en konservativ tidning.&#8221;<\/p>\n<p>&nbsp;<\/p>\n<p>&nbsp;<\/p>\n<p style=\"text-align: center;\"><a href=\"http:\/\/www.susannavaris.com\/blogg\/wp-content\/uploads\/2015\/03\/Alice_Teodorescu-frankiefoughantin.jpg\"><img loading=\"lazy\" decoding=\"async\" class=\"aligncenter size-full wp-image-14489\" src=\"http:\/\/www.susannavaris.com\/blogg\/wp-content\/uploads\/2015\/03\/Alice_Teodorescu-frankiefoughantin.jpg\" alt=\"Alice_Teodorescu-frankiefoughantin\" width=\"640\" height=\"1000\" srcset=\"http:\/\/www.susannavaris.com\/blogg\/wp-content\/uploads\/2015\/03\/Alice_Teodorescu-frankiefoughantin.jpg 640w, http:\/\/www.susannavaris.com\/blogg\/wp-content\/uploads\/2015\/03\/Alice_Teodorescu-frankiefoughantin-192x300.jpg 192w\" sizes=\"auto, (max-width: 640px) 100vw, 640px\" \/><\/a>Alice Teodorescu. Foto: Frankie Foughantin<\/p>\n<p>&nbsp;<\/p><\/blockquote>\n<p>S\u00e5 kontroversiella kan liberalkonservativa \u00e5sikter vara f\u00f6r en social<em>liberal<\/em> ledarredaktion. Alexandra Pascalidou har redan\u00a0<a href=\"http:\/\/www.svd.se\/nyheter\/inrikes\/p1-ber-om-ursakt-efter-rasismdebatt_8959468.svd\">tidigare<\/a> glidit runt p\u00e5 tunna, identitetspolitiska, f\u00f6r att inte s\u00e4ga rasistiska isar i programmet P1 Debatt, d\u00e4r Teodorescu var g\u00e4st. N\u00e4r Teodorescu nu utn\u00e4mndes till politisk redakt\u00f6r f\u00f6r GP k\u00e4nde sig g\u00e4nget bakom programmet Tankesmedjan i P3 n\u00f6dgade att \u00e4gna 20 minuter \u00e5t att <a href=\"http:\/\/cornucopia.cornubot.se\/2015\/03\/srp3-agnar-25-minuter-at-hat-mot-alice.html\">mobba och h\u00e5na<\/a>, \u00e4ven p\u00e5 ett grovt rasistiskt s\u00e4tt, henne i etern. Men det \u00e4r klart, det \u00e4r ju satiiir. \u00c5siktskorridorens grindvakter sk\u00f6ter sina jobb. Tankesmedjan har f\u00f6r \u00f6vrigt figurerat h\u00e4r p\u00e5 bloggen redan tidigare <a href=\"http:\/\/www.susannavaris.com\/blogg\/2013\/02\/exempel-pa-det-goda-fina-hatet\/\">h\u00e4r<\/a>.<\/p>\n<p>(Jag k\u00e4nner att jag glidit ifr\u00e5n ursprungs\u00e4mnet lite h\u00e4r&#8230;jag skyller p\u00e5 f\u00f6rkylningen&#8230;) Var var vi? Kontentan av allt detta \u00e4r att jag mycket v\u00e4l f\u00f6rst\u00e5r motr\u00f6relser som Meninism. Det borde finnas en st\u00f6rre motr\u00f6relse mot den enda v\u00e4gens ideologi ocks\u00e5.<\/p>\n<p class=\"copy-paste-block\">\u00a0Andra bloggar:<\/p>\n<p class=\"copy-paste-block\">Toklandet om SVT Debatt-programmet <a href=\"https:\/\/toklandet.wordpress.com\/2015\/03\/13\/svtdebatt-igar\/\">h\u00e4r<\/a> och om Public service samt Teodorescu <a href=\"https:\/\/toklandet.wordpress.com\/\">h\u00e4r<\/a>.<\/p>\n<p class=\"copy-paste-block\">L\u00f6jesguiden ger tips till Aschberg om troll att jaga <a href=\"https:\/\/lojesguiden.wordpress.com\/2015\/03\/13\/brev-till-robert\/\">h\u00e4r<\/a>.<\/p>\n<p class=\"copy-paste-block\">Bloggen Politivism mycket intressant om \u00e5siktskorridoren <a href=\"https:\/\/politivismen.wordpress.com\/2015\/03\/15\/danmark-kan-gora-om-och-gora-ratt-och-bli-som-sverige\/\">h\u00e4r<\/a>.<\/p>\n<p class=\"copy-paste-block\">Fnordspotting om den ideologiska &#8221;forskningen&#8221; <a href=\"http:\/\/fnordspotting.blogspot.se\/2015\/03\/pseudovetenskap-i-ideologins-tjanst.html\">h\u00e4r<\/a>.<\/p>\n","protected":false},"excerpt":{"rendered":"<p>Bild fr\u00e5n Xtribune. Nu har delar av den manliga befolkningen i det stora landet i v\u00e4ster tr\u00f6ttnat p\u00e5 feminister och d\u00e5 framf\u00f6r allt de skr\u00e4nande, moderna radikalfeministerna vi \u00e4ven k\u00e4nner igen h\u00e4r hemifr\u00e5n. R\u00f6relsen\u00a0Meninismen \u00e4r h\u00e4r! &#8221;Feminists today are known &hellip; <a href=\"http:\/\/www.susannavaris.com\/blogg\/2015\/03\/meninismen-ar-har\/\">Forts\u00e4tt l\u00e4sa <span class=\"meta-nav\">&rarr;<\/span><\/a><\/p>\n","protected":false},"author":1,"featured_media":0,"comment_status":"open","ping_status":"open","sticky":false,"template":"","format":"standard","meta":{"footnotes":""},"categories":[1],"tags":[3176,3197,4224,4007,4672,4669,719,4900,4899,4903,4674,4673,4670,4671,2680,3791,2706],"class_list":["post-14485","post","type-post","status-publish","format-standard","hentry","category-okategoriserade","tag-alexandra-pascalidou","tag-alice-teodorescu","tag-asiktskorridor","tag-asiktskorridoren","tag-crossing-boarders","tag-csaba-bene-perlenberg","tag-debatt","tag-feminism","tag-genus","tag-genusvetenskap","tag-gert-gelotte","tag-gp","tag-ida-ostensson","tag-p1-debatt","tag-radikalfeminism","tag-svt-debatt","tag-tankesmedjan"],"_links":{"self":[{"href":"http:\/\/www.susannavaris.com\/blogg\/wp-json\/wp\/v2\/posts\/14485","targetHints":{"allow":["GET"]}}],"collection":[{"href":"http:\/\/www.susannavaris.com\/blogg\/wp-json\/wp\/v2\/posts"}],"about":[{"href":"http:\/\/www.susannavaris.com\/blogg\/wp-json\/wp\/v2\/types\/post"}],"author":[{"embeddable":true,"href":"http:\/\/www.susannavaris.com\/blogg\/wp-json\/wp\/v2\/users\/1"}],"replies":[{"embeddable":true,"href":"http:\/\/www.susannavaris.com\/blogg\/wp-json\/wp\/v2\/comments?post=14485"}],"version-history":[{"count":6,"href":"http:\/\/www.susannavaris.com\/blogg\/wp-json\/wp\/v2\/posts\/14485\/revisions"}],"predecessor-version":[{"id":14495,"href":"http:\/\/www.susannavaris.com\/blogg\/wp-json\/wp\/v2\/posts\/14485\/revisions\/14495"}],"wp:attachment":[{"href":"http:\/\/www.susannavaris.com\/blogg\/wp-json\/wp\/v2\/media?parent=14485"}],"wp:term":[{"taxonomy":"category","embeddable":true,"href":"http:\/\/www.susannavaris.com\/blogg\/wp-json\/wp\/v2\/categories?post=14485"},{"taxonomy":"post_tag","embeddable":true,"href":"http:\/\/www.susannavaris.com\/blogg\/wp-json\/wp\/v2\/tags?post=14485"}],"curies":[{"name":"wp","href":"https:\/\/api.w.org\/{rel}","templated":true}]}}