{"id":14497,"date":"2015-03-22T18:04:17","date_gmt":"2015-03-22T17:04:17","guid":{"rendered":"http:\/\/www.susannavaris.com\/blogg\/?p=14497"},"modified":"2015-03-22T18:09:23","modified_gmt":"2015-03-22T17:09:23","slug":"bild-till-lilja-och-kaknas-narmar-sig","status":"publish","type":"post","link":"http:\/\/www.susannavaris.com\/blogg\/2015\/03\/bild-till-lilja-och-kaknas-narmar-sig\/","title":{"rendered":"Bild till Lilja och Kakn\u00e4s n\u00e4rmar sig&#8230;"},"content":{"rendered":"<p>Jag har varit upptagen med allehanda uppgifter p\u00e5 sistone och inte hunnit blogga s\u00e5 mycket. Jag m\u00e4rkte nyss att jag inte ens lagt upp det digitala konstverk jag skapat \u00e5t gruppen Lilja och dras l\u00e5t <em>Vackra dr\u00f6mmar<\/em>:<\/p>\n<p style=\"text-align: center;\"><a href=\"http:\/\/www.susannavaris.com\/blogg\/wp-content\/uploads\/2015\/03\/Lilja-vackra-drommar-omslag-72dpi-50-text.jpg\"><img loading=\"lazy\" decoding=\"async\" class=\"aligncenter size-full wp-image-14498\" src=\"http:\/\/www.susannavaris.com\/blogg\/wp-content\/uploads\/2015\/03\/Lilja-vackra-drommar-omslag-72dpi-50-text.jpg\" alt=\"Lilja-vackra drommar-omslag 72dpi 50 text\" width=\"2362\" height=\"2362\" srcset=\"http:\/\/www.susannavaris.com\/blogg\/wp-content\/uploads\/2015\/03\/Lilja-vackra-drommar-omslag-72dpi-50-text.jpg 2362w, http:\/\/www.susannavaris.com\/blogg\/wp-content\/uploads\/2015\/03\/Lilja-vackra-drommar-omslag-72dpi-50-text-150x150.jpg 150w, http:\/\/www.susannavaris.com\/blogg\/wp-content\/uploads\/2015\/03\/Lilja-vackra-drommar-omslag-72dpi-50-text-300x300.jpg 300w, http:\/\/www.susannavaris.com\/blogg\/wp-content\/uploads\/2015\/03\/Lilja-vackra-drommar-omslag-72dpi-50-text-1024x1024.jpg 1024w\" sizes=\"auto, (max-width: 2362px) 100vw, 2362px\" \/><\/a> <a href=\"http:\/\/www.susannavaris.com\/blogg\/wp-content\/uploads\/2015\/03\/Lilja-vackra-drommar-omslag-png-black-50-text.jpg\"><img loading=\"lazy\" decoding=\"async\" class=\"aligncenter size-full wp-image-14499\" src=\"http:\/\/www.susannavaris.com\/blogg\/wp-content\/uploads\/2015\/03\/Lilja-vackra-drommar-omslag-png-black-50-text.jpg\" alt=\"Lilja-vackra drommar-omslag png black-50-text\" width=\"2362\" height=\"2362\" srcset=\"http:\/\/www.susannavaris.com\/blogg\/wp-content\/uploads\/2015\/03\/Lilja-vackra-drommar-omslag-png-black-50-text.jpg 2362w, http:\/\/www.susannavaris.com\/blogg\/wp-content\/uploads\/2015\/03\/Lilja-vackra-drommar-omslag-png-black-50-text-150x150.jpg 150w, http:\/\/www.susannavaris.com\/blogg\/wp-content\/uploads\/2015\/03\/Lilja-vackra-drommar-omslag-png-black-50-text-300x300.jpg 300w, http:\/\/www.susannavaris.com\/blogg\/wp-content\/uploads\/2015\/03\/Lilja-vackra-drommar-omslag-png-black-50-text-1024x1024.jpg 1024w\" sizes=\"auto, (max-width: 2362px) 100vw, 2362px\" \/><\/a><em>Min f\u00f6rsta version \u00f6verst, den m\u00f6rkare och valda versionen underst. Modell: Isa Lisa Dykhoff<br \/>\n<\/em><\/p>\n<p style=\"text-align: center;\">Ni kan se bildspelet jag skapat f\u00f6r l\u00e5ten h\u00e4r:<\/p>\n<p><iframe loading=\"lazy\" title=\"Lilja - Vackra dr\u00f6mmar - video\/images by Susanna Varis\" width=\"640\" height=\"480\" src=\"https:\/\/www.youtube.com\/embed\/3-uhtW2VIVA?feature=oembed\" frameborder=\"0\" allow=\"accelerometer; autoplay; clipboard-write; encrypted-media; gyroscope; picture-in-picture; web-share\" referrerpolicy=\"strict-origin-when-cross-origin\" allowfullscreen><\/iframe><\/p>\n<p>&nbsp;<\/p>\n<p><a href=\"http:\/\/www.susannavaris.com\/blogg\/2015\/03\/utstallning-pa-hog-hojd\/\">Utst\u00e4llningen<\/a>\u00a0i Kakn\u00e4stornet n\u00e4rmar sig ocks\u00e5, vernissage nu p\u00e5 onsdag kl 16 &#8211; 18, v\u00e4lkomna!<\/p>\n<p>Bloggen Birka Artist har uppm\u00e4rksammat min kommande utst\u00e4llning med bild och allt:<\/p>\n<p style=\"text-align: center;\"><a href=\"http:\/\/www.susannavaris.com\/blogg\/wp-content\/uploads\/2015\/03\/kaknas-birkablogg.jpg\"><img loading=\"lazy\" decoding=\"async\" class=\"aligncenter size-full wp-image-14504\" src=\"http:\/\/www.susannavaris.com\/blogg\/wp-content\/uploads\/2015\/03\/kaknas-birkablogg.jpg\" alt=\"kaknas-birkablogg\" width=\"667\" height=\"393\" srcset=\"http:\/\/www.susannavaris.com\/blogg\/wp-content\/uploads\/2015\/03\/kaknas-birkablogg.jpg 667w, http:\/\/www.susannavaris.com\/blogg\/wp-content\/uploads\/2015\/03\/kaknas-birkablogg-300x177.jpg 300w\" sizes=\"auto, (max-width: 667px) 100vw, 667px\" \/><\/a><em>Bild fr\u00e5n <a href=\"http:\/\/birkaartist.com\/wordpress2\/?page_id=17\">Birka Artist<\/a><\/em><\/p>\n<p>(Kakn\u00e4stornet&#8230;The Cake Nose Tower&#8230;hmmm ;) )<\/p>\n","protected":false},"excerpt":{"rendered":"<p>Jag har varit upptagen med allehanda uppgifter p\u00e5 sistone och inte hunnit blogga s\u00e5 mycket. Jag m\u00e4rkte nyss att jag inte ens lagt upp det digitala konstverk jag skapat \u00e5t gruppen Lilja och dras l\u00e5t Vackra dr\u00f6mmar: Min f\u00f6rsta version &hellip; <a href=\"http:\/\/www.susannavaris.com\/blogg\/2015\/03\/bild-till-lilja-och-kaknas-narmar-sig\/\">Forts\u00e4tt l\u00e4sa <span class=\"meta-nav\">&rarr;<\/span><\/a><\/p>\n","protected":false},"author":1,"featured_media":0,"comment_status":"open","ping_status":"open","sticky":false,"template":"","format":"standard","meta":{"footnotes":""},"categories":[7,555,3,1162,415,1,2262,4],"tags":[1281,3812,1891,4677,4041,4629,17,4675,3274,3131,122,4676],"class_list":["post-14497","post","type-post","status-publish","format-standard","hentry","category-egna-verk","category-events","category-konst","category-kultur","category-lowbrow","category-okategoriserade","category-pop-surrealism","category-utstallning","tag-art-exhibition","tag-digital-assemblage","tag-digital-konst","tag-flying-high-at-kaknastornet","tag-isa-lisa-dykhoff","tag-kaknastornet","tag-konst-2","tag-lilja","tag-lilycrow-art-of-susanna-varis","tag-omslag","tag-utstallning-2","tag-vackra-drommar"],"_links":{"self":[{"href":"http:\/\/www.susannavaris.com\/blogg\/wp-json\/wp\/v2\/posts\/14497","targetHints":{"allow":["GET"]}}],"collection":[{"href":"http:\/\/www.susannavaris.com\/blogg\/wp-json\/wp\/v2\/posts"}],"about":[{"href":"http:\/\/www.susannavaris.com\/blogg\/wp-json\/wp\/v2\/types\/post"}],"author":[{"embeddable":true,"href":"http:\/\/www.susannavaris.com\/blogg\/wp-json\/wp\/v2\/users\/1"}],"replies":[{"embeddable":true,"href":"http:\/\/www.susannavaris.com\/blogg\/wp-json\/wp\/v2\/comments?post=14497"}],"version-history":[{"count":5,"href":"http:\/\/www.susannavaris.com\/blogg\/wp-json\/wp\/v2\/posts\/14497\/revisions"}],"predecessor-version":[{"id":14505,"href":"http:\/\/www.susannavaris.com\/blogg\/wp-json\/wp\/v2\/posts\/14497\/revisions\/14505"}],"wp:attachment":[{"href":"http:\/\/www.susannavaris.com\/blogg\/wp-json\/wp\/v2\/media?parent=14497"}],"wp:term":[{"taxonomy":"category","embeddable":true,"href":"http:\/\/www.susannavaris.com\/blogg\/wp-json\/wp\/v2\/categories?post=14497"},{"taxonomy":"post_tag","embeddable":true,"href":"http:\/\/www.susannavaris.com\/blogg\/wp-json\/wp\/v2\/tags?post=14497"}],"curies":[{"name":"wp","href":"https:\/\/api.w.org\/{rel}","templated":true}]}}