{"id":14562,"date":"2015-03-30T16:26:47","date_gmt":"2015-03-30T14:26:47","guid":{"rendered":"http:\/\/www.susannavaris.com\/blogg\/?p=14562"},"modified":"2015-03-30T16:29:06","modified_gmt":"2015-03-30T14:29:06","slug":"snabb-notis","status":"publish","type":"post","link":"http:\/\/www.susannavaris.com\/blogg\/2015\/03\/snabb-notis\/","title":{"rendered":"Snabb notis&#8230;"},"content":{"rendered":"<p>&#8230;om konsten att m\u00e5la upp en k\u00f6nsmaktordning. I tidningen Internetworld beskrivs i en artikel ett f\u00f6hoppningsfullt, feministiskt framtidsscenario d\u00e4r kvinnor kommer att dominera e-handeln. I en passus i texten g\u00f6mmer sig ett exempel p\u00e5 den tankefigur som f\u00e5r s\u00e5 gott som varje f\u00f6reteelse i samh\u00e4llet att verka som f\u00f6rtryck gentemot kvinnor:<\/p>\n<blockquote><p><span class=\"paragraphIntro\">&#8221;Men i en<\/span> v\u00e4rld d\u00e4r kvinnor tar ett stort ansvar f\u00f6r ink\u00f6p \u00e4r det ju direkt korkat att inte f\u00f6rs\u00f6ka lyfta fram kvinnor s\u00e5 mycket det g\u00e5r.&#8221;<\/p>\n<p>&nbsp;<\/p><\/blockquote>\n<p>Man skulle lika g\u00e4rna kunnat skriva att &#8221;i en v\u00e4rld d\u00e4r kvinnor har makten \u00f6ver familjernas ekonomi&#8221;, men det g\u00f6r man inte. Det passar inte in i bilden. Varf\u00f6r skrivs det inte i motsvarande formuleringar om &#8221;m\u00e4n som tar ansvaret inom n\u00e4ringslivet&#8221;, ist\u00e4llet f\u00f6r &#8221;m\u00e4n som har makten inom n\u00e4ringslivet&#8221;? (N\u00e4sta g\u00e5ng jag shoppar loss p\u00e5 n\u00e5got on\u00f6digt dyrt och tjusigt plagg p\u00e5 Yoox s\u00e5 ska jag komma ih\u00e5g att jag bara &#8221;tar ett stort ansvar f\u00f6r ink\u00f6p&#8221;.)<\/p>\n<blockquote><p><span class=\"paragraphIntro\">&#8221;I de k\u00f6pstarka<\/span> \u00e5ldrarna 35-44 \u00e5r handlar kvinnor i lika stor utstr\u00e4ckning som m\u00e4nnen p\u00e5 n\u00e4tet och i \u00e5ldrarna 16-24 samt 45-54 \u00e5r handlar kvinnor i st\u00f6rre utstr\u00e4ckning p\u00e5 n\u00e4tet \u00e4n m\u00e4nnen, enligt rapporten Privatpersoners anv\u00e4ndning av datorer och internet 2014 fr\u00e5n SCB.&#8221;<\/p><\/blockquote>\n<p>Det patriarkala f\u00f6rtrycket \u00e4r sannerligen h\u00e5rt och kompakt, n\u00e5got som \u00e4ven m\u00e4rks i <a href=\"http:\/\/www.svd.se\/opinion\/brannpunkt\/kvinnor-vinner-mest-pa-valfardsstaten_4446615.svd\">denna debattartikel<\/a> om transfereringarna i samh\u00e4llet och vilket k\u00f6n som gynnas av dem av Gunnar Br\u00e5dvik:<\/p>\n<blockquote><p>&#8221;Det \u00e4r inte fr\u00e4mst de l\u00e5gavl\u00f6nade som vinner p\u00e5 v\u00e4lf\u00e4rdsstaten \u2013 utan kvinnor \u00f6ver lag, oavsett klasstillh\u00f6righet.&#8221;<\/p>\n<p>&nbsp;<\/p><\/blockquote>\n","protected":false},"excerpt":{"rendered":"<p>&#8230;om konsten att m\u00e5la upp en k\u00f6nsmaktordning. I tidningen Internetworld beskrivs i en artikel ett f\u00f6hoppningsfullt, feministiskt framtidsscenario d\u00e4r kvinnor kommer att dominera e-handeln. I en passus i texten g\u00f6mmer sig ett exempel p\u00e5 den tankefigur som f\u00e5r s\u00e5 gott &hellip; <a href=\"http:\/\/www.susannavaris.com\/blogg\/2015\/03\/snabb-notis\/\">Forts\u00e4tt l\u00e4sa <span class=\"meta-nav\">&rarr;<\/span><\/a><\/p>\n","protected":false},"author":1,"featured_media":0,"comment_status":"open","ping_status":"open","sticky":false,"template":"","format":"standard","meta":{"footnotes":""},"categories":[178,181,3067,154,259,3358,1321,1928,589,1],"tags":[2460,4691,4900,4694,4693,4690,4330,4692],"class_list":["post-14562","post","type-post","status-publish","format-standard","hentry","category-blodtryckshojare","category-feminism","category-feminism-referensinlagg","category-genus","category-genusvetenskap","category-identitetspolitik","category-jamstalldhet","category-journalistik","category-medier","category-okategoriserade","tag-2460","tag-e-handel","tag-feminism","tag-fordelning","tag-fordelningspolitik","tag-internetworld","tag-skatter","tag-transfereringar"],"_links":{"self":[{"href":"http:\/\/www.susannavaris.com\/blogg\/wp-json\/wp\/v2\/posts\/14562","targetHints":{"allow":["GET"]}}],"collection":[{"href":"http:\/\/www.susannavaris.com\/blogg\/wp-json\/wp\/v2\/posts"}],"about":[{"href":"http:\/\/www.susannavaris.com\/blogg\/wp-json\/wp\/v2\/types\/post"}],"author":[{"embeddable":true,"href":"http:\/\/www.susannavaris.com\/blogg\/wp-json\/wp\/v2\/users\/1"}],"replies":[{"embeddable":true,"href":"http:\/\/www.susannavaris.com\/blogg\/wp-json\/wp\/v2\/comments?post=14562"}],"version-history":[{"count":3,"href":"http:\/\/www.susannavaris.com\/blogg\/wp-json\/wp\/v2\/posts\/14562\/revisions"}],"predecessor-version":[{"id":14565,"href":"http:\/\/www.susannavaris.com\/blogg\/wp-json\/wp\/v2\/posts\/14562\/revisions\/14565"}],"wp:attachment":[{"href":"http:\/\/www.susannavaris.com\/blogg\/wp-json\/wp\/v2\/media?parent=14562"}],"wp:term":[{"taxonomy":"category","embeddable":true,"href":"http:\/\/www.susannavaris.com\/blogg\/wp-json\/wp\/v2\/categories?post=14562"},{"taxonomy":"post_tag","embeddable":true,"href":"http:\/\/www.susannavaris.com\/blogg\/wp-json\/wp\/v2\/tags?post=14562"}],"curies":[{"name":"wp","href":"https:\/\/api.w.org\/{rel}","templated":true}]}}