{"id":14570,"date":"2015-04-04T00:19:31","date_gmt":"2015-04-03T22:19:31","guid":{"rendered":"http:\/\/www.susannavaris.com\/blogg\/?p=14570"},"modified":"2015-04-04T00:19:31","modified_gmt":"2015-04-03T22:19:31","slug":"langfredagen-2015","status":"publish","type":"post","link":"http:\/\/www.susannavaris.com\/blogg\/2015\/04\/langfredagen-2015\/","title":{"rendered":"L\u00e5ngfredagen 2015"},"content":{"rendered":"<p style=\"text-align: center;\"><a href=\"http:\/\/www.susannavaris.com\/blogg\/wp-content\/uploads\/2015\/04\/easter.jpg\"><img loading=\"lazy\" decoding=\"async\" class=\"aligncenter size-medium wp-image-14571\" src=\"http:\/\/www.susannavaris.com\/blogg\/wp-content\/uploads\/2015\/04\/easter-242x300.jpg\" alt=\"easter\" width=\"242\" height=\"300\" srcset=\"http:\/\/www.susannavaris.com\/blogg\/wp-content\/uploads\/2015\/04\/easter-242x300.jpg 242w, http:\/\/www.susannavaris.com\/blogg\/wp-content\/uploads\/2015\/04\/easter.jpg 736w\" sizes=\"auto, (max-width: 242px) 100vw, 242px\" \/><\/a><em>Glad p\u00e5sk, alla l\u00e4sare! <\/em><\/p>\n<p style=\"text-align: left;\">L\u00e5ngfredagen \u00e4r f\u00f6rvisso inte den gladaste av dagar om man h\u00e5ller sig till den kristna p\u00e5skber\u00e4ttelsen, men jag \u00f6nskar er glad p\u00e5sk nu i alla fall. Man vet aldrig n\u00e4r jag orkar blogga igen.<\/p>\n<p style=\"text-align: left;\">Jag njuter f\u00f6r n\u00e4rvarande av den f\u00f6rsta hellediga p\u00e5sk sedan vet ej n\u00e4r och \u00e4r dessutom ledig en och en halv vecka. Gott om tid f\u00f6r allehanda aktiviteter som att skapa lite konst, ligga i s\u00e4ngen och titta p\u00e5 film p\u00e5 datorn, g\u00e5 p\u00e5 l\u00e5ngpromenader, prova \u00f6ler p\u00e5 137:an, tr\u00e4ffa v\u00e4nner f\u00f6r middag, st\u00e4da, laga mat, tv\u00e4tta&#8230;ja, allt m\u00f6jligt som inte hinns med under de dagar jag numera arbetar och som p\u00e5 grund av de val jag gjort blir mycket l\u00e5nga.<\/p>\n<p style=\"text-align: left;\">P\u00e5sken. P\u00e5nyttf\u00f6delse. Oj, vad jag \u00f6nskar att jag kunde g\u00e5 och l\u00e4gga mig och vakna upp till en v\u00e4rld d\u00e4r det som \u00e4r s\u00e5 skruvat och s\u00e5 oroande bara var en ond dr\u00f6m. Att den hela tiden gnagande k\u00e4nslan av att vi alla befinner oss p\u00e5 ett sluttande plan mot en tillvaro vi knappt kan f\u00f6rest\u00e4lla oss inte vore sann. Putin och Daesh var bara resultat av en stout f\u00f6r mycket i hj\u00e4rnvindlingarna och att D\u00d6, sammanbrottsregeringen, skattebonanzan, arbetsl\u00f6sheten, skolan, de etniska konflikterna, segregationen, \u00e5siktskorridoren, vulgofeminismen, de postmoderna tokeriernas fortplantning inom akademierna, Sveriges framtid som en h\u00e4grande bananrepublik&#8230;att allt detta bara var konsekvenser av en orolig natt. Men nej, allt finns d\u00e4r och verkar breda ut sig och tillta f\u00f6r varje dag. Min generation \u00e4r den f\u00f6rsta som inte l\u00e4ngre kan se fram emot att f\u00e5 det b\u00e4ttre \u00e4n sina f\u00f6r\u00e4ldrar och h\u00e4rifr\u00e5n sluttar det ner\u00e5t. Finns en l\u00f6sning ens p\u00e5 kartan? \u00c4r n\u00e5gon ens intresserad? Inte vad det verkar. Sveriges agerande \u00e4r snarare den gener\u00f6se restaurangbes\u00f6karens som ska bjuda alla p\u00e5 maten och ett par rundor dricka, trots att han precis pantat sitt sista arvegods.<\/p>\n<p style=\"text-align: left;\">Kanske \u00e4r det \u00e4nd\u00e5 inte s\u00e5 illa. Landets finanser \u00e4r i ordning (\u00e4n s\u00e5 l\u00e4nge), men vad h\u00e4nder p\u00e5 l\u00e4ngre sikt? Med till exempel konkurrensf\u00f6rm\u00e5gan? I ett land d\u00e4r studenter p\u00e5 universitet <a href=\"http:\/\/www.axess.se\/magasin\/default.aspx?article=2435#.VR8IW-Eppuk\">inte klarar av att skriva begriplig svenska<\/a>? Sverige halkar redan nu efter i internationella j\u00e4mf\u00f6relser vad g\u00e4ller innovationer omsatta i produkter (<a href=\"http:\/\/www.gp.se\/nyheter\/debatt\/1.770273-innovationspremie-kan-sporra-universiteten?m=print\">h\u00e4r<\/a> beskrivs situationen i en artikel i GP 2011 av ett antal skribenter fr\u00e5n Svenskt N\u00e4ringsliv och <a href=\"http:\/\/www.svensktnaringsliv.se\/fragor\/forskning\/tre-rad-till-innovationspolitiska-radet_611307.html\">h\u00e4r<\/a> kommenteras den nuvarande regeringens politik ang\u00e5ende innovationer). Att stora delar av den traditionella industrin lagts ner eller flyttats utomlands, med f\u00f6rst tillverkning och sedan forskning och utveckling och att L\u00f6fven vill \u00e5terindustrialisera Sverige s\u00e4ger kanske n\u00e5got om landets attraktivitet f\u00f6r f\u00f6retagande. Att vi samtidigt st\u00e5r inf\u00f6r massiva behov vad g\u00e4ller jobb, bost\u00e4der, f\u00f6rsvar, v\u00e5rd, skola, omsorg, och r\u00e4ttsv\u00e5rdande instanser i kombination med en regering som mest verkar intresserad av till inrikes plakatpolitik omvandlad utrikespolitik (som ytterligare f\u00f6rsv\u00e5rar exportm\u00f6jligheter), p\u00e5dyvla f\u00f6retag och vanliga medborgare fler och fler tillv\u00e4xth\u00e4mmande skatter och att \u00e4n f\u00f6rv\u00e4rra statens finanser med \u00f6kade kostnader f\u00f6r sjukskrivningar och invandring\/integration ger mig knappast lugnare natts\u00f6mn.<\/p>\n<p style=\"text-align: center;\"><a href=\"http:\/\/www.susannavaris.com\/blogg\/wp-content\/uploads\/2015\/04\/alltogetherinanegg.jpg\"><img loading=\"lazy\" decoding=\"async\" class=\"aligncenter size-full wp-image-14572\" src=\"http:\/\/www.susannavaris.com\/blogg\/wp-content\/uploads\/2015\/04\/alltogetherinanegg.jpg\" alt=\"alltogetherinanegg\" width=\"500\" height=\"429\" srcset=\"http:\/\/www.susannavaris.com\/blogg\/wp-content\/uploads\/2015\/04\/alltogetherinanegg.jpg 500w, http:\/\/www.susannavaris.com\/blogg\/wp-content\/uploads\/2015\/04\/alltogetherinanegg-300x257.jpg 300w\" sizes=\"auto, (max-width: 500px) 100vw, 500px\" \/><\/a><em>All Together in an Egg av Hoeronymus Bosch. &#8221;D\u00e5rarnas Egg&#8221; eller &#8221;Vi simmar i samma \u00c4gg&#8221;&#8230;Boschs mardr\u00f6msvisioner k\u00e4nns passande. Man har p\u00e5 senare tid spekulerat kring huruvida de m\u00e4rkliga scenerierna i Boschs konstverk kan ha f\u00f6ranletts av ber\u00e4ttelser fr\u00e5n &#8221;den nya v\u00e4rlden&#8221;, som d\u00e5 precis uppt\u00e4ckts och inte enbart fr\u00e5n droganv\u00e4ndande eller dylikt som tidigare varit p\u00e5 tapeten. Det var en brytningstid, precis som den vi lever i och kanske kan n\u00e5got \u00e4nnu b\u00e4ttre s\u00e5 sm\u00e5ningom komma ur allt detta?<\/em><\/p>\n<p style=\"text-align: left;\">Alla dessa orosmoment i kombination med den tilltagande masspsykosen i form av identitetspolitik och postmoderna, feministiska teorier i varje form av traditionell media blir l\u00e4tt f\u00f6r mycket. Jag vill fortfarande mest bara fly till mina filmer och serier. Eller till konsten. Gl\u00e4djande nog, som jag konstaterat f\u00f6rr, s\u00e5 finns ett antal andra bloggare som orkar skriva om allt det galna som p\u00e5g\u00e5r. Jag f\u00f6rs\u00f6ker, s\u00e5 ofta jag kan, hinner och tycker att jag har n\u00e5got att s\u00e4ga.<\/p>\n<p style=\"text-align: center;\"><a href=\"http:\/\/www.susannavaris.com\/blogg\/wp-content\/uploads\/2015\/04\/Easter-bunnies074_SummertownSun.jpg\"><img loading=\"lazy\" decoding=\"async\" class=\"aligncenter size-full wp-image-14573\" src=\"http:\/\/www.susannavaris.com\/blogg\/wp-content\/uploads\/2015\/04\/Easter-bunnies074_SummertownSun.jpg\" alt=\"Easter-bunnies074_SummertownSun\" width=\"818\" height=\"504\" srcset=\"http:\/\/www.susannavaris.com\/blogg\/wp-content\/uploads\/2015\/04\/Easter-bunnies074_SummertownSun.jpg 818w, http:\/\/www.susannavaris.com\/blogg\/wp-content\/uploads\/2015\/04\/Easter-bunnies074_SummertownSun-300x185.jpg 300w\" sizes=\"auto, (max-width: 818px) 100vw, 818px\" \/><\/a><em>Tillbaka till inl\u00e4ggets egentliga syfte: Glad p\u00e5sk!<\/em><\/p>\n<p style=\"text-align: left;\">Men nu var inte tanken att kollektivt deppa ihop allihopa h\u00e4r p\u00e5 bloggen&#8230;s\u00e5 jag \u00f6nskar er en riktigt glad p\u00e5sk! Hoppas att ni f\u00e5r en riktigt fin helg tillsammans med n\u00e4ra och k\u00e4ra!<\/p>\n","protected":false},"excerpt":{"rendered":"<p>Glad p\u00e5sk, alla l\u00e4sare! L\u00e5ngfredagen \u00e4r f\u00f6rvisso inte den gladaste av dagar om man h\u00e5ller sig till den kristna p\u00e5skber\u00e4ttelsen, men jag \u00f6nskar er glad p\u00e5sk nu i alla fall. Man vet aldrig n\u00e4r jag orkar blogga igen. Jag njuter &hellip; <a href=\"http:\/\/www.susannavaris.com\/blogg\/2015\/04\/langfredagen-2015\/\">Forts\u00e4tt l\u00e4sa <span class=\"meta-nav\">&rarr;<\/span><\/a><\/p>\n","protected":false},"author":1,"featured_media":0,"comment_status":"open","ping_status":"open","sticky":false,"template":"","format":"standard","meta":{"footnotes":""},"categories":[181,3358,4515,1928,3,1162,589,1,590,303,2140],"tags":[4700,4697,4695,745,4698,4699,2874,4696,78,4910,3573,4329,4330,1204],"class_list":["post-14570","post","type-post","status-publish","format-standard","hentry","category-feminism","category-identitetspolitik","category-invandring-och-integration","category-journalistik","category-konst","category-kultur","category-medier","category-okategoriserade","category-politik","category-religion","category-skolan","tag-bosch","tag-do","tag-glad-pask","tag-hieronymus-bosch","tag-innovation","tag-innovationer","tag-langfredag","tag-lofven","tag-pask","tag-politik","tag-produkter","tag-skatt","tag-skatter","tag-svenskt-naringsliv"],"_links":{"self":[{"href":"http:\/\/www.susannavaris.com\/blogg\/wp-json\/wp\/v2\/posts\/14570","targetHints":{"allow":["GET"]}}],"collection":[{"href":"http:\/\/www.susannavaris.com\/blogg\/wp-json\/wp\/v2\/posts"}],"about":[{"href":"http:\/\/www.susannavaris.com\/blogg\/wp-json\/wp\/v2\/types\/post"}],"author":[{"embeddable":true,"href":"http:\/\/www.susannavaris.com\/blogg\/wp-json\/wp\/v2\/users\/1"}],"replies":[{"embeddable":true,"href":"http:\/\/www.susannavaris.com\/blogg\/wp-json\/wp\/v2\/comments?post=14570"}],"version-history":[{"count":1,"href":"http:\/\/www.susannavaris.com\/blogg\/wp-json\/wp\/v2\/posts\/14570\/revisions"}],"predecessor-version":[{"id":14574,"href":"http:\/\/www.susannavaris.com\/blogg\/wp-json\/wp\/v2\/posts\/14570\/revisions\/14574"}],"wp:attachment":[{"href":"http:\/\/www.susannavaris.com\/blogg\/wp-json\/wp\/v2\/media?parent=14570"}],"wp:term":[{"taxonomy":"category","embeddable":true,"href":"http:\/\/www.susannavaris.com\/blogg\/wp-json\/wp\/v2\/categories?post=14570"},{"taxonomy":"post_tag","embeddable":true,"href":"http:\/\/www.susannavaris.com\/blogg\/wp-json\/wp\/v2\/tags?post=14570"}],"curies":[{"name":"wp","href":"https:\/\/api.w.org\/{rel}","templated":true}]}}