{"id":14575,"date":"2015-04-05T18:21:40","date_gmt":"2015-04-05T16:21:40","guid":{"rendered":"http:\/\/www.susannavaris.com\/blogg\/?p=14575"},"modified":"2015-04-05T18:48:09","modified_gmt":"2015-04-05T16:48:09","slug":"kvotering-till-vilken-nytta-och-karringgnall","status":"publish","type":"post","link":"http:\/\/www.susannavaris.com\/blogg\/2015\/04\/kvotering-till-vilken-nytta-och-karringgnall\/","title":{"rendered":"Kvotering till vilken nytta och k\u00e4rringgn\u00e4ll"},"content":{"rendered":"<p style=\"text-align: center;\"><a href=\"http:\/\/www.susannavaris.com\/blogg\/wp-content\/uploads\/2015\/04\/mens-linaikse.jpg\"><img loading=\"lazy\" decoding=\"async\" class=\"aligncenter size-full wp-image-14585\" src=\"http:\/\/www.susannavaris.com\/blogg\/wp-content\/uploads\/2015\/04\/mens-linaikse.jpg\" alt=\"mens-linaikse\" width=\"1181\" height=\"787\" srcset=\"http:\/\/www.susannavaris.com\/blogg\/wp-content\/uploads\/2015\/04\/mens-linaikse.jpg 1181w, http:\/\/www.susannavaris.com\/blogg\/wp-content\/uploads\/2015\/04\/mens-linaikse-300x200.jpg 300w, http:\/\/www.susannavaris.com\/blogg\/wp-content\/uploads\/2015\/04\/mens-linaikse-1024x682.jpg 1024w\" sizes=\"auto, (max-width: 1181px) 100vw, 1181px\" \/><\/a><em>Intressanta, djupa och m\u00e5ngfacetterade kvinnoroller? <a href=\"http:\/\/www.hagateatern.se\/teater-tamauer\/mens-24902866\">Hagateaterns upps\u00e4ttning<\/a> om mens. Foto: Lina Ikse<\/em><\/p>\n<p>Det \u00e4r bechdeltester, det \u00e4r krav p\u00e5 kvotering av resurser till film, teater- och kulturskapande, det \u00e4r krav p\u00e5 kvinnor framf\u00f6r, bakom, under, \u00f6ver, bredvid scenen, det \u00e4r krav p\u00e5 manus skrivna av kvinnor och det \u00e4r krav p\u00e5 kvinnliga karakt\u00e4rer med djup i allehanda kulturproduktioner. (Jag har skrivit om till exempel kvotering av filmst\u00f6d tidigare: <a href=\"http:\/\/www.susannavaris.com\/blogg\/2012\/07\/ratt-kon-viktigast-for-att-erhalla-filmstod\/\">h\u00e4r<\/a>, <a href=\"http:\/\/www.susannavaris.com\/blogg\/2012\/11\/for-manga-man-vill-gora-film\/\">h\u00e4r<\/a> och <a href=\"http:\/\/www.susannavaris.com\/blogg\/2013\/01\/hmmm\/\">h\u00e4r<\/a>, och om kvinnorepresentation inom film <a href=\"http:\/\/www.susannavaris.com\/blogg\/2013\/03\/en-flodvag\/\">h\u00e4r).<\/a> Det ligger f\u00f6rst\u00e5s n\u00e5gonting i att det under m\u00e5nga decennier r\u00e5tt brist p\u00e5 flerdimensionella kvinnliga karakt\u00e4rer inom film och teater och s\u00e4rskilt d\u00e5 roller f\u00f6r kvinnor \u00e4ldre \u00e4n 40. En dominans av ett manligt perspektiv inom kulturskapande har ocks\u00e5 funnits. Allt detta eftersom det inte funnits lika m\u00e5nga kvinnor som m\u00e4n som verkat inom de ber\u00f6rda kulturomr\u00e5dena som manusf\u00f6rfattare eller f\u00f6rfattare. Trots decennier av feministisk propaganda tycks det fortfarande g\u00e5 tr\u00f6gt att f\u00e5 flickor att bli intresserade av regiss\u00f6rs- eller dramatikerutbildningarna. (I en rapport , Filmbranschen och j\u00e4mst\u00e4lldheten, fr\u00e5n 2005 om j\u00e4mst\u00e4lldhet av Malin Birgerson f\u00f6r Teaterf\u00f6rbundet kan man f\u00f6r \u00f6vrigt studera hur mycket l\u00e4ttare det \u00e4r som kvinna att komma in p\u00e5 Dramatiska Institutets utbildningar (s.34). Man ber\u00e4ttar \u00e4ven om en speciell kurs enbart f\u00f6r kvinnor om filmljud \u00e5r 2004 om och hur detta f\u00e5tt fler kvinnor att s\u00f6ka den inriktningen.) Statistik ur rapporten:<\/p>\n<p><a href=\"http:\/\/www.susannavaris.com\/blogg\/wp-content\/uploads\/2015\/04\/di-2001-01.jpg\"><img loading=\"lazy\" decoding=\"async\" class=\"aligncenter size-full wp-image-14577\" src=\"http:\/\/www.susannavaris.com\/blogg\/wp-content\/uploads\/2015\/04\/di-2001-01.jpg\" alt=\"di-2001-01\" width=\"493\" height=\"291\" srcset=\"http:\/\/www.susannavaris.com\/blogg\/wp-content\/uploads\/2015\/04\/di-2001-01.jpg 493w, http:\/\/www.susannavaris.com\/blogg\/wp-content\/uploads\/2015\/04\/di-2001-01-300x177.jpg 300w\" sizes=\"auto, (max-width: 493px) 100vw, 493px\" \/><\/a> <a href=\"http:\/\/www.susannavaris.com\/blogg\/wp-content\/uploads\/2015\/04\/di-2001-02.jpg\"><img loading=\"lazy\" decoding=\"async\" class=\"aligncenter size-full wp-image-14578\" src=\"http:\/\/www.susannavaris.com\/blogg\/wp-content\/uploads\/2015\/04\/di-2001-02.jpg\" alt=\"di-2001-02\" width=\"311\" height=\"233\" srcset=\"http:\/\/www.susannavaris.com\/blogg\/wp-content\/uploads\/2015\/04\/di-2001-02.jpg 311w, http:\/\/www.susannavaris.com\/blogg\/wp-content\/uploads\/2015\/04\/di-2001-02-300x225.jpg 300w\" sizes=\"auto, (max-width: 311px) 100vw, 311px\" \/><\/a> <a href=\"http:\/\/www.susannavaris.com\/blogg\/wp-content\/uploads\/2015\/04\/di-2003.jpg\"><img loading=\"lazy\" decoding=\"async\" class=\"aligncenter size-full wp-image-14579\" src=\"http:\/\/www.susannavaris.com\/blogg\/wp-content\/uploads\/2015\/04\/di-2003.jpg\" alt=\"di-2003\" width=\"488\" height=\"471\" srcset=\"http:\/\/www.susannavaris.com\/blogg\/wp-content\/uploads\/2015\/04\/di-2003.jpg 488w, http:\/\/www.susannavaris.com\/blogg\/wp-content\/uploads\/2015\/04\/di-2003-300x290.jpg 300w\" sizes=\"auto, (max-width: 488px) 100vw, 488px\" \/><\/a> <a href=\"http:\/\/www.susannavaris.com\/blogg\/wp-content\/uploads\/2015\/04\/di-2005.jpg\"><img loading=\"lazy\" decoding=\"async\" class=\"aligncenter size-full wp-image-14580\" src=\"http:\/\/www.susannavaris.com\/blogg\/wp-content\/uploads\/2015\/04\/di-2005.jpg\" alt=\"di-2005\" width=\"585\" height=\"595\" srcset=\"http:\/\/www.susannavaris.com\/blogg\/wp-content\/uploads\/2015\/04\/di-2005.jpg 585w, http:\/\/www.susannavaris.com\/blogg\/wp-content\/uploads\/2015\/04\/di-2005-295x300.jpg 295w\" sizes=\"auto, (max-width: 585px) 100vw, 585px\" \/><\/a>Intressant utveckling f\u00f6r en skola som p\u00e5st\u00e5r sig inte syssla med kvotering, eller hur? Talande f\u00f6r en\u00f6gdheten \u00e4r ocks\u00e5 en del uppgifter i den\u00a0<a href=\"http:\/\/www.aftonbladet.se\/debatt\/debattamnen\/kulturochnoje\/article12026550.ab\">debattartikel<\/a> fr\u00e5n 2009 om filmst\u00f6d och j\u00e4mst\u00e4lldhet, undertecknad av ett antal kvinnor i filmbranschen:<\/p>\n<blockquote><p>&#8221;Antalet ans\u00f6kningar till Filminstitutet ang\u00e5ende st\u00f6d till l\u00e5ngfilm p\u00e5minner om antalet ans\u00f6kningar till Filmh\u00f6gskolorna, 25-30 procent kommer fr\u00e5n kvinnor. Men k\u00f6nsf\u00f6rdelningen vid antagning \u00e4r ca 50 procent Antalet ans\u00f6kningar kan inte anv\u00e4ndas som ett argument f\u00f6r att legitimera siffrorna n\u00e4r det g\u00e4ller filmer regisserade, producerade och skrivna av kvinnor. Vi kan inte se detta annat \u00e4n en strukturell k\u00f6nsdiskriminering.&#8221;<\/p><\/blockquote>\n<p>Det \u00e4r allts\u00e5 diskriminering att 50 % av filmerna som produceras inte \u00e4r gjorda av kvinnor, men det \u00e4r inte diskriminering att det utexamineras 50 % kvinnor fr\u00e5n aktuella utbildningar n\u00e4r s\u00f6kandeunderlaget best\u00e5r av 25-30 % kvinnor? I artikeln konstateras ocks\u00e5 att &#8221;kvalitet&#8221; \u00e4r en patriarkal h\u00e4rskarteknik. Ja, jag vet, inte med de orden, med det \u00e4r inneb\u00f6rden. :)<\/p>\n<p>Tillbaka till min ursprungliga tanke med det h\u00e4r inl\u00e4gget. Jag hinner tyv\u00e4rr inte forska mera kring hur statistiken kring de inkvoterade damerna p\u00e5 filmutbildningarna utvecklat sig (\u00e4r det inte m\u00e4rkligt att trots att kvinnor generellt \u00e4r s\u00e5 mycket b\u00e4ttre p\u00e5 filmens hantverk s\u00e5 g\u00f6r inga kvinnor film, som artikelf\u00f6rfattarna konstaterar. Jag menar, DI har v\u00e4l inte sysslat med kvotering trots intyganden o motsatsen?<\/p>\n<p>Inl\u00e4gget skulle egentligen handla om Sara Granaths <a href=\"http:\/\/www.svd.se\/kultur\/scen\/milt-uppror-nar-kvinnopjas-greppar-over-mycket_4457181.svd\">recension<\/a> av f\u00f6rest\u00e4llningen <em>Kvinnor \u00f6ver 40 &#8211; vad ska man med dem till?<\/em> p\u00e5 Uppsala stadsteater. Ensemblen \u00e4r, som vi kan se, s\u00e5 gott som n\u00e4stintill helt j\u00e4mst\u00e4lld:<\/p>\n<blockquote><p>&#8221;&#8217;<span class=\"title item\"><span class=\"author\">Text: Malin Lagerl\u00f6f och Eva Dahlman (\u00e4ven regi).<\/span> <\/span><\/p>\n<p><span class=\"title item\"><span class=\"location\">Uppsala stadsteater<\/span> <\/span><\/p>\n<p><span class=\"title item\"><span class=\"additional\">Scenografi: Lehna Edwall. <\/span><\/span><\/p>\n<p><span class=\"title item\"><span class=\"additional\">Medv: Katrin Sundberg, Mikaela Ramel, Anna Carlson, Lolo Elwin, Emelie Wallberg, Crister Olsson.&#8221; <\/span><\/span><\/p>\n<p>&nbsp;<\/p><\/blockquote>\n<p>Granat skriver:<\/p>\n<blockquote><p>&#8221;Ojojoj, vad besv\u00e4rligt att vara kvinna \u00f6ver fyrtio, och ack s\u00e5 oattraktiv p\u00e5 b\u00e5de sex- och arbetsmarknaden. Jag blev faktiskt litet h\u00e4pen.&#8221;<\/p><\/blockquote>\n<p><a href=\"http:\/\/www.uppsalastadsteater.se\/kvinnor-40-vad-ska-man-med-dem-till\/\">Pj\u00e4sen<\/a>, som av allt att d\u00f6ma kan kallas f\u00f6r feministisk (N\u00e5got det inte torde r\u00e5da n\u00e5gon tveksamhet kring om man dessutom l\u00e4ser Pia Huss <a href=\"http:\/\/www.dn.se\/kultur-noje\/scenrecensioner\/kvinnor-over-fyrtio-pa-uppsala-stadsteater\/\">recension<\/a> -d\u00e4r hon samtidigt lyckas f\u00f6rfasa sig \u00f6ver objektifiering och att kvinnor efter klimakteriet reduceras till ruggugglor &#8211; av densamma i DN) tycks allts\u00e5 ha k\u00e4rringgn\u00e4llet som b\u00e4rande id\u00e9. Fram till 40 skriks och gapas det om &#8221;den manliga blicken&#8221;, &#8221;objektifiering&#8221;, &#8221;sexuella trakasserier&#8221; och allt mellan himmel och jord \u00e5t de ov\u00e4lkomna individerna av det motsatta k\u00f6net, bara f\u00f6r att strax efter 40 v\u00e4xlas mot detta gn\u00e4ll om att vara oattraktiv p\u00e5 sex-marknaden. Hur i h:vete ska vi ha det? Borde det inte vara v\u00e4lkommet och trevligt att slippa &#8221;den manliga blicken&#8221; och kunna pyssla med annat? Borde det inte vara \u00f6nskv\u00e4rt att bli bed\u00f6md f\u00f6r sitt agerande och sina prestationer och inte sitt utseende? Uppenbarligen inte. Newsflash: det \u00e4r inte bara \u00e4ldre kvinnor det diskrimineras mot p\u00e5 arbetsmarknaden.<\/p>\n<p>\u00c5ter till Granat:<\/p>\n<blockquote><p><strong>&#8221;Den h\u00e4r pj\u00e4sen,<\/strong> skriven av Malin Lagerl\u00f6f och regiss\u00f6ren Eva Dahlman, griper \u00f6ver ett stort \u00e4mne p\u00e5 cirka nittio minuter. Den handlar inte bara om kvinnor \u00f6ver fyrtio, utan \u00e4ven om unga kvinnor som k\u00f6nsstympas, om alla dessa kvinnor som inte \u00e4r vd f\u00f6r bolagsstyrelser, om alla m\u00e4nniskor i Sverige som har sv\u00e5rt f\u00f6r att f\u00e5 jobb i h\u00f6gre \u00e5lder.<\/p>\n<p>\u00c4nd\u00e5 st\u00e4lls fr\u00e5gan om pj\u00e4sen inte ocks\u00e5 borde ha talat mer om klass och rasifiering.&#8221;<\/p><\/blockquote>\n<p>Fr\u00e5n det ena till det andra, minst sagt. K\u00f6nsstympning och vd-positioner. Det ena ber\u00f6r en mindre grupp invandrare fr\u00e5n vissa delar av Nordafrika, det andra en mindre grupp personer i n\u00e4ringslivets topp-milj\u00f6er. P\u00e5 vad s\u00e4tt \u00e4r de h\u00e4r f\u00f6reteelserna relevanta f\u00f6r genomsnittskvinnan p\u00e5 40 +? Jag menar givetvis inte att b\u00e5da \u00e4mnesomr\u00e5dena skulle vara n\u00e5got att bry sig om, det \u00e4r de, men vad har detta specifikt med ett kvinnoliv \u00f6ver 40 att g\u00f6ra? Hur m\u00e5nga kan k\u00e4nna igen sig? P\u00e5 detta d\u00e5 &#8221;alla som har sv\u00e5rt att f\u00e5 jobb i h\u00f6gre \u00e5lder&#8221;? En uppr\u00e4kning lika logisk som mango, bilateralt st\u00f6d och granulat. Men mera klass och rasifiering \u00f6nskas. Sj\u00e4lvklart, inga intersektionella buzzwords att f\u00f6rgl\u00f6mma.<\/p>\n<p>&nbsp;<\/p>\n<blockquote><p><strong>&#8221;Men Katrin Sundbergs<\/strong> rollfigur s\u00e4ger att det alltid st\u00e4lls st\u00f6rre krav p\u00e5 representativitet n\u00e4r kvinnor i grupp st\u00e4ller sig p\u00e5 scenen. S\u00e5 f\u00f6r s\u00e4kerhets skull finns h\u00e4r ocks\u00e5 en alibiman, Crister Olsson, som verkligen sk\u00f6ter sig som en hel kvinna. I inledningens dansshow \u00e4r de \u00f6vriga lika mycket utkl\u00e4dda till kvinnor som han.&#8221;<\/p><\/blockquote>\n<p>Genderbender socialkonstruktivism och 50\/50-debatt. Pj\u00e4sen verkar uppfylla alla kriterier f\u00f6r att recensenter av idag ska ge g\u00e5 upp i brygga. Vilket f\u00f6r mig in p\u00e5 n\u00e4sta pusselbit i det resonemang som \u00e4r tanken ska framg\u00e5 av allt detta snart. Jag har ingen vidare koll p\u00e5 huruvida den kvinnliga inkvoteringen haft effekt p\u00e5 de d\u00e4r bra, m\u00e5ngfacetterade kvinnorollerna som saknades och detta p\u00e5 grund av att de flesta film- och teaterrecensionerna \u00e4r numera bed\u00f6mningar av r\u00e4tt politisk inneh\u00e5ll och d\u00e4rf\u00f6r inte kan guida ang\u00e5ende pj\u00e4ser eller filmer som m\u00f6jligen kunde vara sev\u00e4rda. Vad jag i det h\u00e4r aktuella fallet ser \u00e4r ytterligare en radikalfeministisk, plakatpolitisk pamflett, ett led i den feministiska kampen och en utformning garanterad att ge m\u00e5ngen pluspo\u00e4ng hos den radikalfeministiska recensentk\u00e5ren. Varf\u00f6r skriver inte de h\u00e4r damerna s\u00e5dana d\u00e4r starka och djupa kvinnokarakt\u00e4rer och ber\u00e4ttelser som kan ber\u00f6ra mig? Vad \u00e4r det f\u00f6r po\u00e4ng med all den h\u00e4r kampteatern?<\/p>\n<blockquote><p>&#8221;Ist\u00e4llet f\u00f6r det allomfattande greppet p\u00e5 \u201datt vara (\u00e4ldre) kvinna\u201d hade jag g\u00e4rna sett en upps\u00e4ttning som satsade helhj\u00e4rtat p\u00e5 kvinnornas situation i teaterv\u00e4rlden. Teatern \u00e4r ju en v\u00e4rld full av paradoxer: manliga regiss\u00f6rer s\u00e4tter upp pj\u00e4ser av m\u00e4n p\u00e5 stora scener med stora roller f\u00f6r m\u00e4n medan salongen fylls av kvinnor. F\u00f6r \u00e4ldre m\u00e4n finns m\u00e5nga intressanta roller, medan kvinnornas karri\u00e4rer ofta dalar n\u00e4r de b\u00f6rjar bli riktigt bra. P\u00e5 alla dessa punkter finns givetvis undantag, men tendensen \u00e4r tydlig.&#8221;<\/p><\/blockquote>\n<p>Granat l\u00e4ngtar uppenbarligen efter detsamma, men by proxy; hon vill ha en pj\u00e4s om situationen i teaterv\u00e4rlden. Gode tid. Varf\u00f6r kan inte den h\u00e4r aktuella ensemblen efterfr\u00e5gas de d\u00e4r efterl\u00e4ngtade karakt\u00e4rerna och rollerna p\u00e5 en g\u00e5ng? Varf\u00f6r ska de skriva en k\u00e4rringgn\u00e4llig pj\u00e4s till om att n\u00e5gon borde skriva rollerna? Jag kallar alltihopa f\u00f6r k\u00e4rringgn\u00e4ll just f\u00f6r att det fungerar exakt p\u00e5 samma s\u00e4tt: gn\u00e4ll tills n\u00e5gon annan (man) g\u00f6r det man inte sj\u00e4lv ids eller \u00e4r f\u00f6rm\u00f6gen.<\/p>\n<p><a href=\"http:\/\/www.susannavaris.com\/blogg\/wp-content\/uploads\/2015\/04\/kvinnorover40-mickesandstrom.jpg\"><img loading=\"lazy\" decoding=\"async\" class=\"aligncenter size-full wp-image-14581\" src=\"http:\/\/www.susannavaris.com\/blogg\/wp-content\/uploads\/2015\/04\/kvinnorover40-mickesandstrom.jpg\" alt=\"kvinnorover40-mickesandstrom\" width=\"485\" height=\"322\" srcset=\"http:\/\/www.susannavaris.com\/blogg\/wp-content\/uploads\/2015\/04\/kvinnorover40-mickesandstrom.jpg 485w, http:\/\/www.susannavaris.com\/blogg\/wp-content\/uploads\/2015\/04\/kvinnorover40-mickesandstrom-300x199.jpg 300w\" sizes=\"auto, (max-width: 485px) 100vw, 485px\" \/><\/a><\/p>\n<p style=\"text-align: center;\"><em>\u00a0Vart tog de intressanta kvinnokarakt\u00e4rerna v\u00e4gen? De (i m\u00e5nga fall inkvoterade), kvinnliga dramatikerna verkar mest intresserade av kroppsv\u00e4tskor och av att sitta och vifta med hygienprodukter p\u00e5 scen. Bild ur f\u00f6rest\u00e4llningen. Foto: Micke Sandstr\u00f6m.<\/em><\/p>\n<p>\u00a0Fler mensproduktioner fr\u00e5n samtiden:<\/p>\n<p><a href=\"http:\/\/www.susannavaris.com\/blogg\/wp-content\/uploads\/2015\/04\/mensteater-01.jpg\"><img loading=\"lazy\" decoding=\"async\" class=\"aligncenter size-full wp-image-14582\" src=\"http:\/\/www.susannavaris.com\/blogg\/wp-content\/uploads\/2015\/04\/mensteater-01.jpg\" alt=\"mensteater-01\" width=\"656\" height=\"930\" srcset=\"http:\/\/www.susannavaris.com\/blogg\/wp-content\/uploads\/2015\/04\/mensteater-01.jpg 656w, http:\/\/www.susannavaris.com\/blogg\/wp-content\/uploads\/2015\/04\/mensteater-01-212x300.jpg 212w\" sizes=\"auto, (max-width: 656px) 100vw, 656px\" \/><\/a> <a href=\"http:\/\/www.susannavaris.com\/blogg\/wp-content\/uploads\/2015\/04\/mensteater-02.jpg\"><img loading=\"lazy\" decoding=\"async\" class=\"aligncenter size-full wp-image-14583\" src=\"http:\/\/www.susannavaris.com\/blogg\/wp-content\/uploads\/2015\/04\/mensteater-02.jpg\" alt=\"mensteater-02\" width=\"650\" height=\"366\" srcset=\"http:\/\/www.susannavaris.com\/blogg\/wp-content\/uploads\/2015\/04\/mensteater-02.jpg 650w, http:\/\/www.susannavaris.com\/blogg\/wp-content\/uploads\/2015\/04\/mensteater-02-300x169.jpg 300w\" sizes=\"auto, (max-width: 650px) 100vw, 650px\" \/><\/a> <a href=\"http:\/\/www.susannavaris.com\/blogg\/wp-content\/uploads\/2015\/04\/mensteater-03.jpg\"><img loading=\"lazy\" decoding=\"async\" class=\"aligncenter size-full wp-image-14584\" src=\"http:\/\/www.susannavaris.com\/blogg\/wp-content\/uploads\/2015\/04\/mensteater-03.jpg\" alt=\"mensteater-03\" width=\"1024\" height=\"576\" srcset=\"http:\/\/www.susannavaris.com\/blogg\/wp-content\/uploads\/2015\/04\/mensteater-03.jpg 1024w, http:\/\/www.susannavaris.com\/blogg\/wp-content\/uploads\/2015\/04\/mensteater-03-300x169.jpg 300w\" sizes=\"auto, (max-width: 1024px) 100vw, 1024px\" \/><\/a><\/p>\n<p>Om n\u00e5gon har tips om filmer och\/eller pj\u00e4ser d\u00e4r det g\u00e5r att finna intressanta kvinnokarakt\u00e4rer, eller som \u00e4r v\u00e4lgjorda produktioner ur en kvinnlig synvinkel s\u00e5 tas det tacksamt emot. Skippa allt med en feministisk och\/eller uppfostrande agenda.<\/p>\n<p>&#8211; : &#8211; : &#8211; : &#8211;<\/p>\n<p>Till\u00e4gg:<\/p>\n<p>Som av en h\u00e4ndelse\u00a0<a href=\"http:\/\/www.svd.se\/kultur\/dags-stalla-hogre-krav-pa-svt-drama_4455175.svd\">gn\u00e4ller<\/a> Karoline Eriksson i samma nummer av SvD \u00f6ver mansdominansen inom SVT Drama:<\/p>\n<blockquote><p>&#8221;Vilket leder oss in p\u00e5 debatten kring mansdominansen p\u00e5 SVT Drama, som P1:s \u201dKulturnytt\u201d initierade i f\u00f6rra veckan. \u201dI Sverige finns \u00e4nnu ingen Lena Dunham eller Jill Soloway\u201d konstaterade \u201dKulturnytts\u201d Emma Engstr\u00f6m. Nej, och p\u00e5 SVT g\u00f6rs tv-serier till \u00f6verv\u00e4gande del av m\u00e4n.&#8221;<\/p><\/blockquote>\n<p>&nbsp;<\/p>\n","protected":false},"excerpt":{"rendered":"<p>Intressanta, djupa och m\u00e5ngfacetterade kvinnoroller? Hagateaterns upps\u00e4ttning om mens. Foto: Lina Ikse Det \u00e4r bechdeltester, det \u00e4r krav p\u00e5 kvotering av resurser till film, teater- och kulturskapande, det \u00e4r krav p\u00e5 kvinnor framf\u00f6r, bakom, under, \u00f6ver, bredvid scenen, det \u00e4r &hellip; <a href=\"http:\/\/www.susannavaris.com\/blogg\/2015\/04\/kvotering-till-vilken-nytta-och-karringgnall\/\">Forts\u00e4tt l\u00e4sa <span class=\"meta-nav\">&rarr;<\/span><\/a><\/p>\n","protected":false},"author":1,"featured_media":0,"comment_status":"open","ping_status":"open","sticky":false,"template":"","format":"standard","meta":{"footnotes":""},"categories":[178,181,9,154,3358,1321,1928,1162,589,1,590,303],"tags":[2460,2020,4703,4707,4704,4900,2413,4702,4706,2415,4709,4705,4701,2123,4081,4710,2520,910,4708,2615,504,2393],"class_list":["post-14575","post","type-post","status-publish","format-standard","hentry","category-blodtryckshojare","category-feminism","category-film","category-genus","category-identitetspolitik","category-jamstalldhet","category-journalistik","category-kultur","category-medier","category-okategoriserade","category-politik","category-religion","tag-2460","tag-anna-serner","tag-di","tag-dramatiker","tag-dramatiska-institutet","tag-feminism","tag-film-2","tag-filmskapande","tag-filmskapare","tag-filmstod","tag-hagateatern","tag-konsfordelning","tag-kvinnor-over-40-vad-ska-man-med-dem-till","tag-kvotering","tag-mens","tag-mensteater","tag-regissor","tag-sara-granath","tag-sarbehandling","tag-sfi","tag-svd","tag-uppsala-stadsteater"],"_links":{"self":[{"href":"http:\/\/www.susannavaris.com\/blogg\/wp-json\/wp\/v2\/posts\/14575","targetHints":{"allow":["GET"]}}],"collection":[{"href":"http:\/\/www.susannavaris.com\/blogg\/wp-json\/wp\/v2\/posts"}],"about":[{"href":"http:\/\/www.susannavaris.com\/blogg\/wp-json\/wp\/v2\/types\/post"}],"author":[{"embeddable":true,"href":"http:\/\/www.susannavaris.com\/blogg\/wp-json\/wp\/v2\/users\/1"}],"replies":[{"embeddable":true,"href":"http:\/\/www.susannavaris.com\/blogg\/wp-json\/wp\/v2\/comments?post=14575"}],"version-history":[{"count":5,"href":"http:\/\/www.susannavaris.com\/blogg\/wp-json\/wp\/v2\/posts\/14575\/revisions"}],"predecessor-version":[{"id":14589,"href":"http:\/\/www.susannavaris.com\/blogg\/wp-json\/wp\/v2\/posts\/14575\/revisions\/14589"}],"wp:attachment":[{"href":"http:\/\/www.susannavaris.com\/blogg\/wp-json\/wp\/v2\/media?parent=14575"}],"wp:term":[{"taxonomy":"category","embeddable":true,"href":"http:\/\/www.susannavaris.com\/blogg\/wp-json\/wp\/v2\/categories?post=14575"},{"taxonomy":"post_tag","embeddable":true,"href":"http:\/\/www.susannavaris.com\/blogg\/wp-json\/wp\/v2\/tags?post=14575"}],"curies":[{"name":"wp","href":"https:\/\/api.w.org\/{rel}","templated":true}]}}