{"id":14617,"date":"2015-04-19T21:17:23","date_gmt":"2015-04-19T19:17:23","guid":{"rendered":"http:\/\/www.susannavaris.com\/blogg\/?p=14617"},"modified":"2015-04-19T21:18:15","modified_gmt":"2015-04-19T19:18:15","slug":"skrackromantikens-landskap-och-ett-sarat-universum","status":"publish","type":"post","link":"http:\/\/www.susannavaris.com\/blogg\/2015\/04\/skrackromantikens-landskap-och-ett-sarat-universum\/","title":{"rendered":"Skr\u00e4ckromantikens Landskap och Ett S\u00e5rat Universum"},"content":{"rendered":"<p>Dagen har g\u00e5tt i kulturens tecken. Som en radikal kontrast till den obarmh\u00e4rtigt skarpa v\u00e5rsolen ute har vi v\u00e4ltrat oss i skr\u00e4ckromantiska landskap och vandrat runt i ett s\u00e5rat universum. F\u00f6rsta m\u00e5let f\u00f6r dagen var utst\u00e4llningen Skr\u00e4ckromantikens Landskap, som jag av en slump blev p\u00e5mind om f\u00f6r n\u00e5gon dag sedan och tur var v\u00e4l det, eftersom det var sista utst\u00e4llningsdag idag.<\/p>\n<p style=\"text-align: center;\"><a href=\"http:\/\/www.susannavaris.com\/blogg\/wp-content\/uploads\/2015\/04\/DSC_0248.jpg\"><img loading=\"lazy\" decoding=\"async\" class=\"aligncenter size-full wp-image-14618\" src=\"http:\/\/www.susannavaris.com\/blogg\/wp-content\/uploads\/2015\/04\/DSC_0248.jpg\" alt=\"DSC_0248\" width=\"4608\" height=\"2875\" srcset=\"http:\/\/www.susannavaris.com\/blogg\/wp-content\/uploads\/2015\/04\/DSC_0248.jpg 4608w, http:\/\/www.susannavaris.com\/blogg\/wp-content\/uploads\/2015\/04\/DSC_0248-300x187.jpg 300w, http:\/\/www.susannavaris.com\/blogg\/wp-content\/uploads\/2015\/04\/DSC_0248-1024x639.jpg 1024w\" sizes=\"auto, (max-width: 4608px) 100vw, 4608px\" \/><\/a><em>Sven-Harrys guld-, eller snarare m\u00e4ssingsf\u00e4rgade, konstmuseum vid Vasaparken i Stockholm. Trots den moderna arkitekturen \u00e4r mus\u00e9et hemtrevligt, s\u00e5 \u00e4ven restaurangen.<\/em><\/p>\n<p style=\"text-align: center;\"><a href=\"http:\/\/www.susannavaris.com\/blogg\/wp-content\/uploads\/2015\/04\/DSC_0203.jpg\"><img loading=\"lazy\" decoding=\"async\" class=\"aligncenter size-full wp-image-14619\" src=\"http:\/\/www.susannavaris.com\/blogg\/wp-content\/uploads\/2015\/04\/DSC_0203.jpg\" alt=\"DSC_0203\" width=\"2848\" height=\"3786\" srcset=\"http:\/\/www.susannavaris.com\/blogg\/wp-content\/uploads\/2015\/04\/DSC_0203.jpg 2848w, http:\/\/www.susannavaris.com\/blogg\/wp-content\/uploads\/2015\/04\/DSC_0203-226x300.jpg 226w, http:\/\/www.susannavaris.com\/blogg\/wp-content\/uploads\/2015\/04\/DSC_0203-770x1024.jpg 770w\" sizes=\"auto, (max-width: 2848px) 100vw, 2848px\" \/><\/a> <a href=\"http:\/\/www.susannavaris.com\/blogg\/wp-content\/uploads\/2015\/04\/DSC_0250.jpg\"><img loading=\"lazy\" decoding=\"async\" class=\"aligncenter size-full wp-image-14620\" src=\"http:\/\/www.susannavaris.com\/blogg\/wp-content\/uploads\/2015\/04\/DSC_0250.jpg\" alt=\"DSC_0250\" width=\"4608\" height=\"3072\" srcset=\"http:\/\/www.susannavaris.com\/blogg\/wp-content\/uploads\/2015\/04\/DSC_0250.jpg 4608w, http:\/\/www.susannavaris.com\/blogg\/wp-content\/uploads\/2015\/04\/DSC_0250-300x200.jpg 300w, http:\/\/www.susannavaris.com\/blogg\/wp-content\/uploads\/2015\/04\/DSC_0250-1024x683.jpg 1024w\" sizes=\"auto, (max-width: 4608px) 100vw, 4608px\" \/><\/a><em>Utst\u00e4llningen b\u00f6rjar p\u00e5 ett mycket trevligt s\u00e4tt med kr\u00e5kf\u00e5glar i <span id=\"fbPhotoSnowliftCaption\" class=\"fbPhotosPhotoCaption\" tabindex=\"0\" data-ft=\"{&quot;tn&quot;:&quot;K&quot;}\"><span class=\"hasCaption\">Thomas Ewerhards Jorn &#8211; The Gathering<\/span><\/span>.<\/em><\/p>\n<p style=\"text-align: left;\"><em>Jorn &#8211; The Gathering<\/em> \u00e4r ett exempel p\u00e5 den slags konst, inspirerad av 1700- och 1800-talens romanticism och gotisk landskapsm\u00e5leri, som pryder m\u00e5nga musikalbum i modern tid. S\u00e4rskilt inom genren som h\u00e5rdrock och goth \u00e4r den h\u00e4r slags \u00f6desm\u00e4ttade och suggestiva motiv mycket popul\u00e4ra.<\/p>\n<p style=\"text-align: left;\"><a href=\"http:\/\/www.susannavaris.com\/blogg\/wp-content\/uploads\/2015\/04\/DSC_0249-adj.jpg\"><img loading=\"lazy\" decoding=\"async\" class=\"aligncenter size-full wp-image-14624\" src=\"http:\/\/www.susannavaris.com\/blogg\/wp-content\/uploads\/2015\/04\/DSC_0249-adj.jpg\" alt=\"DSC_0249-adj\" width=\"1814\" height=\"3462\" srcset=\"http:\/\/www.susannavaris.com\/blogg\/wp-content\/uploads\/2015\/04\/DSC_0249-adj.jpg 1814w, http:\/\/www.susannavaris.com\/blogg\/wp-content\/uploads\/2015\/04\/DSC_0249-adj-157x300.jpg 157w, http:\/\/www.susannavaris.com\/blogg\/wp-content\/uploads\/2015\/04\/DSC_0249-adj-537x1024.jpg 537w\" sizes=\"auto, (max-width: 1814px) 100vw, 1814px\" \/><\/a><\/p>\n<p style=\"text-align: center;\"><a href=\"http:\/\/www.susannavaris.com\/blogg\/wp-content\/uploads\/2015\/04\/DSC_0252.jpg\"><img loading=\"lazy\" decoding=\"async\" class=\"aligncenter size-full wp-image-14621\" src=\"http:\/\/www.susannavaris.com\/blogg\/wp-content\/uploads\/2015\/04\/DSC_0252.jpg\" alt=\"DSC_0252\" width=\"3300\" height=\"2961\" srcset=\"http:\/\/www.susannavaris.com\/blogg\/wp-content\/uploads\/2015\/04\/DSC_0252.jpg 3300w, http:\/\/www.susannavaris.com\/blogg\/wp-content\/uploads\/2015\/04\/DSC_0252-300x269.jpg 300w, http:\/\/www.susannavaris.com\/blogg\/wp-content\/uploads\/2015\/04\/DSC_0252-1024x919.jpg 1024w\" sizes=\"auto, (max-width: 3300px) 100vw, 3300px\" \/><\/a> <a href=\"http:\/\/www.susannavaris.com\/blogg\/wp-content\/uploads\/2015\/04\/DSC_0253.jpg\"><img loading=\"lazy\" decoding=\"async\" class=\"aligncenter size-full wp-image-14622\" src=\"http:\/\/www.susannavaris.com\/blogg\/wp-content\/uploads\/2015\/04\/DSC_0253.jpg\" alt=\"DSC_0253\" width=\"4608\" height=\"3072\" srcset=\"http:\/\/www.susannavaris.com\/blogg\/wp-content\/uploads\/2015\/04\/DSC_0253.jpg 4608w, http:\/\/www.susannavaris.com\/blogg\/wp-content\/uploads\/2015\/04\/DSC_0253-300x200.jpg 300w, http:\/\/www.susannavaris.com\/blogg\/wp-content\/uploads\/2015\/04\/DSC_0253-1024x683.jpg 1024w\" sizes=\"auto, (max-width: 4608px) 100vw, 4608px\" \/><\/a> <a href=\"http:\/\/www.susannavaris.com\/blogg\/wp-content\/uploads\/2015\/04\/DSC_0255.jpg\"><img loading=\"lazy\" decoding=\"async\" class=\"aligncenter size-full wp-image-14623\" src=\"http:\/\/www.susannavaris.com\/blogg\/wp-content\/uploads\/2015\/04\/DSC_0255.jpg\" alt=\"DSC_0255\" width=\"3543\" height=\"3072\" srcset=\"http:\/\/www.susannavaris.com\/blogg\/wp-content\/uploads\/2015\/04\/DSC_0255.jpg 3543w, http:\/\/www.susannavaris.com\/blogg\/wp-content\/uploads\/2015\/04\/DSC_0255-300x260.jpg 300w, http:\/\/www.susannavaris.com\/blogg\/wp-content\/uploads\/2015\/04\/DSC_0255-1024x888.jpg 1024w\" sizes=\"auto, (max-width: 3543px) 100vw, 3543px\" \/><\/a>Ett antal verk av musikern och konstn\u00e4ren Kristian W\u00e5hlin. W\u00e5hlin har varit med i banden <em>Grotesque<\/em> och <em>Liars in Wait<\/em> och m\u00e5lat omslag till hundratals album av bland andra <em>Dissection<\/em>, <em>Bathory<\/em> och <em>King Diamond<\/em>. I W\u00e5hlins verk syns inspiration fr\u00e5n Caspar David Friedrich och Eug\u00e8ne Delacroix.<\/p>\n<p style=\"text-align: center;\"><a href=\"http:\/\/www.susannavaris.com\/blogg\/wp-content\/uploads\/2015\/04\/DSC_0256.jpg\"><img loading=\"lazy\" decoding=\"async\" class=\"aligncenter size-full wp-image-14625\" src=\"http:\/\/www.susannavaris.com\/blogg\/wp-content\/uploads\/2015\/04\/DSC_0256.jpg\" alt=\"DSC_0256\" width=\"4039\" height=\"3067\" srcset=\"http:\/\/www.susannavaris.com\/blogg\/wp-content\/uploads\/2015\/04\/DSC_0256.jpg 4039w, http:\/\/www.susannavaris.com\/blogg\/wp-content\/uploads\/2015\/04\/DSC_0256-300x228.jpg 300w, http:\/\/www.susannavaris.com\/blogg\/wp-content\/uploads\/2015\/04\/DSC_0256-1024x778.jpg 1024w\" sizes=\"auto, (max-width: 4039px) 100vw, 4039px\" \/><\/a><em>Marcus Larsons svulstiga romanticism har, vad det verkar, uppv\u00e4rderats p\u00e5 senare \u00e5r. Under m\u00e5nga \u00e5r har den h\u00e4r slags konst inte riktigt tillh\u00f6rt &#8221;den fina konsten&#8221;; den \u00e4r f\u00f6rest\u00e4llande och dessutom k\u00e4nslom\u00e4ttad och vad man kanske skulle kunna kalla <a href=\"http:\/\/sv.wikipedia.org\/wiki\/Manierism\">manieristisk<\/a>. Virtuos skicklighet och bombastiska k\u00e4nslor som g\u00e4rna g\u00e5r hem i de inte kulturelitistiska stugorna har l\u00e4tt sk\u00e5pat ut sig n\u00e4r den &#8221;fina&#8221; konsten har definierats. P\u00e5 s\u00e5 viss skulle jag kanske vilja r\u00e4kna Larsons m\u00e5leri till lowbrow-traditionen i dagens kontext.<\/em><\/p>\n<p style=\"text-align: center;\"><a href=\"http:\/\/www.susannavaris.com\/blogg\/wp-content\/uploads\/2015\/04\/DSC_0258.jpg\"><img loading=\"lazy\" decoding=\"async\" class=\"aligncenter size-full wp-image-14626\" src=\"http:\/\/www.susannavaris.com\/blogg\/wp-content\/uploads\/2015\/04\/DSC_0258.jpg\" alt=\"DSC_0258\" width=\"4519\" height=\"2647\" srcset=\"http:\/\/www.susannavaris.com\/blogg\/wp-content\/uploads\/2015\/04\/DSC_0258.jpg 4519w, http:\/\/www.susannavaris.com\/blogg\/wp-content\/uploads\/2015\/04\/DSC_0258-300x176.jpg 300w, http:\/\/www.susannavaris.com\/blogg\/wp-content\/uploads\/2015\/04\/DSC_0258-1024x600.jpg 1024w\" sizes=\"auto, (max-width: 4519px) 100vw, 4519px\" \/><\/a><em>Travis Smith &#8211; Opeth\/Blackwater Park <\/em><\/p>\n<p style=\"text-align: center;\"><a href=\"http:\/\/www.susannavaris.com\/blogg\/wp-content\/uploads\/2015\/04\/DSC_0259.jpg\"><img loading=\"lazy\" decoding=\"async\" class=\"aligncenter size-full wp-image-14627\" src=\"http:\/\/www.susannavaris.com\/blogg\/wp-content\/uploads\/2015\/04\/DSC_0259.jpg\" alt=\"DSC_0259\" width=\"3072\" height=\"4608\" srcset=\"http:\/\/www.susannavaris.com\/blogg\/wp-content\/uploads\/2015\/04\/DSC_0259.jpg 3072w, http:\/\/www.susannavaris.com\/blogg\/wp-content\/uploads\/2015\/04\/DSC_0259-200x300.jpg 200w, http:\/\/www.susannavaris.com\/blogg\/wp-content\/uploads\/2015\/04\/DSC_0259-683x1024.jpg 683w\" sizes=\"auto, (max-width: 3072px) 100vw, 3072px\" \/><\/a> <a href=\"http:\/\/www.susannavaris.com\/blogg\/wp-content\/uploads\/2015\/04\/DSC_0261-50.jpg\"><img loading=\"lazy\" decoding=\"async\" class=\"aligncenter size-full wp-image-14628\" src=\"http:\/\/www.susannavaris.com\/blogg\/wp-content\/uploads\/2015\/04\/DSC_0261-50.jpg\" alt=\"DSC_0261-50\" width=\"2304\" height=\"1536\" srcset=\"http:\/\/www.susannavaris.com\/blogg\/wp-content\/uploads\/2015\/04\/DSC_0261-50.jpg 2304w, http:\/\/www.susannavaris.com\/blogg\/wp-content\/uploads\/2015\/04\/DSC_0261-50-300x200.jpg 300w, http:\/\/www.susannavaris.com\/blogg\/wp-content\/uploads\/2015\/04\/DSC_0261-50-1024x683.jpg 1024w\" sizes=\"auto, (max-width: 2304px) 100vw, 2304px\" \/><\/a><em>Knud Andreassen Baade. Baades verk b\u00e4r p\u00e5 en tydlig inspiration fr\u00e5n Caspar David Friedrich.<\/em><\/p>\n<p style=\"text-align: center;\">Exempel p\u00e5 CasparDavid Friedrichs verk:<\/p>\n<p style=\"text-align: center;\"><a href=\"http:\/\/www.susannavaris.com\/blogg\/wp-content\/uploads\/2015\/04\/Caspar-David-Friedrich-The-North-Sea-in-Moonlight-.jpg\"><img loading=\"lazy\" decoding=\"async\" class=\"aligncenter size-full wp-image-14629\" src=\"http:\/\/www.susannavaris.com\/blogg\/wp-content\/uploads\/2015\/04\/Caspar-David-Friedrich-The-North-Sea-in-Moonlight-.jpg\" alt=\"Caspar David Friedrich - The North Sea in Moonlight\" width=\"1024\" height=\"720\" srcset=\"http:\/\/www.susannavaris.com\/blogg\/wp-content\/uploads\/2015\/04\/Caspar-David-Friedrich-The-North-Sea-in-Moonlight-.jpg 1024w, http:\/\/www.susannavaris.com\/blogg\/wp-content\/uploads\/2015\/04\/Caspar-David-Friedrich-The-North-Sea-in-Moonlight--300x211.jpg 300w\" sizes=\"auto, (max-width: 1024px) 100vw, 1024px\" \/><\/a> <a href=\"http:\/\/www.susannavaris.com\/blogg\/wp-content\/uploads\/2015\/04\/caspar_david_friedrich.jpg\"><img loading=\"lazy\" decoding=\"async\" class=\"aligncenter size-full wp-image-14630\" src=\"http:\/\/www.susannavaris.com\/blogg\/wp-content\/uploads\/2015\/04\/caspar_david_friedrich.jpg\" alt=\"caspar_david_friedrich\" width=\"500\" height=\"364\" srcset=\"http:\/\/www.susannavaris.com\/blogg\/wp-content\/uploads\/2015\/04\/caspar_david_friedrich.jpg 500w, http:\/\/www.susannavaris.com\/blogg\/wp-content\/uploads\/2015\/04\/caspar_david_friedrich-300x218.jpg 300w\" sizes=\"auto, (max-width: 500px) 100vw, 500px\" \/><\/a> <a href=\"http:\/\/www.susannavaris.com\/blogg\/wp-content\/uploads\/2015\/04\/Caspar_David_Friedrich_-_Abtei_im_Eichwald_-_Google_Art_Project.jpg\"><img loading=\"lazy\" decoding=\"async\" class=\"aligncenter size-full wp-image-14631\" src=\"http:\/\/www.susannavaris.com\/blogg\/wp-content\/uploads\/2015\/04\/Caspar_David_Friedrich_-_Abtei_im_Eichwald_-_Google_Art_Project.jpg\" alt=\"Caspar_David_Friedrich_-_Abtei_im_Eichwald_-_Google_Art_Project\" width=\"4000\" height=\"2563\" srcset=\"http:\/\/www.susannavaris.com\/blogg\/wp-content\/uploads\/2015\/04\/Caspar_David_Friedrich_-_Abtei_im_Eichwald_-_Google_Art_Project.jpg 4000w, http:\/\/www.susannavaris.com\/blogg\/wp-content\/uploads\/2015\/04\/Caspar_David_Friedrich_-_Abtei_im_Eichwald_-_Google_Art_Project-300x192.jpg 300w, http:\/\/www.susannavaris.com\/blogg\/wp-content\/uploads\/2015\/04\/Caspar_David_Friedrich_-_Abtei_im_Eichwald_-_Google_Art_Project-1024x656.jpg 1024w\" sizes=\"auto, (max-width: 4000px) 100vw, 4000px\" \/><\/a><em>Caspar David Friedrich n\u00e4mndes i utst\u00e4llningstexterna, men tyv\u00e4rr fanns inga av hans verk med i utst\u00e4llningen.<\/em><\/p>\n<p style=\"text-align: center;\"><a href=\"http:\/\/www.susannavaris.com\/blogg\/wp-content\/uploads\/2015\/04\/DSC_0262-50.jpg\"><img loading=\"lazy\" decoding=\"async\" class=\"aligncenter size-full wp-image-14632\" src=\"http:\/\/www.susannavaris.com\/blogg\/wp-content\/uploads\/2015\/04\/DSC_0262-50.jpg\" alt=\"DSC_0262-50\" width=\"1516\" height=\"1372\" srcset=\"http:\/\/www.susannavaris.com\/blogg\/wp-content\/uploads\/2015\/04\/DSC_0262-50.jpg 1516w, http:\/\/www.susannavaris.com\/blogg\/wp-content\/uploads\/2015\/04\/DSC_0262-50-300x272.jpg 300w, http:\/\/www.susannavaris.com\/blogg\/wp-content\/uploads\/2015\/04\/DSC_0262-50-1024x927.jpg 1024w\" sizes=\"auto, (max-width: 1516px) 100vw, 1516px\" \/><\/a> <a href=\"http:\/\/www.susannavaris.com\/blogg\/wp-content\/uploads\/2015\/04\/DSC_0263-50.jpg\"><img loading=\"lazy\" decoding=\"async\" class=\"aligncenter size-full wp-image-14633\" src=\"http:\/\/www.susannavaris.com\/blogg\/wp-content\/uploads\/2015\/04\/DSC_0263-50.jpg\" alt=\"DSC_0263-50\" width=\"1384\" height=\"1379\" srcset=\"http:\/\/www.susannavaris.com\/blogg\/wp-content\/uploads\/2015\/04\/DSC_0263-50.jpg 1384w, http:\/\/www.susannavaris.com\/blogg\/wp-content\/uploads\/2015\/04\/DSC_0263-50-150x150.jpg 150w, http:\/\/www.susannavaris.com\/blogg\/wp-content\/uploads\/2015\/04\/DSC_0263-50-300x300.jpg 300w, http:\/\/www.susannavaris.com\/blogg\/wp-content\/uploads\/2015\/04\/DSC_0263-50-1024x1020.jpg 1024w\" sizes=\"auto, (max-width: 1384px) 100vw, 1384px\" \/><\/a><em>Fler omslag&#8230;<\/em><\/p>\n<p style=\"text-align: center;\"><a href=\"http:\/\/www.susannavaris.com\/blogg\/wp-content\/uploads\/2015\/04\/DSC_0264-50.jpg\"><img loading=\"lazy\" decoding=\"async\" class=\"aligncenter size-full wp-image-14634\" src=\"http:\/\/www.susannavaris.com\/blogg\/wp-content\/uploads\/2015\/04\/DSC_0264-50.jpg\" alt=\"DSC_0264-50\" width=\"1635\" height=\"1190\" srcset=\"http:\/\/www.susannavaris.com\/blogg\/wp-content\/uploads\/2015\/04\/DSC_0264-50.jpg 1635w, http:\/\/www.susannavaris.com\/blogg\/wp-content\/uploads\/2015\/04\/DSC_0264-50-300x218.jpg 300w, http:\/\/www.susannavaris.com\/blogg\/wp-content\/uploads\/2015\/04\/DSC_0264-50-1024x745.jpg 1024w\" sizes=\"auto, (max-width: 1635px) 100vw, 1635px\" \/><\/a><em>Marcus Larson &#8211; Marin med Brinnande \u00c5ngb\u00e5t. Denna m\u00e5lning m\u00e5lade Larson inf\u00f6r publik, under tio timmar, p\u00e5 Lunds studentf\u00f6rening 1859, en fullst\u00e4ndigt spektakul\u00e4r prestation. Att f\u00e5 till den h\u00e4r slags effekter med oljef\u00e4rg \u00e4r skickligt om man m\u00e5lar lager p\u00e5 lager, men att m\u00e5la detta i en enda sittning, s\u00e5 kallad alla prima, \u00e4r h\u00e4pnadsv\u00e4ckande. De stormiga motiven kan p\u00e5 ett s\u00e4tt ses som en allegori av Larsons liv; han var en konstn\u00e4rsvirtuos, mycket popul\u00e4r och firad, tj\u00e4nade en hel del pengar, men dog utblottad i tbc och fick tigga ihop till br\u00f6df\u00f6dan under sina sista \u00e5r. Han var firad, men levde h\u00e5rt och gjorde slut p\u00e5 pengarna i samma takt de kom in.<\/em><\/p>\n<p style=\"text-align: center;\"><a href=\"http:\/\/www.susannavaris.com\/blogg\/wp-content\/uploads\/2015\/04\/DSC_0210-crop.jpg\"><img loading=\"lazy\" decoding=\"async\" class=\"aligncenter size-full wp-image-14635\" src=\"http:\/\/www.susannavaris.com\/blogg\/wp-content\/uploads\/2015\/04\/DSC_0210-crop.jpg\" alt=\"DSC_0210-crop\" width=\"3313\" height=\"2351\" srcset=\"http:\/\/www.susannavaris.com\/blogg\/wp-content\/uploads\/2015\/04\/DSC_0210-crop.jpg 3313w, http:\/\/www.susannavaris.com\/blogg\/wp-content\/uploads\/2015\/04\/DSC_0210-crop-300x213.jpg 300w, http:\/\/www.susannavaris.com\/blogg\/wp-content\/uploads\/2015\/04\/DSC_0210-crop-1024x727.jpg 1024w\" sizes=\"auto, (max-width: 3313px) 100vw, 3313px\" \/><\/a><em>Barry Jackson &#8211; DIO\/The Last in Line<\/em><\/p>\n<p style=\"text-align: center;\"><a href=\"http:\/\/www.susannavaris.com\/blogg\/wp-content\/uploads\/2015\/04\/DSC_0266-50.jpg\"><img loading=\"lazy\" decoding=\"async\" class=\"aligncenter size-full wp-image-14636\" src=\"http:\/\/www.susannavaris.com\/blogg\/wp-content\/uploads\/2015\/04\/DSC_0266-50.jpg\" alt=\"DSC_0266-50\" width=\"2304\" height=\"1536\" srcset=\"http:\/\/www.susannavaris.com\/blogg\/wp-content\/uploads\/2015\/04\/DSC_0266-50.jpg 2304w, http:\/\/www.susannavaris.com\/blogg\/wp-content\/uploads\/2015\/04\/DSC_0266-50-300x200.jpg 300w, http:\/\/www.susannavaris.com\/blogg\/wp-content\/uploads\/2015\/04\/DSC_0266-50-1024x683.jpg 1024w\" sizes=\"auto, (max-width: 2304px) 100vw, 2304px\" \/><\/a><em>Barry Jackson &#8211; DIO\/Holy Diver<\/em><\/p>\n<p style=\"text-align: center;\"><a href=\"http:\/\/www.susannavaris.com\/blogg\/wp-content\/uploads\/2015\/04\/DSC_0267-50.jpg\"><img loading=\"lazy\" decoding=\"async\" class=\"aligncenter size-full wp-image-14637\" src=\"http:\/\/www.susannavaris.com\/blogg\/wp-content\/uploads\/2015\/04\/DSC_0267-50.jpg\" alt=\"DSC_0267-50\" width=\"2075\" height=\"1237\" srcset=\"http:\/\/www.susannavaris.com\/blogg\/wp-content\/uploads\/2015\/04\/DSC_0267-50.jpg 2075w, http:\/\/www.susannavaris.com\/blogg\/wp-content\/uploads\/2015\/04\/DSC_0267-50-300x179.jpg 300w, http:\/\/www.susannavaris.com\/blogg\/wp-content\/uploads\/2015\/04\/DSC_0267-50-1024x610.jpg 1024w\" sizes=\"auto, (max-width: 2075px) 100vw, 2075px\" \/><\/a><em>Scener fr\u00e5n spelv\u00e4rlden fanns representerade&#8230;<\/em><\/p>\n<p style=\"text-align: center;\"><a href=\"http:\/\/www.susannavaris.com\/blogg\/wp-content\/uploads\/2015\/04\/DSC_0270-50.jpg\"><img loading=\"lazy\" decoding=\"async\" class=\"aligncenter size-full wp-image-14638\" src=\"http:\/\/www.susannavaris.com\/blogg\/wp-content\/uploads\/2015\/04\/DSC_0270-50.jpg\" alt=\"DSC_0270-50\" width=\"2080\" height=\"1453\" srcset=\"http:\/\/www.susannavaris.com\/blogg\/wp-content\/uploads\/2015\/04\/DSC_0270-50.jpg 2080w, http:\/\/www.susannavaris.com\/blogg\/wp-content\/uploads\/2015\/04\/DSC_0270-50-300x210.jpg 300w, http:\/\/www.susannavaris.com\/blogg\/wp-content\/uploads\/2015\/04\/DSC_0270-50-1024x715.jpg 1024w\" sizes=\"auto, (max-width: 2080px) 100vw, 2080px\" \/><\/a><em>En av mina favoriter p\u00e5 utst\u00e4llningen: Arnold B\u00f6cklin &#8211; D\u00f6dens \u00d6. Detta verk ska ha h\u00e4ngt ovanf\u00f6r prins Eugens s\u00e4ng p\u00e5 Waldemarsudde.<\/em><\/p>\n<p style=\"text-align: center;\"><a href=\"http:\/\/www.susannavaris.com\/blogg\/wp-content\/uploads\/2015\/04\/DSC_0272-50.jpg\"><img loading=\"lazy\" decoding=\"async\" class=\"aligncenter size-full wp-image-14639\" src=\"http:\/\/www.susannavaris.com\/blogg\/wp-content\/uploads\/2015\/04\/DSC_0272-50.jpg\" alt=\"DSC_0272-50\" width=\"1513\" height=\"1970\" srcset=\"http:\/\/www.susannavaris.com\/blogg\/wp-content\/uploads\/2015\/04\/DSC_0272-50.jpg 1513w, http:\/\/www.susannavaris.com\/blogg\/wp-content\/uploads\/2015\/04\/DSC_0272-50-230x300.jpg 230w, http:\/\/www.susannavaris.com\/blogg\/wp-content\/uploads\/2015\/04\/DSC_0272-50-786x1024.jpg 786w\" sizes=\"auto, (max-width: 1513px) 100vw, 1513px\" \/><\/a><em>Carl Gustaf Hellqvist &#8211; Kung Ludvig XI i sin Lustg\u00e5rd<\/em><\/p>\n<p style=\"text-align: center;\"><a href=\"http:\/\/www.susannavaris.com\/blogg\/wp-content\/uploads\/2015\/04\/DSC_0274-50.jpg\"><img loading=\"lazy\" decoding=\"async\" class=\"aligncenter size-full wp-image-14640\" src=\"http:\/\/www.susannavaris.com\/blogg\/wp-content\/uploads\/2015\/04\/DSC_0274-50.jpg\" alt=\"DSC_0274-50\" width=\"1404\" height=\"1617\" srcset=\"http:\/\/www.susannavaris.com\/blogg\/wp-content\/uploads\/2015\/04\/DSC_0274-50.jpg 1404w, http:\/\/www.susannavaris.com\/blogg\/wp-content\/uploads\/2015\/04\/DSC_0274-50-260x300.jpg 260w, http:\/\/www.susannavaris.com\/blogg\/wp-content\/uploads\/2015\/04\/DSC_0274-50-889x1024.jpg 889w\" sizes=\"auto, (max-width: 1404px) 100vw, 1404px\" \/><\/a><em>Marcus Larson<\/em><\/p>\n<p style=\"text-align: center;\"><a href=\"http:\/\/www.susannavaris.com\/blogg\/wp-content\/uploads\/2015\/04\/DSC_0276-50.jpg\"><img loading=\"lazy\" decoding=\"async\" class=\"aligncenter size-full wp-image-14641\" src=\"http:\/\/www.susannavaris.com\/blogg\/wp-content\/uploads\/2015\/04\/DSC_0276-50.jpg\" alt=\"DSC_0276-50\" width=\"2304\" height=\"1536\" srcset=\"http:\/\/www.susannavaris.com\/blogg\/wp-content\/uploads\/2015\/04\/DSC_0276-50.jpg 2304w, http:\/\/www.susannavaris.com\/blogg\/wp-content\/uploads\/2015\/04\/DSC_0276-50-300x200.jpg 300w, http:\/\/www.susannavaris.com\/blogg\/wp-content\/uploads\/2015\/04\/DSC_0276-50-1024x683.jpg 1024w\" sizes=\"auto, (max-width: 2304px) 100vw, 2304px\" \/><\/a> <a href=\"http:\/\/www.susannavaris.com\/blogg\/wp-content\/uploads\/2015\/04\/DSC_0277-50.jpg\"><img loading=\"lazy\" decoding=\"async\" class=\"aligncenter size-full wp-image-14642\" src=\"http:\/\/www.susannavaris.com\/blogg\/wp-content\/uploads\/2015\/04\/DSC_0277-50.jpg\" alt=\"DSC_0277-50\" width=\"1453\" height=\"1382\" srcset=\"http:\/\/www.susannavaris.com\/blogg\/wp-content\/uploads\/2015\/04\/DSC_0277-50.jpg 1453w, http:\/\/www.susannavaris.com\/blogg\/wp-content\/uploads\/2015\/04\/DSC_0277-50-300x285.jpg 300w, http:\/\/www.susannavaris.com\/blogg\/wp-content\/uploads\/2015\/04\/DSC_0277-50-1024x974.jpg 1024w\" sizes=\"auto, (max-width: 1453px) 100vw, 1453px\" \/><\/a> <a href=\"http:\/\/www.susannavaris.com\/blogg\/wp-content\/uploads\/2015\/04\/DSC_0278-50.jpg\"><img loading=\"lazy\" decoding=\"async\" class=\"aligncenter size-full wp-image-14643\" src=\"http:\/\/www.susannavaris.com\/blogg\/wp-content\/uploads\/2015\/04\/DSC_0278-50.jpg\" alt=\"DSC_0278-50\" width=\"1420\" height=\"1359\" srcset=\"http:\/\/www.susannavaris.com\/blogg\/wp-content\/uploads\/2015\/04\/DSC_0278-50.jpg 1420w, http:\/\/www.susannavaris.com\/blogg\/wp-content\/uploads\/2015\/04\/DSC_0278-50-300x287.jpg 300w, http:\/\/www.susannavaris.com\/blogg\/wp-content\/uploads\/2015\/04\/DSC_0278-50-1024x980.jpg 1024w\" sizes=\"auto, (max-width: 1420px) 100vw, 1420px\" \/><\/a><em>Dan Seagrave &#8211; Entombed\/Letf Hand Path<\/em><\/p>\n<p style=\"text-align: center;\"><a href=\"http:\/\/www.susannavaris.com\/blogg\/wp-content\/uploads\/2015\/04\/DSC_0279-50.jpg\"><img loading=\"lazy\" decoding=\"async\" class=\"aligncenter size-full wp-image-14644\" src=\"http:\/\/www.susannavaris.com\/blogg\/wp-content\/uploads\/2015\/04\/DSC_0279-50.jpg\" alt=\"DSC_0279-50\" width=\"1701\" height=\"990\" srcset=\"http:\/\/www.susannavaris.com\/blogg\/wp-content\/uploads\/2015\/04\/DSC_0279-50.jpg 1701w, http:\/\/www.susannavaris.com\/blogg\/wp-content\/uploads\/2015\/04\/DSC_0279-50-300x175.jpg 300w, http:\/\/www.susannavaris.com\/blogg\/wp-content\/uploads\/2015\/04\/DSC_0279-50-1024x596.jpg 1024w\" sizes=\"auto, (max-width: 1701px) 100vw, 1701px\" \/><\/a><a href=\"http:\/\/www.susannavaris.com\/blogg\/wp-content\/uploads\/2015\/04\/WP_20150419_13_18_43_Pro-crop.jpg\"><img loading=\"lazy\" decoding=\"async\" class=\"aligncenter size-full wp-image-14645\" src=\"http:\/\/www.susannavaris.com\/blogg\/wp-content\/uploads\/2015\/04\/WP_20150419_13_18_43_Pro-crop.jpg\" alt=\"WP_20150419_13_18_43_Pro-crop\" width=\"1192\" height=\"655\" srcset=\"http:\/\/www.susannavaris.com\/blogg\/wp-content\/uploads\/2015\/04\/WP_20150419_13_18_43_Pro-crop.jpg 1192w, http:\/\/www.susannavaris.com\/blogg\/wp-content\/uploads\/2015\/04\/WP_20150419_13_18_43_Pro-crop-300x165.jpg 300w, http:\/\/www.susannavaris.com\/blogg\/wp-content\/uploads\/2015\/04\/WP_20150419_13_18_43_Pro-crop-1024x563.jpg 1024w\" sizes=\"auto, (max-width: 1192px) 100vw, 1192px\" \/><\/a><em>Den klassiska bilden till Black Sabbaths sj\u00e4lvbetitlade debutalbum.<\/em><\/p>\n<p style=\"text-align: center;\"><a href=\"http:\/\/www.susannavaris.com\/blogg\/wp-content\/uploads\/2015\/04\/DSC_0280-50.jpg\"><img loading=\"lazy\" decoding=\"async\" class=\"aligncenter size-full wp-image-14646\" src=\"http:\/\/www.susannavaris.com\/blogg\/wp-content\/uploads\/2015\/04\/DSC_0280-50.jpg\" alt=\"DSC_0280-50\" width=\"2304\" height=\"1536\" srcset=\"http:\/\/www.susannavaris.com\/blogg\/wp-content\/uploads\/2015\/04\/DSC_0280-50.jpg 2304w, http:\/\/www.susannavaris.com\/blogg\/wp-content\/uploads\/2015\/04\/DSC_0280-50-300x200.jpg 300w, http:\/\/www.susannavaris.com\/blogg\/wp-content\/uploads\/2015\/04\/DSC_0280-50-1024x683.jpg 1024w\" sizes=\"auto, (max-width: 2304px) 100vw, 2304px\" \/><\/a> <a href=\"http:\/\/www.susannavaris.com\/blogg\/wp-content\/uploads\/2015\/04\/DSC_0281-50.jpg\"><img loading=\"lazy\" decoding=\"async\" class=\"aligncenter size-full wp-image-14647\" src=\"http:\/\/www.susannavaris.com\/blogg\/wp-content\/uploads\/2015\/04\/DSC_0281-50.jpg\" alt=\"DSC_0281-50\" width=\"2304\" height=\"1536\" srcset=\"http:\/\/www.susannavaris.com\/blogg\/wp-content\/uploads\/2015\/04\/DSC_0281-50.jpg 2304w, http:\/\/www.susannavaris.com\/blogg\/wp-content\/uploads\/2015\/04\/DSC_0281-50-300x200.jpg 300w, http:\/\/www.susannavaris.com\/blogg\/wp-content\/uploads\/2015\/04\/DSC_0281-50-1024x683.jpg 1024w\" sizes=\"auto, (max-width: 2304px) 100vw, 2304px\" \/><\/a><em>Ute p\u00e5 takterrassen fann vi bland annat detta verk: Marja-Leena Sillanp\u00e4\u00e4 &#8211; Ernst Josephssons V\u00e4nstra och H\u00f6gra Medicin och Helene Schjerfbecks V\u00e4nstra och H\u00f6gra Sko.<\/em><\/p>\n<p style=\"text-align: center;\">Efter en god lunch i mus\u00e9ets restaurang styrde vi kosan mot n\u00e4sta m\u00e5l i dagens kulturella program, utst\u00e4llningen <em>Ett S\u00e5rat Universum<\/em> med verk av Andrej Zverev och musik av Rikard Borgg\u00e5rd p\u00e5 Teater Giljotin:<\/p>\n<p style=\"text-align: center;\"><a href=\"http:\/\/www.susannavaris.com\/blogg\/wp-content\/uploads\/2015\/04\/ett-sarat-universum.jpg\"><img loading=\"lazy\" decoding=\"async\" class=\"aligncenter size-full wp-image-14648\" src=\"http:\/\/www.susannavaris.com\/blogg\/wp-content\/uploads\/2015\/04\/ett-sarat-universum.jpg\" alt=\"ett sarat universum\" width=\"745\" height=\"960\" srcset=\"http:\/\/www.susannavaris.com\/blogg\/wp-content\/uploads\/2015\/04\/ett-sarat-universum.jpg 745w, http:\/\/www.susannavaris.com\/blogg\/wp-content\/uploads\/2015\/04\/ett-sarat-universum-233x300.jpg 233w\" sizes=\"auto, (max-width: 745px) 100vw, 745px\" \/><\/a><a href=\"http:\/\/www.susannavaris.com\/blogg\/wp-content\/uploads\/2015\/04\/DSC_0284-50.jpg\"><img loading=\"lazy\" decoding=\"async\" class=\"aligncenter size-full wp-image-14649\" src=\"http:\/\/www.susannavaris.com\/blogg\/wp-content\/uploads\/2015\/04\/DSC_0284-50.jpg\" alt=\"DSC_0284-50\" width=\"2304\" height=\"1536\" srcset=\"http:\/\/www.susannavaris.com\/blogg\/wp-content\/uploads\/2015\/04\/DSC_0284-50.jpg 2304w, http:\/\/www.susannavaris.com\/blogg\/wp-content\/uploads\/2015\/04\/DSC_0284-50-300x200.jpg 300w, http:\/\/www.susannavaris.com\/blogg\/wp-content\/uploads\/2015\/04\/DSC_0284-50-1024x683.jpg 1024w\" sizes=\"auto, (max-width: 2304px) 100vw, 2304px\" \/><\/a><em>Andrej Zverev<\/em><\/p>\n<p style=\"text-align: center;\"><a href=\"http:\/\/www.susannavaris.com\/blogg\/wp-content\/uploads\/2015\/04\/DSC_0285-50.jpg\"><img loading=\"lazy\" decoding=\"async\" class=\"aligncenter size-full wp-image-14650\" src=\"http:\/\/www.susannavaris.com\/blogg\/wp-content\/uploads\/2015\/04\/DSC_0285-50.jpg\" alt=\"DSC_0285-50\" width=\"1536\" height=\"2304\" srcset=\"http:\/\/www.susannavaris.com\/blogg\/wp-content\/uploads\/2015\/04\/DSC_0285-50.jpg 1536w, http:\/\/www.susannavaris.com\/blogg\/wp-content\/uploads\/2015\/04\/DSC_0285-50-200x300.jpg 200w, http:\/\/www.susannavaris.com\/blogg\/wp-content\/uploads\/2015\/04\/DSC_0285-50-683x1024.jpg 683w\" sizes=\"auto, (max-width: 1536px) 100vw, 1536px\" \/><\/a> <a href=\"http:\/\/www.susannavaris.com\/blogg\/wp-content\/uploads\/2015\/04\/DSC_0286-50.jpg\"><img loading=\"lazy\" decoding=\"async\" class=\"aligncenter size-full wp-image-14651\" src=\"http:\/\/www.susannavaris.com\/blogg\/wp-content\/uploads\/2015\/04\/DSC_0286-50.jpg\" alt=\"DSC_0286-50\" width=\"1502\" height=\"2160\" srcset=\"http:\/\/www.susannavaris.com\/blogg\/wp-content\/uploads\/2015\/04\/DSC_0286-50.jpg 1502w, http:\/\/www.susannavaris.com\/blogg\/wp-content\/uploads\/2015\/04\/DSC_0286-50-209x300.jpg 209w, http:\/\/www.susannavaris.com\/blogg\/wp-content\/uploads\/2015\/04\/DSC_0286-50-712x1024.jpg 712w\" sizes=\"auto, (max-width: 1502px) 100vw, 1502px\" \/><\/a> <a href=\"http:\/\/www.susannavaris.com\/blogg\/wp-content\/uploads\/2015\/04\/DSC_0288-50.jpg\"><img loading=\"lazy\" decoding=\"async\" class=\"aligncenter size-full wp-image-14652\" src=\"http:\/\/www.susannavaris.com\/blogg\/wp-content\/uploads\/2015\/04\/DSC_0288-50.jpg\" alt=\"DSC_0288-50\" width=\"2304\" height=\"1536\" srcset=\"http:\/\/www.susannavaris.com\/blogg\/wp-content\/uploads\/2015\/04\/DSC_0288-50.jpg 2304w, http:\/\/www.susannavaris.com\/blogg\/wp-content\/uploads\/2015\/04\/DSC_0288-50-300x200.jpg 300w, http:\/\/www.susannavaris.com\/blogg\/wp-content\/uploads\/2015\/04\/DSC_0288-50-1024x683.jpg 1024w\" sizes=\"auto, (max-width: 2304px) 100vw, 2304px\" \/><\/a> <a href=\"http:\/\/www.susannavaris.com\/blogg\/wp-content\/uploads\/2015\/04\/DSC_0289-50.jpg\"><img loading=\"lazy\" decoding=\"async\" class=\"aligncenter size-full wp-image-14653\" src=\"http:\/\/www.susannavaris.com\/blogg\/wp-content\/uploads\/2015\/04\/DSC_0289-50.jpg\" alt=\"DSC_0289-50\" width=\"1339\" height=\"1739\" srcset=\"http:\/\/www.susannavaris.com\/blogg\/wp-content\/uploads\/2015\/04\/DSC_0289-50.jpg 1339w, http:\/\/www.susannavaris.com\/blogg\/wp-content\/uploads\/2015\/04\/DSC_0289-50-231x300.jpg 231w, http:\/\/www.susannavaris.com\/blogg\/wp-content\/uploads\/2015\/04\/DSC_0289-50-788x1024.jpg 788w\" sizes=\"auto, (max-width: 1339px) 100vw, 1339px\" \/><\/a><em>Utst\u00e4llningen var mycket suggestiv och de fysiska objekten, starka nog i sig sj\u00e4lva, gavs ytterligare kraft av Borgg\u00e5rds ljudinstallation och ljuss\u00e4ttningen. \u00c4ven doften fr\u00e5n den f\u00e4rska myllan i det p\u00e5 golvet placerade verket blev en ingrediens i upplevelsen. Onekligen en mycket speciell f\u00f6rest\u00e4llning. <\/em><\/p>\n<p style=\"text-align: center;\">\n","protected":false},"excerpt":{"rendered":"<p>Dagen har g\u00e5tt i kulturens tecken. Som en radikal kontrast till den obarmh\u00e4rtigt skarpa v\u00e5rsolen ute har vi v\u00e4ltrat oss i skr\u00e4ckromantiska landskap och vandrat runt i ett s\u00e5rat universum. F\u00f6rsta m\u00e5let f\u00f6r dagen var utst\u00e4llningen Skr\u00e4ckromantikens Landskap, som jag &hellip; <a href=\"http:\/\/www.susannavaris.com\/blogg\/2015\/04\/skrackromantikens-landskap-och-ett-sarat-universum\/\">Forts\u00e4tt l\u00e4sa <span class=\"meta-nav\">&rarr;<\/span><\/a><\/p>\n","protected":false},"author":1,"featured_media":0,"comment_status":"open","ping_status":"open","sticky":false,"template":"","format":"standard","meta":{"footnotes":""},"categories":[13,3,1162,415,994,1,1611,4],"tags":[4731,713,4727,4729,3494,3683,4726,458,4721,4723,4737,4728,4722,4718,4905,1159,1154,4741,4733,4736,4725,4907,4724,4714,4720,1426,4739,4735,4732,4719,4716,4715,4921,4713,328,4712,4717,4738,4740,4730,4734],"class_list":["post-14617","post","type-post","status-publish","format-standard","hentry","category-inspiration","category-konst","category-kultur","category-lowbrow","category-musik","category-okategoriserade","category-skrackkonst","category-utstallning","tag-amon-amarth","tag-andrej-zverev","tag-arnold-bocklin","tag-barry-jackson","tag-bathory","tag-black-sabbath","tag-carl-gustaf-hellqvist","tag-caspar-david-friedrich","tag-dan-seagrave","tag-dio","tag-dissection","tag-dodens-o","tag-entombed","tag-ett-sarat-universum","tag-goth","tag-gotik","tag-hardrock","tag-jorn-the-gathering","tag-knud-andreassen-baade","tag-kristian-wahlin","tag-larry-carroll","tag-lowbrow","tag-marcus-keef","tag-marcus-larson","tag-marja-leena-sillanpaa","tag-metal","tag-nocturnal","tag-opeth","tag-randy-berret","tag-rikard-borggard","tag-romanticism","tag-romantik","tag-skrackkonst","tag-skrackromantikens-landskap","tag-slayer","tag-sven-harrys-konstmuseum","tag-teater-giljotin","tag-the-black-dahlia-murder","tag-thomas-ewerhard","tag-tom-thiel","tag-travis-smith"],"_links":{"self":[{"href":"http:\/\/www.susannavaris.com\/blogg\/wp-json\/wp\/v2\/posts\/14617","targetHints":{"allow":["GET"]}}],"collection":[{"href":"http:\/\/www.susannavaris.com\/blogg\/wp-json\/wp\/v2\/posts"}],"about":[{"href":"http:\/\/www.susannavaris.com\/blogg\/wp-json\/wp\/v2\/types\/post"}],"author":[{"embeddable":true,"href":"http:\/\/www.susannavaris.com\/blogg\/wp-json\/wp\/v2\/users\/1"}],"replies":[{"embeddable":true,"href":"http:\/\/www.susannavaris.com\/blogg\/wp-json\/wp\/v2\/comments?post=14617"}],"version-history":[{"count":2,"href":"http:\/\/www.susannavaris.com\/blogg\/wp-json\/wp\/v2\/posts\/14617\/revisions"}],"predecessor-version":[{"id":14655,"href":"http:\/\/www.susannavaris.com\/blogg\/wp-json\/wp\/v2\/posts\/14617\/revisions\/14655"}],"wp:attachment":[{"href":"http:\/\/www.susannavaris.com\/blogg\/wp-json\/wp\/v2\/media?parent=14617"}],"wp:term":[{"taxonomy":"category","embeddable":true,"href":"http:\/\/www.susannavaris.com\/blogg\/wp-json\/wp\/v2\/categories?post=14617"},{"taxonomy":"post_tag","embeddable":true,"href":"http:\/\/www.susannavaris.com\/blogg\/wp-json\/wp\/v2\/tags?post=14617"}],"curies":[{"name":"wp","href":"https:\/\/api.w.org\/{rel}","templated":true}]}}