{"id":14657,"date":"2015-04-23T10:31:24","date_gmt":"2015-04-23T08:31:24","guid":{"rendered":"http:\/\/www.susannavaris.com\/blogg\/?p=14657"},"modified":"2015-04-23T13:54:06","modified_gmt":"2015-04-23T11:54:06","slug":"funderingar-kring-vuxna-skolgardsmobbare","status":"publish","type":"post","link":"http:\/\/www.susannavaris.com\/blogg\/2015\/04\/funderingar-kring-vuxna-skolgardsmobbare\/","title":{"rendered":"Funderingar kring vuxna skolg\u00e5rdsmobbare"},"content":{"rendered":"<p>Det \u00e4r inte ofta man r\u00e5kar ut f\u00f6r dem i vuxenlivet, \u00e5tminstone har inte jag gjort det. Mobbarna. M\u00e4nniskor som av n\u00e5gon outgrundlig anledning har behov av att trycka ner andra med metoder l\u00e5ngt under b\u00e4ltet. Det beteendet minns jag mest fr\u00e5n tuffa tjejg\u00e4nget p\u00e5 skolg\u00e5rden, som f\u00f6r att maskera sin egen os\u00e4kerhet beh\u00f6vde n\u00e5gon annan att utse till hackkyckling och blickf\u00e5ng. I tjejvarianten handlar det oftast om en subtil, mental psykning, medans killarna mest sl\u00e5ss, inbillar jag mig. Det \u00e4r d\u00e4rf\u00f6r en extra m\u00e4rklig k\u00e4nsla n\u00e4r individen som h\u00e4nfaller \u00e5t ett s\u00e5dant beteende \u00e4r en medel\u00e5lders karl p\u00e5 n\u00e4rmare tv\u00e5 meter. Det \u00e4r fascinerande och samtidigt outh\u00e4rdligt patetiskt. Om man inte p\u00e5 snart ett halvt sekel har hittat n\u00e5gonting som man kan h\u00e4vda sig b\u00e4ttre med i sociala sammanhang, eller gentemot sina rivaler, \u00e4n att syssla med tjejig mobbning och att dra fram of\u00f6rdelaktiga historier om andra f\u00f6r att f\u00f6rs\u00f6ka framst\u00e5 som lite b\u00e4ttre sj\u00e4lv s\u00e5 \u00e4r det inget annat \u00e4n sorgligt. Kanske handlar det om f\u00f6r f\u00e5 leksaker som barn, att m\u00f6ssan var f\u00f6r tr\u00e5ng, att f\u00f6r\u00e4ldrarna sket i en och skickade iv\u00e4g en till internat, eller om miljoner andra saker. En individ som en s\u00e5dan lider med allra st\u00f6rsta s\u00e4kerhet av mycket d\u00e5ligt sj\u00e4lvf\u00f6rtroende och skulle mest beh\u00f6va hj\u00e4lp f\u00f6r att bearbeta detta. Finns det skolkuratorer f\u00f6r medel\u00e5lders m\u00e4stermobbare? Det kan inte vara h\u00e4lsosamt att g\u00e5 runt och beh\u00f6va sprida ett s\u00e5dant gift omkring sig.<\/p>\n","protected":false},"excerpt":{"rendered":"<p>Det \u00e4r inte ofta man r\u00e5kar ut f\u00f6r dem i vuxenlivet, \u00e5tminstone har inte jag gjort det. Mobbarna. M\u00e4nniskor som av n\u00e5gon outgrundlig anledning har behov av att trycka ner andra med metoder l\u00e5ngt under b\u00e4ltet. Det beteendet minns jag &hellip; <a href=\"http:\/\/www.susannavaris.com\/blogg\/2015\/04\/funderingar-kring-vuxna-skolgardsmobbare\/\">Forts\u00e4tt l\u00e4sa <span class=\"meta-nav\">&rarr;<\/span><\/a><\/p>\n","protected":false},"author":1,"featured_media":0,"comment_status":"open","ping_status":"open","sticky":false,"template":"","format":"standard","meta":{"footnotes":""},"categories":[1],"tags":[3095,4742,4099,4743],"class_list":["post-14657","post","type-post","status-publish","format-standard","hentry","category-okategoriserade","tag-mobbning","tag-skolgardsmobbare","tag-trakasserier","tag-vuxenbobbning"],"_links":{"self":[{"href":"http:\/\/www.susannavaris.com\/blogg\/wp-json\/wp\/v2\/posts\/14657","targetHints":{"allow":["GET"]}}],"collection":[{"href":"http:\/\/www.susannavaris.com\/blogg\/wp-json\/wp\/v2\/posts"}],"about":[{"href":"http:\/\/www.susannavaris.com\/blogg\/wp-json\/wp\/v2\/types\/post"}],"author":[{"embeddable":true,"href":"http:\/\/www.susannavaris.com\/blogg\/wp-json\/wp\/v2\/users\/1"}],"replies":[{"embeddable":true,"href":"http:\/\/www.susannavaris.com\/blogg\/wp-json\/wp\/v2\/comments?post=14657"}],"version-history":[{"count":2,"href":"http:\/\/www.susannavaris.com\/blogg\/wp-json\/wp\/v2\/posts\/14657\/revisions"}],"predecessor-version":[{"id":14665,"href":"http:\/\/www.susannavaris.com\/blogg\/wp-json\/wp\/v2\/posts\/14657\/revisions\/14665"}],"wp:attachment":[{"href":"http:\/\/www.susannavaris.com\/blogg\/wp-json\/wp\/v2\/media?parent=14657"}],"wp:term":[{"taxonomy":"category","embeddable":true,"href":"http:\/\/www.susannavaris.com\/blogg\/wp-json\/wp\/v2\/categories?post=14657"},{"taxonomy":"post_tag","embeddable":true,"href":"http:\/\/www.susannavaris.com\/blogg\/wp-json\/wp\/v2\/tags?post=14657"}],"curies":[{"name":"wp","href":"https:\/\/api.w.org\/{rel}","templated":true}]}}