{"id":14675,"date":"2015-04-28T17:37:16","date_gmt":"2015-04-28T15:37:16","guid":{"rendered":"http:\/\/www.susannavaris.com\/blogg\/?p=14675"},"modified":"2015-04-28T17:37:16","modified_gmt":"2015-04-28T15:37:16","slug":"pausbild","status":"publish","type":"post","link":"http:\/\/www.susannavaris.com\/blogg\/2015\/04\/pausbild\/","title":{"rendered":"Pausbild"},"content":{"rendered":"<p>Vackra m\u00e4nniskor bem\u00f6ts b\u00e4ttre och f\u00f6rknippas med goda kvaliteter, det motsatta g\u00e4ller f\u00f6rst\u00e5s fula m\u00e4nniskor. Det finns forskning, som jag inte ids leta fram p\u00e5 detta. Drabbad av den stora tr\u00f6ttheten, aka omst\u00e4llning mellan halvnattsjobb och dagjobb, ids jag heller inte blogga mer avancerade saker den h\u00e4r g\u00e5ngen \u00e4n denna pausbild hittad p\u00e5 Facebook:<\/p>\n<p><a href=\"http:\/\/www.susannavaris.com\/blogg\/wp-content\/uploads\/2015\/04\/utseende.jpg\"><img loading=\"lazy\" decoding=\"async\" class=\"aligncenter size-full wp-image-14676\" src=\"http:\/\/www.susannavaris.com\/blogg\/wp-content\/uploads\/2015\/04\/utseende.jpg\" alt=\"utseende\" width=\"500\" height=\"571\" srcset=\"http:\/\/www.susannavaris.com\/blogg\/wp-content\/uploads\/2015\/04\/utseende.jpg 500w, http:\/\/www.susannavaris.com\/blogg\/wp-content\/uploads\/2015\/04\/utseende-263x300.jpg 263w\" sizes=\"auto, (max-width: 500px) 100vw, 500px\" \/><\/a><\/p>\n<p>Diskutera g\u00e4rna i grupper.<\/p>\n<p>Jag \u00e4r inte bara tr\u00f6tt fysiskt, men jag kan inte f\u00f6r tillf\u00e4llet uppbringa n\u00e5gon som helst intresse f\u00f6r den samtida galenskapen i form av identitetspolitik, feminism och \u00e5siktskorridor. Jag blir bara deprimerad. M\u00e5nga andra bloggar bevakar dessutom f\u00e4ltet fr\u00e5n s\u00e5 olika vinklar och med s\u00e5dan m\u00e5ngfald att jag oftast inte k\u00e4nner att jag har mera att till\u00e4gga. Dessutom har jag en ny utst\u00e4llning med medf\u00f6ljande krav p\u00e5 nya verk att skapa framf\u00f6r mig. \u00c5terkommer till dessa teman n\u00e4r jag har n\u00e5got att s\u00e4ga (och ork att g\u00f6ra det). Tack alla som h\u00e4ngt kvar under alla \u00e5ren och jag hoppas att ni forts\u00e4tter att kika in h\u00e4r d\u00e5 och d\u00e5.<\/p>\n","protected":false},"excerpt":{"rendered":"<p>Vackra m\u00e4nniskor bem\u00f6ts b\u00e4ttre och f\u00f6rknippas med goda kvaliteter, det motsatta g\u00e4ller f\u00f6rst\u00e5s fula m\u00e4nniskor. Det finns forskning, som jag inte ids leta fram p\u00e5 detta. Drabbad av den stora tr\u00f6ttheten, aka omst\u00e4llning mellan halvnattsjobb och dagjobb, ids jag heller &hellip; <a href=\"http:\/\/www.susannavaris.com\/blogg\/2015\/04\/pausbild\/\">Forts\u00e4tt l\u00e4sa <span class=\"meta-nav\">&rarr;<\/span><\/a><\/p>\n","protected":false},"author":1,"featured_media":0,"comment_status":"open","ping_status":"open","sticky":false,"template":"","format":"standard","meta":{"footnotes":""},"categories":[589,1],"tags":[2497,3792,3405],"class_list":["post-14675","post","type-post","status-publish","format-standard","hentry","category-medier","category-okategoriserade","tag-normer","tag-socialpsykologi","tag-utseende"],"_links":{"self":[{"href":"http:\/\/www.susannavaris.com\/blogg\/wp-json\/wp\/v2\/posts\/14675","targetHints":{"allow":["GET"]}}],"collection":[{"href":"http:\/\/www.susannavaris.com\/blogg\/wp-json\/wp\/v2\/posts"}],"about":[{"href":"http:\/\/www.susannavaris.com\/blogg\/wp-json\/wp\/v2\/types\/post"}],"author":[{"embeddable":true,"href":"http:\/\/www.susannavaris.com\/blogg\/wp-json\/wp\/v2\/users\/1"}],"replies":[{"embeddable":true,"href":"http:\/\/www.susannavaris.com\/blogg\/wp-json\/wp\/v2\/comments?post=14675"}],"version-history":[{"count":1,"href":"http:\/\/www.susannavaris.com\/blogg\/wp-json\/wp\/v2\/posts\/14675\/revisions"}],"predecessor-version":[{"id":14677,"href":"http:\/\/www.susannavaris.com\/blogg\/wp-json\/wp\/v2\/posts\/14675\/revisions\/14677"}],"wp:attachment":[{"href":"http:\/\/www.susannavaris.com\/blogg\/wp-json\/wp\/v2\/media?parent=14675"}],"wp:term":[{"taxonomy":"category","embeddable":true,"href":"http:\/\/www.susannavaris.com\/blogg\/wp-json\/wp\/v2\/categories?post=14675"},{"taxonomy":"post_tag","embeddable":true,"href":"http:\/\/www.susannavaris.com\/blogg\/wp-json\/wp\/v2\/tags?post=14675"}],"curies":[{"name":"wp","href":"https:\/\/api.w.org\/{rel}","templated":true}]}}