{"id":14739,"date":"2015-05-12T01:06:27","date_gmt":"2015-05-11T23:06:27","guid":{"rendered":"http:\/\/www.susannavaris.com\/blogg\/?p=14739"},"modified":"2015-05-12T01:06:27","modified_gmt":"2015-05-11T23:06:27","slug":"gnallet-pagar-fortfarande","status":"publish","type":"post","link":"http:\/\/www.susannavaris.com\/blogg\/2015\/05\/gnallet-pagar-fortfarande\/","title":{"rendered":"Gn\u00e4llet p\u00e5g\u00e5r fortfarande"},"content":{"rendered":"<p style=\"text-align: center;\"><a href=\"http:\/\/www.susannavaris.com\/blogg\/wp-content\/uploads\/2015\/05\/exhib.jpg\"><img loading=\"lazy\" decoding=\"async\" class=\"aligncenter size-full wp-image-14741\" src=\"http:\/\/www.susannavaris.com\/blogg\/wp-content\/uploads\/2015\/05\/exhib.jpg\" alt=\"exhib\" width=\"276\" height=\"183\" \/><\/a><em>F\u00f6rtrycket \u00e4r fortfarande massivt&#8230;<\/em><\/p>\n<p>&#8230;bland DN:s feministiska kolumnist- och skribentkader. Jag r\u00e5kade tyv\u00e4rr l\u00e4sa senaste\u00a0 <a href=\"http:\/\/www.dn.se\/kultur-noje\/kronikor\/catia-hultquist-nar-nagon-sager-sexpack-kommer-de-aterigen-att-mena-ol-inget-annat\/\">alstret <\/a>fr\u00e5n Catia Hulquist. Det slentrianm\u00e4ssiga mansf\u00f6raktet har \u00e5ter genererat klirr i kassan f\u00f6r skribenten. Hulquist tycker illa om tanken att m\u00e4n, eller n\u00e5gon man, kan t\u00e4nkas ha blivit glad \u00f6ver n\u00e5gon 19-\u00e5rig univeristetsstudentskas uttalande om att en pappakropp, sk &#8221;dad bod&#8221; \u00e4r het:<\/p>\n<blockquote><p><strong>&#8221;Det \u00e4r l\u00e4tt,<\/strong> och n\u00e4stan lite r\u00f6rande, att f\u00f6rest\u00e4lla sig hur likasinnade manliga redakt\u00f6rer i olika v\u00e4rldsdelar mottog nyheten. Hur de f\u00f6r en sekund sl\u00e4ppte snabbpizza\u00adslicen, reste sig ur sina snurrstolar och utbrast i ett litet \u201dYes!\u201d, f\u00f6r att sedan skyndsamt sprida det glada evangeliet:<\/p>\n<p><em>\u201dLyss o br\u00f6der! L\u00e4gg ner det gudsf\u00f6rg\u00e4tna GI, det f\u00f6rbannade 5:2 och den f\u00e5f\u00e4nga jakten p\u00e5 en tv\u00e4ttbr\u00e4da! \u00c4ntligen kan vi vara oss sj\u00e4lva igen med d\u00e5lig mat och \u00f6lh\u00e4vning! Ty s\u00e5 har en ung amerikanska sagt.\u201d<\/em><\/p>\n<p>Ja, \u00e4ntligen kan vi sl\u00e4ppa den korta parentes n\u00e4r m\u00e4n fick k\u00e4nna en v\u00e4stanfl\u00e4kt av den utseendepress som kvinnor upplevt sedan urminnes tider.&#8221;<\/p><\/blockquote>\n<p>Sedvanlig gr\u00e5tvals om kvinnor som drabbas v\u00e4rst etc etc. Dessutom tycks inte problemet bara vara studentskans uttalande, utan att hon g\u00f6r den av fel anledning:<\/p>\n<blockquote><p>&#8221;Nej, ett av sk\u00e4len till att hon f\u00f6redrar m\u00e4n med pk \u00e4r att hon fruktar en j\u00e4mf\u00f6relse mellan sin beachtrimmade kropp och pojkv\u00e4nnens. Den deffade tv\u00e4ttbr\u00e4demannen g\u00f6r n\u00e4mligen att hon framst\u00e5r som mindre v\u00e4ltr\u00e4nad. Dessutom tycker hon, och det h\u00e4r \u00e4r intressant, att tv\u00e4ttbr\u00e4dekillen stj\u00e4l all uppm\u00e4rksamhet. Han snor \u00e5t sig den del av allm\u00e4nhetens blickar som <em>borde vara riktade mot henne.&#8221;<br \/>\n<\/em><\/p><\/blockquote>\n<p>Nu blir det fullkomlig syntax error i Hulquists skalle: &#8221;blickar borde vara riktade mot henne&#8221;&#8230;&#8221;blickar borde vara riktade mot henne&#8221;&#8230;&#8221;error&#8221;&#8230;&#8221;den manliga blicken&#8221;&#8230;&#8221;den manliga blicken&#8221;&#8230;&#8221;error&#8221;&#8230;&#8221;k\u00f6nsmaktsordning&#8221;&#8230;&#8221;k\u00f6nsmaktsordning&#8221;&#8230;.<\/p>\n<p>Genom att ympa in en erfarenhet fr\u00e5n ett litteraturseminarium lyckas hon till slut n\u00f6dtorftigt snickra ihop de motstridiga tankeg\u00e5ngarna (det \u00e4r ju n\u00e4mligen helt ot\u00e4nkbart att en ung kvinna skulle kunna njuta av manlig uppm\u00e4rksamhet gentemot sin kropp i en radfems v\u00e4rld) till en feministisk analys:<\/p>\n<blockquote><p>Jag kommer att t\u00e4nka p\u00e5 Mackenzies besatthet vad g\u00e4ller tr\u00e5nande mansblickar n\u00e4r jag lyssnar till ett f\u00f6rfattarsamtal d\u00e4r det diskuteras genier; att unga kvinnor s\u00e5 gott som aldrig kallas f\u00f6r ett geni. F\u00f6rfattaren Karolina Ramqvist framkastar att genif\u00f6rklaring av kvinnor endast kan ske n\u00e4r de inte l\u00e4ngre \u00e4r f\u00f6rem\u00e5l f\u00f6r den manliga, sexuella blicken \u2013 det vill s\u00e4ga f\u00f6rst n\u00e4r de \u00e5ldras, eller till och med \u00e4r d\u00f6da.<\/p><\/blockquote>\n<p>Mackenzie f\u00f6rklaras inledningsvis &#8221;besatt&#8221;. Ramqvist kastar fram en teori som st\u00f6djer sig p\u00e5 vad&#8230;? Jag har \u00e5tminstone tv\u00e5 g\u00e5nger f\u00f6rklarat unga kvinnor f\u00f6r genier: den ena \u00e4r filosofie doktorn i matematik m.m. Tanja Bergkvist och den andra konstn\u00e4ren Mia M\u00e4kil\u00e4. Vad hindrar n\u00e5gon fr\u00e5n att genif\u00f6rklara n\u00e5gon?? Jag blir oftast oerh\u00f6rt provocerad av det feministiska by proxy-t\u00e4nket: det och det till\u00e5ts inte, si och s\u00e5 g\u00f6rs inte&#8230;det \u00e4r v\u00e4l f\u00f6r helskotta bara att g\u00f6ra vad det nu handlar om! Vare sig Bergkvist eller M\u00e4kil\u00e4 kan heller r\u00e4knas in i kategorin &#8221;\u00e5ldrade eller d\u00f6da&#8221;, allts\u00e5 kan jag bidra med ett fall som mots\u00e4ger Ramqvists framkastade teori.<\/p>\n<blockquote><p><strong>H\u00e4r \u00e4r naturligtvis<\/strong> ocks\u00e5 nyckeln till det gl\u00e4djestr\u00e5lande mottagandet som dad bod-uppropet f\u00e5tt. Mackenzie bekr\u00e4ftar bara det vi alla f\u00e5tt l\u00e4ra oss \u2013 det vill s\u00e4ga att m\u00e4n tittar p\u00e5 kvinnors kroppar och kvinnor \u201dbryr sig inte\u201d om m\u00e4nnens utseende s\u00e5 l\u00e4nge de sj\u00e4lva f\u00e5r k\u00e4nna sig snygga och smala. Ordningen \u00e4r \u00e5terst\u00e4lld. F\u00f6r den som tittar, njuter, v\u00e4ljer och bed\u00f6mer s\u00e4tter sig ocks\u00e5 i en maktposition. D\u00e4rf\u00f6r m\u00e5ste kvinnor tala tyst om det de verkligen \u00e5tr\u00e5r \u2013 oavsett om det handlar om tv\u00e4ttbr\u00e4dor eller kalaskulor.&#8221;<\/p><\/blockquote>\n<p>&nbsp;<\/p>\n<p>Hulquist tycker sig triumferande ha hittat pusselbiten som l\u00e5ter Mackenzies agerande att tryckas in i den radikalfeministiska diskursen. M\u00e4nnen, som Hulquist nu f\u00f6rest\u00e4ller sig triumfera, g\u00f6r inte detta f\u00f6r att de blir glada av att h\u00f6ra en ung kvinna uppskatta en normal manskropp, utan f\u00f6r att &#8221;ordningen \u00e4r \u00e5terst\u00e4lld&#8221; (plus maktposition yada yada). Mackenzie, som just uttalat sig och bed\u00f6mt manliga kroppar har allts\u00e5 inte alls gjort det och i slutkl\u00e4mmen m\u00e5ste till och med alla kvinnor h\u00e5lla tyst om sina preferenser. Ett exempel p\u00e5 hur vad som helst kan omvandlas till att passa in i den egna v\u00e4rldsbilden. Det \u00e4r snarare Hulquists ordning som \u00e4r \u00e5terst\u00e4lld.<\/p>\n","protected":false},"excerpt":{"rendered":"<p>F\u00f6rtrycket \u00e4r fortfarande massivt&#8230; &#8230;bland DN:s feministiska kolumnist- och skribentkader. Jag r\u00e5kade tyv\u00e4rr l\u00e4sa senaste\u00a0 alstret fr\u00e5n Catia Hulquist. Det slentrianm\u00e4ssiga mansf\u00f6raktet har \u00e5ter genererat klirr i kassan f\u00f6r skribenten. Hulquist tycker illa om tanken att m\u00e4n, eller n\u00e5gon man, &hellip; <a href=\"http:\/\/www.susannavaris.com\/blogg\/2015\/05\/gnallet-pagar-fortfarande\/\">Forts\u00e4tt l\u00e4sa <span class=\"meta-nav\">&rarr;<\/span><\/a><\/p>\n","protected":false},"author":1,"featured_media":0,"comment_status":"open","ping_status":"open","sticky":false,"template":"","format":"standard","meta":{"footnotes":""},"categories":[181,154,259,1321,3787,1],"tags":[2250,4783,4900,4785,4786,4500,4782,2720,414,2721,4784,2680,151,3405],"class_list":["post-14739","post","type-post","status-publish","format-standard","hentry","category-feminism","category-genus","category-genusvetenskap","category-jamstalldhet","category-misandri-i-media","category-okategoriserade","tag-catia-hultquist","tag-dad-bod","tag-feminism","tag-geni","tag-geniforklaring","tag-karolina-ramqvist","tag-mackenzie","tag-manshat","tag-mia-makila","tag-misandri","tag-pappakropp","tag-radikalfeminism","tag-tanja-bergkvist","tag-utseende"],"_links":{"self":[{"href":"http:\/\/www.susannavaris.com\/blogg\/wp-json\/wp\/v2\/posts\/14739","targetHints":{"allow":["GET"]}}],"collection":[{"href":"http:\/\/www.susannavaris.com\/blogg\/wp-json\/wp\/v2\/posts"}],"about":[{"href":"http:\/\/www.susannavaris.com\/blogg\/wp-json\/wp\/v2\/types\/post"}],"author":[{"embeddable":true,"href":"http:\/\/www.susannavaris.com\/blogg\/wp-json\/wp\/v2\/users\/1"}],"replies":[{"embeddable":true,"href":"http:\/\/www.susannavaris.com\/blogg\/wp-json\/wp\/v2\/comments?post=14739"}],"version-history":[{"count":2,"href":"http:\/\/www.susannavaris.com\/blogg\/wp-json\/wp\/v2\/posts\/14739\/revisions"}],"predecessor-version":[{"id":14742,"href":"http:\/\/www.susannavaris.com\/blogg\/wp-json\/wp\/v2\/posts\/14739\/revisions\/14742"}],"wp:attachment":[{"href":"http:\/\/www.susannavaris.com\/blogg\/wp-json\/wp\/v2\/media?parent=14739"}],"wp:term":[{"taxonomy":"category","embeddable":true,"href":"http:\/\/www.susannavaris.com\/blogg\/wp-json\/wp\/v2\/categories?post=14739"},{"taxonomy":"post_tag","embeddable":true,"href":"http:\/\/www.susannavaris.com\/blogg\/wp-json\/wp\/v2\/tags?post=14739"}],"curies":[{"name":"wp","href":"https:\/\/api.w.org\/{rel}","templated":true}]}}