{"id":14753,"date":"2015-05-13T13:22:51","date_gmt":"2015-05-13T11:22:51","guid":{"rendered":"http:\/\/www.susannavaris.com\/blogg\/?p=14753"},"modified":"2015-05-14T14:09:12","modified_gmt":"2015-05-14T12:09:12","slug":"den-feministiska-regeringen-fornekar-sig-inte","status":"publish","type":"post","link":"http:\/\/www.susannavaris.com\/blogg\/2015\/05\/den-feministiska-regeringen-fornekar-sig-inte\/","title":{"rendered":"Den feministiska regeringen f\u00f6rnekar sig inte"},"content":{"rendered":"<p style=\"text-align: center;\"><a href=\"http:\/\/www.susannavaris.com\/blogg\/wp-content\/uploads\/2015\/05\/hellmarkeddfb07d.jpg\"><img loading=\"lazy\" decoding=\"async\" class=\"aligncenter size-full wp-image-14755\" src=\"http:\/\/www.susannavaris.com\/blogg\/wp-content\/uploads\/2015\/05\/hellmarkeddfb07d.jpg\" alt=\"hellmarkeddfb07d\" width=\"216\" height=\"324\" srcset=\"http:\/\/www.susannavaris.com\/blogg\/wp-content\/uploads\/2015\/05\/hellmarkeddfb07d.jpg 216w, http:\/\/www.susannavaris.com\/blogg\/wp-content\/uploads\/2015\/05\/hellmarkeddfb07d-200x300.jpg 200w\" sizes=\"auto, (max-width: 216px) 100vw, 216px\" \/><\/a><em>Helene Hellmark Knutsson. Foto fr\u00e5n regeringen.<\/em><\/p>\n<p>Regeringen presenterar nu en &#8221;expertgrupp f\u00f6r j\u00e4mst\u00e4lldhet&#8221;, ber\u00e4ttas det i en <a href=\"http:\/\/www.svt.se\/opinion\/article2925614.svt\">artikel<\/a> av ministern f\u00f6r h\u00f6gre utbildning och forskning, Helene Hellmark Knutsson (S).<\/p>\n<blockquote><p>&#8221;\u201dAndelen kvinnor \u00f6kar, men det g\u00e5r alldeles f\u00f6r l\u00e5ngsamt. De tv\u00e5 senaste \u00e5ren har andelen professorer som \u00e4r kvinnor \u00f6kat \u00e4nnu l\u00e5ngsammare \u00e4n tidigare. S\u00e5 ska det inte vara. J\u00e4mst\u00e4lldheten beh\u00f6ver f\u00f6rb\u00e4ttras\u201d, skriver Helene Hellmark Knutsson (S).&#8221;<\/p>\n<p>&nbsp;<\/p><\/blockquote>\n<p>50\/50-f\u00f6rdelning inom alla prestigefyllda omr\u00e5den och maktpositioner i samh\u00e4llet \u00e4r ju den radikalfeministiska definitionen av j\u00e4mst\u00e4lldhet. Den har p\u00e5 senare tid\u00a0<a href=\"http:\/\/www.susannavaris.com\/blogg\/2013\/11\/referensinlagg-ju-fler-kvinnor-desto-battre-jamstalldhet\/\">omformulerats<\/a> vidare till mer \u00e4n 50 % kvinnor \u00e4r bra j\u00e4mst\u00e4lldhet. Bortsett fr\u00e5n att tolkningen inte medger utrymme f\u00f6r m\u00e4nniskors fria vilja, inkluderar den \u00e4ven s\u00e4llan de mer oattraktiva delarna av samh\u00e4llslivet. Helt i enighet med detta ser nu den feministiska regeringen enbart till kvinnors situation inom den h\u00f6gre utbildningen och hittar en underrepresentation bland professorerna. Varf\u00f6r man helt ignorerar det faktum att m\u00e4n \u00e4r starkt underrepresenterade bland studenterna p\u00e5 landets h\u00f6gskolor och universitet framg\u00e5r inte och kan enbart f\u00f6rklaras av tesbildningen ovan.<\/p>\n<blockquote><p><strong>&#8221;Sveriges regering<\/strong> \u00e4r en feministisk regering. Det inneb\u00e4r att alla fr\u00e5gor som r\u00f6r j\u00e4mst\u00e4lldhet och maktf\u00f6rh\u00e5llandena mellan k\u00f6nen \u00e4r h\u00f6gt prioriterade.&#8221;<\/p><\/blockquote>\n<p>Regeringens definition p\u00e5 j\u00e4mst\u00e4lldhet och ideologi kring den h\u00e4mtas dock tyv\u00e4rr fr\u00e5n radikalfeministiskt h\u00e5ll, vilket inneb\u00e4r att man p\u00e5 grund av trossatsen om k\u00f6nsmaktsordningen \u00e4r of\u00f6rm\u00f6gen att se m\u00e4n eller pojkar som f\u00f6rf\u00f6rdelade eller diskriminerade.<\/p>\n<blockquote><p><strong>&#8221;Trenden de senaste 30 \u00e5ren \u00e4r att kvinnor utbildar sig allt mer och m\u00e4n allt mindre. Men fortfarande ser vi att kvinnor begr\u00e4nsas p\u00e5 grund av sitt k\u00f6n och att de har s\u00e4mre m\u00f6jligheter till karri\u00e4rutveckling.&#8221;<br \/>\n<\/strong><\/p>\n<p>&nbsp;<\/p><\/blockquote>\n<p>Vilket illustreras v\u00e4l i ovanst\u00e5ende stycke. Hellmark Knutsson konstaterar att m\u00e4n utbildar sig mindre och d\u00e4r stannar det, raskt hoppar hon \u00f6ver till kvinnors begr\u00e4nsningar och karri\u00e4rm\u00f6jligheter.<\/p>\n<blockquote><p>&#8221;Som minister f\u00f6r h\u00f6gre utbildning och forskning kommer jag att bedriva ett aktivt arbete med dessa fr\u00e5gor inom h\u00f6gskolan. Inom h\u00f6gskolan ser vi till exempel ett m\u00f6nster av k\u00f6nsbundna studieval och att andelen kvinnliga professorer endast \u00e4r 25 procent och \u00f6kar f\u00f6r l\u00e5ngsamt.&#8221;<\/p>\n<p>&nbsp;<\/p><\/blockquote>\n<p>M\u00e4nniskor v\u00e4ljer allts\u00e5 att studera fel saker och man lyckas inte uppfylla de radikalfeministiska profetiorna om k\u00f6net som social konstruktion, samt att det \u00e4r f\u00f6r f\u00e5 kvinnor p\u00e5 toppostitionerna.<\/p>\n<blockquote><p>&#8221;Gruppen kommer att komma med id\u00e9er och f\u00f6rslag inf\u00f6r n\u00e4sta stora forskningsproposition som ska l\u00e4ggas h\u00f6sten 2016, och blir d\u00e4rmed bli ett viktigt verktyg i utformandet av kommande reformer f\u00f6r att st\u00e4rka j\u00e4mst\u00e4lldheten i h\u00f6gskolan under mandatperioden.<\/p>\n<p><strong>Regeringen har som m\u00e5l att uppn\u00e5 att andelen professorer som \u00e4r kvinnor ska \u00f6ka. Trots att kvinnor under l\u00e5ng tid har varit i majoritet bland studenterna i utbildning p\u00e5 grundniv\u00e5 och avancerad niv\u00e5 \u00e4r endast en fj\u00e4rdedel av professorerna kvinnor.&#8221;<br \/>\n<\/strong><\/p>\n<p>&nbsp;<\/p><\/blockquote>\n<p>Fortfarande inte ett ord om m\u00e4nnens underrepresentation, om man ens ser det som ett problem (det verkar inte s\u00e5, man tycks n\u00f6jd med att konstatera att kvinnor \u00e4r i majoritet) och vad man i s\u00e5 fall \u00e4mnar g\u00f6ra \u00e5t detta. Handlar detta f\u00f6rresten om smygkvotering?<\/p>\n<blockquote><p>&#8221;Andelen \u00f6kar, men det g\u00e5r alldeles f\u00f6r l\u00e5ngsamt. De tv\u00e5 senaste \u00e5ren har andelen professorer som \u00e4r kvinnor \u00f6kat \u00e4nnu l\u00e5ngsammare \u00e4n tidigare. S\u00e5 ska det inte vara. J\u00e4mst\u00e4lldheten beh\u00f6ver f\u00f6rb\u00e4ttras.<\/p>\n<p><strong>Riksdagen har fastst\u00e4llt att det ska finnas m\u00e5l f\u00f6r k\u00f6nsf\u00f6rdelningen av nyrekryterade professorer p\u00e5 l\u00e4ros\u00e4tena. De m\u00e5l som finns g\u00e4ller till och med i \u00e5r, 2015.<\/strong><\/p>\n<p>Regeringen f\u00f6ljer noga i vilken m\u00e5n l\u00e4ros\u00e4tena uppn\u00e5r rekryteringsm\u00e5len och arbetet med utformningen av de nya rekryteringsm\u00e5len som ska g\u00e4lla fr\u00e5n och med 2016 p\u00e5g\u00e5r.&#8221;<\/p>\n<p>&nbsp;<\/p><\/blockquote>\n<p>F\u00f6r f\u00e5 kvinnliga professorer \u00e4r problemet, inget annat. H\u00e4r finns formulerade m\u00e5l och avsikter att g\u00f6ra uppf\u00f6ljningar.<\/p>\n<blockquote><p><strong>&#8221;Regeringen har ocks\u00e5 som m\u00e5l att forskningsmedel ska f\u00f6rdelas j\u00e4mst\u00e4llt. Stora m\u00e4ngder forskningsmedel delas ut varje \u00e5r till landets forskare och dessa medel \u00e4r i m\u00e5nga fall helt avg\u00f6rande f\u00f6r forskarnas arbete.&#8221;<br \/>\n<\/strong><\/p>\n<p>&nbsp;<\/p><\/blockquote>\n<p>Ja, eftersom alla vi vet att k\u00f6net p\u00e5 den som forskar \u00e4r den fr\u00e4msta garanten f\u00f6r kvalitet och nytta. Sedan spelar det ingen som helst roll om pengarna g\u00e5r till att studera f\u00f6rtryckande klangm\u00f6nster hos\u00a0<a href=\"http:\/\/www.susannavaris.com\/blogg\/2011\/09\/en-trumpet-ar-inte-alltid-en-trumpet\/\">trumpeter<\/a>,\u00a0<a href=\"http:\/\/www.susannavaris.com\/blogg\/2015\/01\/patriarkala-jarnvagsstationer-del-3\/\">patriarkala j\u00e4rnv\u00e4gsstationer<\/a> eller n\u00e5got annat. (De n\u00e4mnda exemplen h\u00e4rstammar fr\u00e5n samma akademiska ideologiproduktion, genusvetenskapen, som regeringen och m\u00e5nga andra h\u00e4mtar sin kunskap om j\u00e4mst\u00e4lldhet fr\u00e5n.)<\/p>\n<blockquote><p>&#8221;Vi vet att exempelvis Vetenskapsr\u00e5det arbetar med att komma till r\u00e4tta med den sneda f\u00f6rdelning som finns baserad p\u00e5 forskares k\u00f6nstillh\u00f6righet. Det \u00e4r viktigt att processerna f\u00f6r att tilldela resurser, s\u00e5v\u00e4l som sj\u00e4lva utfallet av forskningsst\u00f6d, hanteras p\u00e5 ett korrekt s\u00e4tt.<\/p>\n<p>Annars kommer kvinnor forts\u00e4tta missgynnas. Det finns fortfarande mer att g\u00f6ra p\u00e5 detta omr\u00e5de, och j\u00e4mst\u00e4lldhetsgruppen kommer att diskutera hur arbetet kan utvecklas.&#8221;<\/p>\n<p>&nbsp;<\/p><\/blockquote>\n<p>L\u00e5ter lovande f\u00f6r landets alla aspirerande trumpetforskare, som kvinna l\u00e4r du snart ha en egen gr\u00e4ddfil till forskningspengar.<\/p>\n<p style=\"text-align: center;\"><a href=\"http:\/\/www.susannavaris.com\/blogg\/wp-content\/uploads\/2015\/05\/genustrumpeten-liten22.jpg\"><img loading=\"lazy\" decoding=\"async\" class=\"aligncenter size-full wp-image-14754\" src=\"http:\/\/www.susannavaris.com\/blogg\/wp-content\/uploads\/2015\/05\/genustrumpeten-liten22.jpg\" alt=\"genustrumpeten-liten22\" width=\"415\" height=\"443\" srcset=\"http:\/\/www.susannavaris.com\/blogg\/wp-content\/uploads\/2015\/05\/genustrumpeten-liten22.jpg 415w, http:\/\/www.susannavaris.com\/blogg\/wp-content\/uploads\/2015\/05\/genustrumpeten-liten22-281x300.jpg 281w\" sizes=\"auto, (max-width: 415px) 100vw, 415px\" \/><\/a><em>Tanja Bergkvist har skrivit en hel del om genusvansinnet och h\u00e5ller h\u00e4r i ett potentiellt exemplar av genustrumpeten. Bild fr\u00e5n Tanjas <a href=\"http:\/\/J\u00e4mst\u00e4lldhetih\u00f6gskolan\u00e4rigrundenenfr\u00e5gaomr\u00e4ttvisaf\u00f6rindividen.Mendet\u00e4rocks\u00e5enavg\u00f6randefr\u00e5gaf\u00f6rh\u00f6gskolansst\u00e4llningsomsamh\u00e4llsb\u00e4randeinstitution\u2013ochif\u00f6rl\u00e4ngningenf\u00f6rsamh\u00e4llsutvecklingenochSverigeskonkurrenskraft.\">blogg<\/a>.<\/em><\/p>\n<blockquote><p><strong>&#8221;Regeringen har dessutom j\u00e4mst\u00e4lldhetsintegrering som m\u00e5l. I regeringsf\u00f6rklaringen tas upp att myndigheter ska f\u00e5 ett tydligare uppdrag att arbeta med j\u00e4mst\u00e4lldhetsintegrering i all sin verksamhet.<\/strong><\/p>\n<p>J\u00e4mst\u00e4lldhetsintegrering inneb\u00e4r att ett j\u00e4mst\u00e4lldhetsperspektiv ska inf\u00f6rlivas och beaktas i alla led i beslutsprocesserna och att de akt\u00f6rer som normalt sett deltar i beslutsprocesser ansvarar f\u00f6r att s\u00e5 sker.&#8221;<\/p>\n<p>&nbsp;<\/p><\/blockquote>\n<p>Myndigheterna ska sj\u00e4lvklart skolas i den radikalfeministiska l\u00e4ran. Det heter j\u00e4mst\u00e4lldhetsintegration, men stoffet h\u00e4rstammar fr\u00e5n genusinstitutionerna.<\/p>\n<blockquote><p><strong>&#8221;J\u00e4mst\u00e4lldhet i h\u00f6gskolan \u00e4r i grunden en fr\u00e5ga om r\u00e4ttvisa f\u00f6r individen. Men det \u00e4r ocks\u00e5 en avg\u00f6rande fr\u00e5ga f\u00f6r h\u00f6gskolans st\u00e4llning som samh\u00e4llsb\u00e4rande institution \u2013 och i f\u00f6rl\u00e4ngningen f\u00f6r samh\u00e4llsutvecklingen och Sveriges konkurrenskraft.&#8221;<br \/>\n<\/strong><\/p>\n<p>&nbsp;<\/p><\/blockquote>\n<p>J\u00e4mst\u00e4lldhet i h\u00f6gskolan \u00e4r i grunden en fr\u00e5ga om f\u00f6rdelar f\u00f6r den kvinnliga individen, borde det snarare st\u00e5. Och konkurrensen &#8211; hur har det g\u00e5tt med att exportera genustrumpeten och fynden ang\u00e5ende de patriarkala j\u00e4rnv\u00e4gsstationerna till utlandet?<\/p>\n<p>Till\u00e4gg:<\/p>\n<p>Aftonbladet rubricerar det hela med <a href=\"http:\/\/www.aftonbladet.se\/nyheter\/article20406720.ab\">S\u00e5 vill regeringen bryta den manliga dominansen p\u00e5 universiteten<\/a> (sic!):<\/p>\n<blockquote>\n<p id=\"yui_3_15_0_2_1431516513116_929\">&#8221;Expertgruppens arbete ska p\u00e5g\u00e5 i ungef\u00e4r ett \u00e5rs tid fram\u00f6ver.<\/p>\n<p id=\"yui_3_15_0_2_1431516513116_931\">\u2013\u00a0I b\u00f6rjan av 2016 b\u00f6r vi ha ett helt program. Men vi kommer nog presentera saker vartefter. Det blir ingen slutrapport, utan det h\u00e4r \u00e4r ett s\u00e4tt f\u00f6r mig att f\u00f6rdjupa kunskapen och f\u00e5 fram en mer kunskapsbaserad politik som g\u00f6r skillnad p\u00e5 riktigt.<\/p>\n<p id=\"yui_3_15_0_2_1431516513116_951\">Hon v\u00e5gar inte s\u00e4ga n\u00e4r hon tror att svenska l\u00e4ros\u00e4ten har blivit tillr\u00e4ckligt j\u00e4mst\u00e4llda.<\/p>\n<p id=\"yui_3_15_0_2_1431516513116_953\">\u2013 Men min f\u00f6rhoppning \u00e4r att det ska g\u00e5 lite fortare fram\u00f6ver \u00e4n vad det har gjort de senaste \u00e5ren.&#8221;<\/p>\n<\/blockquote>\n<p>Till\u00e4gg 2: L\u00e4s ocks\u00e5 om andra delar av galenskapen hos <a href=\"https:\/\/politivismen.wordpress.com\/2015\/05\/13\/att-se-den-sekteristiska-mardromsfiguren-men-inte-vaga-avtacka-den\/\">Politivism<\/a>.<\/p>\n<p>Till\u00e4gg 3: \u00c4ven WTF\/Toklandet har bloggat p\u00e5 n\u00e4rliggande tema <a href=\"https:\/\/toklandet.wordpress.com\/2015\/05\/13\/stada-bort-skrapet-inom-public-service\/\">h\u00e4r<\/a>.<\/p>\n<p>Till\u00e4gg 4: Bloggen L\u00f6jesguiden skriver om Hellmark Knutssons utspel <a href=\"https:\/\/lojesguiden.wordpress.com\/2015\/05\/14\/slutet-pa-en-politisk-epok\/\">h\u00e4r<\/a>.<\/p>\n","protected":false},"excerpt":{"rendered":"<p>Helene Hellmark Knutsson. Foto fr\u00e5n regeringen. Regeringen presenterar nu en &#8221;expertgrupp f\u00f6r j\u00e4mst\u00e4lldhet&#8221;, ber\u00e4ttas det i en artikel av ministern f\u00f6r h\u00f6gre utbildning och forskning, Helene Hellmark Knutsson (S). &#8221;\u201dAndelen kvinnor \u00f6kar, men det g\u00e5r alldeles f\u00f6r l\u00e5ngsamt. De tv\u00e5 &hellip; <a href=\"http:\/\/www.susannavaris.com\/blogg\/2015\/05\/den-feministiska-regeringen-fornekar-sig-inte\/\">Forts\u00e4tt l\u00e4sa <span class=\"meta-nav\">&rarr;<\/span><\/a><\/p>\n","protected":false},"author":1,"featured_media":0,"comment_status":"open","ping_status":"open","sticky":false,"template":"","format":"standard","meta":{"footnotes":""},"categories":[178,181,154,259,3358,1321,589,1,590,403,303,2140],"tags":[2460,4900,4899,4795,4903,4793,4265,4918,2123,4595,4794,2680,4102,151,3316],"class_list":["post-14753","post","type-post","status-publish","format-standard","hentry","category-blodtryckshojare","category-feminism","category-genus","category-genusvetenskap","category-identitetspolitik","category-jamstalldhet","category-medier","category-okategoriserade","category-politik","category-pseudovetenskap","category-religion","category-skolan","tag-2460","tag-feminism","tag-genus","tag-genustrumpeten","tag-genusvetenskap","tag-helene-hellmark-knutsson","tag-hogre-utbildning","tag-jamstalldhet","tag-kvotering","tag-patriarkala-jarnvagsstationer","tag-professorer","tag-radikalfeminism","tag-representation","tag-tanja-bergkvist","tag-universitet"],"_links":{"self":[{"href":"http:\/\/www.susannavaris.com\/blogg\/wp-json\/wp\/v2\/posts\/14753","targetHints":{"allow":["GET"]}}],"collection":[{"href":"http:\/\/www.susannavaris.com\/blogg\/wp-json\/wp\/v2\/posts"}],"about":[{"href":"http:\/\/www.susannavaris.com\/blogg\/wp-json\/wp\/v2\/types\/post"}],"author":[{"embeddable":true,"href":"http:\/\/www.susannavaris.com\/blogg\/wp-json\/wp\/v2\/users\/1"}],"replies":[{"embeddable":true,"href":"http:\/\/www.susannavaris.com\/blogg\/wp-json\/wp\/v2\/comments?post=14753"}],"version-history":[{"count":9,"href":"http:\/\/www.susannavaris.com\/blogg\/wp-json\/wp\/v2\/posts\/14753\/revisions"}],"predecessor-version":[{"id":14765,"href":"http:\/\/www.susannavaris.com\/blogg\/wp-json\/wp\/v2\/posts\/14753\/revisions\/14765"}],"wp:attachment":[{"href":"http:\/\/www.susannavaris.com\/blogg\/wp-json\/wp\/v2\/media?parent=14753"}],"wp:term":[{"taxonomy":"category","embeddable":true,"href":"http:\/\/www.susannavaris.com\/blogg\/wp-json\/wp\/v2\/categories?post=14753"},{"taxonomy":"post_tag","embeddable":true,"href":"http:\/\/www.susannavaris.com\/blogg\/wp-json\/wp\/v2\/tags?post=14753"}],"curies":[{"name":"wp","href":"https:\/\/api.w.org\/{rel}","templated":true}]}}