{"id":14769,"date":"2015-05-17T11:47:48","date_gmt":"2015-05-17T09:47:48","guid":{"rendered":"http:\/\/www.susannavaris.com\/blogg\/?p=14769"},"modified":"2015-05-17T11:47:48","modified_gmt":"2015-05-17T09:47:48","slug":"lustigt-sammantraffande","status":"publish","type":"post","link":"http:\/\/www.susannavaris.com\/blogg\/2015\/05\/lustigt-sammantraffande\/","title":{"rendered":"Lustigt sammantr\u00e4ffande"},"content":{"rendered":"<p>F\u00f6r ett antal \u00e5r sedan gjorde jag en m\u00e5lning av Dita von Teese,<em> Dita Vanitas<\/em>:<\/p>\n<p style=\"text-align: center;\"><a href=\"http:\/\/www.susannavaris.com\/blogg\/wp-content\/uploads\/2015\/05\/DitaVanitaswatercolor2010.jpg\"><img loading=\"lazy\" decoding=\"async\" class=\"aligncenter size-full wp-image-14770\" src=\"http:\/\/www.susannavaris.com\/blogg\/wp-content\/uploads\/2015\/05\/DitaVanitaswatercolor2010.jpg\" alt=\"DitaVanitaswatercolor2010\" width=\"768\" height=\"1024\" srcset=\"http:\/\/www.susannavaris.com\/blogg\/wp-content\/uploads\/2015\/05\/DitaVanitaswatercolor2010.jpg 768w, http:\/\/www.susannavaris.com\/blogg\/wp-content\/uploads\/2015\/05\/DitaVanitaswatercolor2010-225x300.jpg 225w\" sizes=\"auto, (max-width: 768px) 100vw, 768px\" \/><\/a><em>Dita Vanitas, water colour 2010. Susanna Varis. <\/em><\/p>\n<p style=\"text-align: left;\">Nu har en av mina favoritkl\u00e4dskapare, Jean Paul Gaultier, skapat en korsett i formen av den slags bl\u00e5a fj\u00e4ril som syns i f\u00f6rgrunden:<\/p>\n<p style=\"text-align: center;\"><a href=\"http:\/\/www.susannavaris.com\/blogg\/wp-content\/uploads\/2015\/05\/dita-corset-gaultier.jpg\"><img loading=\"lazy\" decoding=\"async\" class=\"aligncenter size-full wp-image-14771\" src=\"http:\/\/www.susannavaris.com\/blogg\/wp-content\/uploads\/2015\/05\/dita-corset-gaultier.jpg\" alt=\"dita-corset-gaultier\" width=\"728\" height=\"728\" srcset=\"http:\/\/www.susannavaris.com\/blogg\/wp-content\/uploads\/2015\/05\/dita-corset-gaultier.jpg 728w, http:\/\/www.susannavaris.com\/blogg\/wp-content\/uploads\/2015\/05\/dita-corset-gaultier-150x150.jpg 150w, http:\/\/www.susannavaris.com\/blogg\/wp-content\/uploads\/2015\/05\/dita-corset-gaultier-300x300.jpg 300w\" sizes=\"auto, (max-width: 728px) 100vw, 728px\" \/><\/a><a href=\"http:\/\/www.susannavaris.com\/blogg\/wp-content\/uploads\/2015\/05\/dita-von-teese-jean-paul-gaultier-show-2014-Paris.jpg\"><img loading=\"lazy\" decoding=\"async\" class=\"aligncenter size-full wp-image-14772\" src=\"http:\/\/www.susannavaris.com\/blogg\/wp-content\/uploads\/2015\/05\/dita-von-teese-jean-paul-gaultier-show-2014-Paris.jpg\" alt=\"dita-von-teese-jean-paul-gaultier-show-2014-Paris\" width=\"646\" height=\"430\" srcset=\"http:\/\/www.susannavaris.com\/blogg\/wp-content\/uploads\/2015\/05\/dita-von-teese-jean-paul-gaultier-show-2014-Paris.jpg 646w, http:\/\/www.susannavaris.com\/blogg\/wp-content\/uploads\/2015\/05\/dita-von-teese-jean-paul-gaultier-show-2014-Paris-300x200.jpg 300w\" sizes=\"auto, (max-width: 646px) 100vw, 646px\" \/><\/a><em>Jag l\u00e4ser mig nu till att bilderna \u00e4r fr\u00e5n Gaultiers S\/S visning 2014, dvs v\u00e5r-sommar kollektionen f\u00f6rra \u00e5ret. korsetten \u00e4r tillverkad av den legendariske Mr Pearl. <\/em><\/p>\n<p style=\"text-align: left;\">Former och m\u00f6nster fr\u00e5n naturen g\u00f6r sig ofta fantastiskt v\u00e4l p\u00e5 kl\u00e4der. En annan favoritdesigner, Roberto Cavalli, \u00e4r ju k\u00e4nd f\u00f6r sina underbara kreationer med inspiration fr\u00e5n naturen.<\/p>\n","protected":false},"excerpt":{"rendered":"<p>F\u00f6r ett antal \u00e5r sedan gjorde jag en m\u00e5lning av Dita von Teese, Dita Vanitas: Dita Vanitas, water colour 2010. Susanna Varis. Nu har en av mina favoritkl\u00e4dskapare, Jean Paul Gaultier, skapat en korsett i formen av den slags bl\u00e5a &hellip; <a href=\"http:\/\/www.susannavaris.com\/blogg\/2015\/05\/lustigt-sammantraffande\/\">Forts\u00e4tt l\u00e4sa <span class=\"meta-nav\">&rarr;<\/span><\/a><\/p>\n","protected":false},"author":1,"featured_media":0,"comment_status":"open","ping_status":"open","sticky":false,"template":"","format":"standard","meta":{"footnotes":""},"categories":[7,3,1162,415,14,2262,1611],"tags":[4800,1274,207,45,4799,3359,19,63],"class_list":["post-14769","post","type-post","status-publish","format-standard","hentry","category-egna-verk","category-konst","category-kultur","category-lowbrow","category-mode","category-pop-surrealism","category-skrackkonst","tag-butterfly-corset","tag-design","tag-dita-vanitas","tag-dita-von-teese","tag-fjarilskorsett","tag-jean-paul-gaultier","tag-mode-2","tag-roberto-cavalli"],"_links":{"self":[{"href":"http:\/\/www.susannavaris.com\/blogg\/wp-json\/wp\/v2\/posts\/14769","targetHints":{"allow":["GET"]}}],"collection":[{"href":"http:\/\/www.susannavaris.com\/blogg\/wp-json\/wp\/v2\/posts"}],"about":[{"href":"http:\/\/www.susannavaris.com\/blogg\/wp-json\/wp\/v2\/types\/post"}],"author":[{"embeddable":true,"href":"http:\/\/www.susannavaris.com\/blogg\/wp-json\/wp\/v2\/users\/1"}],"replies":[{"embeddable":true,"href":"http:\/\/www.susannavaris.com\/blogg\/wp-json\/wp\/v2\/comments?post=14769"}],"version-history":[{"count":1,"href":"http:\/\/www.susannavaris.com\/blogg\/wp-json\/wp\/v2\/posts\/14769\/revisions"}],"predecessor-version":[{"id":14773,"href":"http:\/\/www.susannavaris.com\/blogg\/wp-json\/wp\/v2\/posts\/14769\/revisions\/14773"}],"wp:attachment":[{"href":"http:\/\/www.susannavaris.com\/blogg\/wp-json\/wp\/v2\/media?parent=14769"}],"wp:term":[{"taxonomy":"category","embeddable":true,"href":"http:\/\/www.susannavaris.com\/blogg\/wp-json\/wp\/v2\/categories?post=14769"},{"taxonomy":"post_tag","embeddable":true,"href":"http:\/\/www.susannavaris.com\/blogg\/wp-json\/wp\/v2\/tags?post=14769"}],"curies":[{"name":"wp","href":"https:\/\/api.w.org\/{rel}","templated":true}]}}