{"id":14789,"date":"2015-06-04T23:02:06","date_gmt":"2015-06-04T21:02:06","guid":{"rendered":"http:\/\/www.susannavaris.com\/blogg\/?p=14789"},"modified":"2015-06-04T23:06:02","modified_gmt":"2015-06-04T21:06:02","slug":"dodens-teater-i-livrustkammaren","status":"publish","type":"post","link":"http:\/\/www.susannavaris.com\/blogg\/2015\/06\/dodens-teater-i-livrustkammaren\/","title":{"rendered":"D\u00f6dens Teater i Livrustkammaren"},"content":{"rendered":"<p>Senaste tv\u00e5 veckorna har varit mycket hektiska med tv\u00e4ra kast i dygnsrytmen och m\u00e5nga sp\u00f6rsm\u00e5l att uppm\u00e4rksamma. Jag har d\u00e4rf\u00f6r inte haft tid eller ork att blogga vidare mycket, f\u00f6r att inte s\u00e4ga alls. Det saknas ju i vanlig ordning knappast \u00e4mnen att blogga om, men det politiska l\u00e4get och den utstakade kursen f\u00f6r Sverige g\u00f6r mig som l\u00e4gst deprimerad och som mest b\u00e5de stum och handlingsf\u00f6rlamad. Allt medan galenskapen galopperar vidare i allt st\u00f6rre fart. Det \u00e4r som att sitta i en accelererande bil med h\u00e4nderna bakbundna och en klippavsats framf\u00f6r sig. Min skyddsmekanism i dessa tider har hetat och heter verklighetsflykt.<\/p>\n<p>Vi har \u00e4ven varit i Finland en kort sv\u00e4ng f\u00f6r att titta p\u00e5 det spruckna avloppsr\u00f6ret under bastun:<\/p>\n<p><a href=\"http:\/\/www.susannavaris.com\/blogg\/wp-content\/uploads\/2015\/06\/DSC_0249-crop.jpg\"><img loading=\"lazy\" decoding=\"async\" class=\"aligncenter size-full wp-image-14790\" src=\"http:\/\/www.susannavaris.com\/blogg\/wp-content\/uploads\/2015\/06\/DSC_0249-crop.jpg\" alt=\"DSC_0249-crop\" width=\"699\" height=\"441\" srcset=\"http:\/\/www.susannavaris.com\/blogg\/wp-content\/uploads\/2015\/06\/DSC_0249-crop.jpg 699w, http:\/\/www.susannavaris.com\/blogg\/wp-content\/uploads\/2015\/06\/DSC_0249-crop-300x189.jpg 300w\" sizes=\"auto, (max-width: 699px) 100vw, 699px\" \/><\/a><\/p>\n<p>&nbsp;<\/p>\n<p style=\"text-align: center;\"><em>Enda bilden fr\u00e5n stugan &#8211; min snok, som \u00e4ven denna \u00e5r spenderar sin tid p\u00e5 bryggan. Den blir st\u00f6rre f\u00f6r varje \u00e5r och betraktar nog bryggan mer som sin. Det g\u00f6r mig inget, den f\u00e5r g\u00e4rna bo d\u00e4r. Det \u00e4r bara n\u00e4r jag barfota och n\u00e4ck ska ut i sj\u00f6n fr\u00e5n bastun som jag inte vill trampa p\u00e5 den stackaren i m\u00f6rkret&#8230;<\/em><\/p>\n<p style=\"text-align: center;\"><a href=\"http:\/\/www.susannavaris.com\/blogg\/wp-content\/uploads\/2015\/06\/DSC_0257.jpg\"><br \/>\n<img loading=\"lazy\" decoding=\"async\" class=\"aligncenter size-full wp-image-14791\" src=\"http:\/\/www.susannavaris.com\/blogg\/wp-content\/uploads\/2015\/06\/DSC_0257.jpg\" alt=\"DSC_0257\" width=\"3303\" height=\"2346\" srcset=\"http:\/\/www.susannavaris.com\/blogg\/wp-content\/uploads\/2015\/06\/DSC_0257.jpg 3303w, http:\/\/www.susannavaris.com\/blogg\/wp-content\/uploads\/2015\/06\/DSC_0257-300x213.jpg 300w, http:\/\/www.susannavaris.com\/blogg\/wp-content\/uploads\/2015\/06\/DSC_0257-1024x727.jpg 1024w\" sizes=\"auto, (max-width: 3303px) 100vw, 3303px\" \/><\/a> <a href=\"http:\/\/www.susannavaris.com\/blogg\/wp-content\/uploads\/2015\/06\/DSC_0262.jpg\"><img loading=\"lazy\" decoding=\"async\" class=\"aligncenter size-full wp-image-14792\" src=\"http:\/\/www.susannavaris.com\/blogg\/wp-content\/uploads\/2015\/06\/DSC_0262.jpg\" alt=\"DSC_0262\" width=\"4288\" height=\"2848\" srcset=\"http:\/\/www.susannavaris.com\/blogg\/wp-content\/uploads\/2015\/06\/DSC_0262.jpg 4288w, http:\/\/www.susannavaris.com\/blogg\/wp-content\/uploads\/2015\/06\/DSC_0262-300x199.jpg 300w, http:\/\/www.susannavaris.com\/blogg\/wp-content\/uploads\/2015\/06\/DSC_0262-1024x680.jpg 1024w\" sizes=\"auto, (max-width: 4288px) 100vw, 4288px\" \/><\/a><em>Moster Tiittis s\u00f6tnos till jycke blir masserad av Uffe&#8230;<\/em><\/p>\n<p style=\"text-align: left;\">Ig\u00e5r bes\u00f6kte vi utst\u00e4llningen D\u00f6dens Teater i Livrustkammaren p\u00e5 Kungliga slottet i Stockholm:<\/p>\n<p style=\"text-align: center;\"><a href=\"http:\/\/www.susannavaris.com\/blogg\/wp-content\/uploads\/2015\/06\/DSC_0418.jpg\"><img loading=\"lazy\" decoding=\"async\" class=\"aligncenter size-full wp-image-14793\" src=\"http:\/\/www.susannavaris.com\/blogg\/wp-content\/uploads\/2015\/06\/DSC_0418.jpg\" alt=\"DSC_0418\" width=\"4160\" height=\"2617\" srcset=\"http:\/\/www.susannavaris.com\/blogg\/wp-content\/uploads\/2015\/06\/DSC_0418.jpg 4160w, http:\/\/www.susannavaris.com\/blogg\/wp-content\/uploads\/2015\/06\/DSC_0418-300x189.jpg 300w, http:\/\/www.susannavaris.com\/blogg\/wp-content\/uploads\/2015\/06\/DSC_0418-1024x644.jpg 1024w\" sizes=\"auto, (max-width: 4160px) 100vw, 4160px\" \/><\/a> <a href=\"http:\/\/www.susannavaris.com\/blogg\/wp-content\/uploads\/2015\/06\/DSC_0419.jpg\"><img loading=\"lazy\" decoding=\"async\" class=\"aligncenter size-full wp-image-14794\" src=\"http:\/\/www.susannavaris.com\/blogg\/wp-content\/uploads\/2015\/06\/DSC_0419.jpg\" alt=\"DSC_0419\" width=\"3072\" height=\"4608\" srcset=\"http:\/\/www.susannavaris.com\/blogg\/wp-content\/uploads\/2015\/06\/DSC_0419.jpg 3072w, http:\/\/www.susannavaris.com\/blogg\/wp-content\/uploads\/2015\/06\/DSC_0419-200x300.jpg 200w, http:\/\/www.susannavaris.com\/blogg\/wp-content\/uploads\/2015\/06\/DSC_0419-683x1024.jpg 683w\" sizes=\"auto, (max-width: 3072px) 100vw, 3072px\" \/><\/a><em>Erik XIV och Katarina Stenbock. Utst\u00e4llningen tar avstamp i de ritualer och manifestationer i form av exempelvis processioner vid begravningar som framf\u00f6r allt Gustav Vasa inf\u00f6rde under sin tid som kung. F\u00f6rebilderna h\u00e4mtades fr\u00e5n de europeiska furstehusen som Gustav Vasa i egenskap av n\u00e5got av en uppkomling ville hamna i s\u00e4llskap av. Exempelvis Habsburg-kejsaren Karl V var en stor inspiration. F\u00f6r att manifestera sin makt som av Gud given var den habsburgska dynastin m\u00e4stare p\u00e5 den h\u00e4r slags marknadsf\u00f6ring och Gustav Vasa hoppades uppn\u00e5 samma effekt genom att plagiera metoderna fr\u00e5n kontinenten.<\/em><\/p>\n<p style=\"text-align: center;\"><a href=\"http:\/\/www.susannavaris.com\/blogg\/wp-content\/uploads\/2015\/06\/DSC_0420.jpg\"><img loading=\"lazy\" decoding=\"async\" class=\"aligncenter size-full wp-image-14795\" src=\"http:\/\/www.susannavaris.com\/blogg\/wp-content\/uploads\/2015\/06\/DSC_0420.jpg\" alt=\"DSC_0420\" width=\"3042\" height=\"4236\" srcset=\"http:\/\/www.susannavaris.com\/blogg\/wp-content\/uploads\/2015\/06\/DSC_0420.jpg 3042w, http:\/\/www.susannavaris.com\/blogg\/wp-content\/uploads\/2015\/06\/DSC_0420-215x300.jpg 215w, http:\/\/www.susannavaris.com\/blogg\/wp-content\/uploads\/2015\/06\/DSC_0420-735x1024.jpg 735w\" sizes=\"auto, (max-width: 3042px) 100vw, 3042px\" \/><\/a><em>Landskapsfana f\u00f6r \u00c5land.<\/em><\/p>\n<p style=\"text-align: center;\"><a href=\"http:\/\/www.susannavaris.com\/blogg\/wp-content\/uploads\/2015\/06\/DSC_0421-50-text.jpg\"><img loading=\"lazy\" decoding=\"async\" class=\"aligncenter size-full wp-image-14796\" src=\"http:\/\/www.susannavaris.com\/blogg\/wp-content\/uploads\/2015\/06\/DSC_0421-50-text.jpg\" alt=\"DSC_0421-50-text\" width=\"2304\" height=\"1536\" srcset=\"http:\/\/www.susannavaris.com\/blogg\/wp-content\/uploads\/2015\/06\/DSC_0421-50-text.jpg 2304w, http:\/\/www.susannavaris.com\/blogg\/wp-content\/uploads\/2015\/06\/DSC_0421-50-text-300x200.jpg 300w, http:\/\/www.susannavaris.com\/blogg\/wp-content\/uploads\/2015\/06\/DSC_0421-50-text-1024x683.jpg 1024w\" sizes=\"auto, (max-width: 2304px) 100vw, 2304px\" \/><\/a> <a href=\"http:\/\/www.susannavaris.com\/blogg\/wp-content\/uploads\/2015\/06\/DSC_0422-50-text.jpg\"><img loading=\"lazy\" decoding=\"async\" class=\"aligncenter size-full wp-image-14797\" src=\"http:\/\/www.susannavaris.com\/blogg\/wp-content\/uploads\/2015\/06\/DSC_0422-50-text.jpg\" alt=\"DSC_0422-50-text\" width=\"1536\" height=\"2050\" srcset=\"http:\/\/www.susannavaris.com\/blogg\/wp-content\/uploads\/2015\/06\/DSC_0422-50-text.jpg 1536w, http:\/\/www.susannavaris.com\/blogg\/wp-content\/uploads\/2015\/06\/DSC_0422-50-text-225x300.jpg 225w, http:\/\/www.susannavaris.com\/blogg\/wp-content\/uploads\/2015\/06\/DSC_0422-50-text-767x1024.jpg 767w\" sizes=\"auto, (max-width: 1536px) 100vw, 1536px\" \/><\/a><\/p>\n<p style=\"text-align: center;\"><a href=\"http:\/\/www.susannavaris.com\/blogg\/wp-content\/uploads\/2015\/06\/DSC_0423-crop.jpg\"><img loading=\"lazy\" decoding=\"async\" class=\"aligncenter size-medium wp-image-14798\" src=\"http:\/\/www.susannavaris.com\/blogg\/wp-content\/uploads\/2015\/06\/DSC_0423-crop-300x166.jpg\" alt=\"DSC_0423-crop\" width=\"300\" height=\"166\" srcset=\"http:\/\/www.susannavaris.com\/blogg\/wp-content\/uploads\/2015\/06\/DSC_0423-crop-300x166.jpg 300w, http:\/\/www.susannavaris.com\/blogg\/wp-content\/uploads\/2015\/06\/DSC_0423-crop-1024x567.jpg 1024w\" sizes=\"auto, (max-width: 300px) 100vw, 300px\" \/><\/a><\/p>\n<p style=\"text-align: center;\"><em>Kyritzryttaren (den som red i kyrasset), en ryttare kl\u00e4dd i gyllene rustning, fanns ocks\u00e5 i Gustav Vasas sorgeprocession. Han symboliserar den d\u00f6de kungen eller herremannen i sorget\u00e5get.<\/em><\/p>\n<blockquote>\n<p style=\"text-align: center;\">&#8221;Sambandet mellan rustning, h\u00e4st och begravning har sina r\u00f6tter i f\u00f6rhistorisk tid. En vapenf\u00f6r man begravdes med sin rustning och det fanns en antik tradition med att br\u00e4nna den d\u00f6des h\u00e4st f\u00f6r att p\u00e5 s\u00e5 s\u00e4tt transponera hans sj\u00e4l till den andliga v\u00e4rlden.&#8221;<\/p>\n<\/blockquote>\n<p style=\"text-align: center;\">(Ur utst\u00e4llningsboken <em>D\u00f6dens Teater &#8211; Kungliga svenska begravningar genom fem \u00e5rhundraden<\/em> av Lena Rangstr\u00f6m.)<\/p>\n<p style=\"text-align: center;\"><a href=\"http:\/\/www.susannavaris.com\/blogg\/wp-content\/uploads\/2015\/06\/DSC_0426.jpg\"><img loading=\"lazy\" decoding=\"async\" class=\"aligncenter size-full wp-image-14799\" src=\"http:\/\/www.susannavaris.com\/blogg\/wp-content\/uploads\/2015\/06\/DSC_0426.jpg\" alt=\"DSC_0426\" width=\"2323\" height=\"4100\" srcset=\"http:\/\/www.susannavaris.com\/blogg\/wp-content\/uploads\/2015\/06\/DSC_0426.jpg 2323w, http:\/\/www.susannavaris.com\/blogg\/wp-content\/uploads\/2015\/06\/DSC_0426-170x300.jpg 170w, http:\/\/www.susannavaris.com\/blogg\/wp-content\/uploads\/2015\/06\/DSC_0426-580x1024.jpg 580w\" sizes=\"auto, (max-width: 2323px) 100vw, 2323px\" \/><\/a><a href=\"http:\/\/www.susannavaris.com\/blogg\/wp-content\/uploads\/2015\/06\/DSC_0427-crop.jpg\"><img loading=\"lazy\" decoding=\"async\" class=\"aligncenter size-medium wp-image-14800\" src=\"http:\/\/www.susannavaris.com\/blogg\/wp-content\/uploads\/2015\/06\/DSC_0427-crop-300x173.jpg\" alt=\"DSC_0427-crop\" width=\"300\" height=\"173\" srcset=\"http:\/\/www.susannavaris.com\/blogg\/wp-content\/uploads\/2015\/06\/DSC_0427-crop-300x173.jpg 300w, http:\/\/www.susannavaris.com\/blogg\/wp-content\/uploads\/2015\/06\/DSC_0427-crop-1024x590.jpg 1024w\" sizes=\"auto, (max-width: 300px) 100vw, 300px\" \/><\/a><a href=\"http:\/\/www.susannavaris.com\/blogg\/wp-content\/uploads\/2015\/06\/DSC_0428.jpg\"><img loading=\"lazy\" decoding=\"async\" class=\"aligncenter size-full wp-image-14801\" src=\"http:\/\/www.susannavaris.com\/blogg\/wp-content\/uploads\/2015\/06\/DSC_0428.jpg\" alt=\"DSC_0428\" width=\"2816\" height=\"3500\" srcset=\"http:\/\/www.susannavaris.com\/blogg\/wp-content\/uploads\/2015\/06\/DSC_0428.jpg 2816w, http:\/\/www.susannavaris.com\/blogg\/wp-content\/uploads\/2015\/06\/DSC_0428-241x300.jpg 241w, http:\/\/www.susannavaris.com\/blogg\/wp-content\/uploads\/2015\/06\/DSC_0428-824x1024.jpg 824w\" sizes=\"auto, (max-width: 2816px) 100vw, 2816px\" \/><\/a><em>Storfinlands provinsvapen fr\u00e5n sorgschabrak anv\u00e4nt vid Karl X Gustavs begravning.<\/em><\/p>\n<p style=\"text-align: center;\"><a href=\"http:\/\/www.susannavaris.com\/blogg\/wp-content\/uploads\/2015\/06\/DSC_0429.jpg\"><img loading=\"lazy\" decoding=\"async\" class=\"aligncenter size-full wp-image-14803\" src=\"http:\/\/www.susannavaris.com\/blogg\/wp-content\/uploads\/2015\/06\/DSC_0429.jpg\" alt=\"DSC_0429\" width=\"4358\" height=\"2652\" srcset=\"http:\/\/www.susannavaris.com\/blogg\/wp-content\/uploads\/2015\/06\/DSC_0429.jpg 4358w, http:\/\/www.susannavaris.com\/blogg\/wp-content\/uploads\/2015\/06\/DSC_0429-300x183.jpg 300w, http:\/\/www.susannavaris.com\/blogg\/wp-content\/uploads\/2015\/06\/DSC_0429-1024x623.jpg 1024w\" sizes=\"auto, (max-width: 4358px) 100vw, 4358px\" \/><\/a><em>\u00d6sterg\u00f6tlands och Livlands uttrycksfulla drake respektive grip.<\/em><\/p>\n<p style=\"text-align: center;\"><a href=\"http:\/\/www.susannavaris.com\/blogg\/wp-content\/uploads\/2015\/06\/DSC_0433.jpg\"><img loading=\"lazy\" decoding=\"async\" class=\"aligncenter size-full wp-image-14804\" src=\"http:\/\/www.susannavaris.com\/blogg\/wp-content\/uploads\/2015\/06\/DSC_0433.jpg\" alt=\"DSC_0433\" width=\"3849\" height=\"2682\" srcset=\"http:\/\/www.susannavaris.com\/blogg\/wp-content\/uploads\/2015\/06\/DSC_0433.jpg 3849w, http:\/\/www.susannavaris.com\/blogg\/wp-content\/uploads\/2015\/06\/DSC_0433-300x209.jpg 300w, http:\/\/www.susannavaris.com\/blogg\/wp-content\/uploads\/2015\/06\/DSC_0433-1024x714.jpg 1024w\" sizes=\"auto, (max-width: 3849px) 100vw, 3849px\" \/><\/a> <a href=\"http:\/\/www.susannavaris.com\/blogg\/wp-content\/uploads\/2015\/06\/DSC_0436.jpg\"><img loading=\"lazy\" decoding=\"async\" class=\"aligncenter size-full wp-image-14805\" src=\"http:\/\/www.susannavaris.com\/blogg\/wp-content\/uploads\/2015\/06\/DSC_0436.jpg\" alt=\"DSC_0436\" width=\"2809\" height=\"3052\" srcset=\"http:\/\/www.susannavaris.com\/blogg\/wp-content\/uploads\/2015\/06\/DSC_0436.jpg 2809w, http:\/\/www.susannavaris.com\/blogg\/wp-content\/uploads\/2015\/06\/DSC_0436-276x300.jpg 276w, http:\/\/www.susannavaris.com\/blogg\/wp-content\/uploads\/2015\/06\/DSC_0436-942x1024.jpg 942w\" sizes=\"auto, (max-width: 2809px) 100vw, 2809px\" \/><\/a><em>\u00d6verst: Drottning Kristinas begravningsregalier fr\u00e5n 1626. Nederst: Karl IX:s krona, utf\u00f6rd till begravningen 1612 av Antonius Grott.<\/em><\/p>\n<p style=\"text-align: center;\"><a href=\"http:\/\/www.susannavaris.com\/blogg\/wp-content\/uploads\/2015\/06\/DSC_0438.jpg\"><img loading=\"lazy\" decoding=\"async\" class=\"aligncenter size-full wp-image-14806\" src=\"http:\/\/www.susannavaris.com\/blogg\/wp-content\/uploads\/2015\/06\/DSC_0438.jpg\" alt=\"DSC_0438\" width=\"4608\" height=\"3072\" srcset=\"http:\/\/www.susannavaris.com\/blogg\/wp-content\/uploads\/2015\/06\/DSC_0438.jpg 4608w, http:\/\/www.susannavaris.com\/blogg\/wp-content\/uploads\/2015\/06\/DSC_0438-300x200.jpg 300w, http:\/\/www.susannavaris.com\/blogg\/wp-content\/uploads\/2015\/06\/DSC_0438-1024x683.jpg 1024w\" sizes=\"auto, (max-width: 4608px) 100vw, 4608px\" \/><\/a><em>Bild av Gustav Vasas gravmonument i Uppsala domkyrka. P\u00e5 kungens b\u00e5da sidor ligger hans b\u00e5da tidigare avlidna drottningar Katarina av Sachsen-Lauenburg och Margaretha Leijonhufvud.<\/em><\/p>\n<p style=\"text-align: center;\"><a href=\"http:\/\/www.susannavaris.com\/blogg\/wp-content\/uploads\/2015\/06\/DSC_0440-50-text.jpg\"><img loading=\"lazy\" decoding=\"async\" class=\"aligncenter size-full wp-image-14807\" src=\"http:\/\/www.susannavaris.com\/blogg\/wp-content\/uploads\/2015\/06\/DSC_0440-50-text.jpg\" alt=\"DSC_0440-50-text\" width=\"1827\" height=\"1179\" srcset=\"http:\/\/www.susannavaris.com\/blogg\/wp-content\/uploads\/2015\/06\/DSC_0440-50-text.jpg 1827w, http:\/\/www.susannavaris.com\/blogg\/wp-content\/uploads\/2015\/06\/DSC_0440-50-text-300x194.jpg 300w, http:\/\/www.susannavaris.com\/blogg\/wp-content\/uploads\/2015\/06\/DSC_0440-50-text-1024x661.jpg 1024w\" sizes=\"auto, (max-width: 1827px) 100vw, 1827px\" \/><\/a><em>Karl XII:s blodfl\u00e4ckade skjorta.<\/em><\/p>\n<p style=\"text-align: center;\"><a href=\"http:\/\/www.susannavaris.com\/blogg\/wp-content\/uploads\/2015\/06\/DSC_0441.jpg\"><img loading=\"lazy\" decoding=\"async\" class=\"aligncenter size-full wp-image-14808\" src=\"http:\/\/www.susannavaris.com\/blogg\/wp-content\/uploads\/2015\/06\/DSC_0441.jpg\" alt=\"DSC_0441\" width=\"2984\" height=\"4046\" srcset=\"http:\/\/www.susannavaris.com\/blogg\/wp-content\/uploads\/2015\/06\/DSC_0441.jpg 2984w, http:\/\/www.susannavaris.com\/blogg\/wp-content\/uploads\/2015\/06\/DSC_0441-221x300.jpg 221w, http:\/\/www.susannavaris.com\/blogg\/wp-content\/uploads\/2015\/06\/DSC_0441-755x1024.jpg 755w\" sizes=\"auto, (max-width: 2984px) 100vw, 2984px\" \/><\/a><em>Pappfigur med teckning fr\u00e5n Ulrika Eleonora d.\u00e4:s begravning av Nikodemus Tessin d.y<\/em>.<\/p>\n<p style=\"text-align: center;\"><a href=\"http:\/\/www.susannavaris.com\/blogg\/wp-content\/uploads\/2015\/06\/DSC_0445-50-text.jpg\"><img loading=\"lazy\" decoding=\"async\" class=\"aligncenter size-full wp-image-14809\" src=\"http:\/\/www.susannavaris.com\/blogg\/wp-content\/uploads\/2015\/06\/DSC_0445-50-text.jpg\" alt=\"DSC_0445-50-text\" width=\"2304\" height=\"1536\" srcset=\"http:\/\/www.susannavaris.com\/blogg\/wp-content\/uploads\/2015\/06\/DSC_0445-50-text.jpg 2304w, http:\/\/www.susannavaris.com\/blogg\/wp-content\/uploads\/2015\/06\/DSC_0445-50-text-300x200.jpg 300w, http:\/\/www.susannavaris.com\/blogg\/wp-content\/uploads\/2015\/06\/DSC_0445-50-text-1024x683.jpg 1024w\" sizes=\"auto, (max-width: 2304px) 100vw, 2304px\" \/><\/a><em>D\u00f6dens teater. Drottning Ulrika Eleonora med sina fyra s\u00f6ner i himlen p\u00e5 tavlan.<\/em><\/p>\n<p style=\"text-align: center;\"><a href=\"http:\/\/www.susannavaris.com\/blogg\/wp-content\/uploads\/2015\/06\/DSC_0443-50.jpg\"><img loading=\"lazy\" decoding=\"async\" class=\"aligncenter size-full wp-image-14810\" src=\"http:\/\/www.susannavaris.com\/blogg\/wp-content\/uploads\/2015\/06\/DSC_0443-50.jpg\" alt=\"DSC_0443-50\" width=\"1215\" height=\"1401\" srcset=\"http:\/\/www.susannavaris.com\/blogg\/wp-content\/uploads\/2015\/06\/DSC_0443-50.jpg 1215w, http:\/\/www.susannavaris.com\/blogg\/wp-content\/uploads\/2015\/06\/DSC_0443-50-260x300.jpg 260w, http:\/\/www.susannavaris.com\/blogg\/wp-content\/uploads\/2015\/06\/DSC_0443-50-888x1024.jpg 888w\" sizes=\"auto, (max-width: 1215px) 100vw, 1215px\" \/><\/a><a href=\"http:\/\/www.susannavaris.com\/blogg\/wp-content\/uploads\/2015\/06\/DSC_0444-50-text.jpg\"><img loading=\"lazy\" decoding=\"async\" class=\"aligncenter size-full wp-image-14811\" src=\"http:\/\/www.susannavaris.com\/blogg\/wp-content\/uploads\/2015\/06\/DSC_0444-50-text.jpg\" alt=\"DSC_0444-50-text\" width=\"1536\" height=\"2304\" srcset=\"http:\/\/www.susannavaris.com\/blogg\/wp-content\/uploads\/2015\/06\/DSC_0444-50-text.jpg 1536w, http:\/\/www.susannavaris.com\/blogg\/wp-content\/uploads\/2015\/06\/DSC_0444-50-text-200x300.jpg 200w, http:\/\/www.susannavaris.com\/blogg\/wp-content\/uploads\/2015\/06\/DSC_0444-50-text-683x1024.jpg 683w\" sizes=\"auto, (max-width: 1536px) 100vw, 1536px\" \/><\/a><a href=\"http:\/\/www.susannavaris.com\/blogg\/wp-content\/uploads\/2015\/06\/DSC_0447.jpg\"><img loading=\"lazy\" decoding=\"async\" class=\"aligncenter size-full wp-image-14812\" src=\"http:\/\/www.susannavaris.com\/blogg\/wp-content\/uploads\/2015\/06\/DSC_0447.jpg\" alt=\"DSC_0447\" width=\"3072\" height=\"4608\" srcset=\"http:\/\/www.susannavaris.com\/blogg\/wp-content\/uploads\/2015\/06\/DSC_0447.jpg 3072w, http:\/\/www.susannavaris.com\/blogg\/wp-content\/uploads\/2015\/06\/DSC_0447-200x300.jpg 200w, http:\/\/www.susannavaris.com\/blogg\/wp-content\/uploads\/2015\/06\/DSC_0447-683x1024.jpg 683w\" sizes=\"auto, (max-width: 3072px) 100vw, 3072px\" \/><\/a><a href=\"http:\/\/www.susannavaris.com\/blogg\/wp-content\/uploads\/2015\/06\/DSC_0448.jpg\"><img loading=\"lazy\" decoding=\"async\" class=\"aligncenter size-full wp-image-14813\" src=\"http:\/\/www.susannavaris.com\/blogg\/wp-content\/uploads\/2015\/06\/DSC_0448.jpg\" alt=\"DSC_0448\" width=\"3937\" height=\"2875\" srcset=\"http:\/\/www.susannavaris.com\/blogg\/wp-content\/uploads\/2015\/06\/DSC_0448.jpg 3937w, http:\/\/www.susannavaris.com\/blogg\/wp-content\/uploads\/2015\/06\/DSC_0448-300x219.jpg 300w, http:\/\/www.susannavaris.com\/blogg\/wp-content\/uploads\/2015\/06\/DSC_0448-1024x748.jpg 1024w\" sizes=\"auto, (max-width: 3937px) 100vw, 3937px\" \/><\/a> <a href=\"http:\/\/www.susannavaris.com\/blogg\/wp-content\/uploads\/2015\/06\/DSC_0450.jpg\"><img loading=\"lazy\" decoding=\"async\" class=\"aligncenter size-full wp-image-14814\" src=\"http:\/\/www.susannavaris.com\/blogg\/wp-content\/uploads\/2015\/06\/DSC_0450.jpg\" alt=\"DSC_0450\" width=\"4608\" height=\"3072\" srcset=\"http:\/\/www.susannavaris.com\/blogg\/wp-content\/uploads\/2015\/06\/DSC_0450.jpg 4608w, http:\/\/www.susannavaris.com\/blogg\/wp-content\/uploads\/2015\/06\/DSC_0450-300x200.jpg 300w, http:\/\/www.susannavaris.com\/blogg\/wp-content\/uploads\/2015\/06\/DSC_0450-1024x683.jpg 1024w\" sizes=\"auto, (max-width: 4608px) 100vw, 4608px\" \/><\/a><em>Olika slags sorgschabrak.<\/em><\/p>\n<p style=\"text-align: center;\"><a href=\"http:\/\/www.susannavaris.com\/blogg\/wp-content\/uploads\/2015\/06\/DSC_0451-50-text.jpg\"><img loading=\"lazy\" decoding=\"async\" class=\"aligncenter size-full wp-image-14815\" src=\"http:\/\/www.susannavaris.com\/blogg\/wp-content\/uploads\/2015\/06\/DSC_0451-50-text.jpg\" alt=\"DSC_0451-50-text\" width=\"2304\" height=\"1536\" srcset=\"http:\/\/www.susannavaris.com\/blogg\/wp-content\/uploads\/2015\/06\/DSC_0451-50-text.jpg 2304w, http:\/\/www.susannavaris.com\/blogg\/wp-content\/uploads\/2015\/06\/DSC_0451-50-text-300x200.jpg 300w, http:\/\/www.susannavaris.com\/blogg\/wp-content\/uploads\/2015\/06\/DSC_0451-50-text-1024x683.jpg 1024w\" sizes=\"auto, (max-width: 2304px) 100vw, 2304px\" \/><\/a><em>Fotografi fr\u00e5n \u00f6ppnandet av Karl XI:s grav.<\/em><\/p>\n<p style=\"text-align: center;\"><a href=\"http:\/\/www.susannavaris.com\/blogg\/wp-content\/uploads\/2015\/06\/DSC_0454-50-text.jpg\"><img loading=\"lazy\" decoding=\"async\" class=\"aligncenter size-full wp-image-14816\" src=\"http:\/\/www.susannavaris.com\/blogg\/wp-content\/uploads\/2015\/06\/DSC_0454-50-text.jpg\" alt=\"DSC_0454-50-text\" width=\"2304\" height=\"1536\" srcset=\"http:\/\/www.susannavaris.com\/blogg\/wp-content\/uploads\/2015\/06\/DSC_0454-50-text.jpg 2304w, http:\/\/www.susannavaris.com\/blogg\/wp-content\/uploads\/2015\/06\/DSC_0454-50-text-300x200.jpg 300w, http:\/\/www.susannavaris.com\/blogg\/wp-content\/uploads\/2015\/06\/DSC_0454-50-text-1024x683.jpg 1024w\" sizes=\"auto, (max-width: 2304px) 100vw, 2304px\" \/><\/a><em>Dito fr\u00e5n Maria Eleonoras grav.<\/em><\/p>\n<p style=\"text-align: center;\"><a href=\"http:\/\/www.susannavaris.com\/blogg\/wp-content\/uploads\/2015\/06\/DSC_0453.jpg\"><img loading=\"lazy\" decoding=\"async\" class=\"aligncenter size-full wp-image-14817\" src=\"http:\/\/www.susannavaris.com\/blogg\/wp-content\/uploads\/2015\/06\/DSC_0453.jpg\" alt=\"DSC_0453\" width=\"3049\" height=\"3674\" srcset=\"http:\/\/www.susannavaris.com\/blogg\/wp-content\/uploads\/2015\/06\/DSC_0453.jpg 3049w, http:\/\/www.susannavaris.com\/blogg\/wp-content\/uploads\/2015\/06\/DSC_0453-249x300.jpg 249w, http:\/\/www.susannavaris.com\/blogg\/wp-content\/uploads\/2015\/06\/DSC_0453-850x1024.jpg 850w\" sizes=\"auto, (max-width: 3049px) 100vw, 3049px\" \/><\/a><em>Maria Eleonora, Gustav II Adolfs gem\u00e5l, av Jakob Elbfas<\/em><\/p>\n<p style=\"text-align: center;\"><a href=\"http:\/\/www.susannavaris.com\/blogg\/wp-content\/uploads\/2015\/06\/DSC_0455-50-text.jpg\"><img loading=\"lazy\" decoding=\"async\" class=\"aligncenter size-full wp-image-14818\" src=\"http:\/\/www.susannavaris.com\/blogg\/wp-content\/uploads\/2015\/06\/DSC_0455-50-text.jpg\" alt=\"DSC_0455-50-text\" width=\"2304\" height=\"1536\" srcset=\"http:\/\/www.susannavaris.com\/blogg\/wp-content\/uploads\/2015\/06\/DSC_0455-50-text.jpg 2304w, http:\/\/www.susannavaris.com\/blogg\/wp-content\/uploads\/2015\/06\/DSC_0455-50-text-300x200.jpg 300w, http:\/\/www.susannavaris.com\/blogg\/wp-content\/uploads\/2015\/06\/DSC_0455-50-text-1024x683.jpg 1024w\" sizes=\"auto, (max-width: 2304px) 100vw, 2304px\" \/><\/a><em>Karl XII<\/em><\/p>\n<p style=\"text-align: center;\"><a href=\"http:\/\/www.susannavaris.com\/blogg\/wp-content\/uploads\/2015\/06\/DSC_0456-50-text.jpg\"><img loading=\"lazy\" decoding=\"async\" class=\"aligncenter size-full wp-image-14819\" src=\"http:\/\/www.susannavaris.com\/blogg\/wp-content\/uploads\/2015\/06\/DSC_0456-50-text.jpg\" alt=\"DSC_0456-50-text\" width=\"1536\" height=\"2304\" srcset=\"http:\/\/www.susannavaris.com\/blogg\/wp-content\/uploads\/2015\/06\/DSC_0456-50-text.jpg 1536w, http:\/\/www.susannavaris.com\/blogg\/wp-content\/uploads\/2015\/06\/DSC_0456-50-text-200x300.jpg 200w, http:\/\/www.susannavaris.com\/blogg\/wp-content\/uploads\/2015\/06\/DSC_0456-50-text-683x1024.jpg 683w\" sizes=\"auto, (max-width: 1536px) 100vw, 1536px\" \/><\/a><em>Karl X Gustav med ett gigantiskt klot och det svenska lejonet (?) som lurpassar i h\u00f6rnet.<\/em><\/p>\n<p style=\"text-align: center;\"><a href=\"http:\/\/www.susannavaris.com\/blogg\/wp-content\/uploads\/2015\/06\/DSC_0461.jpg\"><img loading=\"lazy\" decoding=\"async\" class=\"aligncenter size-full wp-image-14820\" src=\"http:\/\/www.susannavaris.com\/blogg\/wp-content\/uploads\/2015\/06\/DSC_0461.jpg\" alt=\"DSC_0461\" width=\"2604\" height=\"3280\" srcset=\"http:\/\/www.susannavaris.com\/blogg\/wp-content\/uploads\/2015\/06\/DSC_0461.jpg 2604w, http:\/\/www.susannavaris.com\/blogg\/wp-content\/uploads\/2015\/06\/DSC_0461-238x300.jpg 238w, http:\/\/www.susannavaris.com\/blogg\/wp-content\/uploads\/2015\/06\/DSC_0461-813x1024.jpg 813w\" sizes=\"auto, (max-width: 2604px) 100vw, 2604px\" \/><\/a><em>P\u00e5 barnavdelningen, d\u00e4r den enda genuskorrekta formuleringen (&#8221;stiliga prinsar och modiga prinsessor&#8221;, eller n\u00e5got i den stilen&#8230;) gick att hitta denna g\u00e5ngen (vilket vi tackar s\u00e4rskilt f\u00f6r &#8211; att inte utst\u00e4llningen var nedlusad med de sedvanliga genuspekpinnarna, vill s\u00e4ga). H\u00e4r en plansch om mouche och de budskap dess placering kan b\u00e4ra p\u00e5.<\/em><\/p>\n<p style=\"text-align: center;\"><a href=\"http:\/\/www.susannavaris.com\/blogg\/wp-content\/uploads\/2015\/06\/DSC_0462-50-text.jpg\"><img loading=\"lazy\" decoding=\"async\" class=\"aligncenter size-full wp-image-14821\" src=\"http:\/\/www.susannavaris.com\/blogg\/wp-content\/uploads\/2015\/06\/DSC_0462-50-text.jpg\" alt=\"DSC_0462-50-text\" width=\"1021\" height=\"1431\" srcset=\"http:\/\/www.susannavaris.com\/blogg\/wp-content\/uploads\/2015\/06\/DSC_0462-50-text.jpg 1021w, http:\/\/www.susannavaris.com\/blogg\/wp-content\/uploads\/2015\/06\/DSC_0462-50-text-214x300.jpg 214w, http:\/\/www.susannavaris.com\/blogg\/wp-content\/uploads\/2015\/06\/DSC_0462-50-text-731x1024.jpg 731w\" sizes=\"auto, (max-width: 1021px) 100vw, 1021px\" \/><\/a><em>En liten smyckesutst\u00e4llning p\u00e5g\u00e5r ocks\u00e5 i Livrustkammaren, h\u00e4r en vargtand fr\u00e5n 1600-talet som de kungliga barnen lekt med och som \u00e4ven anv\u00e4nts av kungen som amulett.<\/em><\/p>\n<p style=\"text-align: center;\"><a href=\"http:\/\/www.susannavaris.com\/blogg\/wp-content\/uploads\/2015\/06\/DSC_0465-50-text.jpg\"><img loading=\"lazy\" decoding=\"async\" class=\"aligncenter size-full wp-image-14822\" src=\"http:\/\/www.susannavaris.com\/blogg\/wp-content\/uploads\/2015\/06\/DSC_0465-50-text.jpg\" alt=\"DSC_0465-50-text\" width=\"2304\" height=\"1536\" srcset=\"http:\/\/www.susannavaris.com\/blogg\/wp-content\/uploads\/2015\/06\/DSC_0465-50-text.jpg 2304w, http:\/\/www.susannavaris.com\/blogg\/wp-content\/uploads\/2015\/06\/DSC_0465-50-text-300x200.jpg 300w, http:\/\/www.susannavaris.com\/blogg\/wp-content\/uploads\/2015\/06\/DSC_0465-50-text-1024x683.jpg 1024w\" sizes=\"auto, (max-width: 2304px) 100vw, 2304px\" \/><\/a><span style=\"font-family: Verdana; font-size: small;\"><i>&#8221;Karl IX l\u00e4t inf\u00f6r sin kr\u00f6ning i Uppsala den 15 mars 1607 tillverka en stor ordenskedja. Den kallades Jehovaorden och p\u00e5 ordenstecknet finns de hebreiska bokst\u00e4verna f\u00f6r Jehova.&#8221; K\u00e4lla: Livrustkammaren<\/i><\/span><\/p>\n<p style=\"text-align: center;\"><a href=\"http:\/\/www.susannavaris.com\/blogg\/wp-content\/uploads\/2015\/06\/DSC_0468-50-text1.jpg\"><img loading=\"lazy\" decoding=\"async\" class=\"aligncenter size-full wp-image-14825\" src=\"http:\/\/www.susannavaris.com\/blogg\/wp-content\/uploads\/2015\/06\/DSC_0468-50-text1.jpg\" alt=\"DSC_0468-50-text\" width=\"2304\" height=\"1536\" srcset=\"http:\/\/www.susannavaris.com\/blogg\/wp-content\/uploads\/2015\/06\/DSC_0468-50-text1.jpg 2304w, http:\/\/www.susannavaris.com\/blogg\/wp-content\/uploads\/2015\/06\/DSC_0468-50-text1-300x200.jpg 300w, http:\/\/www.susannavaris.com\/blogg\/wp-content\/uploads\/2015\/06\/DSC_0468-50-text1-1024x683.jpg 1024w\" sizes=\"auto, (max-width: 2304px) 100vw, 2304px\" \/><\/a> <a href=\"http:\/\/www.susannavaris.com\/blogg\/wp-content\/uploads\/2015\/06\/DSC_0472-50-text.jpg\"><img loading=\"lazy\" decoding=\"async\" class=\"aligncenter size-full wp-image-14824\" src=\"http:\/\/www.susannavaris.com\/blogg\/wp-content\/uploads\/2015\/06\/DSC_0472-50-text.jpg\" alt=\"DSC_0472-50-text\" width=\"1427\" height=\"2239\" srcset=\"http:\/\/www.susannavaris.com\/blogg\/wp-content\/uploads\/2015\/06\/DSC_0472-50-text.jpg 1427w, http:\/\/www.susannavaris.com\/blogg\/wp-content\/uploads\/2015\/06\/DSC_0472-50-text-191x300.jpg 191w, http:\/\/www.susannavaris.com\/blogg\/wp-content\/uploads\/2015\/06\/DSC_0472-50-text-653x1024.jpg 653w\" sizes=\"auto, (max-width: 1427px) 100vw, 1427px\" \/><\/a><em>F\u00f6rem\u00e5l och dr\u00e4kter fr\u00e5n den fasta utst\u00e4llningen. <\/em><\/p>\n<p style=\"text-align: center;\">En mycket sp\u00e4nnande utst\u00e4llning, helt i min smak. Vill ni se den s\u00e5 f\u00e5r ni skynda er; 6. juni \u00e4r sista dagen!<\/p>\n<p style=\"text-align: center;\">\n","protected":false},"excerpt":{"rendered":"<p>Senaste tv\u00e5 veckorna har varit mycket hektiska med tv\u00e4ra kast i dygnsrytmen och m\u00e5nga sp\u00f6rsm\u00e5l att uppm\u00e4rksamma. Jag har d\u00e4rf\u00f6r inte haft tid eller ork att blogga vidare mycket, f\u00f6r att inte s\u00e4ga alls. Det saknas ju i vanlig ordning &hellip; <a href=\"http:\/\/www.susannavaris.com\/blogg\/2015\/06\/dodens-teater-i-livrustkammaren\/\">Forts\u00e4tt l\u00e4sa <span class=\"meta-nav\">&rarr;<\/span><\/a><\/p>\n","protected":false},"author":1,"featured_media":0,"comment_status":"open","ping_status":"open","sticky":false,"template":"","format":"standard","meta":{"footnotes":""},"categories":[107,259,361,674,13,3,1162,14,1,303,1611,4],"tags":[2910,4814,2198,4000,4896,2390,4096,4911,4817,4815,198,4818,199,203,1268,4819,4816,122],"class_list":["post-14789","post","type-post","status-publish","format-standard","hentry","category-finland","category-genusvetenskap","category-goth","category-historia","category-inspiration","category-konst","category-kultur","category-mode","category-okategoriserade","category-religion","category-skrackkonst","category-utstallning","tag-begravning","tag-dodens-teater","tag-drottning-kristina","tag-erik-xiv","tag-finland","tag-gustav-vasa","tag-habsburg","tag-historia","tag-karl-x-gustav","tag-karl-xii","tag-kungliga-slottet","tag-kyritzryttare","tag-livrustkammaren","tag-maria-eleonora","tag-skonhetsideal","tag-snok","tag-ulrika-eleonora","tag-utstallning-2"],"_links":{"self":[{"href":"http:\/\/www.susannavaris.com\/blogg\/wp-json\/wp\/v2\/posts\/14789","targetHints":{"allow":["GET"]}}],"collection":[{"href":"http:\/\/www.susannavaris.com\/blogg\/wp-json\/wp\/v2\/posts"}],"about":[{"href":"http:\/\/www.susannavaris.com\/blogg\/wp-json\/wp\/v2\/types\/post"}],"author":[{"embeddable":true,"href":"http:\/\/www.susannavaris.com\/blogg\/wp-json\/wp\/v2\/users\/1"}],"replies":[{"embeddable":true,"href":"http:\/\/www.susannavaris.com\/blogg\/wp-json\/wp\/v2\/comments?post=14789"}],"version-history":[{"count":3,"href":"http:\/\/www.susannavaris.com\/blogg\/wp-json\/wp\/v2\/posts\/14789\/revisions"}],"predecessor-version":[{"id":14827,"href":"http:\/\/www.susannavaris.com\/blogg\/wp-json\/wp\/v2\/posts\/14789\/revisions\/14827"}],"wp:attachment":[{"href":"http:\/\/www.susannavaris.com\/blogg\/wp-json\/wp\/v2\/media?parent=14789"}],"wp:term":[{"taxonomy":"category","embeddable":true,"href":"http:\/\/www.susannavaris.com\/blogg\/wp-json\/wp\/v2\/categories?post=14789"},{"taxonomy":"post_tag","embeddable":true,"href":"http:\/\/www.susannavaris.com\/blogg\/wp-json\/wp\/v2\/tags?post=14789"}],"curies":[{"name":"wp","href":"https:\/\/api.w.org\/{rel}","templated":true}]}}