{"id":148,"date":"2011-05-10T12:44:13","date_gmt":"2011-05-10T10:44:13","guid":{"rendered":"http:\/\/www.susannavaris.com\/blogg\/?p=148"},"modified":"2023-02-13T15:05:40","modified_gmt":"2023-02-13T14:05:40","slug":"iiiiih","status":"publish","type":"post","link":"http:\/\/www.susannavaris.com\/blogg\/2011\/05\/iiiiih\/","title":{"rendered":"Iiiiih"},"content":{"rendered":"\n<p class=\"has-text-align-center\">Glad i h\u00e5gen vaknar jag upp till en underbar ledig dag, d\u00e5 jag \u00e4ntligen ska f\u00e5 tid att m\u00e5la lite i olja. Vad \u00e4r det f\u00f6rsta som h\u00e4nder? Jo, moderskan uppenbarar sig i andra \u00e4ndan av telefonen och vill l\u00e5na min nyink\u00f6pta underbara Cavalli-tunika till sin barcelonaresa.<\/p>\n\n\n\n<p class=\"has-text-align-center\">Iiiiiiiih!!!!<\/p>\n\n\n<div class=\"wp-block-image\">\n<figure class=\"aligncenter\"><a href=\"http:\/\/www.susannavaris.com\/blogg\/wp-content\/uploads\/2011\/05\/cavallicrop.jpg\"><img loading=\"lazy\" decoding=\"async\" width=\"1024\" height=\"646\" src=\"http:\/\/www.susannavaris.com\/blogg\/wp-content\/uploads\/2011\/05\/cavallicrop-1024x646.jpg\" alt=\"\" class=\"wp-image-149\" title=\"cavallicrop\" srcset=\"http:\/\/www.susannavaris.com\/blogg\/wp-content\/uploads\/2011\/05\/cavallicrop-1024x646.jpg 1024w, http:\/\/www.susannavaris.com\/blogg\/wp-content\/uploads\/2011\/05\/cavallicrop-300x189.jpg 300w\" sizes=\"auto, (max-width: 1024px) 100vw, 1024px\" \/><\/a><\/figure>\n<\/div>\n\n<div class=\"wp-block-image\">\n<figure class=\"aligncenter size-full\"><img loading=\"lazy\" decoding=\"async\" width=\"799\" height=\"1019\" src=\"http:\/\/www.susannavaris.com\/blogg\/wp-content\/uploads\/2023\/02\/000-800px-The_Scream.jpg\" alt=\"\" class=\"wp-image-17635\" title=\"Skriet\" srcset=\"http:\/\/www.susannavaris.com\/blogg\/wp-content\/uploads\/2023\/02\/000-800px-The_Scream.jpg 799w, http:\/\/www.susannavaris.com\/blogg\/wp-content\/uploads\/2023\/02\/000-800px-The_Scream-235x300.jpg 235w, http:\/\/www.susannavaris.com\/blogg\/wp-content\/uploads\/2023\/02\/000-800px-The_Scream-768x979.jpg 768w\" sizes=\"auto, (max-width: 799px) 100vw, 799px\" \/><\/figure>\n<\/div>\n\n\n<p class=\"has-text-align-center\"><em>Edward Much, Skriet. Foto: Wikipedia\/public domain<\/em><\/p>\n\n\n\n<p class=\"has-text-align-center\">Den kommer att vara besudlad med utspilld r\u00f6dvin och oljiga rester av calamares och allt annat som serveras p\u00e5 s\u00e5dana d\u00e4r tapastallrikar!!!! Den kommer att skrynklas ihop till en liten trasselsudd!!! Och jag har inte ens anv\u00e4nt den sj\u00e4lv \u00e4n&#8230;.! Hon kommer att spilla en hel paella-gryta p\u00e5 den&#8230;.nej, det h\u00e4r kan jag inte g\u00e5 med p\u00e5.<\/p>\n\n\n\n<p class=\"has-text-align-center\">Det vet man v\u00e4l hur pension\u00e4rsj\u00e4vlarna beter sig numera. Det har jag sett p\u00e5 tv. S\u00e5 no way, conny ray&#8230;ingen Cavalli-tunika \u00e5ker till Barcelona.<\/p>\n\n\n<div class=\"wp-block-image\">\n<figure class=\"aligncenter\"><a href=\"http:\/\/www.susannavaris.com\/blogg\/wp-content\/uploads\/2011\/05\/cavalli011.jpg\"><img loading=\"lazy\" decoding=\"async\" width=\"490\" height=\"1024\" src=\"http:\/\/www.susannavaris.com\/blogg\/wp-content\/uploads\/2011\/05\/cavalli011-490x1024.jpg\" alt=\"\" class=\"wp-image-151\" title=\"cavalli01\" srcset=\"http:\/\/www.susannavaris.com\/blogg\/wp-content\/uploads\/2011\/05\/cavalli011-490x1024.jpg 490w, http:\/\/www.susannavaris.com\/blogg\/wp-content\/uploads\/2011\/05\/cavalli011-143x300.jpg 143w, http:\/\/www.susannavaris.com\/blogg\/wp-content\/uploads\/2011\/05\/cavalli011.jpg 1629w\" sizes=\"auto, (max-width: 490px) 100vw, 490px\" \/><\/a><\/figure>\n<\/div>\n\n\n<p class=\"has-text-align-center\"><\/p>\n","protected":false},"excerpt":{"rendered":"<p>Glad i h\u00e5gen vaknar jag upp till en underbar ledig dag, d\u00e5 jag \u00e4ntligen ska f\u00e5 tid att m\u00e5la lite i olja. Vad \u00e4r det f\u00f6rsta som h\u00e4nder? Jo, moderskan uppenbarar sig i andra \u00e4ndan av telefonen och vill l\u00e5na &hellip; <a href=\"http:\/\/www.susannavaris.com\/blogg\/2011\/05\/iiiiih\/\">Forts\u00e4tt l\u00e4sa <span class=\"meta-nav\">&rarr;<\/span><\/a><\/p>\n","protected":false},"author":1,"featured_media":0,"comment_status":"open","ping_status":"open","sticky":false,"template":"","format":"standard","meta":{"footnotes":""},"categories":[14,1],"tags":[19,63],"class_list":["post-148","post","type-post","status-publish","format-standard","hentry","category-mode","category-okategoriserade","tag-mode-2","tag-roberto-cavalli"],"_links":{"self":[{"href":"http:\/\/www.susannavaris.com\/blogg\/wp-json\/wp\/v2\/posts\/148","targetHints":{"allow":["GET"]}}],"collection":[{"href":"http:\/\/www.susannavaris.com\/blogg\/wp-json\/wp\/v2\/posts"}],"about":[{"href":"http:\/\/www.susannavaris.com\/blogg\/wp-json\/wp\/v2\/types\/post"}],"author":[{"embeddable":true,"href":"http:\/\/www.susannavaris.com\/blogg\/wp-json\/wp\/v2\/users\/1"}],"replies":[{"embeddable":true,"href":"http:\/\/www.susannavaris.com\/blogg\/wp-json\/wp\/v2\/comments?post=148"}],"version-history":[{"count":7,"href":"http:\/\/www.susannavaris.com\/blogg\/wp-json\/wp\/v2\/posts\/148\/revisions"}],"predecessor-version":[{"id":17636,"href":"http:\/\/www.susannavaris.com\/blogg\/wp-json\/wp\/v2\/posts\/148\/revisions\/17636"}],"wp:attachment":[{"href":"http:\/\/www.susannavaris.com\/blogg\/wp-json\/wp\/v2\/media?parent=148"}],"wp:term":[{"taxonomy":"category","embeddable":true,"href":"http:\/\/www.susannavaris.com\/blogg\/wp-json\/wp\/v2\/categories?post=148"},{"taxonomy":"post_tag","embeddable":true,"href":"http:\/\/www.susannavaris.com\/blogg\/wp-json\/wp\/v2\/tags?post=148"}],"curies":[{"name":"wp","href":"https:\/\/api.w.org\/{rel}","templated":true}]}}