{"id":1481,"date":"2011-07-21T19:32:47","date_gmt":"2011-07-21T17:32:47","guid":{"rendered":"http:\/\/www.susannavaris.com\/blogg\/?p=1481"},"modified":"2023-02-14T18:56:45","modified_gmt":"2023-02-14T17:56:45","slug":"granatappelgodis","status":"publish","type":"post","link":"http:\/\/www.susannavaris.com\/blogg\/2011\/07\/granatappelgodis\/","title":{"rendered":"Granat\u00e4ppelgodis"},"content":{"rendered":"<p><a href=\"http:\/\/www.susannavaris.com\/blogg\/wp-content\/uploads\/2011\/07\/granat\u00e4pple110721.jpg\"><img loading=\"lazy\" decoding=\"async\" class=\"aligncenter size-large wp-image-1482\" title=\"granat\u00e4pple110721\" src=\"http:\/\/www.susannavaris.com\/blogg\/wp-content\/uploads\/2011\/07\/granat\u00e4pple110721-682x1024.jpg\" alt=\"\" width=\"640\" height=\"960\" srcset=\"http:\/\/www.susannavaris.com\/blogg\/wp-content\/uploads\/2011\/07\/granat\u00e4pple110721-682x1024.jpg 682w, http:\/\/www.susannavaris.com\/blogg\/wp-content\/uploads\/2011\/07\/granat\u00e4pple110721-199x300.jpg 199w, http:\/\/www.susannavaris.com\/blogg\/wp-content\/uploads\/2011\/07\/granat\u00e4pple110721.jpg 1843w\" sizes=\"auto, (max-width: 640px) 100vw, 640px\" \/><\/a><\/p>\n<p>Idag \u00e5t jag en mycket nyttig gr\u00f6nsaks- och bulgurtallrik till lunch och vill rekommendera denna granat\u00e4ppeldressing till bulgur. Underbart gott!!<\/p>\n<p><a href=\"http:\/\/www.susannavaris.com\/blogg\/wp-content\/uploads\/2011\/07\/granat\u00e4pple.jpg\"><img loading=\"lazy\" decoding=\"async\" class=\"aligncenter size-full wp-image-1483\" title=\"granat\u00e4pple\" src=\"http:\/\/www.susannavaris.com\/blogg\/wp-content\/uploads\/2011\/07\/granat\u00e4pple.jpg\" alt=\"\" width=\"800\" height=\"600\" srcset=\"http:\/\/www.susannavaris.com\/blogg\/wp-content\/uploads\/2011\/07\/granat\u00e4pple.jpg 800w, http:\/\/www.susannavaris.com\/blogg\/wp-content\/uploads\/2011\/07\/granat\u00e4pple-300x225.jpg 300w\" sizes=\"auto, (max-width: 800px) 100vw, 800px\" \/><\/a>Granat\u00e4pple. <span class=\"mw-mmv-source-author\"><span class=\"mw-mmv-author\"><a title=\"User:Fir0002\" href=\"https:\/\/commons.wikimedia.org\/wiki\/User:Fir0002\">Fir0002<\/a><\/span> &#8211; <span class=\"mw-mmv-source\"><span class=\"int-own-work\" lang=\"sv\">Eget arbete &#8211; Wikipedia \/ <a class=\"mw-mmv-license\" href=\"http:\/\/www.gnu.org\/licenses\/old-licenses\/fdl-1.2.html\" target=\"_blank\" rel=\"noopener\">GFDL 1.2<\/a><br \/>\n<\/span><\/span><\/span><\/p>\n<p>L\u00e4s om allt nyttigt som granat\u00e4pplen inneh\u00e5ller h\u00e4r:<\/p>\n<p><a href=\"http:\/\/www.nyfikenvital.org\/?q=node\/1159\">http:\/\/www.nyfikenvital.org\/?q=node\/1159<\/a><\/p>\n<p style=\"text-align: center;\"><a href=\"http:\/\/www.susannavaris.com\/blogg\/wp-content\/uploads\/2011\/07\/600px-Botticelligranat_bild.jpg\"><img loading=\"lazy\" decoding=\"async\" class=\"aligncenter size-full wp-image-1484\" title=\"600px-Botticelligranat_bild\" src=\"http:\/\/www.susannavaris.com\/blogg\/wp-content\/uploads\/2011\/07\/600px-Botticelligranat_bild.jpg\" alt=\"\" width=\"600\" height=\"599\" srcset=\"http:\/\/www.susannavaris.com\/blogg\/wp-content\/uploads\/2011\/07\/600px-Botticelligranat_bild.jpg 600w, http:\/\/www.susannavaris.com\/blogg\/wp-content\/uploads\/2011\/07\/600px-Botticelligranat_bild-150x150.jpg 150w, http:\/\/www.susannavaris.com\/blogg\/wp-content\/uploads\/2011\/07\/600px-Botticelligranat_bild-300x300.jpg 300w\" sizes=\"auto, (max-width: 600px) 100vw, 600px\" \/><\/a><em>Granat\u00e4ppelsymbolik i konst av Sandro Botticelli.<\/em><\/p>\n<p style=\"text-align: center;\">Det finns ett granat\u00e4pplejuice som best\u00e5r av 100 % ren, pressad granat\u00e4pple (absolut inga konserverings\u00e4mnen eller tillsatser), som jag enbart har hittat p\u00e5 saluhallen i Riga och hos frukthandlaren i V\u00e4sterhaninge centrum. Att \u00e4ta granat\u00e4pplen \u00e4r ju en konstart och efter att jag en g\u00e5ng fick en mycket v\u00e4l inkilad k\u00e4rnbit mellan tv\u00e5 t\u00e4nder som h\u00f6ll p\u00e5 att driva mig i panik, t\u00e4nker jag inte mera f\u00f6rs\u00f6ka mig p\u00e5 att \u00e4ta denna frukt som den \u00e4r. D\u00e5 blir juice ett bra alternativ, men inga av de juicer jag hittar i vanlig, svensk handel. Jag l\u00e4gger in en bild s\u00e5 fort jag hittar juicen igen.<\/p>\n","protected":false},"excerpt":{"rendered":"<p>Idag \u00e5t jag en mycket nyttig gr\u00f6nsaks- och bulgurtallrik till lunch och vill rekommendera denna granat\u00e4ppeldressing till bulgur. Underbart gott!! Granat\u00e4pple. Fir0002 &#8211; Eget arbete &#8211; Wikipedia \/ GFDL 1.2 L\u00e4s om allt nyttigt som granat\u00e4pplen inneh\u00e5ller h\u00e4r: http:\/\/www.nyfikenvital.org\/?q=node\/1159 Granat\u00e4ppelsymbolik &hellip; <a href=\"http:\/\/www.susannavaris.com\/blogg\/2011\/07\/granatappelgodis\/\">Forts\u00e4tt l\u00e4sa <span class=\"meta-nav\">&rarr;<\/span><\/a><\/p>\n","protected":false},"author":1,"featured_media":1482,"comment_status":"open","ping_status":"open","sticky":false,"template":"","format":"standard","meta":{"footnotes":""},"categories":[3,1],"tags":[100,442,441,440],"class_list":["post-1481","post","type-post","status-publish","format-standard","has-post-thumbnail","hentry","category-konst","category-okategoriserade","tag-botticelli","tag-granatappeldressing","tag-granatappeljuice","tag-granatapple"],"_links":{"self":[{"href":"http:\/\/www.susannavaris.com\/blogg\/wp-json\/wp\/v2\/posts\/1481","targetHints":{"allow":["GET"]}}],"collection":[{"href":"http:\/\/www.susannavaris.com\/blogg\/wp-json\/wp\/v2\/posts"}],"about":[{"href":"http:\/\/www.susannavaris.com\/blogg\/wp-json\/wp\/v2\/types\/post"}],"author":[{"embeddable":true,"href":"http:\/\/www.susannavaris.com\/blogg\/wp-json\/wp\/v2\/users\/1"}],"replies":[{"embeddable":true,"href":"http:\/\/www.susannavaris.com\/blogg\/wp-json\/wp\/v2\/comments?post=1481"}],"version-history":[{"count":3,"href":"http:\/\/www.susannavaris.com\/blogg\/wp-json\/wp\/v2\/posts\/1481\/revisions"}],"predecessor-version":[{"id":17915,"href":"http:\/\/www.susannavaris.com\/blogg\/wp-json\/wp\/v2\/posts\/1481\/revisions\/17915"}],"wp:featuredmedia":[{"embeddable":true,"href":"http:\/\/www.susannavaris.com\/blogg\/wp-json\/wp\/v2\/media\/1482"}],"wp:attachment":[{"href":"http:\/\/www.susannavaris.com\/blogg\/wp-json\/wp\/v2\/media?parent=1481"}],"wp:term":[{"taxonomy":"category","embeddable":true,"href":"http:\/\/www.susannavaris.com\/blogg\/wp-json\/wp\/v2\/categories?post=1481"},{"taxonomy":"post_tag","embeddable":true,"href":"http:\/\/www.susannavaris.com\/blogg\/wp-json\/wp\/v2\/tags?post=1481"}],"curies":[{"name":"wp","href":"https:\/\/api.w.org\/{rel}","templated":true}]}}