{"id":14834,"date":"2015-06-14T13:19:06","date_gmt":"2015-06-14T11:19:06","guid":{"rendered":"http:\/\/www.susannavaris.com\/blogg\/?p=14834"},"modified":"2015-06-14T18:14:50","modified_gmt":"2015-06-14T16:14:50","slug":"marilyn-manson-grona-lund","status":"publish","type":"post","link":"http:\/\/www.susannavaris.com\/blogg\/2015\/06\/marilyn-manson-grona-lund\/","title":{"rendered":"Marilyn Manson Gr\u00f6na Lund"},"content":{"rendered":"<p><a href=\"http:\/\/www.susannavaris.com\/blogg\/wp-content\/uploads\/2015\/06\/WP_20150608_18_52_38_Pro-2-crop.jpg\"><img loading=\"lazy\" decoding=\"async\" class=\"aligncenter size-full wp-image-14845\" src=\"http:\/\/www.susannavaris.com\/blogg\/wp-content\/uploads\/2015\/06\/WP_20150608_18_52_38_Pro-2-crop.jpg\" alt=\"WP_20150608_18_52_38_Pro (2)-crop\" width=\"1803\" height=\"2375\" srcset=\"http:\/\/www.susannavaris.com\/blogg\/wp-content\/uploads\/2015\/06\/WP_20150608_18_52_38_Pro-2-crop.jpg 1803w, http:\/\/www.susannavaris.com\/blogg\/wp-content\/uploads\/2015\/06\/WP_20150608_18_52_38_Pro-2-crop-228x300.jpg 228w, http:\/\/www.susannavaris.com\/blogg\/wp-content\/uploads\/2015\/06\/WP_20150608_18_52_38_Pro-2-crop-777x1024.jpg 777w\" sizes=\"auto, (max-width: 1803px) 100vw, 1803px\" \/><\/a><\/p>\n<p>Marilyn Manson, min musa och stora k\u00e4lla till inspiration, upptr\u00e4dde p\u00e5 Gr\u00f6na Lund i onsdags. Givetvis var jag d\u00e4r med ett antal musikintresserade v\u00e4nner. Marilyn Manson p\u00e5 ett n\u00f6jesf\u00e4lt, en tanke som spontant kanske inte k\u00e4nns som den perfekta matchningen, men som \u00e4ven Fredrik Strage konstaterat i\u00a0<a href=\"http:\/\/www.dn.se\/kultur-noje\/konsertrecensioner\/marilyn-manson-pa-grona-lund\/\">DN<\/a> faktiskt inte alls \u00e4r s\u00e5 konstig. I b\u00f6rjan av sin karri\u00e4r bes\u00f6kte den yngre upplagan av Marilyn Manson and the Spooky Kids med f\u00f6rdel olika n\u00f6jesparker, framf\u00f6r allt Disneyland, f\u00f6r att skr\u00e4mma slag p\u00e5 ungar och framf\u00f6r allt deras f\u00f6r\u00e4ldrar. Willy Wonka i Kalle och Chokladfabriken \u00e4r en av Mansons inspirationsk\u00e4llor och med konstn\u00e4ren Helnwein gjorde MM vid lanseringen av albumet <em>Golden Age of Grotesque<\/em> en serie bilder d\u00e4r Musse Pigg var en ingrediens.<\/p>\n<p style=\"text-align: center;\"><a href=\"http:\/\/www.susannavaris.com\/blogg\/wp-content\/uploads\/2015\/06\/disney.jpg\"><img loading=\"lazy\" decoding=\"async\" class=\"aligncenter size-full wp-image-14835\" src=\"http:\/\/www.susannavaris.com\/blogg\/wp-content\/uploads\/2015\/06\/disney.jpg\" alt=\"disney\" width=\"500\" height=\"326\" srcset=\"http:\/\/www.susannavaris.com\/blogg\/wp-content\/uploads\/2015\/06\/disney.jpg 500w, http:\/\/www.susannavaris.com\/blogg\/wp-content\/uploads\/2015\/06\/disney-300x196.jpg 300w\" sizes=\"auto, (max-width: 500px) 100vw, 500px\" \/><\/a><em>Marilyn Manson and the Spooky Kids tidigt i karri\u00e4ren och med lunchl\u00e5dorna i h\u00f6gsta hugg (Lunchbox, som ocks\u00e5 spelades vid konserten p\u00e5 Gr\u00f6na Lund).<\/em><\/p>\n<p style=\"text-align: center;\"><a href=\"http:\/\/www.susannavaris.com\/blogg\/wp-content\/uploads\/2015\/06\/disney01.jpg\"><img loading=\"lazy\" decoding=\"async\" class=\"aligncenter size-full wp-image-14836\" src=\"http:\/\/www.susannavaris.com\/blogg\/wp-content\/uploads\/2015\/06\/disney01.jpg\" alt=\"disney01\" width=\"443\" height=\"709\" srcset=\"http:\/\/www.susannavaris.com\/blogg\/wp-content\/uploads\/2015\/06\/disney01.jpg 443w, http:\/\/www.susannavaris.com\/blogg\/wp-content\/uploads\/2015\/06\/disney01-187x300.jpg 187w\" sizes=\"auto, (max-width: 443px) 100vw, 443px\" \/><\/a><em>En av Gottfried Helnweins bilder, med katten Lily White.<\/em><\/p>\n<p style=\"text-align: center;\"><a href=\"http:\/\/www.susannavaris.com\/blogg\/wp-content\/uploads\/2015\/06\/disneyhqdefault.jpg\"><img loading=\"lazy\" decoding=\"async\" class=\"aligncenter size-full wp-image-14838\" src=\"http:\/\/www.susannavaris.com\/blogg\/wp-content\/uploads\/2015\/06\/disneyhqdefault.jpg\" alt=\"disneyhqdefault\" width=\"480\" height=\"360\" srcset=\"http:\/\/www.susannavaris.com\/blogg\/wp-content\/uploads\/2015\/06\/disneyhqdefault.jpg 480w, http:\/\/www.susannavaris.com\/blogg\/wp-content\/uploads\/2015\/06\/disneyhqdefault-300x225.jpg 300w\" sizes=\"auto, (max-width: 480px) 100vw, 480px\" \/><\/a><em>Musikvideon till l\u00e5ten Dope Hat utspelar sig i en mardr\u00f6mslik och skruvad Kalle och Chokladfabriken-v\u00e4rld:<\/em><\/p>\n<p><iframe loading=\"lazy\" title=\"Marilyn Manson - Dope Hat\" width=\"640\" height=\"480\" src=\"https:\/\/www.youtube.com\/embed\/Mq1sHDwpgqo?feature=oembed\" frameborder=\"0\" allow=\"accelerometer; autoplay; clipboard-write; encrypted-media; gyroscope; picture-in-picture; web-share\" referrerpolicy=\"strict-origin-when-cross-origin\" allowfullscreen><\/iframe><\/p>\n<p style=\"text-align: left;\">Vi var vid Gr\u00f6nan hyfsat tidigt och kom in utan problem. Jag kan h\u00e4r passa p\u00e5 och ber\u00f6mma n\u00f6jesparkens personal f\u00f6r ett mycket serviceinriktat bem\u00f6tande d\u00e5 vi beh\u00f6vde viss assistans med den rullstol vi hade med; guldstj\u00e4rna i kanten!<\/p>\n<p style=\"text-align: center;\"><a href=\"http:\/\/www.susannavaris.com\/blogg\/wp-content\/uploads\/2015\/06\/WP_20150610_14_37_04_Pro-2.jpg\"><img loading=\"lazy\" decoding=\"async\" class=\"aligncenter size-full wp-image-14840\" src=\"http:\/\/www.susannavaris.com\/blogg\/wp-content\/uploads\/2015\/06\/WP_20150610_14_37_04_Pro-2.jpg\" alt=\"WP_20150610_14_37_04_Pro (2)\" width=\"794\" height=\"447\" srcset=\"http:\/\/www.susannavaris.com\/blogg\/wp-content\/uploads\/2015\/06\/WP_20150610_14_37_04_Pro-2.jpg 794w, http:\/\/www.susannavaris.com\/blogg\/wp-content\/uploads\/2015\/06\/WP_20150610_14_37_04_Pro-2-300x169.jpg 300w\" sizes=\"auto, (max-width: 794px) 100vw, 794px\" \/><\/a> <a href=\"http:\/\/www.susannavaris.com\/blogg\/wp-content\/uploads\/2015\/06\/WP_20150610_15_07_44_Pro__highres.jpg\"><img loading=\"lazy\" decoding=\"async\" class=\"aligncenter size-full wp-image-14841\" src=\"http:\/\/www.susannavaris.com\/blogg\/wp-content\/uploads\/2015\/06\/WP_20150610_15_07_44_Pro__highres.jpg\" alt=\"WP_20150610_15_07_44_Pro__highres\" width=\"7712\" height=\"4352\" srcset=\"http:\/\/www.susannavaris.com\/blogg\/wp-content\/uploads\/2015\/06\/WP_20150610_15_07_44_Pro__highres.jpg 7712w, http:\/\/www.susannavaris.com\/blogg\/wp-content\/uploads\/2015\/06\/WP_20150610_15_07_44_Pro__highres-300x169.jpg 300w, http:\/\/www.susannavaris.com\/blogg\/wp-content\/uploads\/2015\/06\/WP_20150610_15_07_44_Pro__highres-1024x578.jpg 1024w\" sizes=\"auto, (max-width: 7712px) 100vw, 7712px\" \/><\/a> <a href=\"http:\/\/www.susannavaris.com\/blogg\/wp-content\/uploads\/2015\/06\/WP_20150610_15_15_15_Pro__highres.jpg\"><img loading=\"lazy\" decoding=\"async\" class=\"aligncenter size-full wp-image-14842\" src=\"http:\/\/www.susannavaris.com\/blogg\/wp-content\/uploads\/2015\/06\/WP_20150610_15_15_15_Pro__highres.jpg\" alt=\"WP_20150610_15_15_15_Pro__highres\" width=\"7712\" height=\"4352\" srcset=\"http:\/\/www.susannavaris.com\/blogg\/wp-content\/uploads\/2015\/06\/WP_20150610_15_15_15_Pro__highres.jpg 7712w, http:\/\/www.susannavaris.com\/blogg\/wp-content\/uploads\/2015\/06\/WP_20150610_15_15_15_Pro__highres-300x169.jpg 300w, http:\/\/www.susannavaris.com\/blogg\/wp-content\/uploads\/2015\/06\/WP_20150610_15_15_15_Pro__highres-1024x578.jpg 1024w\" sizes=\"auto, (max-width: 7712px) 100vw, 7712px\" \/><\/a> <a href=\"http:\/\/www.susannavaris.com\/blogg\/wp-content\/uploads\/2015\/06\/WP_20150610_15_23_19_Pro__highres.jpg\"><img loading=\"lazy\" decoding=\"async\" class=\"aligncenter size-full wp-image-14843\" src=\"http:\/\/www.susannavaris.com\/blogg\/wp-content\/uploads\/2015\/06\/WP_20150610_15_23_19_Pro__highres.jpg\" alt=\"WP_20150610_15_23_19_Pro__highres\" width=\"7712\" height=\"4352\" srcset=\"http:\/\/www.susannavaris.com\/blogg\/wp-content\/uploads\/2015\/06\/WP_20150610_15_23_19_Pro__highres.jpg 7712w, http:\/\/www.susannavaris.com\/blogg\/wp-content\/uploads\/2015\/06\/WP_20150610_15_23_19_Pro__highres-300x169.jpg 300w, http:\/\/www.susannavaris.com\/blogg\/wp-content\/uploads\/2015\/06\/WP_20150610_15_23_19_Pro__highres-1024x578.jpg 1024w\" sizes=\"auto, (max-width: 7712px) 100vw, 7712px\" \/><\/a><em>Vi hittade \u00e4ven Magnus Karlsen, ex-kollega och ex-dj p\u00e5 klubben Medusa, i vimlet.<\/em><\/p>\n<p style=\"text-align: left;\">Platserna framf\u00f6r scen var f\u00f6rst\u00e5s redan upptagna av en skara fans. Dilemmat f\u00f6r en person p\u00e5 162 cm (jag) \u00e4r alltid i de h\u00e4r sammanhangen att f\u00f6r att se bra m\u00e5ste jag st\u00e5 i f\u00f6rsta raden, mycket l\u00e5ngt bak eller vid sidan av folkmassan. En plats i f\u00f6rsta raden hade kanske varit m\u00f6jlig att br\u00e5ka sig till, men jag avstod. Jag m\u00e5ste dessutom f\u00e5 mat i mig och att st\u00e5 fastbiten i staketet i potentiellt sex eller sju timmar var inte ett alternativ. Dessutom hade vi i s\u00e5 fall beh\u00f6vt dela p\u00e5 oss, vilket vi heller inte ville. S\u00e5 vi valde att ta det lugnt, g\u00e5 och ta en \u00f6l och en bit mat.<\/p>\n<p style=\"text-align: center;\"><a href=\"http:\/\/www.susannavaris.com\/blogg\/wp-content\/uploads\/2015\/06\/WP_20150610_15_59_34_Pro__highres-crop.jpg\"><img loading=\"lazy\" decoding=\"async\" class=\"aligncenter size-full wp-image-14846\" src=\"http:\/\/www.susannavaris.com\/blogg\/wp-content\/uploads\/2015\/06\/WP_20150610_15_59_34_Pro__highres-crop.jpg\" alt=\"WP_20150610_15_59_34_Pro__highres-crop\" width=\"6145\" height=\"3950\" srcset=\"http:\/\/www.susannavaris.com\/blogg\/wp-content\/uploads\/2015\/06\/WP_20150610_15_59_34_Pro__highres-crop.jpg 6145w, http:\/\/www.susannavaris.com\/blogg\/wp-content\/uploads\/2015\/06\/WP_20150610_15_59_34_Pro__highres-crop-300x193.jpg 300w, http:\/\/www.susannavaris.com\/blogg\/wp-content\/uploads\/2015\/06\/WP_20150610_15_59_34_Pro__highres-crop-1024x658.jpg 1024w\" sizes=\"auto, (max-width: 6145px) 100vw, 6145px\" \/><\/a> <a href=\"http:\/\/www.susannavaris.com\/blogg\/wp-content\/uploads\/2015\/06\/WP_20150610_16_01_34_Pro__highres.jpg\"><img loading=\"lazy\" decoding=\"async\" class=\"aligncenter size-full wp-image-14847\" src=\"http:\/\/www.susannavaris.com\/blogg\/wp-content\/uploads\/2015\/06\/WP_20150610_16_01_34_Pro__highres.jpg\" alt=\"WP_20150610_16_01_34_Pro__highres\" width=\"7712\" height=\"4352\" srcset=\"http:\/\/www.susannavaris.com\/blogg\/wp-content\/uploads\/2015\/06\/WP_20150610_16_01_34_Pro__highres.jpg 7712w, http:\/\/www.susannavaris.com\/blogg\/wp-content\/uploads\/2015\/06\/WP_20150610_16_01_34_Pro__highres-300x169.jpg 300w, http:\/\/www.susannavaris.com\/blogg\/wp-content\/uploads\/2015\/06\/WP_20150610_16_01_34_Pro__highres-1024x578.jpg 1024w\" sizes=\"auto, (max-width: 7712px) 100vw, 7712px\" \/><\/a><em>Biergarten visade sig ha ett par goda \u00f6lsorter (och inte bara standard Pripps Bl\u00e4 eller Norrlands tarmsk\u00f6lj som st\u00f6l, som man kanske kunde tro). Trevligt att lite godare \u00f6l numera finns p\u00e5 fler och fler st\u00e4llen.<\/em><\/p>\n<p style=\"text-align: center;\"><a href=\"http:\/\/www.susannavaris.com\/blogg\/wp-content\/uploads\/2015\/06\/WP_20150610_18_19_48_Pro-2.jpg\"><img loading=\"lazy\" decoding=\"async\" class=\"aligncenter size-full wp-image-14848\" src=\"http:\/\/www.susannavaris.com\/blogg\/wp-content\/uploads\/2015\/06\/WP_20150610_18_19_48_Pro-2.jpg\" alt=\"WP_20150610_18_19_48_Pro (2)\" width=\"2240\" height=\"2240\" srcset=\"http:\/\/www.susannavaris.com\/blogg\/wp-content\/uploads\/2015\/06\/WP_20150610_18_19_48_Pro-2.jpg 2240w, http:\/\/www.susannavaris.com\/blogg\/wp-content\/uploads\/2015\/06\/WP_20150610_18_19_48_Pro-2-150x150.jpg 150w, http:\/\/www.susannavaris.com\/blogg\/wp-content\/uploads\/2015\/06\/WP_20150610_18_19_48_Pro-2-300x300.jpg 300w, http:\/\/www.susannavaris.com\/blogg\/wp-content\/uploads\/2015\/06\/WP_20150610_18_19_48_Pro-2-1024x1024.jpg 1024w\" sizes=\"auto, (max-width: 2240px) 100vw, 2240px\" \/><\/a><\/p>\n<p style=\"text-align: center;\"><em>Eclipse<\/em><\/p>\n<p style=\"text-align: left;\">Tillbaka vid scenen, eller r\u00e4ttare sagt ganska l\u00e5ngt ifr\u00e5n den eftersom det nu hade fyllts p\u00e5 med massvis av m\u00e4nniskor framf\u00f6r den, blev det dramatiskt v\u00e4rre d\u00e5 en\u00a0<a href=\"http:\/\/www.aftonbladet.se\/nyheter\/article20944012.ab\">olycka<\/a> intr\u00e4ffade vid attraktionen Eclipse. En hord av poliser och sjukv\u00e5rdspersonal ledda av vakter som drev oss alla ur v\u00e4gen v\u00e4llde in och sp\u00e4rrade av en led in till olycksplatsen, men det hela var avklarat efter cirka en halvtimme.<\/p>\n<p style=\"text-align: left;\">Som sagt, nu var det fyllt med folk upp till taknockarna p\u00e5 omgivande byggnader och fr\u00e5n den plats vi kunde inta fanns det inte mycket till utsikt f\u00f6r mig.<\/p>\n<p style=\"text-align: center;\"><a href=\"http:\/\/www.susannavaris.com\/blogg\/wp-content\/uploads\/2015\/06\/WP_20150610_19_56_30_Pro__highres.jpg\"><img loading=\"lazy\" decoding=\"async\" class=\"aligncenter size-full wp-image-14849\" src=\"http:\/\/www.susannavaris.com\/blogg\/wp-content\/uploads\/2015\/06\/WP_20150610_19_56_30_Pro__highres.jpg\" alt=\"WP_20150610_19_56_30_Pro__highres\" width=\"7712\" height=\"4352\" srcset=\"http:\/\/www.susannavaris.com\/blogg\/wp-content\/uploads\/2015\/06\/WP_20150610_19_56_30_Pro__highres.jpg 7712w, http:\/\/www.susannavaris.com\/blogg\/wp-content\/uploads\/2015\/06\/WP_20150610_19_56_30_Pro__highres-300x169.jpg 300w, http:\/\/www.susannavaris.com\/blogg\/wp-content\/uploads\/2015\/06\/WP_20150610_19_56_30_Pro__highres-1024x578.jpg 1024w\" sizes=\"auto, (max-width: 7712px) 100vw, 7712px\" \/><\/a><em>Min utsikt. Eftersom det heller inte fanns n\u00e5gra sk\u00e4rmar s\u00e5 s\u00e5g det ut att inte bli s\u00e5 mycket konsert f\u00f6r mig, mer \u00e4n audiellt.<\/em><\/p>\n<p style=\"text-align: left;\">Jag blev en stund s\u00e5 purken att jag \u00f6verv\u00e4gde att g\u00e5 d\u00e4rifr\u00e5n och s\u00e4tta mig vid b\u00e4nkarna intill Biergarten. Jag valde \u00e4nd\u00e5 att stanna och jag kunde emellan\u00e5t se en liten glimt av scenen mellan alla m\u00e4nniskor. Lite mer kunde jag se genom min v\u00e4ns kameradisplay.<\/p>\n<p style=\"text-align: center;\"><a href=\"http:\/\/www.susannavaris.com\/blogg\/wp-content\/uploads\/2015\/06\/WP_20150610_20_47_49_Pro__highres.jpg\"><img loading=\"lazy\" decoding=\"async\" class=\"aligncenter size-full wp-image-14850\" src=\"http:\/\/www.susannavaris.com\/blogg\/wp-content\/uploads\/2015\/06\/WP_20150610_20_47_49_Pro__highres.jpg\" alt=\"WP_20150610_20_47_49_Pro__highres\" width=\"7712\" height=\"4352\" srcset=\"http:\/\/www.susannavaris.com\/blogg\/wp-content\/uploads\/2015\/06\/WP_20150610_20_47_49_Pro__highres.jpg 7712w, http:\/\/www.susannavaris.com\/blogg\/wp-content\/uploads\/2015\/06\/WP_20150610_20_47_49_Pro__highres-300x169.jpg 300w, http:\/\/www.susannavaris.com\/blogg\/wp-content\/uploads\/2015\/06\/WP_20150610_20_47_49_Pro__highres-1024x578.jpg 1024w\" sizes=\"auto, (max-width: 7712px) 100vw, 7712px\" \/><\/a><em>Sonny, som lyckades r\u00e4tt bra f\u00f6lja med i showen och zooma in n\u00e4r han fotograferade. Min chans att se n\u00e5got.<\/em><\/p>\n<p style=\"text-align: center;\"><a href=\"http:\/\/www.susannavaris.com\/blogg\/wp-content\/uploads\/2015\/06\/WP_20150610_20_38_21_Pro__highres.jpg\"><img loading=\"lazy\" decoding=\"async\" class=\"aligncenter size-full wp-image-14851\" src=\"http:\/\/www.susannavaris.com\/blogg\/wp-content\/uploads\/2015\/06\/WP_20150610_20_38_21_Pro__highres.jpg\" alt=\"WP_20150610_20_38_21_Pro__highres\" width=\"7712\" height=\"4352\" srcset=\"http:\/\/www.susannavaris.com\/blogg\/wp-content\/uploads\/2015\/06\/WP_20150610_20_38_21_Pro__highres.jpg 7712w, http:\/\/www.susannavaris.com\/blogg\/wp-content\/uploads\/2015\/06\/WP_20150610_20_38_21_Pro__highres-300x169.jpg 300w, http:\/\/www.susannavaris.com\/blogg\/wp-content\/uploads\/2015\/06\/WP_20150610_20_38_21_Pro__highres-1024x578.jpg 1024w\" sizes=\"auto, (max-width: 7712px) 100vw, 7712px\" \/><\/a><em>Snett ovanf\u00f6r oss fanns en vip-l\u00e4ktare d\u00e4r bland annat journalister hade plats. Vid pelaren i bilden st\u00e5r Alex Schulman och precis bakom mannen i vita byxor till h\u00f6ger om honom st\u00e5r Alice Bah Khunke. Aldrig har v\u00e4l den moderna klassindelningen varit lika tydligt illustrerad. Schulman, kolumnist p\u00e5 Aftonbladet och Bah Khunke, kulturminister p\u00e5 upph\u00f6jd plats \u00f6ver folkhavet och med ypperlig utsikt. Jag (stort Manson-fan, med betalt intr\u00e4de) nere p\u00e5 marken utan en chans att se n\u00e5got.<\/em><\/p>\n<p style=\"text-align: left;\">Jag avst\u00e5r fr\u00e5n att recensera konserten mer ing\u00e5ende, eftersom jag inte fick n\u00e5got vidare helhetsintryck, men jag \u00e4r \u00e4nd\u00e5 glad att jag stannade kvar, det var s\u00e5 bra att jag nu hoppat s\u00f6nder min arma kropp. M\u00e5nga personliga favoriter och ett par l\u00e5tar som inte ofta spelas, exempelvis <em>Lunchbox, Torniquet<\/em> och <em>Angel with the Scabbed Wings<\/em>. Innan konserten startade spelades bland annat Sex Pistols <em>Anarchy in the UK<\/em>, n\u00e5got som fick oss gamla punkare att g\u00e5 ig\u00e5ng och Manson gjorde entr\u00e9 till Mozarts <em>Requiem<\/em>&#8230;\u00e4ven detta helt i min smak.<\/p>\n<p style=\"text-align: center;\"><a href=\"http:\/\/www.susannavaris.com\/blogg\/wp-content\/uploads\/2015\/06\/sonny01.jpg\"><img loading=\"lazy\" decoding=\"async\" class=\"aligncenter size-full wp-image-14852\" src=\"http:\/\/www.susannavaris.com\/blogg\/wp-content\/uploads\/2015\/06\/sonny01.jpg\" alt=\"sonny01\" width=\"960\" height=\"539\" srcset=\"http:\/\/www.susannavaris.com\/blogg\/wp-content\/uploads\/2015\/06\/sonny01.jpg 960w, http:\/\/www.susannavaris.com\/blogg\/wp-content\/uploads\/2015\/06\/sonny01-300x168.jpg 300w\" sizes=\"auto, (max-width: 960px) 100vw, 960px\" \/><\/a> <a href=\"http:\/\/www.susannavaris.com\/blogg\/wp-content\/uploads\/2015\/06\/sonny02.jpg\"><img loading=\"lazy\" decoding=\"async\" class=\"aligncenter size-full wp-image-14853\" src=\"http:\/\/www.susannavaris.com\/blogg\/wp-content\/uploads\/2015\/06\/sonny02.jpg\" alt=\"sonny02\" width=\"960\" height=\"539\" srcset=\"http:\/\/www.susannavaris.com\/blogg\/wp-content\/uploads\/2015\/06\/sonny02.jpg 960w, http:\/\/www.susannavaris.com\/blogg\/wp-content\/uploads\/2015\/06\/sonny02-300x168.jpg 300w\" sizes=\"auto, (max-width: 960px) 100vw, 960px\" \/><\/a> <a href=\"http:\/\/www.susannavaris.com\/blogg\/wp-content\/uploads\/2015\/06\/sonny05.jpg\"><img loading=\"lazy\" decoding=\"async\" class=\"aligncenter size-full wp-image-14855\" src=\"http:\/\/www.susannavaris.com\/blogg\/wp-content\/uploads\/2015\/06\/sonny05.jpg\" alt=\"sonny05\" width=\"960\" height=\"539\" srcset=\"http:\/\/www.susannavaris.com\/blogg\/wp-content\/uploads\/2015\/06\/sonny05.jpg 960w, http:\/\/www.susannavaris.com\/blogg\/wp-content\/uploads\/2015\/06\/sonny05-300x168.jpg 300w\" sizes=\"auto, (max-width: 960px) 100vw, 960px\" \/><\/a> <a href=\"http:\/\/www.susannavaris.com\/blogg\/wp-content\/uploads\/2015\/06\/sonny06.jpg\"><img loading=\"lazy\" decoding=\"async\" class=\"aligncenter size-full wp-image-14856\" src=\"http:\/\/www.susannavaris.com\/blogg\/wp-content\/uploads\/2015\/06\/sonny06.jpg\" alt=\"sonny06\" width=\"960\" height=\"539\" srcset=\"http:\/\/www.susannavaris.com\/blogg\/wp-content\/uploads\/2015\/06\/sonny06.jpg 960w, http:\/\/www.susannavaris.com\/blogg\/wp-content\/uploads\/2015\/06\/sonny06-300x168.jpg 300w\" sizes=\"auto, (max-width: 960px) 100vw, 960px\" \/><\/a> <a href=\"http:\/\/www.susannavaris.com\/blogg\/wp-content\/uploads\/2015\/06\/sonny07.jpg\"><img loading=\"lazy\" decoding=\"async\" class=\"aligncenter size-full wp-image-14857\" src=\"http:\/\/www.susannavaris.com\/blogg\/wp-content\/uploads\/2015\/06\/sonny07.jpg\" alt=\"sonny07\" width=\"960\" height=\"539\" srcset=\"http:\/\/www.susannavaris.com\/blogg\/wp-content\/uploads\/2015\/06\/sonny07.jpg 960w, http:\/\/www.susannavaris.com\/blogg\/wp-content\/uploads\/2015\/06\/sonny07-300x168.jpg 300w\" sizes=\"auto, (max-width: 960px) 100vw, 960px\" \/><\/a> <a href=\"http:\/\/www.susannavaris.com\/blogg\/wp-content\/uploads\/2015\/06\/sonny08.jpg\"><img loading=\"lazy\" decoding=\"async\" class=\"aligncenter size-full wp-image-14858\" src=\"http:\/\/www.susannavaris.com\/blogg\/wp-content\/uploads\/2015\/06\/sonny08.jpg\" alt=\"sonny08\" width=\"960\" height=\"539\" srcset=\"http:\/\/www.susannavaris.com\/blogg\/wp-content\/uploads\/2015\/06\/sonny08.jpg 960w, http:\/\/www.susannavaris.com\/blogg\/wp-content\/uploads\/2015\/06\/sonny08-300x168.jpg 300w\" sizes=\"auto, (max-width: 960px) 100vw, 960px\" \/><\/a><em>Foton ovan: Sonny Johansson.<\/em><\/p>\n<p style=\"text-align: center;\"><a href=\"http:\/\/www.susannavaris.com\/blogg\/wp-content\/uploads\/2015\/06\/sonny04.jpg\"><img loading=\"lazy\" decoding=\"async\" class=\"aligncenter size-full wp-image-14854\" src=\"http:\/\/www.susannavaris.com\/blogg\/wp-content\/uploads\/2015\/06\/sonny04.jpg\" alt=\"sonny04\" width=\"960\" height=\"539\" srcset=\"http:\/\/www.susannavaris.com\/blogg\/wp-content\/uploads\/2015\/06\/sonny04.jpg 960w, http:\/\/www.susannavaris.com\/blogg\/wp-content\/uploads\/2015\/06\/sonny04-300x168.jpg 300w\" sizes=\"auto, (max-width: 960px) 100vw, 960px\" \/><\/a><em>Inf\u00f6r l\u00e5ten Rock is Dead ombads publiken bevisa att s\u00e5 inte var fallet genom att kasta sina bh:ar p\u00e5 basisten Twiggy, h\u00e4r kan vi se delar av sk\u00f6rden. &#8221;I think that one\u00b4s still got a baby attached to it&#8230;&#8221; kommenterade Manson ett av de mer volumin\u00f6sa plaggen. Foto: Sonny Johansson<\/em><\/p>\n<p style=\"text-align: left;\">Konserten var riktigt bra, men&#8230;(jag ska inte gn\u00e4lla om min usla sikt mer). Manson verkar vara i b\u00e4ttre form \u00e4n p\u00e5 l\u00e4nge. Han har ju b\u00f6rjat tr\u00e4na, n\u00e5got han tidigare enbart skrattat \u00e5t och \u00f6vergett absinthen till f\u00f6rm\u00e5n f\u00f6r vodka och marijuana, vilket han menar \u00e4r hans variant av nykter.<\/p>\n<p style=\"text-align: left;\">Jag ska aldrig mera gn\u00e4lla \u00f6ver folk som filmar och fotar p\u00e5 konserter, eftersom det var genom exempelvis dessa klipp jag kunde uppleva konserten, \u00e4ven visuellt, dagen d\u00e4rp\u00e5:<\/p>\n<p><iframe loading=\"lazy\" title=\"Marilyn Manson - Deep Six &quot;Live@Gr\u00f6na Lund&quot;\" width=\"640\" height=\"360\" src=\"https:\/\/www.youtube.com\/embed\/HLUmBfacXA4?feature=oembed\" frameborder=\"0\" allow=\"accelerometer; autoplay; clipboard-write; encrypted-media; gyroscope; picture-in-picture; web-share\" referrerpolicy=\"strict-origin-when-cross-origin\" allowfullscreen><\/iframe><\/p>\n<p style=\"text-align: center;\"><em>Deep Six<\/em><\/p>\n<p><iframe loading=\"lazy\" title=\"Marilyn Manson live at Gr\u00f6na Lund, Stockholm, Disposable Teens, 201 06 10\" width=\"640\" height=\"360\" src=\"https:\/\/www.youtube.com\/embed\/dFImrV2OkXk?feature=oembed\" frameborder=\"0\" allow=\"accelerometer; autoplay; clipboard-write; encrypted-media; gyroscope; picture-in-picture; web-share\" referrerpolicy=\"strict-origin-when-cross-origin\" allowfullscreen><\/iframe><\/p>\n<p style=\"text-align: center;\"><em>Disposable Teens<\/em><\/p>\n<p><iframe loading=\"lazy\" title=\"Marilyn Manson live at Gr\u00f6na Lund, Stockholm, Third Day Of A Second Day Binge  2015 06 10\" width=\"640\" height=\"360\" src=\"https:\/\/www.youtube.com\/embed\/J2mBw5HDgdY?feature=oembed\" frameborder=\"0\" allow=\"accelerometer; autoplay; clipboard-write; encrypted-media; gyroscope; picture-in-picture; web-share\" referrerpolicy=\"strict-origin-when-cross-origin\" allowfullscreen><\/iframe><\/p>\n<p style=\"text-align: center;\"><em>Third Day of a Seven Day Binge<\/em><\/p>\n<p><iframe loading=\"lazy\" title=\"Marilyn Manson live at Gr\u00f6na Lund, Stockholm, Tourniquet, 2015 06 10\" width=\"640\" height=\"360\" src=\"https:\/\/www.youtube.com\/embed\/a7zPMPrn14Q?feature=oembed\" frameborder=\"0\" allow=\"accelerometer; autoplay; clipboard-write; encrypted-media; gyroscope; picture-in-picture; web-share\" referrerpolicy=\"strict-origin-when-cross-origin\" allowfullscreen><\/iframe><\/p>\n<p style=\"text-align: center;\"><em>Torniquet<\/em><\/p>\n<p><iframe loading=\"lazy\" title=\"Marilyn Manson - Rock Is Dead (Bra throwing on stage) &quot;Live@Gr\u00f6na Lund&quot;\" width=\"640\" height=\"360\" src=\"https:\/\/www.youtube.com\/embed\/nlqaAATtesg?feature=oembed\" frameborder=\"0\" allow=\"accelerometer; autoplay; clipboard-write; encrypted-media; gyroscope; picture-in-picture; web-share\" referrerpolicy=\"strict-origin-when-cross-origin\" allowfullscreen><\/iframe><\/p>\n<p style=\"text-align: center;\"><em>Rock is Dead<\/em><\/p>\n<p><iframe loading=\"lazy\" title=\"Marilyn Manson - The Dope Show &quot;Live@Gr\u00f6na Lund&quot;\" width=\"640\" height=\"360\" src=\"https:\/\/www.youtube.com\/embed\/itvXBkmNS5U?feature=oembed\" frameborder=\"0\" allow=\"accelerometer; autoplay; clipboard-write; encrypted-media; gyroscope; picture-in-picture; web-share\" referrerpolicy=\"strict-origin-when-cross-origin\" allowfullscreen><\/iframe><\/p>\n<p style=\"text-align: center;\"><em>Dope Show<\/em><\/p>\n<p><iframe loading=\"lazy\" title=\"Marilyn Manson live at Gr\u00f6na Lund, Stockholm, Cruci fiction In Space, 2015 06 10\" width=\"640\" height=\"360\" src=\"https:\/\/www.youtube.com\/embed\/R9V2vCdDAzI?feature=oembed\" frameborder=\"0\" allow=\"accelerometer; autoplay; clipboard-write; encrypted-media; gyroscope; picture-in-picture; web-share\" referrerpolicy=\"strict-origin-when-cross-origin\" allowfullscreen><\/iframe><\/p>\n<p style=\"text-align: center;\"><em>Cruci-fiction in Space<\/em><\/p>\n<p><iframe loading=\"lazy\" title=\"Marilyn Manson live at Gr\u00f6na Lund, Stockholm, The Beautiful People  2015 60 10\" width=\"640\" height=\"360\" src=\"https:\/\/www.youtube.com\/embed\/aH_CvPGcI0E?feature=oembed\" frameborder=\"0\" allow=\"accelerometer; autoplay; clipboard-write; encrypted-media; gyroscope; picture-in-picture; web-share\" referrerpolicy=\"strict-origin-when-cross-origin\" allowfullscreen><\/iframe><\/p>\n<p style=\"text-align: center;\"><em>The Beautiful People<\/em><\/p>\n<p style=\"text-align: left;\">Efter\u00e5t hade mina ben domnat bort och jag k\u00e4nde ingen sm\u00e4rta mer. Jag tvekade kring att stanna kvar och se om n\u00e5got mer skulle h\u00e4nda, men eftersom det n\u00e4stan aldrig g\u00f6r det och eftersom flera av oss beh\u00f6vde komma hem p\u00e5 grund av tidiga m\u00f6ten och annat n\u00e4sta morgon, s\u00e5 besl\u00f6t vi oss att \u00e5ka hem. I k\u00f6n till Djurg\u00e5rdsf\u00e4rjan fick jag panik n\u00e4r folkmassorna b\u00f6rjade knuffas och pressa in sig i g\u00e5ngen och vi fick v\u00e4nda om och g\u00e5 ut och v\u00e4nta en stund. Vi satte oss p\u00e5 en b\u00e4nk och jag lyckades f\u00e5 komma in i parken en g\u00e5ng till f\u00f6r att l\u00e5na toaletten. Till slut kom vi p\u00e5 en f\u00e4rja och ungef\u00e4r samtidigt, visade det sig, kom Marilyn Manson ut till scenomr\u00e5det en g\u00e5ng till. Han h\u00e4lsade p\u00e5 fans, gick omkring, k\u00f6pte en kattmask i en butik och \u00e5kte <em>Fritt Fall<\/em>. (Jag vill inte ens t\u00e4nka p\u00e5 hur mycket jag \u00e5ngrar att jag inte stannade kvar.)<\/p>\n<p>https:\/\/www.youtube.com\/watch?v=NkB2MJPOAQk&#038;feature=youtu.be<\/p>\n<p style=\"text-align: left;\">D\u00e4remot lyckades jag tr\u00e4ffa min mecenat och v\u00e4n, Tiziana. Hon \u00e4r ett, vad man skulle kunna kalla, super-fan av Manson och f\u00f6ljer bandet p\u00e5 turn\u00e9erna sedan m\u00e5nga \u00e5r och har inhandlat en ansenlig m\u00e4ngd av mina Marilyn Manson-portr\u00e4tt.<\/p>\n<p style=\"text-align: center;\"><a href=\"http:\/\/www.susannavaris.com\/blogg\/wp-content\/uploads\/2015\/06\/tiziana01.jpg\"><img loading=\"lazy\" decoding=\"async\" class=\"aligncenter size-full wp-image-14859\" src=\"http:\/\/www.susannavaris.com\/blogg\/wp-content\/uploads\/2015\/06\/tiziana01.jpg\" alt=\"tiziana01\" width=\"720\" height=\"960\" srcset=\"http:\/\/www.susannavaris.com\/blogg\/wp-content\/uploads\/2015\/06\/tiziana01.jpg 720w, http:\/\/www.susannavaris.com\/blogg\/wp-content\/uploads\/2015\/06\/tiziana01-225x300.jpg 225w\" sizes=\"auto, (max-width: 720px) 100vw, 720px\" \/><\/a> <a href=\"http:\/\/www.susannavaris.com\/blogg\/wp-content\/uploads\/2015\/06\/tiziana02.jpg\"><img loading=\"lazy\" decoding=\"async\" class=\"aligncenter size-full wp-image-14860\" src=\"http:\/\/www.susannavaris.com\/blogg\/wp-content\/uploads\/2015\/06\/tiziana02.jpg\" alt=\"tiziana02\" width=\"960\" height=\"960\" srcset=\"http:\/\/www.susannavaris.com\/blogg\/wp-content\/uploads\/2015\/06\/tiziana02.jpg 960w, http:\/\/www.susannavaris.com\/blogg\/wp-content\/uploads\/2015\/06\/tiziana02-150x150.jpg 150w, http:\/\/www.susannavaris.com\/blogg\/wp-content\/uploads\/2015\/06\/tiziana02-300x300.jpg 300w\" sizes=\"auto, (max-width: 960px) 100vw, 960px\" \/><\/a><em>Tiziana och Manson med kattmasken fr\u00e5n Gr\u00f6na Lund. Foton: <\/em><\/p>\n<p style=\"text-align: center;\"><a href=\"https:\/\/instagram.com\/tittimanson\/\">Tittimanson Instagram<\/a><\/p>\n<p style=\"text-align: center;\">Tiziana figurerar \u00e4ven i en reklamfilm f\u00f6r de luxe-boxen, <em>Definitive Box<\/em>, av senaste albumet Pale Emperor:<\/p>\n<p><iframe loading=\"lazy\" title=\"MARILYN MANSON - THE PALE EMPEROR Definitive Box\" width=\"640\" height=\"360\" src=\"https:\/\/www.youtube.com\/embed\/rTDupUzDLBI?feature=oembed\" frameborder=\"0\" allow=\"accelerometer; autoplay; clipboard-write; encrypted-media; gyroscope; picture-in-picture; web-share\" referrerpolicy=\"strict-origin-when-cross-origin\" allowfullscreen><\/iframe><\/p>\n<p>&nbsp;<\/p>\n<p>Det var f\u00f6rsta g\u00e5ngen vi tr\u00e4ffades och det blev en riktigt rolig tr\u00e4ff dagen efter konserten.<\/p>\n<p><a href=\"http:\/\/www.susannavaris.com\/blogg\/wp-content\/uploads\/2015\/06\/WP_20150611_21_54_45_Pro-crop.jpg\"><img loading=\"lazy\" decoding=\"async\" class=\"aligncenter size-full wp-image-14868\" src=\"http:\/\/www.susannavaris.com\/blogg\/wp-content\/uploads\/2015\/06\/WP_20150611_21_54_45_Pro-crop.jpg\" alt=\"WP_20150611_21_54_45_Pro-crop\" width=\"1260\" height=\"633\" srcset=\"http:\/\/www.susannavaris.com\/blogg\/wp-content\/uploads\/2015\/06\/WP_20150611_21_54_45_Pro-crop.jpg 1260w, http:\/\/www.susannavaris.com\/blogg\/wp-content\/uploads\/2015\/06\/WP_20150611_21_54_45_Pro-crop-300x151.jpg 300w, http:\/\/www.susannavaris.com\/blogg\/wp-content\/uploads\/2015\/06\/WP_20150611_21_54_45_Pro-crop-1024x514.jpg 1024w\" sizes=\"auto, (max-width: 1260px) 100vw, 1260px\" \/><\/a><\/p>\n<p style=\"text-align: center;\"><a href=\"http:\/\/www.susannavaris.com\/blogg\/wp-content\/uploads\/2015\/06\/f-DSC_0483.jpg\"><img loading=\"lazy\" decoding=\"async\" class=\"aligncenter size-full wp-image-14861\" src=\"http:\/\/www.susannavaris.com\/blogg\/wp-content\/uploads\/2015\/06\/f-DSC_0483.jpg\" alt=\"f-DSC_0483\" width=\"4608\" height=\"3072\" srcset=\"http:\/\/www.susannavaris.com\/blogg\/wp-content\/uploads\/2015\/06\/f-DSC_0483.jpg 4608w, http:\/\/www.susannavaris.com\/blogg\/wp-content\/uploads\/2015\/06\/f-DSC_0483-300x200.jpg 300w, http:\/\/www.susannavaris.com\/blogg\/wp-content\/uploads\/2015\/06\/f-DSC_0483-1024x683.jpg 1024w\" sizes=\"auto, (max-width: 4608px) 100vw, 4608px\" \/><\/a> <a href=\"http:\/\/www.susannavaris.com\/blogg\/wp-content\/uploads\/2015\/06\/f-DSC_0485.jpg\"><img loading=\"lazy\" decoding=\"async\" class=\"aligncenter size-full wp-image-14862\" src=\"http:\/\/www.susannavaris.com\/blogg\/wp-content\/uploads\/2015\/06\/f-DSC_0485.jpg\" alt=\"f-DSC_0485\" width=\"3072\" height=\"4608\" srcset=\"http:\/\/www.susannavaris.com\/blogg\/wp-content\/uploads\/2015\/06\/f-DSC_0485.jpg 3072w, http:\/\/www.susannavaris.com\/blogg\/wp-content\/uploads\/2015\/06\/f-DSC_0485-200x300.jpg 200w, http:\/\/www.susannavaris.com\/blogg\/wp-content\/uploads\/2015\/06\/f-DSC_0485-683x1024.jpg 683w\" sizes=\"auto, (max-width: 3072px) 100vw, 3072px\" \/><\/a> <a href=\"http:\/\/www.susannavaris.com\/blogg\/wp-content\/uploads\/2015\/06\/f-DSC_0486-adj.jpg\"><img loading=\"lazy\" decoding=\"async\" class=\"aligncenter size-full wp-image-14863\" src=\"http:\/\/www.susannavaris.com\/blogg\/wp-content\/uploads\/2015\/06\/f-DSC_0486-adj.jpg\" alt=\"f-DSC_0486-adj\" width=\"3072\" height=\"4608\" srcset=\"http:\/\/www.susannavaris.com\/blogg\/wp-content\/uploads\/2015\/06\/f-DSC_0486-adj.jpg 3072w, http:\/\/www.susannavaris.com\/blogg\/wp-content\/uploads\/2015\/06\/f-DSC_0486-adj-200x300.jpg 200w, http:\/\/www.susannavaris.com\/blogg\/wp-content\/uploads\/2015\/06\/f-DSC_0486-adj-683x1024.jpg 683w\" sizes=\"auto, (max-width: 3072px) 100vw, 3072px\" \/><\/a><em>Tiziana fick m\u00e5lningen Coma Glitter, eftersom jag vet att hon gillar den. Den ing\u00e5r i de m\u00e5lningar som inte har varit till salu. Foton: Susanna Varis<\/em><\/p>\n<p style=\"text-align: center;\"><a href=\"http:\/\/www.susannavaris.com\/blogg\/wp-content\/uploads\/2015\/06\/WP_20150611_22_24_11_Pro__highres-crop.jpg\"><img loading=\"lazy\" decoding=\"async\" class=\"aligncenter size-full wp-image-14870\" src=\"http:\/\/www.susannavaris.com\/blogg\/wp-content\/uploads\/2015\/06\/WP_20150611_22_24_11_Pro__highres-crop.jpg\" alt=\"WP_20150611_22_24_11_Pro__highres-crop\" width=\"6173\" height=\"4051\" srcset=\"http:\/\/www.susannavaris.com\/blogg\/wp-content\/uploads\/2015\/06\/WP_20150611_22_24_11_Pro__highres-crop.jpg 6173w, http:\/\/www.susannavaris.com\/blogg\/wp-content\/uploads\/2015\/06\/WP_20150611_22_24_11_Pro__highres-crop-300x197.jpg 300w, http:\/\/www.susannavaris.com\/blogg\/wp-content\/uploads\/2015\/06\/WP_20150611_22_24_11_Pro__highres-crop-1024x672.jpg 1024w\" sizes=\"auto, (max-width: 6173px) 100vw, 6173px\" \/><\/a><em>Fotandet av fotandet. Foto: jag.<\/em><\/p>\n<p style=\"text-align: center;\"><a href=\"http:\/\/www.susannavaris.com\/blogg\/wp-content\/uploads\/2015\/06\/f-uffe-DSC_0265.jpg\"><img loading=\"lazy\" decoding=\"async\" class=\"aligncenter size-full wp-image-14864\" src=\"http:\/\/www.susannavaris.com\/blogg\/wp-content\/uploads\/2015\/06\/f-uffe-DSC_0265.jpg\" alt=\"f-uffe-DSC_0265\" width=\"3472\" height=\"2253\" srcset=\"http:\/\/www.susannavaris.com\/blogg\/wp-content\/uploads\/2015\/06\/f-uffe-DSC_0265.jpg 3472w, http:\/\/www.susannavaris.com\/blogg\/wp-content\/uploads\/2015\/06\/f-uffe-DSC_0265-300x195.jpg 300w, http:\/\/www.susannavaris.com\/blogg\/wp-content\/uploads\/2015\/06\/f-uffe-DSC_0265-1024x664.jpg 1024w\" sizes=\"auto, (max-width: 3472px) 100vw, 3472px\" \/><\/a> <a href=\"http:\/\/www.susannavaris.com\/blogg\/wp-content\/uploads\/2015\/06\/f-uffe-DSC_0271-crop.jpg\"><img loading=\"lazy\" decoding=\"async\" class=\"aligncenter size-full wp-image-14865\" src=\"http:\/\/www.susannavaris.com\/blogg\/wp-content\/uploads\/2015\/06\/f-uffe-DSC_0271-crop.jpg\" alt=\"f-uffe-DSC_0271-crop\" width=\"1222\" height=\"1354\" srcset=\"http:\/\/www.susannavaris.com\/blogg\/wp-content\/uploads\/2015\/06\/f-uffe-DSC_0271-crop.jpg 1222w, http:\/\/www.susannavaris.com\/blogg\/wp-content\/uploads\/2015\/06\/f-uffe-DSC_0271-crop-271x300.jpg 271w, http:\/\/www.susannavaris.com\/blogg\/wp-content\/uploads\/2015\/06\/f-uffe-DSC_0271-crop-924x1024.jpg 924w\" sizes=\"auto, (max-width: 1222px) 100vw, 1222px\" \/><\/a> <a href=\"http:\/\/www.susannavaris.com\/blogg\/wp-content\/uploads\/2015\/06\/f-uffe-DSC_0275-crop.jpg\"><img loading=\"lazy\" decoding=\"async\" class=\"aligncenter size-full wp-image-14867\" src=\"http:\/\/www.susannavaris.com\/blogg\/wp-content\/uploads\/2015\/06\/f-uffe-DSC_0275-crop.jpg\" alt=\"f-uffe-DSC_0275-crop\" width=\"1675\" height=\"2463\" srcset=\"http:\/\/www.susannavaris.com\/blogg\/wp-content\/uploads\/2015\/06\/f-uffe-DSC_0275-crop.jpg 1675w, http:\/\/www.susannavaris.com\/blogg\/wp-content\/uploads\/2015\/06\/f-uffe-DSC_0275-crop-204x300.jpg 204w, http:\/\/www.susannavaris.com\/blogg\/wp-content\/uploads\/2015\/06\/f-uffe-DSC_0275-crop-696x1024.jpg 696w\" sizes=\"auto, (max-width: 1675px) 100vw, 1675px\" \/><\/a><em>Foton: Ulf Holm\u00e9n<\/em><\/p>\n<p style=\"text-align: center;\"><a href=\"http:\/\/www.susannavaris.com\/blogg\/wp-content\/uploads\/2015\/06\/uffe-tiziana.jpg\"><img loading=\"lazy\" decoding=\"async\" class=\"aligncenter size-full wp-image-14871\" src=\"http:\/\/www.susannavaris.com\/blogg\/wp-content\/uploads\/2015\/06\/uffe-tiziana.jpg\" alt=\"uffe-tiziana\" width=\"987\" height=\"585\" srcset=\"http:\/\/www.susannavaris.com\/blogg\/wp-content\/uploads\/2015\/06\/uffe-tiziana.jpg 987w, http:\/\/www.susannavaris.com\/blogg\/wp-content\/uploads\/2015\/06\/uffe-tiziana-300x178.jpg 300w\" sizes=\"auto, (max-width: 987px) 100vw, 987px\" \/><\/a><\/p>\n<p style=\"text-align: center;\"><a href=\"http:\/\/www.susannavaris.com\/blogg\/wp-content\/uploads\/2015\/06\/WP_20150608_17_24_18_Pro-2.jpg\"><img loading=\"lazy\" decoding=\"async\" class=\"aligncenter size-full wp-image-14869\" src=\"http:\/\/www.susannavaris.com\/blogg\/wp-content\/uploads\/2015\/06\/WP_20150608_17_24_18_Pro-2.jpg\" alt=\"WP_20150608_17_24_18_Pro (2)\" width=\"1936\" height=\"2592\" srcset=\"http:\/\/www.susannavaris.com\/blogg\/wp-content\/uploads\/2015\/06\/WP_20150608_17_24_18_Pro-2.jpg 1936w, http:\/\/www.susannavaris.com\/blogg\/wp-content\/uploads\/2015\/06\/WP_20150608_17_24_18_Pro-2-224x300.jpg 224w, http:\/\/www.susannavaris.com\/blogg\/wp-content\/uploads\/2015\/06\/WP_20150608_17_24_18_Pro-2-765x1024.jpg 765w\" sizes=\"auto, (max-width: 1936px) 100vw, 1936px\" \/><\/a><em>Kimonon hittade jag p\u00e5 Old Touch n\u00e5gra dagar innan och den \u00e4r nu ett favoritplagg. Jag hyser planer p\u00e5 att bli en exentrisk konstn\u00e4rstant som hasar runt i kimono med ett champagneglas i n\u00e4ven och kl\u00e4cker ur sig g\u00e5tfullheter.<\/em><\/p>\n","protected":false},"excerpt":{"rendered":"<p>Marilyn Manson, min musa och stora k\u00e4lla till inspiration, upptr\u00e4dde p\u00e5 Gr\u00f6na Lund i onsdags. Givetvis var jag d\u00e4r med ett antal musikintresserade v\u00e4nner. Marilyn Manson p\u00e5 ett n\u00f6jesf\u00e4lt, en tanke som spontant kanske inte k\u00e4nns som den perfekta matchningen, &hellip; <a href=\"http:\/\/www.susannavaris.com\/blogg\/2015\/06\/marilyn-manson-grona-lund\/\">Forts\u00e4tt l\u00e4sa <span class=\"meta-nav\">&rarr;<\/span><\/a><\/p>\n","protected":false},"author":1,"featured_media":0,"comment_status":"open","ping_status":"open","sticky":false,"template":"","format":"standard","meta":{"footnotes":""},"categories":[13,1419,3,1162,12,14,994,1],"tags":[31,587,4831,4834,4824,4829,4828,4905,2225,4825,4832,4920,17,1215,16,4835,4915,4833,4830,1852,1425,4074,4826,1103,4827],"class_list":["post-14834","post","type-post","status-publish","format-standard","hentry","category-inspiration","category-konsert","category-konst","category-kultur","category-marilyn-manson","category-mode","category-musik","category-okategoriserade","tag-akvarell","tag-alex-schulman","tag-alice-bah-khunke","tag-coma-glitter","tag-concert","tag-definitive-box","tag-fan","tag-goth","tag-grona-lund","tag-industrial","tag-kimono","tag-konsert","tag-konst-2","tag-malning","tag-marilyn-manson-2","tag-mecenat","tag-musik","tag-old-touch","tag-pale-emperor","tag-portratt","tag-rock","tag-spelning","tag-tittimanson","tag-tiziana","tag-tiziana-manson"],"_links":{"self":[{"href":"http:\/\/www.susannavaris.com\/blogg\/wp-json\/wp\/v2\/posts\/14834","targetHints":{"allow":["GET"]}}],"collection":[{"href":"http:\/\/www.susannavaris.com\/blogg\/wp-json\/wp\/v2\/posts"}],"about":[{"href":"http:\/\/www.susannavaris.com\/blogg\/wp-json\/wp\/v2\/types\/post"}],"author":[{"embeddable":true,"href":"http:\/\/www.susannavaris.com\/blogg\/wp-json\/wp\/v2\/users\/1"}],"replies":[{"embeddable":true,"href":"http:\/\/www.susannavaris.com\/blogg\/wp-json\/wp\/v2\/comments?post=14834"}],"version-history":[{"count":7,"href":"http:\/\/www.susannavaris.com\/blogg\/wp-json\/wp\/v2\/posts\/14834\/revisions"}],"predecessor-version":[{"id":14877,"href":"http:\/\/www.susannavaris.com\/blogg\/wp-json\/wp\/v2\/posts\/14834\/revisions\/14877"}],"wp:attachment":[{"href":"http:\/\/www.susannavaris.com\/blogg\/wp-json\/wp\/v2\/media?parent=14834"}],"wp:term":[{"taxonomy":"category","embeddable":true,"href":"http:\/\/www.susannavaris.com\/blogg\/wp-json\/wp\/v2\/categories?post=14834"},{"taxonomy":"post_tag","embeddable":true,"href":"http:\/\/www.susannavaris.com\/blogg\/wp-json\/wp\/v2\/tags?post=14834"}],"curies":[{"name":"wp","href":"https:\/\/api.w.org\/{rel}","templated":true}]}}