{"id":14878,"date":"2015-06-14T19:07:14","date_gmt":"2015-06-14T17:07:14","guid":{"rendered":"http:\/\/www.susannavaris.com\/blogg\/?p=14878"},"modified":"2015-06-14T19:38:25","modified_gmt":"2015-06-14T17:38:25","slug":"ny-proffshatare-pa-metro","status":"publish","type":"post","link":"http:\/\/www.susannavaris.com\/blogg\/2015\/06\/ny-proffshatare-pa-metro\/","title":{"rendered":"Ny proffshatare p\u00e5 Metro"},"content":{"rendered":"<p>Richard S\u00f6derberg, mannen som flitigt valsat runt i media i olika n\u00f6jesprogram, morgon- och kv\u00e4llssoffor och allt du kan hitta i samma v\u00e4g har nu beg\u00e5vats med en position som kolumnist i Metro. S\u00f6derberg har p\u00e5 senare tid beklagat sig \u00f6ver all hat han f\u00e5tt utst\u00e5 i samband med vad-det-nu-var-f\u00f6r-skitprogram p\u00e5 tv. I ljuset av detta blir det en mycket m\u00e4rklig k\u00e4nsla att ta del av &#8221;gaytenorens&#8221; (Metros beteckning) <a href=\"http:\/\/www.metro.se\/kolumner\/man-snor-at-sig-aran-for-kvinnors-upptackter\/EVHofk!r7Q4ZHIf8XNPI\/\">kolumn<\/a> nummer tv\u00e5.<\/p>\n<p>Jag vet inte vad som \u00e4r v\u00e4rst med den h\u00e4r texten; den p\u00e5hittade historieskrivningen, uppeldandet av ett destruktivt k\u00f6nskrig eller det goda, fina och sanktionerade hatet. S\u00f6derberg positionerar sig som gay i sin f\u00f6rsta kolumn (<a href=\"http:\/\/www.metro.se\/kolumner\/rickard-soderberg-jag-kommer-att-vara-totalt-uppriktig\/EVHoeB!DDNWhCOUVtE\/\">http:\/\/www.metro.se\/kolumner\/rickard-soderberg-jag-kommer-att-vara-totalt-uppriktig\/EVHoeB!DDNWhCOUVtE\/<\/a>), vilket ju ger honom ett frikort att skriva de patetiska, l\u00f6gnaktiga och hatfulla raderna i den andra kolumnen.<\/p>\n<p>S\u00f6derberg k\u00e4nner sig tvungen att i karri\u00e4rshatandets namn bygga upp en grotesk halmgubbe av &#8221;den manlige forskaren&#8221;, en depraverad och l\u00f6msk figur som givetvis i patriarkatets namn profiterar p\u00e5 den \u00e4nglalika, \u00f6verl\u00e4gset duktiga och undanskuffade kvinnliga forskaren. Jag kommer att ha d\u00e5lig smak i munnen \u00e5ret ut. P\u00e5 vad s\u00e4tt gynnar s\u00e5dant h\u00e4r j\u00e4mst\u00e4lldhet eller j\u00e4mlikhet, S\u00f6derberg? Om det nu \u00e4r s\u00e5dana tjusigheter du vill k\u00e4mpa f\u00f6r?<\/p>\n<p>Kommentarerna till artikeln \u00e4r v\u00e4l enda ljuspunkten i m\u00f6rkret och jag lyfter fram s\u00e4rskilt en d\u00e4r \u00e4ven den besynnerliga s\u00f6derbergska historieskrivningen bem\u00f6ts:<\/p>\n<p><a href=\"http:\/\/www.susannavaris.com\/blogg\/wp-content\/uploads\/2015\/06\/soderb.jpg\"><img loading=\"lazy\" decoding=\"async\" class=\"aligncenter size-full wp-image-14880\" src=\"http:\/\/www.susannavaris.com\/blogg\/wp-content\/uploads\/2015\/06\/soderb.jpg\" alt=\"soderb\" width=\"647\" height=\"518\" srcset=\"http:\/\/www.susannavaris.com\/blogg\/wp-content\/uploads\/2015\/06\/soderb.jpg 647w, http:\/\/www.susannavaris.com\/blogg\/wp-content\/uploads\/2015\/06\/soderb-300x240.jpg 300w\" sizes=\"auto, (max-width: 647px) 100vw, 647px\" \/><\/a><\/p>\n<p>H\u00e4r kan vi se S\u00f6derberg prata om hur han vill bem\u00f6ta n\u00e4thatet med k\u00e4rlek i Malous morgonsoffa:<\/p>\n<p><iframe loading=\"lazy\" title=\"Rickard S\u00f6derberg: &quot;M\u00f6t n\u00e4that med n\u00e4tk\u00e4rlek&quot; - Malou Efter tio (TV4)\" width=\"640\" height=\"360\" src=\"https:\/\/www.youtube.com\/embed\/pKtjxqe8DmM?feature=oembed\" frameborder=\"0\" allow=\"accelerometer; autoplay; clipboard-write; encrypted-media; gyroscope; picture-in-picture; web-share\" referrerpolicy=\"strict-origin-when-cross-origin\" allowfullscreen><\/iframe><\/p>\n<p>&nbsp;<\/p>\n<p>Hur f\u00e5r man ens allt detta att g\u00e5 ihop som person? \u00c4r S\u00f6derberg s\u00e5 hj\u00e4rntv\u00e4ttad av den r\u00e5dande diskursen inom \u00c5siktskorridoren att han inte ens f\u00f6rm\u00e5r att f\u00f6rst\u00e5 vad han s\u00e4ger och skriver? \u00c4r det karri\u00e4rsmotiv? Vad? F\u00f6r en utomst\u00e5ende framst\u00e5r ju detta som hyckleri av den magnitud att ett nytt ord m\u00e5ste hittas f\u00f6r att beskriva det hela, men hur f\u00e5r RS alltihopa att g\u00e5 ihop inombords?<\/p>\n<p>&nbsp;<\/p>\n<p>&nbsp;<\/p>\n<p>&nbsp;<\/p>\n","protected":false},"excerpt":{"rendered":"<p>Richard S\u00f6derberg, mannen som flitigt valsat runt i media i olika n\u00f6jesprogram, morgon- och kv\u00e4llssoffor och allt du kan hitta i samma v\u00e4g har nu beg\u00e5vats med en position som kolumnist i Metro. S\u00f6derberg har p\u00e5 senare tid beklagat sig &hellip; <a href=\"http:\/\/www.susannavaris.com\/blogg\/2015\/06\/ny-proffshatare-pa-metro\/\">Forts\u00e4tt l\u00e4sa <span class=\"meta-nav\">&rarr;<\/span><\/a><\/p>\n","protected":false},"author":1,"featured_media":0,"comment_status":"open","ping_status":"open","sticky":false,"template":"","format":"standard","meta":{"footnotes":""},"categories":[178,181,154,259,3358,1321,1928,1162,589,3787,994,1,590,403,303,889,384,117],"tags":[4900,1607,4927,4016,3467,4839,4837,1050,2721,585,2930,4838,4836],"class_list":["post-14878","post","type-post","status-publish","format-standard","hentry","category-blodtryckshojare","category-feminism","category-genus","category-genusvetenskap","category-identitetspolitik","category-jamstalldhet","category-journalistik","category-kultur","category-medier","category-misandri-i-media","category-musik","category-okategoriserade","category-politik","category-pseudovetenskap","category-religion","category-teknik","category-tv","category-vetenskap","tag-feminism","tag-hat","tag-identitetspolitik","tag-intersektionalism","tag-kolumn","tag-kolumnist","tag-malou","tag-metro","tag-misandri","tag-nathat","tag-postmodernism","tag-proffshatare","tag-richard-soderberg"],"_links":{"self":[{"href":"http:\/\/www.susannavaris.com\/blogg\/wp-json\/wp\/v2\/posts\/14878","targetHints":{"allow":["GET"]}}],"collection":[{"href":"http:\/\/www.susannavaris.com\/blogg\/wp-json\/wp\/v2\/posts"}],"about":[{"href":"http:\/\/www.susannavaris.com\/blogg\/wp-json\/wp\/v2\/types\/post"}],"author":[{"embeddable":true,"href":"http:\/\/www.susannavaris.com\/blogg\/wp-json\/wp\/v2\/users\/1"}],"replies":[{"embeddable":true,"href":"http:\/\/www.susannavaris.com\/blogg\/wp-json\/wp\/v2\/comments?post=14878"}],"version-history":[{"count":2,"href":"http:\/\/www.susannavaris.com\/blogg\/wp-json\/wp\/v2\/posts\/14878\/revisions"}],"predecessor-version":[{"id":14881,"href":"http:\/\/www.susannavaris.com\/blogg\/wp-json\/wp\/v2\/posts\/14878\/revisions\/14881"}],"wp:attachment":[{"href":"http:\/\/www.susannavaris.com\/blogg\/wp-json\/wp\/v2\/media?parent=14878"}],"wp:term":[{"taxonomy":"category","embeddable":true,"href":"http:\/\/www.susannavaris.com\/blogg\/wp-json\/wp\/v2\/categories?post=14878"},{"taxonomy":"post_tag","embeddable":true,"href":"http:\/\/www.susannavaris.com\/blogg\/wp-json\/wp\/v2\/tags?post=14878"}],"curies":[{"name":"wp","href":"https:\/\/api.w.org\/{rel}","templated":true}]}}