{"id":1492,"date":"2011-07-22T18:36:27","date_gmt":"2011-07-22T16:36:27","guid":{"rendered":"http:\/\/www.susannavaris.com\/blogg\/?p=1492"},"modified":"2011-09-01T11:28:49","modified_gmt":"2011-09-01T09:28:49","slug":"nere-pa-stan","status":"publish","type":"post","link":"http:\/\/www.susannavaris.com\/blogg\/2011\/07\/nere-pa-stan\/","title":{"rendered":"Nere p\u00e5 stan"},"content":{"rendered":"<p>Idag kom jag ut p\u00e5 en efterl\u00e4ngtad promenad ner till S\u00f6dert\u00e4lje city. Morgondagens v\u00e4der genererade f\u00f6rst en goth-betonad, h\u00f6stig stass, som n\u00e4r jag var klar ins\u00e5g skulle bytas mot lite Cavalli. D\u00e5 var n\u00e4mligen v\u00e4rmen redan tryckande. Jag ville g\u00e4rna prova att promenera ner och det gjorde vi, det gick bra, men v\u00e4l nere var v\u00e4rmeslag n\u00e4ra f\u00f6rest\u00e5ende. Frissa, lite shopping, lunch, lite mera shopping och sedan hem.<\/p>\n<p style=\"text-align: center;\"><a href=\"http:\/\/www.susannavaris.com\/blogg\/wp-content\/uploads\/2011\/07\/2011072203-60.jpg\"><img loading=\"lazy\" decoding=\"async\" class=\"aligncenter size-large wp-image-1493\" title=\"2011072203-60\" src=\"http:\/\/www.susannavaris.com\/blogg\/wp-content\/uploads\/2011\/07\/2011072203-60-682x1024.jpg\" alt=\"\" width=\"640\" height=\"960\" srcset=\"http:\/\/www.susannavaris.com\/blogg\/wp-content\/uploads\/2011\/07\/2011072203-60-682x1024.jpg 682w, http:\/\/www.susannavaris.com\/blogg\/wp-content\/uploads\/2011\/07\/2011072203-60-199x300.jpg 199w, http:\/\/www.susannavaris.com\/blogg\/wp-content\/uploads\/2011\/07\/2011072203-60.jpg 1843w\" sizes=\"auto, (max-width: 640px) 100vw, 640px\" \/><\/a><em>Playa del Saint Tropez de Telge.<\/em><\/p>\n<p style=\"text-align: center;\"><a href=\"http:\/\/www.susannavaris.com\/blogg\/wp-content\/uploads\/2011\/07\/20110705-60.jpg\"><img loading=\"lazy\" decoding=\"async\" class=\"aligncenter size-large wp-image-1501\" title=\"20110705-60\" src=\"http:\/\/www.susannavaris.com\/blogg\/wp-content\/uploads\/2011\/07\/20110705-60-682x1024.jpg\" alt=\"\" width=\"640\" height=\"960\" srcset=\"http:\/\/www.susannavaris.com\/blogg\/wp-content\/uploads\/2011\/07\/20110705-60-682x1024.jpg 682w, http:\/\/www.susannavaris.com\/blogg\/wp-content\/uploads\/2011\/07\/20110705-60-199x300.jpg 199w, http:\/\/www.susannavaris.com\/blogg\/wp-content\/uploads\/2011\/07\/20110705-60.jpg 1843w\" sizes=\"auto, (max-width: 640px) 100vw, 640px\" \/><\/a><\/p>\n<p style=\"text-align: center;\"><a href=\"http:\/\/www.susannavaris.com\/blogg\/wp-content\/uploads\/2011\/07\/2011072204-60.jpg\"><img loading=\"lazy\" decoding=\"async\" class=\"aligncenter size-large wp-image-1494\" title=\"2011072204-60\" src=\"http:\/\/www.susannavaris.com\/blogg\/wp-content\/uploads\/2011\/07\/2011072204-60-1024x682.jpg\" alt=\"\" width=\"640\" height=\"426\" srcset=\"http:\/\/www.susannavaris.com\/blogg\/wp-content\/uploads\/2011\/07\/2011072204-60-1024x682.jpg 1024w, http:\/\/www.susannavaris.com\/blogg\/wp-content\/uploads\/2011\/07\/2011072204-60-300x199.jpg 300w\" sizes=\"auto, (max-width: 640px) 100vw, 640px\" \/><\/a><em>Metze-tallrik till lunch p\u00e5 favoritst\u00e4llet i Telgegallerian, Nancy\u00b4s Lounge. Snygg inredning, folkspaningsm\u00f6jlighet genom skyltf\u00f6nster, underbart bra service, rej\u00e4la portioner, mycket god kaffe i egen presskanna (tom laktosfri mj\u00f6lk fanns) och ovanp\u00e5 allt detta, humana priser!!!<\/em><\/p>\n<p style=\"text-align: center;\"><a href=\"http:\/\/www.susannavaris.com\/blogg\/wp-content\/uploads\/2011\/07\/2011072205-60.jpg\"><img loading=\"lazy\" decoding=\"async\" class=\"aligncenter size-large wp-image-1495\" title=\"2011072205-60\" src=\"http:\/\/www.susannavaris.com\/blogg\/wp-content\/uploads\/2011\/07\/2011072205-60-1024x682.jpg\" alt=\"\" width=\"640\" height=\"426\" srcset=\"http:\/\/www.susannavaris.com\/blogg\/wp-content\/uploads\/2011\/07\/2011072205-60-1024x682.jpg 1024w, http:\/\/www.susannavaris.com\/blogg\/wp-content\/uploads\/2011\/07\/2011072205-60-300x199.jpg 300w\" sizes=\"auto, (max-width: 640px) 100vw, 640px\" \/><\/a><em>Nere i S\u00f6dert\u00e4lje centrum m\u00e5ste jag alltid passa p\u00e5 att inhandla J\u00e4rnaglass. Godaste glassen som finns; enbart de ingredienser som ska finnas i glass, inga tillsatser, \u00e4kta r\u00e5varor, n\u00e4rproducerat, ekologiskt, kan inte bli mer pk, men dessutom way godare \u00e4n godast!!<\/em><\/p>\n<p style=\"text-align: center;\">Medan allt detta h\u00e4nde sig i somriga, slumriga, slappa s\u00f6dert\u00e4ljebyn, har det tydligen skett bombattentat i Oslos regeringskvarter. Man betecknar detta i nul\u00e4get som terrord\u00e5d, vilket det ju med allra st\u00f6rsta sannolikhet \u00e4r. \u00c5ter ett par fega attacker mot det fria samh\u00e4llet, riktade specifikt mot dess styrande institutioner, nya d\u00e5d i en av de moderna varianterna av krig: terrorn.<\/p>\n","protected":false},"excerpt":{"rendered":"<p>Idag kom jag ut p\u00e5 en efterl\u00e4ngtad promenad ner till S\u00f6dert\u00e4lje city. Morgondagens v\u00e4der genererade f\u00f6rst en goth-betonad, h\u00f6stig stass, som n\u00e4r jag var klar ins\u00e5g skulle bytas mot lite Cavalli. D\u00e5 var n\u00e4mligen v\u00e4rmen redan tryckande. Jag ville g\u00e4rna &hellip; <a href=\"http:\/\/www.susannavaris.com\/blogg\/2011\/07\/nere-pa-stan\/\">Forts\u00e4tt l\u00e4sa <span class=\"meta-nav\">&rarr;<\/span><\/a><\/p>\n","protected":false},"author":1,"featured_media":1493,"comment_status":"open","ping_status":"open","sticky":false,"template":"","format":"standard","meta":{"footnotes":""},"categories":[5,1,590],"tags":[445,444,443,448,63,121,446,447],"class_list":["post-1492","post","type-post","status-publish","format-standard","has-post-thumbnail","hentry","category-dagens-stass","category-okategoriserade","category-politik","tag-jarnaglass","tag-metze","tag-nancys-lounge","tag-oslo","tag-roberto-cavalli","tag-sodertalje","tag-terror","tag-terrorattentat"],"_links":{"self":[{"href":"http:\/\/www.susannavaris.com\/blogg\/wp-json\/wp\/v2\/posts\/1492","targetHints":{"allow":["GET"]}}],"collection":[{"href":"http:\/\/www.susannavaris.com\/blogg\/wp-json\/wp\/v2\/posts"}],"about":[{"href":"http:\/\/www.susannavaris.com\/blogg\/wp-json\/wp\/v2\/types\/post"}],"author":[{"embeddable":true,"href":"http:\/\/www.susannavaris.com\/blogg\/wp-json\/wp\/v2\/users\/1"}],"replies":[{"embeddable":true,"href":"http:\/\/www.susannavaris.com\/blogg\/wp-json\/wp\/v2\/comments?post=1492"}],"version-history":[{"count":8,"href":"http:\/\/www.susannavaris.com\/blogg\/wp-json\/wp\/v2\/posts\/1492\/revisions"}],"predecessor-version":[{"id":2053,"href":"http:\/\/www.susannavaris.com\/blogg\/wp-json\/wp\/v2\/posts\/1492\/revisions\/2053"}],"wp:featuredmedia":[{"embeddable":true,"href":"http:\/\/www.susannavaris.com\/blogg\/wp-json\/wp\/v2\/media\/1493"}],"wp:attachment":[{"href":"http:\/\/www.susannavaris.com\/blogg\/wp-json\/wp\/v2\/media?parent=1492"}],"wp:term":[{"taxonomy":"category","embeddable":true,"href":"http:\/\/www.susannavaris.com\/blogg\/wp-json\/wp\/v2\/categories?post=1492"},{"taxonomy":"post_tag","embeddable":true,"href":"http:\/\/www.susannavaris.com\/blogg\/wp-json\/wp\/v2\/tags?post=1492"}],"curies":[{"name":"wp","href":"https:\/\/api.w.org\/{rel}","templated":true}]}}