{"id":14980,"date":"2015-07-17T00:49:12","date_gmt":"2015-07-16T22:49:12","guid":{"rendered":"http:\/\/www.susannavaris.com\/blogg\/?p=14980"},"modified":"2015-07-17T00:49:12","modified_gmt":"2015-07-16T22:49:12","slug":"kommande-utstallningen-retro-spectacular-pa-galleri-t","status":"publish","type":"post","link":"http:\/\/www.susannavaris.com\/blogg\/2015\/07\/kommande-utstallningen-retro-spectacular-pa-galleri-t\/","title":{"rendered":"Kommande utst\u00e4llningen: Retro-Spectacular p\u00e5 Galleri T"},"content":{"rendered":"<p><a href=\"http:\/\/www.susannavaris.com\/blogg\/wp-content\/uploads\/2015\/07\/Header-Retro-II-jpg-text.jpg\"><img loading=\"lazy\" decoding=\"async\" class=\"aligncenter size-full wp-image-14981\" src=\"http:\/\/www.susannavaris.com\/blogg\/wp-content\/uploads\/2015\/07\/Header-Retro-II-jpg-text.jpg\" alt=\"Header Retro II jpg text\" width=\"1380\" height=\"521\" srcset=\"http:\/\/www.susannavaris.com\/blogg\/wp-content\/uploads\/2015\/07\/Header-Retro-II-jpg-text.jpg 1380w, http:\/\/www.susannavaris.com\/blogg\/wp-content\/uploads\/2015\/07\/Header-Retro-II-jpg-text-300x113.jpg 300w, http:\/\/www.susannavaris.com\/blogg\/wp-content\/uploads\/2015\/07\/Header-Retro-II-jpg-text-1024x387.jpg 1024w\" sizes=\"auto, (max-width: 1380px) 100vw, 1380px\" \/><\/a>Evenemanget p\u00e5 Facebook: <a href=\"https:\/\/www.facebook.com\/events\/144513835879982\/\">H\u00c4R<\/a><\/p>\n<p><span class=\"fsl\"><em>Vad har Pippi L\u00e5ngstrump, ABBA, Marilyn Monroe, Johnny Rotten och Marilyn Manson gemensamt?<\/em><\/p>\n<p><em> Retro-Spectacular -en svindlande f\u00e4rd genom decennier av skapande, en tillbakablick p\u00e5 Susanna Varis` resa som konstn\u00e4r; fr\u00e5n de tidigaste teckningarna till de senaste verken. Ett antal teman g\u00e5r som r\u00f6da, om \u00e4n tilltrasslade, tr\u00e5dar genom produktionen: idolerna, h\u00e4starna, prinsessorna och m\u00f6rkret. Allt b\u00f6rjar och slutar med surrealismen &#8211; en f\u00e4rd fr\u00e5n det omedvetet undermedvetna till ett medvetet dito.<\/em><\/p>\n<p><em> Ta chansen att se m\u00e5nga aldrig tidigare visade verk i denna unika utst\u00e4llning.<\/em><\/p>\n<p><em> Och vad har personerna som n\u00e4mndes ovan gemensamt?<\/em><br \/>\n<em> De alla figurerar i utst\u00e4llningen i egenskap av idoler.<\/em><\/p>\n<p><em> Hj\u00e4rtligt v\u00e4lkommen p\u00e5 vernissa<\/em><span class=\"text_exposed_show\"><em>ge med ros\u00e9, tilltugg och mingel i den sp\u00e4nnande milj\u00f6n i Drakerska huset!<\/em><\/p>\n<p>(Pre-vernissage: fre 7. augusti 2015 ca 16:00)<\/p>\n<p><strong>Vernissage<\/strong>: l\u00f6r 8. augusti 2015 14:00 &#8211; 19:00<\/p>\n<p><strong>Utst\u00e4llning<\/strong>: 9. &#8211; 12. aug 11:00 &#8211; 18:00,<br \/>\n13. aug 11:00 &#8211; 15:00<\/p>\n<p><em>What do Pippi Longstocking, ABBA, Marilyn Monroe, Johnny Rotten and Marilyn Manson have in common?<\/em><\/p>\n<p><em> Retro- Spectacular &#8211; a whimsical tour through decades of creativity, a retrospective of Susanna Varis\u00b4 journey as an artist, from the earliest drawings to the latest works. Some themes appear again and again: the idols, the horses, the pricesses and the darkness. Everything starts and ends with surrealism &#8211; from the unconscious subconscious to the conscious dito.<\/em><\/p>\n<p><em> Unique chance to see many of the never to this day displayed works in this exhibition.<\/em><\/p>\n<p><em> And what do the persons mentioned above have in common?<\/em><br \/>\n<em> They are all included in the exhibition as idols.<\/em><\/p>\n<p><em> Welcome to the Grand Opening with beverages and mingel in the exciting environment of the Drakerska house in the Old Town of Stockholm!<\/em><\/p>\n<p><strong>Grand opening<\/strong>: Aug 8:th, 2 &#8211; 9 pm<br \/>\n<strong>Exhibition<\/strong>: Aug 9:th to Aug 12:th, 11 am &#8211; 6 pm<br \/>\nAug 13: th, 11 am &#8211; 3 pm<\/span><\/span><\/p>\n","protected":false},"excerpt":{"rendered":"<p>Evenemanget p\u00e5 Facebook: H\u00c4R Vad har Pippi L\u00e5ngstrump, ABBA, Marilyn Monroe, Johnny Rotten och Marilyn Manson gemensamt? Retro-Spectacular -en svindlande f\u00e4rd genom decennier av skapande, en tillbakablick p\u00e5 Susanna Varis` resa som konstn\u00e4r; fr\u00e5n de tidigaste teckningarna till de senaste &hellip; <a href=\"http:\/\/www.susannavaris.com\/blogg\/2015\/07\/kommande-utstallningen-retro-spectacular-pa-galleri-t\/\">Forts\u00e4tt l\u00e4sa <span class=\"meta-nav\">&rarr;<\/span><\/a><\/p>\n","protected":false},"author":1,"featured_media":0,"comment_status":"open","ping_status":"open","sticky":false,"template":"","format":"standard","meta":{"footnotes":""},"categories":[7,555,1293,3,1162,415,12,285,2262,1611,4],"tags":[196,1233,95,314,3274,4907,16,286,197,4924,4878,4879,4921,525,25,122],"class_list":["post-14980","post","type-post","status-publish","format-standard","hentry","category-egna-verk","category-events","category-galleri-t-2","category-konst","category-kultur","category-lowbrow","category-marilyn-manson","category-marilyn-monroe","category-pop-surrealism","category-skrackkonst","category-utstallning","tag-abba","tag-galleri-t","tag-gamla-stan","tag-horror-art","tag-lilycrow-art-of-susanna-varis","tag-lowbrow","tag-marilyn-manson-2","tag-marilyn-monroe-2","tag-pippi-langstrump","tag-pop-surrealism","tag-retro-spectacular","tag-retrospekt","tag-skrackkonst","tag-stockholm","tag-surrealism","tag-utstallning-2"],"_links":{"self":[{"href":"http:\/\/www.susannavaris.com\/blogg\/wp-json\/wp\/v2\/posts\/14980","targetHints":{"allow":["GET"]}}],"collection":[{"href":"http:\/\/www.susannavaris.com\/blogg\/wp-json\/wp\/v2\/posts"}],"about":[{"href":"http:\/\/www.susannavaris.com\/blogg\/wp-json\/wp\/v2\/types\/post"}],"author":[{"embeddable":true,"href":"http:\/\/www.susannavaris.com\/blogg\/wp-json\/wp\/v2\/users\/1"}],"replies":[{"embeddable":true,"href":"http:\/\/www.susannavaris.com\/blogg\/wp-json\/wp\/v2\/comments?post=14980"}],"version-history":[{"count":1,"href":"http:\/\/www.susannavaris.com\/blogg\/wp-json\/wp\/v2\/posts\/14980\/revisions"}],"predecessor-version":[{"id":14982,"href":"http:\/\/www.susannavaris.com\/blogg\/wp-json\/wp\/v2\/posts\/14980\/revisions\/14982"}],"wp:attachment":[{"href":"http:\/\/www.susannavaris.com\/blogg\/wp-json\/wp\/v2\/media?parent=14980"}],"wp:term":[{"taxonomy":"category","embeddable":true,"href":"http:\/\/www.susannavaris.com\/blogg\/wp-json\/wp\/v2\/categories?post=14980"},{"taxonomy":"post_tag","embeddable":true,"href":"http:\/\/www.susannavaris.com\/blogg\/wp-json\/wp\/v2\/tags?post=14980"}],"curies":[{"name":"wp","href":"https:\/\/api.w.org\/{rel}","templated":true}]}}