{"id":1503,"date":"2011-07-23T14:49:38","date_gmt":"2011-07-23T12:49:38","guid":{"rendered":"http:\/\/www.susannavaris.com\/blogg\/?p=1503"},"modified":"2023-02-14T19:11:11","modified_gmt":"2023-02-14T18:11:11","slug":"dagen-efter-oslo","status":"publish","type":"post","link":"http:\/\/www.susannavaris.com\/blogg\/2011\/07\/dagen-efter-oslo\/","title":{"rendered":"Dagen efter Oslo"},"content":{"rendered":"<div class=\"wp-block-image\">\n<figure class=\"aligncenter size-large\"><img loading=\"lazy\" decoding=\"async\" width=\"872\" height=\"1024\" src=\"http:\/\/www.susannavaris.com\/blogg\/wp-content\/uploads\/2023\/02\/000-1024px-Satellite_image_of_Norway_in_February_2003-872x1024.jpg\" alt=\"\" class=\"wp-image-17917\" title=\"norsk-flagga\" srcset=\"http:\/\/www.susannavaris.com\/blogg\/wp-content\/uploads\/2023\/02\/000-1024px-Satellite_image_of_Norway_in_February_2003-872x1024.jpg 872w, http:\/\/www.susannavaris.com\/blogg\/wp-content\/uploads\/2023\/02\/000-1024px-Satellite_image_of_Norway_in_February_2003-256x300.jpg 256w, http:\/\/www.susannavaris.com\/blogg\/wp-content\/uploads\/2023\/02\/000-1024px-Satellite_image_of_Norway_in_February_2003-768x902.jpg 768w, http:\/\/www.susannavaris.com\/blogg\/wp-content\/uploads\/2023\/02\/000-1024px-Satellite_image_of_Norway_in_February_2003.jpg 1024w\" sizes=\"auto, (max-width: 872px) 100vw, 872px\" \/><figcaption class=\"wp-element-caption\">Jacques Descloitres, MODIS Rapid Response Team, NASA\/GSFC &#8211; Cropped from original <a href=\"http:\/\/visibleearth.nasa.gov\/view_rec.php?id=4991\">http:\/\/visibleearth.nasa.gov\/view_rec.php?id=4991<\/a><br>Satellite image of continental Norway in February 2003. \/ Wikipedia\/public domain<\/figcaption><\/figure>\n<\/div>\n\n<div class=\"wp-block-image\">\n<figure class=\"aligncenter size-full\"><img loading=\"lazy\" decoding=\"async\" width=\"532\" height=\"800\" src=\"http:\/\/www.susannavaris.com\/blogg\/wp-content\/uploads\/2023\/02\/000-Regjeringsbygget_29_juli_2011_web.jpg\" alt=\"\" class=\"wp-image-17919\" title=\"norgeoslo469_241128b\" srcset=\"http:\/\/www.susannavaris.com\/blogg\/wp-content\/uploads\/2023\/02\/000-Regjeringsbygget_29_juli_2011_web.jpg 532w, http:\/\/www.susannavaris.com\/blogg\/wp-content\/uploads\/2023\/02\/000-Regjeringsbygget_29_juli_2011_web-200x300.jpg 200w\" sizes=\"auto, (max-width: 532px) 100vw, 532px\" \/><figcaption class=\"wp-element-caption\"><a href=\"https:\/\/commons.wikimedia.org\/wiki\/User:Paalso\">Paalso<\/a> Paal S\u00f8rensen &#8211; Eget arbete<br>Government building in Oslo after the bomb explosion. Regjeringsbygget etter t\\bombeanslaget \/ Wikipedia \/ <a rel=\"noreferrer noopener\" href=\"https:\/\/creativecommons.org\/licenses\/by-sa\/3.0\" target=\"_blank\">CC BY-SA 3.0<\/a><\/figcaption><\/figure>\n<\/div>\n\n\n<p>Norge har drabbats av fruktansv\u00e4rda terrord\u00e5d. P\u00e5 eftermiddagen, klockan 15.26, briserade bomben vid regeringskvarteren i centrala Oslo, ett par timmar senare begicks en massaker p\u00e5 ett politiskt ungdomsl\u00e4ger p\u00e5 \u00f6n Ut\u00f6ya utanf\u00f6r Oslo.<\/p>\n\n\n\n<p>I Norge \u00e4r begripligt nog chocken stor och jag k\u00e4nner sj\u00e4lv att det br\u00e4nner bakom \u00f6gonlocken n\u00e4r jag ser och lyssnar p\u00e5 nyheterna idag.<\/p>\n\n\n\n<p>Ideologier, vare sig de \u00e4r politiska eller religi\u00f6sa, kan vara livsfarliga. Kan det ens n\u00e5gonsin existera ett samh\u00e4lle som kan v\u00e4rja sig mot att en ideologi kan hos en individ leda till ett blint hat som leder till den h\u00e4r typen av d\u00e5d? Jag tror inte att det g\u00e5r att vaccinera m\u00e4nskligheten mot att n\u00e5gonting s\u00e5dant h\u00e4r aldrig ska h\u00e4nda.<\/p>\n\n\n\n<p>Enbart utbildning, \u00f6ppenhet, dialog och frihet, inte minst tryckfrihet, kan leda mot ett samh\u00e4lle av m\u00e4nniskor som \u00e4r kapabla till sj\u00e4lvst\u00e4ndigt t\u00e4nkande och kritiskt granskande av ideologier och religioner. Men hos enskilda individer kan \u00e4nd\u00e5 personliga faktorer eller milj\u00f6p\u00e5verkan leda till tankar och \u00e4ven handlingar av detta slag. Andra d\u00e5d av det h\u00e4r slaget kanske inte grundar sig p\u00e5 en s\u00e4rskild ideologi eller religion, utan kan t ex motiveras av personliga upplevelser av nederlag eller felbehandling och d\u00e4r man i samh\u00e4llet eller dess institutioner identifierar orsaken.<\/p>\n\n\n\n<p>Jag \u00e4r inte p\u00e5 n\u00e5got vis en expert p\u00e5 den m\u00e4nskliga psykologin och har heller inga bra f\u00f6rslag att komma med ang\u00e5ende hur terrord\u00e5d av vilket slag som helst b\u00e4st undviks. Ett helt samh\u00e4lle kan dock inte formas om till att passa det f\u00e5tal individer som befinner sig i riskzonen f\u00f6r instabilitet och som kan vara potentiella terrorister. Att uppmuntra och uppmana till terrord\u00e5d \u00e4r redan, \u00e5tminstone i norden, kriminellt.<\/p>\n","protected":false},"excerpt":{"rendered":"<p>Norge har drabbats av fruktansv\u00e4rda terrord\u00e5d. P\u00e5 eftermiddagen, klockan 15.26, briserade bomben vid regeringskvarteren i centrala Oslo, ett par timmar senare begicks en massaker p\u00e5 ett politiskt ungdomsl\u00e4ger p\u00e5 \u00f6n Ut\u00f6ya utanf\u00f6r Oslo. I Norge \u00e4r begripligt nog chocken stor &hellip; <a href=\"http:\/\/www.susannavaris.com\/blogg\/2011\/07\/dagen-efter-oslo\/\">Forts\u00e4tt l\u00e4sa <span class=\"meta-nav\">&rarr;<\/span><\/a><\/p>\n","protected":false},"author":1,"featured_media":1504,"comment_status":"open","ping_status":"open","sticky":false,"template":"","format":"standard","meta":{"footnotes":""},"categories":[589,1,590],"tags":[450,451,448,4904,452,449],"class_list":["post-1503","post","type-post","status-publish","format-standard","has-post-thumbnail","hentry","category-medier","category-okategoriserade","category-politik","tag-extremism","tag-ideologier","tag-oslo","tag-religion","tag-terrorattack","tag-terrorism"],"_links":{"self":[{"href":"http:\/\/www.susannavaris.com\/blogg\/wp-json\/wp\/v2\/posts\/1503","targetHints":{"allow":["GET"]}}],"collection":[{"href":"http:\/\/www.susannavaris.com\/blogg\/wp-json\/wp\/v2\/posts"}],"about":[{"href":"http:\/\/www.susannavaris.com\/blogg\/wp-json\/wp\/v2\/types\/post"}],"author":[{"embeddable":true,"href":"http:\/\/www.susannavaris.com\/blogg\/wp-json\/wp\/v2\/users\/1"}],"replies":[{"embeddable":true,"href":"http:\/\/www.susannavaris.com\/blogg\/wp-json\/wp\/v2\/comments?post=1503"}],"version-history":[{"count":8,"href":"http:\/\/www.susannavaris.com\/blogg\/wp-json\/wp\/v2\/posts\/1503\/revisions"}],"predecessor-version":[{"id":17920,"href":"http:\/\/www.susannavaris.com\/blogg\/wp-json\/wp\/v2\/posts\/1503\/revisions\/17920"}],"wp:featuredmedia":[{"embeddable":true,"href":"http:\/\/www.susannavaris.com\/blogg\/wp-json\/wp\/v2\/media\/1504"}],"wp:attachment":[{"href":"http:\/\/www.susannavaris.com\/blogg\/wp-json\/wp\/v2\/media?parent=1503"}],"wp:term":[{"taxonomy":"category","embeddable":true,"href":"http:\/\/www.susannavaris.com\/blogg\/wp-json\/wp\/v2\/categories?post=1503"},{"taxonomy":"post_tag","embeddable":true,"href":"http:\/\/www.susannavaris.com\/blogg\/wp-json\/wp\/v2\/tags?post=1503"}],"curies":[{"name":"wp","href":"https:\/\/api.w.org\/{rel}","templated":true}]}}