{"id":15117,"date":"2015-08-29T13:39:39","date_gmt":"2015-08-29T11:39:39","guid":{"rendered":"http:\/\/www.susannavaris.com\/blogg\/?p=15117"},"modified":"2015-08-29T15:17:44","modified_gmt":"2015-08-29T13:17:44","slug":"artikel-i-ruotsinsuomalainen","status":"publish","type":"post","link":"http:\/\/www.susannavaris.com\/blogg\/2015\/08\/artikel-i-ruotsinsuomalainen\/","title":{"rendered":"Artikel i Ruotsinsuomalainen"},"content":{"rendered":"<p>Ruotsinsuomalainen, tidningen f\u00f6r finl\u00e4ndare i Sverige, gjorde ju en intervju med mig under utst\u00e4llningen. Nu har den publicerats (tidningen finns tyv\u00e4rr bara som papperstidning, deras hemsida finns <a href=\"http:\/\/www.ruotsinsuomalainen.com\/index.shtml\">h\u00e4r<\/a>):<\/p>\n<p style=\"text-align: center;\"><a href=\"http:\/\/www.susannavaris.com\/blogg\/wp-content\/uploads\/2015\/08\/RS-jpg.jpg\"><img loading=\"lazy\" decoding=\"async\" class=\"aligncenter size-full wp-image-15118\" src=\"http:\/\/www.susannavaris.com\/blogg\/wp-content\/uploads\/2015\/08\/RS-jpg.jpg\" alt=\"RS jpg\" width=\"2528\" height=\"3507\" srcset=\"http:\/\/www.susannavaris.com\/blogg\/wp-content\/uploads\/2015\/08\/RS-jpg.jpg 2528w, http:\/\/www.susannavaris.com\/blogg\/wp-content\/uploads\/2015\/08\/RS-jpg-216x300.jpg 216w, http:\/\/www.susannavaris.com\/blogg\/wp-content\/uploads\/2015\/08\/RS-jpg-738x1024.jpg 738w\" sizes=\"auto, (max-width: 2528px) 100vw, 2528px\" \/><\/a><em>Artikel av Laura Santala i tidningen Ruotsinsuomalainen.<\/em><\/p>\n<p style=\"text-align: left;\">\n<p style=\"text-align: left;\">Till\u00e4gg:<\/p>\n<p style=\"text-align: left;\">Nu har jag varit s\u00e5 pass snitsig under dagen att jag hunnit \u00f6vers\u00e4tta artikeln till svenska redan, s\u00e5 h\u00e4r kommer den:<\/p>\n<p style=\"text-align: center;\"><strong>I SUSANNA VARIS\u00b4 ARBETEN F\u00d6RENAS SKR\u00c4CK MED GLAMOUR OCH DET UNDERMEDVETNAS MYSTERIER<\/strong><\/p>\n<p><strong>STOCKHOLM. Susanna Varis har tecknat bilder av det undermedvetnas str\u00f6mningar sedan hon var en liten flicka. Utst\u00e4llningen Retro-Spectacular samlade konstn\u00e4riens produktion fr\u00e5n ett l\u00e5ngt tidsspann. I verken har m\u00e5nga olika tekniker anv\u00e4nts, men temana har bevarats genom \u00e5rtiondena.<\/strong><\/p>\n<p><strong>Susanna Varis blir f\u00f6rtjust<\/strong> i id\u00e9er, lyssnar p\u00e5 tung musik och dyker modigt ner i sitt undermedvetnas str\u00f6mningar. Material fr\u00e5n dessa inspirationsk\u00e4llor bearbetar hon medelst m\u00e5ngsidiga metoder till konst.<br \/>\n&#8211; Jag blir l\u00e4tt uttr\u00e5kad och anv\u00e4nder mig g\u00e4rna av omv\u00e4xlande olika tekniker, ber\u00e4ttar Varis.<br \/>\nV\u00e4ggarna pryds ocks\u00e5 av verk utf\u00f6rda i akvarell, akryl, kollageteknik, tusch, olja, blyerts och f\u00e4rgpennor.<\/p>\n<p><strong>F\u00f6rutom teknikerna<\/strong>, \u00e4r \u00e4ven temana f\u00f6r Varis verk omv\u00e4xlande, \u00e4ven om vissa av dem har bevarats fr\u00e5n \u00e5r till \u00e5r. I konstn\u00e4rens utst\u00e4llning Retro-spectacular p\u00e5 Galleri T fanns produktion \u00e4nda fr\u00e5n barndomen till nutid. Redan i Varis\u00b4 verk fr\u00e5n barndomstiden finns rikligt med surrealistiska element.<br \/>\n&#8211; Det var ingen brist p\u00e5 fantasi n\u00e4r jag var liten. Sedan f\u00f6rsvann kontakten med det undermedvetna n\u00e5got.<br \/>\nKonstn\u00e4ren spekulerar i att den minskade kontakten med det undermedvetna hade sitt ursprung i de allt h\u00f6gre kraven hon st\u00e4llde p\u00e5 sig sj\u00e4lv.<br \/>\n&#8211; D\u00e5 ville jag koncentrera mig p\u00e5 konstskapandets hantverk. Nu har jag \u00e5ter b\u00f6rjat kunna sl\u00e4ppa den \u00f6verdrivna sj\u00e4lvkritiken och p\u00e5 ett medvetet s\u00e4tt b\u00f6rja leta efter material ur det undermedvetna till mina verk.<\/p>\n<p><strong>P\u00e5 v\u00e4ggarna i Galleri T<\/strong> h\u00e4nger Marilyn Monroe, Madonna, goth-rockaren Marilyn Manson, Nina Hagen och heavy metal-s\u00e5ngaren James Hetfield i perfekt harmoni.<br \/>\n&#8211; Jag tycker om att m\u00e5la portr\u00e4tt, men det m\u00e5ste oftast handla om en slags f\u00f6r\u00e4lskelse eller f\u00f6rtjusning. Jag kan \u00e4ven m\u00e5la portr\u00e4tt p\u00e5 best\u00e4llning, men det blir mycket annorlunda om f\u00f6rtjusningen finns med d\u00e4r.<\/p>\n<p><strong>Skr\u00e4ck-tematiken och de gotiska<\/strong> elementen spelar en framtr\u00e4dande roll i Varis\u00b4 produktion. Hon var punkare p\u00e5 1980-talet och lyssnade redan d\u00e5 p\u00e5 musikstilar som f\u00f6reb\u00e5dade gothen, som synthmusik och post punk. I mitten av 1990-talet hade Varis en tyst period i sitt skapande. Sedan fick hon en cd-skiva med Marilyn Manson av en v\u00e4n och bes\u00f6kte snart en konsert med artisten.<br \/>\n&#8211; Det knockade mig fullst\u00e4ndigt. I samma veva s\u00e5g jag en utst\u00e4llning med konstn\u00e4ren Mia M\u00e4kil\u00e4, vars konst ocks\u00e5 f\u00f6renar element ur popul\u00e4rkulturen med skr\u00e4ck. De h\u00e4r tv\u00e5 h\u00e4ndelserna inspirerade mig till att b\u00f6rja skapa konst igen. Det var verkligen som en v\u00e5g som sk\u00f6ljde \u00f6ver mig och fick mig att s\u00e4tta ig\u00e5ng igen.<\/p>\n<p><strong>Civilingenj\u00f6rsutbildade Varis<\/strong> konstaterar att studierna har varit till nytta, men \u00e4ven till nackdel, i konstut\u00f6vandet. \u00c5 ena sidan kan ingenj\u00f6rst\u00e4nkandet underl\u00e4tta i exempelvis i skapandet av en rumslig framst\u00e4llning, men det rationella t\u00e4nkandet kan \u00e4ven ha sin skuggsida.<br \/>\n&#8211; Till en b\u00f6rjan var det ganska sv\u00e5rt att komma i kontakt med det undermedvetna, n\u00e4r hj\u00e4rnan var s\u00e5 starkt drillad i det rationella och naturvetenskapligt-matematiska t\u00e4nkandet. Det tog ett tag innna jag fick \u00e4ven den andra hj\u00e4rnhalvan aktiverad.<\/p>\n<p><strong>I Varis\u00b4 verk f\u00f6renas minnen<\/strong> med det undermedvetna. M\u00f6rkret i verken \u00e4r inte alltid av det hoppl\u00f6sa slaget, men mera av en fascinerande och sp\u00e4nnande sort. Till minnena h\u00f6r \u00e4ven ett av de centrala temana i Varis\u00b4 verk: h\u00e4starna. Hon ber\u00e4ttar att hon f\u00f6ddes till att bli en h\u00e4sttjej, eftersom mormodern var en h\u00e4stkvinna till kropp och sj\u00e4l. Konstn\u00e4ren har m\u00e5nga minnen som utspelar sig p\u00e5 stallet med h\u00e4starna fr\u00e5n sin barndom.<br \/>\n&#8211; Jag kopplar h\u00e4starna till mormor i mina minnen, de p\u00e5minner mig om henne.<\/p>\n<p><strong>Efter utst\u00e4llningen som sammanfattar<\/strong> hela den hittillsvarande konstn\u00e4rskarri\u00e4ren har Varis redan siktet inst\u00e4llt p\u00e5 det som ska komma. Under sina resor till Wien har konstn\u00e4ren intresserat sig f\u00f6r kejsarinnan och drottningen Sissi. Som huvudperson f\u00f6r n\u00e4sta utst\u00e4llning kommer vi allts\u00e5 att se den f\u00e5f\u00e4nga kejsarinnan, som enligt Varis \u00e4r en mycket fascinerande och inspirerande person.<\/p>\n<p><strong>Konstn\u00e4ren har \u00e5ter gett<\/strong> sitt sinne och sin fantasi samma spelrum som n\u00e4r hon var ung och d\u00e5 pappersarken fylldes av prinsessor, bilder p\u00e5 gruppen ABBA, enh\u00f6rningar och monster.<br \/>\n&#8211; Ofta \u00e4r det f\u00f6rst efter\u00e5t som jag f\u00f6rst\u00e5r varf\u00f6r jag valt n\u00e5got visst material fr\u00e5n det undermedvetna in i verken, konstaterar Varis.<\/p>\n<p>Laura santala (\u00f6vers\u00e4ttning: Susanna Varis)<\/p>\n<p style=\"text-align: left;\">\n","protected":false},"excerpt":{"rendered":"<p>Ruotsinsuomalainen, tidningen f\u00f6r finl\u00e4ndare i Sverige, gjorde ju en intervju med mig under utst\u00e4llningen. Nu har den publicerats (tidningen finns tyv\u00e4rr bara som papperstidning, deras hemsida finns h\u00e4r): Artikel av Laura Santala i tidningen Ruotsinsuomalainen. Till\u00e4gg: Nu har jag varit &hellip; <a href=\"http:\/\/www.susannavaris.com\/blogg\/2015\/08\/artikel-i-ruotsinsuomalainen\/\">Forts\u00e4tt l\u00e4sa <span class=\"meta-nav\">&rarr;<\/span><\/a><\/p>\n","protected":false},"author":1,"featured_media":0,"comment_status":"open","ping_status":"open","sticky":false,"template":"","format":"standard","meta":{"footnotes":""},"categories":[7,107,1293,3,1162,589,4],"tags":[1662,4896,4942,3878,17,4917,4941,3274,4940,1566,122],"class_list":["post-15117","post","type-post","status-publish","format-standard","hentry","category-egna-verk","category-finland","category-galleri-t-2","category-konst","category-kultur","category-medier","category-utstallning","tag-artikel","tag-finland","tag-finlandare","tag-intervju","tag-konst-2","tag-kultur","tag-laura-santala","tag-lilycrow-art-of-susanna-varis","tag-rs","tag-ruotsinsuomalainen","tag-utstallning-2"],"_links":{"self":[{"href":"http:\/\/www.susannavaris.com\/blogg\/wp-json\/wp\/v2\/posts\/15117","targetHints":{"allow":["GET"]}}],"collection":[{"href":"http:\/\/www.susannavaris.com\/blogg\/wp-json\/wp\/v2\/posts"}],"about":[{"href":"http:\/\/www.susannavaris.com\/blogg\/wp-json\/wp\/v2\/types\/post"}],"author":[{"embeddable":true,"href":"http:\/\/www.susannavaris.com\/blogg\/wp-json\/wp\/v2\/users\/1"}],"replies":[{"embeddable":true,"href":"http:\/\/www.susannavaris.com\/blogg\/wp-json\/wp\/v2\/comments?post=15117"}],"version-history":[{"count":3,"href":"http:\/\/www.susannavaris.com\/blogg\/wp-json\/wp\/v2\/posts\/15117\/revisions"}],"predecessor-version":[{"id":15121,"href":"http:\/\/www.susannavaris.com\/blogg\/wp-json\/wp\/v2\/posts\/15117\/revisions\/15121"}],"wp:attachment":[{"href":"http:\/\/www.susannavaris.com\/blogg\/wp-json\/wp\/v2\/media?parent=15117"}],"wp:term":[{"taxonomy":"category","embeddable":true,"href":"http:\/\/www.susannavaris.com\/blogg\/wp-json\/wp\/v2\/categories?post=15117"},{"taxonomy":"post_tag","embeddable":true,"href":"http:\/\/www.susannavaris.com\/blogg\/wp-json\/wp\/v2\/tags?post=15117"}],"curies":[{"name":"wp","href":"https:\/\/api.w.org\/{rel}","templated":true}]}}