{"id":1513,"date":"2011-07-23T19:47:08","date_gmt":"2011-07-23T17:47:08","guid":{"rendered":"http:\/\/www.susannavaris.com\/blogg\/?p=1513"},"modified":"2023-02-14T19:18:06","modified_gmt":"2023-02-14T18:18:06","slug":"amy-winehouse-ar-dod","status":"publish","type":"post","link":"http:\/\/www.susannavaris.com\/blogg\/2011\/07\/amy-winehouse-ar-dod\/","title":{"rendered":"Amy Winehouse \u00e4r d\u00f6d"},"content":{"rendered":"<div class=\"wp-block-image\">\n<figure class=\"aligncenter size-large\"><img loading=\"lazy\" decoding=\"async\" width=\"717\" height=\"1024\" src=\"http:\/\/www.susannavaris.com\/blogg\/wp-content\/uploads\/2023\/02\/000-800px-Amy_Winehouse_f4962007_crop-717x1024.jpg\" alt=\"\" class=\"wp-image-17921\" title=\"amy_winehouse_pr_460\" srcset=\"http:\/\/www.susannavaris.com\/blogg\/wp-content\/uploads\/2023\/02\/000-800px-Amy_Winehouse_f4962007_crop-717x1024.jpg 717w, http:\/\/www.susannavaris.com\/blogg\/wp-content\/uploads\/2023\/02\/000-800px-Amy_Winehouse_f4962007_crop-210x300.jpg 210w, http:\/\/www.susannavaris.com\/blogg\/wp-content\/uploads\/2023\/02\/000-800px-Amy_Winehouse_f4962007_crop-768x1097.jpg 768w, http:\/\/www.susannavaris.com\/blogg\/wp-content\/uploads\/2023\/02\/000-800px-Amy_Winehouse_f4962007_crop.jpg 800w\" sizes=\"auto, (max-width: 717px) 100vw, 717px\" \/><figcaption class=\"wp-element-caption\"><a href=\"https:\/\/en.wikipedia.org\/wiki\/Amy_Winehouse\">Amy Winehouse<\/a> at the <a href=\"https:\/\/en.wikipedia.org\/wiki\/Eurock%C3%A9ennes\">Eurock\u00e9ennes<\/a> of 2007 &#8211; <a href=\"https:\/\/commons.wikimedia.org\/wiki\/User:Rama\">Rama<\/a> \/ Wikipedia \/ <a rel=\"noreferrer noopener\" href=\"https:\/\/creativecommons.org\/licenses\/by-sa\/2.0\/fr\/deed.en\" target=\"_blank\">CC BY-SA 2.0 fr<\/a><\/figcaption><\/figure>\n<\/div>\n\n\n<p class=\"has-text-align-center\"><em>Amy Winehouse<\/em><\/p>\n\n\n\n<p>Fr\u00e5n den ena chocken till den andra. SVT har s\u00e4nt hela dagen ang\u00e5ende terrord\u00e5den i Norge, man letar efter dessa enkla l\u00f6sningar som publiken efterfr\u00e5gar, svaren p\u00e5 fr\u00e5gan varf\u00f6r. Hur ser ondskan ut? Hur \u00e4r det m\u00f6jligt att den ser ut som vem som helst av oss? Hur kan vi k\u00e4nna igen den n\u00e4sta g\u00e5ng, vilket fack ska vi stoppa in den i s\u00e5 vi vet n\u00e4sta g\u00e5ng och kan v\u00e4rja oss? Ondskan \u00e4r m\u00f6jlig i alla oss, b\u00e4st att vara medveten om det. Inbillningen att man kan vara immun mot att utf\u00f6ra onda handlingar \u00e4r en fara i sig.<\/p>\n\n\n\n<p>Vi kan dessutom inte vaccinera n\u00e5got samh\u00e4lle totalt mot det h\u00e4r slaget av terrord\u00e5d och ett s\u00e5dant samh\u00e4lle skulle ingen av oss vilja leva i.<\/p>\n\n\n\n<p>Nu till n\u00e4sta chock: Amy Winehouse har g\u00e5tt bort, 27 \u00e5r gammal. Hon hittades livl\u00f6s i sin l\u00e4genhet och d\u00f6dsorsaken \u00e4r \u00e4n s\u00e5 l\u00e4nge inte fastst\u00e4lld.<\/p>\n\n\n\n<p>Amy Winehouse har l\u00e4nge levt ett sj\u00e4lvf\u00f6rbr\u00e4nnande liv och vid 27 \u00e5rs \u00e5lder verkar n\u00e5gon magisk gr\u00e4ns f\u00f6r s\u00e5dana aktiviteter finnas. M\u00e5nga \u00e4r de fort brinnande stj\u00e4rnorna som just g\u00e5tt bort i denna \u00e5lder.<\/p>\n\n\n\n<p>Amy, med sin h\u00f6volmsfrisyr och 50-tals\/sailor-inspirerade uppenbarelse var en fantastisk s\u00e5ngerska och artist, men hon hade en tid inte kunnat uppr\u00e4tth\u00e5lla sin karri\u00e4r, antagligen p\u00e5 grund av droger och alkohol. Jag vet att Amy alltid hade ett komplex f\u00f6r sitt utseende och inbillade sig att hon var ful. Trots mycket k\u00e4rlek och st\u00f6d fr\u00e5n framf\u00f6r allt sin far, k\u00e4nde hon aldrig att hon riktigt d\u00f6g. Hon kunde nog aldrig p\u00e5 riktigt se vilken briljant artist hon var. V\u00e4rlden har f\u00f6rlorat \u00e4nnu en \u00f6mt\u00e5lig, fantastisk konstn\u00e4r till drogerna.<\/p>\n","protected":false},"excerpt":{"rendered":"<p>Amy Winehouse Fr\u00e5n den ena chocken till den andra. SVT har s\u00e4nt hela dagen ang\u00e5ende terrord\u00e5den i Norge, man letar efter dessa enkla l\u00f6sningar som publiken efterfr\u00e5gar, svaren p\u00e5 fr\u00e5gan varf\u00f6r. Hur ser ondskan ut? Hur \u00e4r det m\u00f6jligt att &hellip; <a href=\"http:\/\/www.susannavaris.com\/blogg\/2011\/07\/amy-winehouse-ar-dod\/\">Forts\u00e4tt l\u00e4sa <span class=\"meta-nav\">&rarr;<\/span><\/a><\/p>\n","protected":false},"author":1,"featured_media":1514,"comment_status":"open","ping_status":"open","sticky":false,"template":"","format":"standard","meta":{"footnotes":""},"categories":[589,1,590],"tags":[455,453,448,447,454],"class_list":["post-1513","post","type-post","status-publish","format-standard","has-post-thumbnail","hentry","category-medier","category-okategoriserade","category-politik","tag-amy-winehouse","tag-norge","tag-oslo","tag-terrorattentat","tag-terrordad"],"_links":{"self":[{"href":"http:\/\/www.susannavaris.com\/blogg\/wp-json\/wp\/v2\/posts\/1513","targetHints":{"allow":["GET"]}}],"collection":[{"href":"http:\/\/www.susannavaris.com\/blogg\/wp-json\/wp\/v2\/posts"}],"about":[{"href":"http:\/\/www.susannavaris.com\/blogg\/wp-json\/wp\/v2\/types\/post"}],"author":[{"embeddable":true,"href":"http:\/\/www.susannavaris.com\/blogg\/wp-json\/wp\/v2\/users\/1"}],"replies":[{"embeddable":true,"href":"http:\/\/www.susannavaris.com\/blogg\/wp-json\/wp\/v2\/comments?post=1513"}],"version-history":[{"count":5,"href":"http:\/\/www.susannavaris.com\/blogg\/wp-json\/wp\/v2\/posts\/1513\/revisions"}],"predecessor-version":[{"id":17924,"href":"http:\/\/www.susannavaris.com\/blogg\/wp-json\/wp\/v2\/posts\/1513\/revisions\/17924"}],"wp:featuredmedia":[{"embeddable":true,"href":"http:\/\/www.susannavaris.com\/blogg\/wp-json\/wp\/v2\/media\/1514"}],"wp:attachment":[{"href":"http:\/\/www.susannavaris.com\/blogg\/wp-json\/wp\/v2\/media?parent=1513"}],"wp:term":[{"taxonomy":"category","embeddable":true,"href":"http:\/\/www.susannavaris.com\/blogg\/wp-json\/wp\/v2\/categories?post=1513"},{"taxonomy":"post_tag","embeddable":true,"href":"http:\/\/www.susannavaris.com\/blogg\/wp-json\/wp\/v2\/tags?post=1513"}],"curies":[{"name":"wp","href":"https:\/\/api.w.org\/{rel}","templated":true}]}}