{"id":15145,"date":"2015-09-02T00:09:10","date_gmt":"2015-09-01T22:09:10","guid":{"rendered":"http:\/\/www.susannavaris.com\/blogg\/?p=15145"},"modified":"2015-09-02T00:09:10","modified_gmt":"2015-09-01T22:09:10","slug":"mera-digitalt-midsummer-fairies","status":"publish","type":"post","link":"http:\/\/www.susannavaris.com\/blogg\/2015\/09\/mera-digitalt-midsummer-fairies\/","title":{"rendered":"Mera digitalt: Midsummer Fairies"},"content":{"rendered":"<p>Ett verk i det mellanspelande Midsommar\/A Midsummer Night\u00b4s Dream-temat, som ju visserligen nu \u00e4r \u00f6verspelat eftersom jag \u00e4nd\u00e5 inte ens hann med det till utst\u00e4llningen, men som f\u00e5r h\u00e4nga kvar pga att det har vissa kopplingar till The Tale of the Empress-temat.<\/p>\n<p style=\"text-align: center;\"><a href=\"http:\/\/www.susannavaris.com\/blogg\/wp-content\/uploads\/2015\/09\/Midsummer-Fairies-I-50-text.jpg\"><img loading=\"lazy\" decoding=\"async\" class=\"aligncenter size-full wp-image-15146\" src=\"http:\/\/www.susannavaris.com\/blogg\/wp-content\/uploads\/2015\/09\/Midsummer-Fairies-I-50-text.jpg\" alt=\"Midsummer Fairies I 50 text\" width=\"2362\" height=\"1772\" srcset=\"http:\/\/www.susannavaris.com\/blogg\/wp-content\/uploads\/2015\/09\/Midsummer-Fairies-I-50-text.jpg 2362w, http:\/\/www.susannavaris.com\/blogg\/wp-content\/uploads\/2015\/09\/Midsummer-Fairies-I-50-text-300x225.jpg 300w, http:\/\/www.susannavaris.com\/blogg\/wp-content\/uploads\/2015\/09\/Midsummer-Fairies-I-50-text-1024x768.jpg 1024w\" sizes=\"auto, (max-width: 2362px) 100vw, 2362px\" \/><\/a><em><strong>Midsummer Fairies<\/strong>, digital assemblage. Susanna Varis. 2015. Modell: Isa Lisa Dykhoff<\/em><\/p>\n","protected":false},"excerpt":{"rendered":"<p>Ett verk i det mellanspelande Midsommar\/A Midsummer Night\u00b4s Dream-temat, som ju visserligen nu \u00e4r \u00f6verspelat eftersom jag \u00e4nd\u00e5 inte ens hann med det till utst\u00e4llningen, men som f\u00e5r h\u00e4nga kvar pga att det har vissa kopplingar till The Tale of &hellip; <a href=\"http:\/\/www.susannavaris.com\/blogg\/2015\/09\/mera-digitalt-midsummer-fairies\/\">Forts\u00e4tt l\u00e4sa <span class=\"meta-nav\">&rarr;<\/span><\/a><\/p>\n","protected":false},"author":1,"featured_media":0,"comment_status":"open","ping_status":"open","sticky":false,"template":"","format":"standard","meta":{"footnotes":""},"categories":[7,3,415,2262],"tags":[4891,418,2699,1891,4948,4041,3274,1649,264,4949],"class_list":["post-15145","post","type-post","status-publish","format-standard","hentry","category-egna-verk","category-konst","category-lowbrow","category-pop-surrealism","tag-a-midsummer-nights-dream","tag-art","tag-digital","tag-digital-konst","tag-fe","tag-isa-lisa-dykhoff","tag-lilycrow-art-of-susanna-varis","tag-magi","tag-midsommar","tag-mystik"],"_links":{"self":[{"href":"http:\/\/www.susannavaris.com\/blogg\/wp-json\/wp\/v2\/posts\/15145","targetHints":{"allow":["GET"]}}],"collection":[{"href":"http:\/\/www.susannavaris.com\/blogg\/wp-json\/wp\/v2\/posts"}],"about":[{"href":"http:\/\/www.susannavaris.com\/blogg\/wp-json\/wp\/v2\/types\/post"}],"author":[{"embeddable":true,"href":"http:\/\/www.susannavaris.com\/blogg\/wp-json\/wp\/v2\/users\/1"}],"replies":[{"embeddable":true,"href":"http:\/\/www.susannavaris.com\/blogg\/wp-json\/wp\/v2\/comments?post=15145"}],"version-history":[{"count":1,"href":"http:\/\/www.susannavaris.com\/blogg\/wp-json\/wp\/v2\/posts\/15145\/revisions"}],"predecessor-version":[{"id":15147,"href":"http:\/\/www.susannavaris.com\/blogg\/wp-json\/wp\/v2\/posts\/15145\/revisions\/15147"}],"wp:attachment":[{"href":"http:\/\/www.susannavaris.com\/blogg\/wp-json\/wp\/v2\/media?parent=15145"}],"wp:term":[{"taxonomy":"category","embeddable":true,"href":"http:\/\/www.susannavaris.com\/blogg\/wp-json\/wp\/v2\/categories?post=15145"},{"taxonomy":"post_tag","embeddable":true,"href":"http:\/\/www.susannavaris.com\/blogg\/wp-json\/wp\/v2\/tags?post=15145"}],"curies":[{"name":"wp","href":"https:\/\/api.w.org\/{rel}","templated":true}]}}