{"id":15148,"date":"2015-09-02T16:20:03","date_gmt":"2015-09-02T14:20:03","guid":{"rendered":"http:\/\/www.susannavaris.com\/blogg\/?p=15148"},"modified":"2015-09-02T16:20:03","modified_gmt":"2015-09-02T14:20:03","slug":"gastinlagg-oravsky-tala-ar-silver-gnalla-ar-guld","status":"publish","type":"post","link":"http:\/\/www.susannavaris.com\/blogg\/2015\/09\/gastinlagg-oravsky-tala-ar-silver-gnalla-ar-guld\/","title":{"rendered":"G\u00e4stinl\u00e4gg: Oravsky &#8211; Tala \u00e4r silver, gn\u00e4lla \u00e4r guld"},"content":{"rendered":"<p><strong>Tala \u00e4r silver, gn\u00e4lla \u00e4r guld<\/strong>,<\/p>\n<p>tycks den nya devisen lyda<\/p>\n<p>&nbsp;<\/p>\n<p>Att ikl\u00e4 sig offerrollskoftan \u00e4r att skaffa sig sympatier. Vi uppfostrades n\u00e4mligen till att helt automatiskt tilldela offerrollskoftan trumfens status. Det avkr\u00e4vs av oss att mekaniskt hata den f\u00f6rmodade f\u00f6rtryckaren.<\/p>\n<p>Pragkuppen i februari 1948 kallades officiellt \u201dV\u00edt\u011bzn\u00fd \u00danor\u201d dvs. \u201dSegerkr\u00f6nt februari\u201d, och firades \u00e4nda fram till \u00e5r 1989 som en mycket betydelsefull nationaldag i Tjeckoslovakien. Hur kuppen gick till t\u00e4nker jag inte beskriva h\u00e4r, men jag kan \u00e4nd\u00e5 n\u00e4mna att den knappast hade n\u00e5got med demokrati och rent spel att g\u00f6ra.<\/p>\n<p>Kommunisterna \u00f6vertog makten och det viktigaste f\u00f6r dem var att \u201dleverera\u201d och det var br\u00e5dskande: alla m\u00e4nniskor skulle s\u00e5 snabbt som m\u00f6jligt bli \u201dj\u00e4mst\u00e4llda\u201d med varandra. Den tidigare enligt kommunisternas propaganda renrakade arbetarklassen och b\u00f6nder skulle inom kort \u00e4ga lika mycket som de som fram till \u00e5r 1948 var dess motsats, det vill s\u00e4ga perverterade kr\u00f6susar.<\/p>\n<p>Den snabbaste v\u00e4gen till denna \u201dutj\u00e4mning\u201d var att beslagta det mesta fr\u00e5n de skrupelfria kapitalisterna, och f\u00f6rdela r\u00f6veriet mellan kommunisterna. Resten skulle f\u00f6rst\u00f6ras.<\/p>\n<p>De som \u00e4nnu inte var kommunister tilldelades partimedlemskap och de som inte accepterade denna \u201dutstr\u00e4ckta hand\u201d, fanns sig snabbt inkvarterade i tv\u00e5ngsarbetsl\u00e4ger som g\u00e4rna pysslade med att utvinna uranmalm ur marken.<\/p>\n<p>Detta \u00e4r en f\u00f6renklad beskrivning, men den f\u00f6rvr\u00e4nger i princip inte verklighetens resultat.<\/p>\n<p>Att jag nu t\u00e4nker p\u00e5 \u201dV\u00edt\u011bzn\u00fd \u00danor\u201d, \u00e4r p\u00e5 grund av att jag anar vissa likheter mellan den och den iver med vilken vissa SCUM-feminister vill f\u00f6r\u00e4ndra Sverige.<\/p>\n<p>&nbsp;<\/p>\n<p>Visst \u00e4r f\u00f6r\u00e4ndring n\u00f6dv\u00e4ndig, visst b\u00f6r j\u00e4mlikhet r\u00e5da mellan m\u00e4nniskor. Men vore det absolut oacceptabelt och en totalt felaktig taktik om man b\u00f6rjade f\u00f6r\u00e4ndra v\u00e4rlden genom att \u201df\u00f6r\u00e4ndra\u201d sig sj\u00e4lv?<\/p>\n<p>&nbsp;<\/p>\n<p>De sociala strukturerna \u00e4r cementerade, de \u00e4r n\u00e4stan om\u00f6jliga att f\u00f6r\u00e4ndra, h\u00f6r jag och l\u00e4ser jag g\u00e5ng p\u00e5 g\u00e5ng. Arbetarklassen f\u00f6rblir arbetarklassen, b\u00e5de p\u00e5 grund av att den inte sl\u00e4pps fram och p\u00e5 grund av traditioner\u2026 S\u00e5 l\u00e5ter f\u00f6rg\u00e5rdagens, g\u00e5rdagens och dessv\u00e4rre \u00e4ven dagens mantra.<\/p>\n<p>I det f\u00f6ljande skall jag trassla till detta i grunden tvivelaktiga p\u00e5st\u00e5ende genom att h\u00e4nvisa till kontrollerbara fakta.<\/p>\n<p>&nbsp;<\/p>\n<p>Elsie Johansson, Moa Martinson, Eyvind Johnson, Artur Lundkvist, Maria Sandel, Vilhelm Moberg, Harry Martinson, Ivar Lo-Johansson f\u00f6r att p\u00e5 m\u00e5f\u00e5 n\u00e4mna n\u00e5gra, hade det knappast fett under sin barndom och uppv\u00e4xt och \u00e4nd\u00e5 ett par av dem tilldelades nobelpris i litteratur. De \u201dsl\u00e4pptes inte fram\u201d, de tillk\u00e4mpade sig sitt \u201dstatus\u201d genom h\u00e5rt arbete.<\/p>\n<p>&nbsp;<\/p>\n<p>Sverige \u00e4r ett land som n\u00e4stan alltid \u00f6ppnar alla sina d\u00f6rrar om man bankar p\u00e5 dem tillr\u00e4ckligt l\u00e4nge, tillr\u00e4ckligt intensivt och tillr\u00e4ckligt h\u00f6gt. Det \u00e4r min personliga erfarenhet och det \u00e4r ocks\u00e5 vad exempel b\u00e5de ovan som nedan synligg\u00f6r.<\/p>\n<p>&nbsp;<\/p>\n<p>I Sverige kan vem som helst bli kulturminister och \u00e4ven statsminister. Var, och av vem man \u00e4r f\u00f6dd, spelar i regel ingen som helst roll. Det spelar ingen roll att man \u00e4r f\u00f6dd i minisamh\u00e4llet Horda utanf\u00f6r V\u00e4rnamo med 370 inv\u00e5nare och fadern \u00e4r fr\u00e5n Gambia, s\u00e5 som Alice Bah Kuhnke, kultur- och demokratiminister i Sveriges regering, eller om man uppfostras av en hemsamarit och en skogsarbetare, som \u00e4r tv\u00e5 fosterf\u00f6r\u00e4ldrar i Sunnersta i Bote\u00e5 socken, och som tog hand om pojken Stefan L\u00f6fven, som sedermera \u00e4r Sveriges statsminister.<\/p>\n<p>Aida Had\u017eiali\u0107 \u00e4r f\u00f6dd\u00a0 \u00e4r 1987 i samh\u00e4llet Fo\u010da i nuvarande Bosnien och Hercegovina. Aida Had\u017eiali\u0107 var fem \u00e5r gammal n\u00e4r hon f\u00f6r f\u00f6rsta g\u00e5ngen h\u00f6rde ett svenskt ord och 22 \u00e5r senare, uts\u00e5gs hon till minister med ansvar f\u00f6r gymnasie- och kunskapslyftsfr\u00e5gor i L\u00f6fvens regering.<\/p>\n<p>Bosniak eller svensk med gambisks far eller ingen k\u00e4nd far \u00f6ver huvud taget, fattig eller flykting, kvinna eller man, ung eller medel\u00e5lders, inget spelar n\u00e5gon roll, s\u00e5 l\u00e4nge man har en vision och ambitioner att f\u00f6rverkliga den. S\u00e5dant \u00e4r Sverige, och det skall vi vara stolta \u00f6ver och f\u00f6rsvara det, i st\u00e4llet f\u00f6r att l\u00f6sa upp det i obefogat gn\u00e4ll.<\/p>\n<p>Sveriges statsskick och konstitution hindrar f\u00e5 att utvecklas, men det och den kr\u00e4ver av en att man anstr\u00e4nger sig. Att man visar framf\u00f6tterna, att man har en vilja. Och den g\u00e5r ut p\u00e5 att man jobbar p\u00e5 och med sig sj\u00e4lv utan att kr\u00e4va och f\u00e5 det mesta serverat f\u00f6r sig.<\/p>\n<p>&nbsp;<\/p>\n<p>\u201dFlera kvinnor \u00e4n m\u00e4n studerar p\u00e5 h\u00f6gskolan. Andelen kvinnor och m\u00e4n bland studenterna har legat p\u00e5 ungef\u00e4r samma niv\u00e5 under l\u00e4s\u00e5ren 2002\/03\u20132012\/13, p\u00e5 omkring 60 procent kvinnor och 40 procent m\u00e4n\u201d, st\u00e5r det att l\u00e4sa p\u00e5 (<a href=\"http:\/\/www.scb.se\/sv_\/hitta-statistik\/statistik-efter-amne\/utbildning-och-forskning\/befolkningens-utbildning\/utbildningsstatistisk-arsbok\/64475\/64482\/behallare-for-press\/379597\/\">http:\/\/www.scb.se\/sv_\/hitta-statistik\/statistik-efter-amne\/utbildning-och-forskning\/befolkningens-utbildning\/utbildningsstatistisk-arsbok\/64475\/64482\/behallare-for-press\/379597\/<\/a>)<\/p>\n<p>&nbsp;<\/p>\n<p>\u201dEn betydande del av alla som kammade hem en yrkes\u00adexamen under f\u00f6rra l\u00e4s\u00e5ret \u2013 69 procent \u2013 var kvinnor, visar siffror fr\u00e5n Universitetskanslers\u00e4mbetet, UK\u00c4. Och vid en n\u00e4rmare titt p\u00e5 de enskilda utbildningarna blir kvinnornas dominans \u00e4nnu tydligare. I runt h\u00e4lften av de sammanlagt 51 olika yrkes\u00adexamina som delades ut p\u00e5 svenska universitet och h\u00f6gskolor under samma period gick det tre kvinnor p\u00e5 varje man.<\/p>\n<p>Aija Sadurskis, utredare p\u00e5 UK\u00c4, f\u00f6rv\u00e5nades n\u00e4r hon l\u00e4ste igenom statistiken.<\/p>\n<p>\u2013 \u2009 Kvinnorna dominerar en v\u00e4ldigt stor andel av alla yrkes\u00adexamina, det \u00e4r inte bara v\u00e5rdyrkena. De dominerar ocks\u00e5 i s\u00e5dana yrken som man normalt kanske inte t\u00e4nker p\u00e5 som kvinnodominerade, som juristutbildningen och psykologutbildningen, s\u00e4ger Aija Sadurskis.\u201d (Metro, 2015-02-09)<\/p>\n<p>&nbsp;<\/p>\n<h3>Antje Jackel\u00e9n \u00e4r \u00e4rkebiskop,\u00a0 Eva Brunne \u00e4r biskop i Stockholms stift, Eva Nordung Bystr\u00f6m \u00e4r biskop i H\u00e4rn\u00f6sands stift, Caroline Krook, \u00e4r biskop emerita i Svenska kyrkan.<\/h3>\n<p>Sveriges regering: \u00c5sa Romson (MP), Klimat- och milj\u00f6minister samt vice statsminister, Margot Wallstr\u00f6m (S), utrikesminister, Magdalena Andersson (S), finansminister, \u00c5sa Regn\u00e9r (S), barn, \u00e4ldre- och j\u00e4mst\u00e4lldhetsminister, Kristina Persson (S), strategi och framtidsfr\u00e5gor samt nordiskt samarbete, Ylva Johansson (S), arbetsmarknadsminister, Alice Bah Kuhnke (MP), kultur- och demokratiminister, Isabella L\u00f6vin (MP), bist\u00e5ndsminister, Annika Strandh\u00e4ll (S), socialf\u00f6rs\u00e4kringsminister, Aida Had\u017eiali\u0107 (S), gymnasie- och kunskapslyftsminister, Helene Hellmark Knutsson (S), h\u00f6gre utbildning- och forskningsminister, Anna Johansson (S), infrastrukturminister.<br \/>\nSocialdemokraterna: Carin J\u00e4mtin, p<strong>artisekreterare, <\/strong>Partiledningens sekretariat, Avdelningschef: Madeleine Harby Samuelsson, Kampanjchef: Lisa Hedin, Internationell sekreterare: Andrine Winther, HR-chef: Helena Wiberg, HR-generalist: Malin Anderson, S-kansliet: <strong>Eva-Lena Kapanen, <\/strong><em>kansli- och presschef, <\/em><strong>Ann-Sofie Hermansson, <\/strong><em>organisationsombudsman, <\/em><strong>Lisbeth Kleczewski, <\/strong><strong>e<\/strong><em>konomiansvarig, <\/em><strong>Helena Luthi, <\/strong><strong>b<\/strong><em>es\u00f6ksansvarig, <\/em><strong>Emilie Apell, p<\/strong><em>olitiskt sakkunnig, <\/em><strong>Frida Eriksson-Tall, p<\/strong><em>olitiskt sakkunnig, <\/em><strong>Blerta Hoti\u2026<\/strong><\/p>\n<p>Socialdemokrater i Europaparlamentet: Marita Ulvskog, Jytte Guteland, Anna Hedh.<\/p>\n<p>F!: partiledare Gudrun Schyman och Sissela Nordling Blanco, Soraya Post jobbar i EU-parlamentet.<\/p>\n<p>Nya Moderaterna: Anna Kinberg Batra, partiledare, Beatrice Ask, ordf\u00f6rande i Justitieutskottet, Karin Enstr\u00f6m, vice ordf\u00f6rande i Utrikesutskottet, Ulrika Karlsson, Gruppledare i EU-n\u00e4mnden\u2026<\/p>\n<p>Kristdemokraterna: Ebba Busch Thor, partiledare, Emma Henriksson, 2:e vice partiordf\u00f6rande, Acko Ankarberg Johansson Partisekreterare\u2026<br \/>\nCenterpartiet: Annie L\u00f6\u00f6f, partiledare, Anna-Karin Hatt, andre vice partiledare, Hanna Wagenius, ordf\u00f6rande f\u00f6r Centerpartiets Ungdomsf\u00f6rbund\u2026<\/p>\n<h3>EU: Marit Paulsen, Cecilia Malmstr\u00f6m, Anna Maria Corazza Bildt, \u00c5sa Westlund, Kristina Winberg\u2026<\/h3>\n<p>Harriet Wallberg-Henriksson \u00e4r Sveriges universitetskansler\u2026<\/p>\n<p>Annika Falkengren, f\u00f6dd i Thailand \u00e4r vd f\u00f6r SEB, Riskkapitalisten Helena Stjernholm \u00e4r vd f\u00f6r Industriv\u00e4rden\u2026 Kerstin Brunnberg \u00e4r styrelseordf\u00f6rande i Statens Kulturr\u00e5d. SVT styrdes mellan \u00e5ren 2006 och 2014 av verkst\u00e4llande direkt\u00f6ren Eva Hamilton. Numera \u00e4r Eva ersatt av Hanna Stj\u00e4rne. De \u00f6vriga i ledande positioner p\u00e5 SVT innehas av Lena Glaser (programdirekt\u00f6r f\u00f6r interaktivt utbud), Sabina Rasiwala (kommunikationsdirekt\u00f6r), Hel\u00e8ne Sahlin (HR-direkt\u00f6r), Safa Safiyari (tf programdirekt\u00f6r allm\u00e4n-tv), Ylva M Andersson \u00e4r chef f\u00f6r SVT i G\u00f6teborg \u2026<\/p>\n<p>Sedan 1 oktober 2012 \u00e4r Cilla Benk\u00f6 vd f\u00f6r Sveriges Radio, Sveriges Radios kanalchef i Malm\u00f6 \u00e4r Anne Sseruwagi, Bibi R\u00f6d\u00f6\u00f6 \u00e4r programchef f\u00f6r SR:s \u201dflaggskepp\u201d Sommar i P1, Ginna Lindberg \u00e4r <strong>utrikeschef SR <\/strong><strong>Ekot, <\/strong>Helena Str\u00e4ng \u00e4r kanalchef f\u00f6r Sveriges Radio \u00d6rebro, P\u00e4ivi Hjerp \u00e4r kanalchef p\u00e5 P4 Dalarna, Hanna Toll \u00e4r kanalchef f\u00f6r Sveriges Radio G\u00f6teborg, Sveriges Radios omr\u00e5deschef\u00a0\u00e4r Lena Tidestr\u00f6m-Sagstr\u00f6m, Gunilla Sax \u00e4r SR:s omr\u00e5deschef V\u00e4st\u2026 Cecilia Bodstr\u00f6m \u00e4r SR:s bitr\u00e4dande programdirekt\u00f6r, Eva Sahlin \u00e4r vik presschef p\u00e5 SR\u2026 Nina Glans \u00e4r utbudsansvarig f\u00f6r Sveriges Radios kanal P1 och s\u00e5 vidare.<\/p>\n<p>Stiftelsen Svenska Filminstitutets styrelse: Anna Br\u00e5kenhielm, Josette Bushell-Mingo, Charlotta Denward, Maaret Koskinen, Katarina Krave. Anna Serner \u00e4r vd f\u00f6r Svenska Filminstitutet, Elisabeth Bill \u00e4r Svenska Filminstitutet bolagsjurist, Johanna Bl\u00fcckert \u00e4r HR p\u00e5 Svenska Filminstitutet, Rebecka Ioannidis Lindberg \u00e4r kommunikationschef p\u00e5 Svenska Filminstitutet, Jenny Wigge\u00a0\u00e4r ekonomichef p\u00e5 Svenska Filminstitutet, Tove Torbi\u00f6rnsson \u00e4r Svenska Filminstitutets chef f\u00f6r omv\u00e4rlden.<br \/>\nBirgitta Svend\u00e9n\u00a0\u00e4r VD och chef p\u00e5 Kungliga operan. Ann-Mari Nygren \u00e4r hennes assistent. Helena Sk\u00f6ldborg \u00e4r chefsjurist p\u00e5 samma institution. Anna Kyhlberg-Bostr\u00f6m \u00e4r chef f\u00f6r musikbiblioteket, arkivet och ansvarig f\u00f6r upphovsr\u00e4tter. Anna Karinsdotter \u00e4r konstn\u00e4rlig chef Unga p\u00e5 Operan. Vd f\u00f6r Folkoperan \u00e4r Pia Kronqvist, Marit Strindlund \u00e4r musikalisk ledare och chefdirigent p\u00e5 samma st\u00e4lle och Mellika Melouani Melani \u00e4r Folkoperans konstn\u00e4rliga ledare. Marie Nyman \u00e4r teaterchef p\u00e5 Bor\u00e5s stadsteater, Mia Carlsson och Daniel Rylander, teaterchefar p\u00e5 Byteatern dvs Kalmar L\u00e4ns Teater. Tilde Bj\u00f6rfors \u00e4r cirkusdirekt\u00f6r p\u00e5 Cirkus Cirk\u00f6r. Dalateatern leds av Lisa Hugosson. Dansens Hus konstn\u00e4rliga ledare och vd heter Annelie Gardell, \u00c4nda tills nyligen hette Dramatens chef Marie-Louise Ekman, Unga Dramatens konstn\u00e4rliga ledare \u00e4r Agneta Ehrensv\u00e4rd. Estrad Norr, det vill s\u00e4ga f.d. J\u00e4mtlands L\u00e4ns Teater har \u00c5sa Ekberg som konstn\u00e4rlig ledare f\u00f6r teater. Folkteatern i G\u00f6teborg har Anna Rosengren som vd och Frida R\u00f6hl som konstn\u00e4rlig ledare. Ordf\u00f6rande p\u00e5 G\u00f6teborgs stadsteater \u00e4r Hillewi Werring och Anna Takanen, var vice vd och konstn\u00e4rlig ledare p\u00e5 samma st\u00e4lle. Sedermera \u00e4r hon chef f\u00f6r Stockholms stadsteater. Anna Novovic \u00e4r teaterchef och konstn\u00e4rlig ledare p\u00e5 Helsingborgs stadsteater. L\u00e4nsteatern i \u00d6rebro: vd Petra Weckstr\u00f6m. Konstn\u00e4rlig ledare f\u00f6r Operaverkstan p\u00e5 Malm\u00f6 Opera heter Maria Sundqvist.<\/p>\n<p>Ada Berger \u00e4r konstn\u00e4rliga ledare f\u00f6r\u00a0Malm\u00f6 Stadsteaters\u00a0Unga Teatern, vd och teaterchef f\u00f6r Malm\u00f6 stadsteater heter Petra Brylander. Norrbottensteaterns teaterchef \u00e4r Karin Enberg. Mira Helenius Martinsson \u00e4r danschef f\u00f6r Norrdans. Lena Engqvist Forslund \u00e4r teaterchef p\u00e5 Teater V\u00e4sternorrland.<\/p>\n<p>Norrlandsoperans danschef \u00e4r Birgit Berndt. Danschef p\u00e5 Riksteatern \u00e4r Mia Larsson. Konstn\u00e4rlig ledare p\u00e5 Oktoberteatern \u00e4r Ninne Olsson. Regionteater V\u00e4sts vd heter Susanna Dahlberg. Sm\u00e5lands Musik &amp; Teaters musikchef \u00e4r Helle Solberg och administrativ chef \u00e4r Anne Lene J Henning. \u00d6stg\u00f6tateatern ung scen\/\u00f6st har AnnaLina Hertzberg, som konstn\u00e4rlig ledare. Dansensemblen Regionteater V\u00e4sts konstn\u00e4rlig ledare \u00e4r Camilla Ekel\u00f6f, Josette Bushell-Mingo, \u00e4r konstn\u00e4rlig ledare f\u00f6r Tyst Teater, S\u00f6dra Teaterns vd och konstn\u00e4rlig ledare heter Ingmari Pagenkemper, Sk\u00e5nes Dansteaters vd och konstn\u00e4rlig ledare heter \u00c5sa S\u00f6derberg, Anna Takanen, teaterchef p\u00e5 Stockholms Stadsteater, Linda Zachrisson \u00e4r chef f\u00f6r Parkteatern, Carolina Fr\u00e4nde \u00e4r chef f\u00f6r Sk\u00e4rholmens scenkonst, Francesca Quartey \u00e4r vd och konstn\u00e4rlig ledare p\u00e5 V\u00e4sterbottensteatern, Maria Ericson \u00e4r teaterchef\/vd p\u00e5 Teater Halland,<\/p>\n<p>Scenkonst S\u00f6rmland (fd S\u00f6rmlands Musik &amp; Teater): Maria Weisby \u00e4r scenkonstchef, Annika H\u00e4gg \u00e4r administrative chef och bitr\u00e4dande scenkonstchef, <strong>Helene Hultberg<\/strong> \u00e4r scenkonstproducent, <strong>Lisa Lach<\/strong> \u00e4r marknadsf\u00f6rare. V\u00e4stmanlands Teaters teaterchef och vd heter Kajsa Giertz, V\u00e4rmlandsoperans administrativa chef \u00e4r Christina Nilsson, ordf\u00f6rande f\u00f6r styrelse Unga Klaras v\u00e4nner \u00e4r Eva Gillstr\u00f6m, ledam\u00f6ter \u00e4r Christina Bj\u00f6rk, Suzanne Osten, Tjia Torpe, Arhe Hamednaca, Unga Klaras styrelseordf\u00f6rande \u00e4r Christina Bj\u00f6rk, ledam\u00f6ter \u00e4r Nisha Besara, Marie Lidgard, Tjia Torpe, Unga Klaras konstn\u00e4rlig ledare \u00e4r Farnaz Arbabi. \u00c5sa Simma \u00e4r teaterchef f\u00f6r Giron S\u00e1mi Te\u00e1hter. Malin Axelsson \u00e4r konstn\u00e4rlig ledare f\u00f6r Radioteatern.<\/p>\n<p>Teaterunionen: ordf\u00f6rande: Ulrika Holmgaard vd, Svensk Scenkonst, vice ordf\u00f6rande: Minna Krook, ledam\u00f6ter: \u00c5se Axberg, press-\/infoansvarig, Birgit Hageby, vice ordf\u00f6rande Sveriges Dramatikerf\u00f6rbund, Judit Benedek, Isabella af Klintberg, verksamhetsledare vid Centrum f\u00f6r Dramatik, Margreth Elfstr\u00f6m Verksamhetschef, Danscentrum, Ann-Christine Danhammar, producent, Kungliga Operan\/Kungliga Baletten, Marie Persson Hedenius \u00e4r ordf\u00f6rande f\u00f6r Svenska Assitej\u2026<\/p>\n<p>Dorotea Bromberg \u00e4r chef f\u00f6r bokf\u00f6rlaget Brombergs som get ut inte f\u00e4rre \u00e4n fyra f\u00f6rfattare som senare f\u00e5tt Nobelpriset i litteratur, Amelia Adamo \u00e4r vice vd f\u00f6r Bonniers Veckotidningar, Eva Swartz Grimaldi \u00e4r styrelseordf\u00f6rande f\u00f6r Norstedts F\u00f6rlagsgrupp, Norstedts F\u00f6rlagschef heter Eva Gedin och s\u00e5 \u00e4r det p\u00e5 flera andra bokf\u00f6rlag.<\/p>\n<p>GP:s chefredakt\u00f6r heter Cecilia Kr\u00f6nlein, GP:s ledarsida leds av Alice Teodorescu\u2026 <strong>Upsala Nya Tidning: Chefredakt\u00f6r, vd och ansvarig utgivare: <\/strong>Charlotta Friborg; kulturchef: Kristina Lindquist; <strong>l<\/strong><strong>itteraturredakt\u00f6r och teater: <\/strong>Anna Ehn; kulturreporter teater och film: Susanne Sigroth-Lambe; <strong>kulturreporter <\/strong>teater, litteratur, barnkultur: Maria Nystr\u00f6m. <strong>K<\/strong>ulturchef p\u00e5 Sydsvenska Dagbladet heter Rakel Chukri, Heidi Avellan \u00e4r Sydsvenskans politiska chefredakt\u00f6r, Anja Gatu \u00e4r sportchef och kr\u00f6nik\u00f6r p\u00e5 samma tidning, kulturredakt\u00f6r p\u00e5 Arbetet heter Jonna Sima, Negra Efendi\u0107 \u00e4r arbetsmarknadsreporter p\u00e5 Svd N\u00e4ringsliv, Sakine Madon \u00e4r politisk redakt\u00f6r p\u00e5 Norran, Lisa Irenius \u00e4r kulturchef p\u00e5 Svenska Dagbladet, Tove Lifvendahl \u00e4r politisk chefredakt\u00f6r p\u00e5 Svenska Dagbladet, N\u00f6jesguidens tf chefredakt\u00f6r heter Jenny Nordlander\u2026<\/p>\n<p>Journalisten, \u00e4r Journalistf\u00f6rbundets tidning dess chefredakt\u00f6r \u00e4r Helena Giertta.<\/p>\n<p>&nbsp;<\/p>\n<p>Kulturredaktioner p\u00e5 flera tidningar leds och administreras av kvinnliga chefer, och eller invandrare och barn till invandrare. De skriver b\u00f6cker, leder tidningsrektioner, skriver och regisserar film, tv, teater och radio, de \u00e4r ledande l\u00e4kare och jurister.<\/p>\n<p>De har jobbat upp sig. De hade och har m\u00e5l. M\u00e5let var att lyfta sig upp ur \u201dbakg\u00e5rden\u201d och radda sig till medelklassmajoriteten och ge sina barn m\u00f6jligheter att leva som vilken som helst annan svensk.<\/p>\n<p>Jag vet det, eftersom jag var kring 20 \u00e5r gammal n\u00e4r jag utan sl\u00e4ktingar eller dylikt kom till Sverige med tomma fickor och utan n\u00e5got materiellt bagage.<\/p>\n<p>Landet som jag rymde ifr\u00e5n hette Tjeckoslovakien p\u00e5 den tiden, och delen \u00f6ster om M\u00e4hren hette redan d\u00e5 Slovakien. Jag \u00e4r f\u00f6dd i den \u00f6stligaste delen av Slovakien och d\u00e4rf\u00f6r \u00e4r det inte l\u00e4tt att best\u00e4mma mitt modersm\u00e5l. Modern flydde n\u00e4mligen fr\u00e5n Zakarpatska oblast i v\u00e4stra Ukraina och hennes modersm\u00e5l var rusinska. Men det spr\u00e5ket talades inte i min f\u00f6delseby, utan det var ungerska. Fem \u00e5r senare flyttade vi till ett slovakiskt talande omr\u00e5de\u2026<\/p>\n<p>De slaviska spr\u00e5ken ligger s\u00e5 pass l\u00e5ngt ifr\u00e5n det svenska att om man inte beh\u00e4rskar engelska, tyska eller andra spr\u00e5k som \u00e4r g\u00e5ngbara i Sverige, tvingas man att l\u00e4ra sig svenska relativt snabbt. Jag minns att jag l\u00e4ste <em>Romeo och Julia<\/em> i Carl August Hagbergs \u00f6vers\u00e4ttning efter ungef\u00e4r tre m\u00e5nader i det h\u00e4r landet. Jag l\u00e4ste lika mycket i ordboken som i dramat, vilket jag studerade p\u00e5 b\u00e5de svenska och slovakiska samtidigt, f\u00f6r att kunna j\u00e4mf\u00f6ra, och jag tyckte att denna inl\u00e4rningsprocess var intressant och underh\u00e5llande i princip hela tiden.<\/p>\n<p>Jag tror att jag efter ett \u00e5r, var lika bevandrad i mitt nya spr\u00e5k som jag \u00e4r i dag. Detta g\u00e4llde mitt ordf\u00f6rr\u00e5d. Att sj\u00e4lvst\u00e4ndigt och helt utan hj\u00e4lp ocks\u00e5 kunna skriva ner mina tankar grammatiskt r\u00e4tt, \u00e4r en helt annan och utdragen historia. Det \u00e4r som att efter en sv\u00e5r hj\u00e4rnskakning i en bilkrasch arbeta sig tillbaka till f\u00f6rars\u00e4tet och vinna ett 24-timmarsrally.<\/p>\n<p>Jag var en A-elev, om betygen utg\u00f6r grund f\u00f6r en bed\u00f6mning. Bara stora A. Alltid och s\u00e5 l\u00e5ngt \u00f6gat kunde n\u00e5. Tv\u00e5 skavanker fanns det dock; det var modersm\u00e5let och ryska. Som schemalagt skol\u00e4mne allts\u00e5. D\u00e4r var jag hoppl\u00f6s i kvadrat. Om modersm\u00e5let \u00e4r det spr\u00e5k man ammar sig till, s\u00e5 var mitt modersm\u00e5l n\u00e5got som ingen n\u00e5gonsin h\u00f6rt f\u00f6rut, f\u00f6rutom min far, jag och de v\u00e4nner och grannar som min invandrade mor outtr\u00f6ttligt berikade spr\u00e5kligt.<\/p>\n<p>Ryskan, som var det enda obligatoriska \u201dfr\u00e4mmande\u201d spr\u00e5ket p\u00e5 skolschemat, var jag inte b\u00e4ttre p\u00e5, och hade inte min moder i hemlighet matat v\u00e5r st\u00e4ndigt berusade hyreshusvaktm\u00e4stare Slivka med plommonbr\u00e4nnvin, s\u00e5 skulle han h\u00f6gst sannolikt i en av sina kontinuerliga rapporter till polisen angett, att min felande ryska hade sin orsak i min i grunden felaktiga inst\u00e4llning till v\u00e5rt ryska br\u00f6drafolk.<\/p>\n<p>Trots denna min monumentala of\u00f6rm\u00e5ga att l\u00e4ra mig ett spr\u00e5k, beslutade jag mig f\u00f6r att inte bara l\u00e4mna mitt land och flytta till ett annat \u2013 d\u00e4r ett slaviskt spr\u00e5k till vardags var lika g\u00e5ngbart som swahili \u2013 utan jag best\u00e4mde mig \u00e4ven f\u00f6r att nyttja det nya spr\u00e5ket som ett osvikligt verktyg f\u00f6r anskaffning av aktning och v\u00e4lst\u00e5nd.<\/p>\n<p>Kunde polacken Joseph Conrad, ungrarna Stephen Vizinczey, Arthur Koestler och George Mikes, \u00f6sterrikisk-ungerskan Gitta Sereny, irl\u00e4ndaren Samuel Beckett, tjecken Milan Kundera, svensken Joel H\u00e4gglund mera k\u00e4nd som Joseph Hillstrom eller Joe Hill, f\u00f6r att n\u00e4mna en oktett bland ett tjog av mina spr\u00e5khj\u00e4ltar, s\u00e5 borde \u00e4ven jag kunna, m\u00e5ste jag ha fantiserat i st\u00e4llet f\u00f6r att utg\u00e5 fr\u00e5n min beg\u00e5vning, det vill s\u00e4ga fakta, och riktigt t\u00e4nka till. Men n\u00e4r har en anorektiker m\u00e4rkt att det benrangel som stirrar p\u00e5 henne fr\u00e5n spegeln som ett d\u00f6ende koncentrationsl\u00e4geroffer inte \u00e4r likt en klotrund statsledare?<\/p>\n<p>F\u00f6r en hel del utl\u00e4nningar l\u00e5ter det svenska spr\u00e5ket lika melodiskt och differentierat som ett nagelstreck p\u00e5 svarta tavlan. Inte f\u00f6r mig. Jag tycker att det \u00e4r ett oerh\u00f6rt vackert spr\u00e5k inte minst n\u00e4r det \u00e4r mina barn som talar det. Men skillnader mellan l\u00e5ngt \u201dy\u201d och kort \u201di\u201d eller \u201d\u00e4\u201d och \u201de\u201d, \u201do\u201d och \u201du\u201d existerade inte f\u00f6r mig, och b\u00e5de vokaler och konsonanter kunde komma och g\u00e5 och byta plats sinsemellan precis hur de ville, s\u00e5 det var ett helt f\u00f6retag att sl\u00e5 upp n\u00e4stan vilket ord som helst i en ordlista. Det finns n\u00e4mligen inte s\u00e5 f\u00e5 permutationer p\u00e5 ett ord med s\u00e4g sju bokst\u00e4ver. Pr\u00f6va sj\u00e4lv!<\/p>\n<p>&nbsp;<\/p>\n<p>Av det ovanskrivna har det redan framg\u00e5tt att jag varken \u00e4r n\u00e5gon Cornelis Vreeswijk, Harry Schein, Ilmar Laaban, Georg Klein, Zenia Larsson, Sigrid Comb\u00fcchen eller Jacha Golowanjuk; invandrarf\u00f6rfattare som v\u00e4cker min avund n\u00e4r jag ser den l\u00e4tthet och det djup som finns i deras f\u00f6rh\u00e5llande till det svenska spr\u00e5ket. Men numera klarar jag mig, och som du vet, hittar jag inte bara f\u00f6rlag som vill \u201dge ut mig\u201d, utan \u00e4ven l\u00e4sare. M\u00e5nga l\u00e4sare.<\/p>\n<p>&nbsp;<\/p>\n<p>Kvinnor \u00e4r diskriminerade och de n\u00e5r ytterst s\u00e4llan toppen, s\u00e4gs det. Men vissa, och de \u00e4r inte f\u00e5, g\u00f6r det \u00e4nd\u00e5, och man kan fr\u00e5ga hur kommer det sig att de lyckades? Kan exempelvis Anne Ramberg svara p\u00e5 den fr\u00e5gan?<\/p>\n<p>Advokatsamfundets generalsekreterare \u00e4r Anne Ramberg, Maria Rankka \u00e4r vd f\u00f6r Stockholms Handelskammare. Petra Einarsson, vd p\u00e5 Sandvik Materials &amp; Technology uts\u00e5gs av Veckans aff\u00e4rer till Sveriges m\u00e4ktigaste n\u00e4ringslivskvinna.<\/p>\n<p>Susanna Campbell, Vd, Ratos; Ingrid Bonde, Vice vd, Vattenfall; Mia Brunell Livfors, Vd, Kinnevik; Rima Qureshi, Aff\u00e4rsomr\u00e5deschef, Ericsson; Gunilla Nordstr\u00f6m, Aff\u00e4rsomr\u00e5deschef, Electrolux; Gunilla Saltin, Vd och tf koncernchef, S\u00f6dra Cell; Sonat Burman-Olsson, VD och koncernchef Coop Sverige; Magdalena Gerger, Vd, Systembolaget; Malin Frenning, Aff\u00e4rsomr\u00e5deschef, Teliasonera; Kerstin Konradsson, Aff\u00e4rsomr\u00e5deschef, Boliden; Ann Carlsson, Vd, Apoteket; Ingalill Berglund, Vd, Atrium Ljungberg; Anna Borg, Aff\u00e4rsomr\u00e5deschef, Vattenfall; Eva Gidl\u00f6f, Sverige-vd, Tieto; Elisabet Salander Bj\u00f6rklund, Vd, Bergvik Skog AB; Catrin Fransson, Aff\u00e4rsomr\u00e5deschef, Swedbank; Carina \u00c5kerstr\u00f6m, Regionbankschef, Handelsbanken; Jeanette S\u00f6derberg, Vice global retail manager, Ikea; Katja Bergqvist, Aff\u00e4rsomr\u00e5deschef, Handelsbanken; Eva Karlsson, Sverige-vd, SKF; Jane Lundgren Ericsson, Vice COO, Svensk Exportkredit; Maya Strelar-Migotti, Vice vd, Ericsson; Stina Westerstad, Ink\u00f6pschef, H&amp;M; Karin Jarl M\u00e5nsson, Vd, Eon V\u00e4rme; Annika Viklund, Vd, Vattenfall Eldistribution AB; Ingela Ekebro, Platschef, SCA \u00d6strand massabruk; Stina Honkamaa, Vd, Google &amp; YouTube Sverige; Sarah McPhee, Vd, SPP; Katarina Ljungqvist, Regionbankschef, Handelsbanken; <a href=\"http:\/\/www.va.se\/nyheter\/2013\/03\/05\/nr.-34---ulrika-steg\/\">Ulrika Steg, <\/a>Sverigechef, Mobility Teliasonera; Carola Lemne, Koncernchef, Praktikertj\u00e4nst; Eva Nygren, Vd, Reiljers; Maria Carell, Vd, Meda; Annika Brunn\u00e9d, Regionbankschef, Handelsbanken; Charlotte Bergman, Vd, Str\u00e4ngbetong; Eva Fors, Aff\u00e4rs- och marknadsdirekt\u00f6r, Microsoft; \u00c5sa Bergman, Vd, Sweco Sverige; Gunilla Herlitz, Aff\u00e4rsomr\u00e5deschef, Bonnier News; Eva Land\u00e9n, Vd, Corem; Victoria Strand, Aff\u00e4rsomr\u00e5deschef, Ericsson; \u00c5sa Hedin, Vd och aff\u00e4rsomr\u00e5deschef, Elekta; Ulrika Eriksson, Direkt\u00f6r, butikskedjan Apoteket Konsument; Kerstin Gillsbro, Vd, Jernhusen; Krusbeth Kristensson, Vd, C&amp;M projekt; Marie Bredberg, Vd, Combitech; Anna Settman, Vd, MTG Pay TV Nordic; \u00c5sa Severed, Vd, Elanders Sverige; Caroline Arehult, Vd, Skanska Fastigheter Stockholm AB; Anneli Sj\u00f6stedt, Koncernchef , Electragruppen; Susanne B\u00f6rjesson, Vd, Venue Retail Group; Ninna Engberg, Vd, Stockholm Globe Arenas; Ann-Chriztine Ericsson, Divisionschef, Praktikertj\u00e4nst; Jenny Sj\u00f6dahl, Aff\u00e4rsomr\u00e5deschef, ABB; Monika Elling, Vd, Poolia; Kristina Enander, Platschef, SCA Ortviken; Mia Jurke, Vd, East Capital Explorer; Helena Hedblom, Platschef, Atlas Copco Secoroc AB; Liselotte H\u00e4gertz Engstam, Nordisk vd, HCL; Marie Halling, Regionchef, Swedbank; Ingela H\u00e5lling, Aff\u00e4rsomr\u00e5deschef, ABB; Karin Bodin, Vd, Polarbr\u00f6d; Maj-Charlotte Wallin, Vd, AFA F\u00f6rs\u00e4kring; Eva Elmstedt, Aff\u00e4rsomr\u00e5deschef, Ericsson; Marie Nygren, Vice vd, Systembolaget; Sara Kullgren, Vice vd, Eniro; Carolina Klint, Sverigechef, AIG; Marianne Dicander Alexandersson, Vd, Global Health Partner; Eva Moen Adolfsson, Vd, Resia Travel Group AB; Catrin St\u00e5hlgren, Vd, Mediq Sverige; Lena Apler, Vd, Collector; Katarina Sj\u00f6gren Petrini, Koncernchef , Ticket Privatresor Norden; Catherine Sahlgren, Vd, Selecta; Carina Edblad, Vd, F\u00e4rdig Betong; Christel Armstrong-Darvik, Vd, Stena Fastigheter; Helene Bistr\u00f6m, Vd, Norrenergi; Helena Sk\u00e5ntorp, Vd, Lernia; Eva Halld\u00e9n, Vd, Ringhals; Liza Jonson, Vd, SPP Fonder; Veronica Augustsson, Vd, Cinnober Financial Technology; Ulrika Hesslow, Aff\u00e4rsomr\u00e5deschef, ABB; Yvonne M\u00e5rtensson, Vd, Cellavision; Britta Burreau, Vd, Nordea Liv &amp; Pension; Madeleine Raukas, Divisionschef, SJ; \u00c5sa Hedenberg, Vd, Huge Fastigheter AB; Monica Lingeg\u00e5rd, Vd, Samhall; Ammy Wehlin, Vd, Attendo; Eva Halvarsson, Vd, Andra AP-fonden; Gull-Britt Jonasson, Vd, Finja Betong; Katarina Mellstr\u00f6m, Vd, Ciber Sverige; Anna Attemark, Vd, Odd Molly; Azita Shariati, Sverigechef, Sodexo; Kerstin Hessius, Vd, Tredje AP-fonden; Ulrika Saxon, Aff\u00e4rsomr\u00e5deschef, Bonnier Growth Media; Susanne Sid\u00e9n, Vd, Fr\u00f6sunda LSS AB; Indra \u00c5sander, Vd, TeliaSonera\/Sergel Group; Isabelle Ducellier, Vd, Pernod Ricard Sweden; Tina Helin, Vd, Eon Gas Sverige AB; Petra Hedengran, Portf\u00f6ljansvarig, Investor; Sara Mazur, Vice vd, Ericsson; Katarina Levin, Platschef, SCA Timber; Javiera Ragnartz, Vd, Handelsbanken Fonder; Linda Burenius Magnusson, Vd, O2 Vindel; Cecilia Hedqvist, Vd, Stockholm Gas AB; Gunilla Asker, Vd, Svd; Gunilla Forsmark Karlsson, Vd, L\u00e4nsf\u00f6rs\u00e4kringar Fondliv AB; Agneta Jacobsson, Sverige-vd, DTZ; Monica Karlsson, Vd, Halmstad Energi och Milj\u00f6 AB; Christina Hallin, Vice vd, Volvo Group Trucks Technology; Sofie Gunolf, Vd, Indiska; Helena Stjernholm, Vd, IK Investment Partners; Carolina Johansson, F\u00f6rs\u00e4ljningschef, H&amp;M\/&amp; Other Stories; Lina Nyman, Platschef, Atlas Copco; Katalin Paldeak, Vd, Clarion Hotels; Kajsa Lundfall, F\u00f6rs\u00e4ljningsdirekt\u00f6r, Dialect; Ingegerd Simonsson, Vd, Hercules Grundl\u00e4ggning; Marie Ygge, F\u00f6rs\u00e4ljningsdirekt\u00f6r, Microsoft; Ann Krumlinde, Sverigechef, Danske Bank Sverige; Birgitta Stymne G\u00f6ransson, Koncernchef, Memira; Ren\u00e9e Voltaire \u00e4r Vd p\u00e5 livsmedelsf\u00f6retaget som b\u00e4r hennes namn, Lisa Lindstr\u00f6m \u00e4r vd Doberman, Olivia Wigzell generaldirekt\u00f6r f\u00f6r Socialstyrelsen; Marika Markovits \u00e4r chef f\u00f6r Stockholms Stadsmission; Eva \u00d6stling Oll\u00e9n \u00e4r vd f\u00f6r Svensk Bes\u00f6ksn\u00e4ring Visita, Pia Berglund \u00e4r vd f\u00f6r <strong>Svensk Sj\u00f6fart, <\/strong>Monika Stridsman \u00e4r generaldirekt\u00f6r f\u00f6r Skogsstyrelsen, Birgitta B\u00f6hlin \u00e4r styrelseordf\u00f6rande i Lernia och tidigare verkst\u00e4llande direkt\u00f6r f\u00f6r Samhall och generaldirekt\u00f6r f\u00f6r F\u00f6rsvarets materielverk.<\/p>\n<p>Annika Bolin \u00e4r vVD p\u00e5 SEB; Ingrid Jonasson Blanck \u00e4r vVD p\u00e5 ICA AB; Lena Olving \u00e4r koncernchef Micronic Mydata; Signhild Arneg\u00e5rd Hansen \u00e4r ordf\u00f6rande Svenskt N\u00e4ringsliv.<\/p>\n<p>Antonia Ax:son Johnson \u00e4r styrelseordf\u00f6rande i Axel Johnson AB; Cristina Stenbeck \u00e4r styrelseordf\u00f6rande i Investment AB Kinnevik och styrelseledamot i Metro International, Millicom, MTG, Tele2, Transcom, Emesco och Korsn\u00e4s.<\/p>\n<p>Madeleine Leijonhufvud \u00e4r professor emerita i straffr\u00e4tt vid Stockholms universitet. Ulla Waldenstr\u00f6m \u00e4r senior professor vid Institutionen f\u00f6r kvinnors och barns h\u00e4lsa vid Karolinska Institutet. Bodil J\u00f6nsson \u00e4r professor emerita, tidigare verksam vid avdelningen f\u00f6r rehabiliteringsteknik vid Lunds universitet, Certec (Lunds Tekniska H\u00f6gskola), Inga-Britt Ahlenius, hedersdoktor vid Lunds universitet och vid Kungliga Tekniska h\u00f6gskolan, renommerad som Miss Fearless, \u00e4r ledamot av Ingenj\u00f6rsvetenskapsakademien och g\u00e4stprofessor vid Handelsh\u00f6gskolan i G\u00f6teborg. Inom samh\u00e4lle och humaniora finns det flest kvinnliga professorer, fast \u00e4nd\u00e5 bara 25 procent. Kvinnliga professorer \u00e4r i minoritet inom de flesta \u00e4mnesomr\u00e5den. Andelen kvinnor p\u00e5 posten som verkst\u00e4llande direkt\u00f6r i statens bolag \u00e4r 37 procent. N\u00e4r kommer genderl\u00e4get vara omv\u00e4nt? Ray Evans verkar ha det exakta svaret: \u201dQue sera, sera \/ Whatever will be, will be \/The future&#8217;s not ours to see \/ Que sera, sera \/ What will be, will be\u201d.<\/p>\n<p>Barbro Holmberg \u00e4r landsh\u00f6vding i G\u00e4vleborgs l\u00e4n, Liselott Hagberg \u00e4r landsh\u00f6vding i S\u00f6dermanlands l\u00e4n, Elisabeth Nilsson \u00e4r landsh\u00f6vding i \u00d6sterg\u00f6tlands l\u00e4n, Minoo Akhtarzand \u00e4r landsh\u00f6vding i J\u00f6nk\u00f6pings l\u00e4n, Cecilia Schelin Seideg\u00e5rd \u00e4r landsh\u00f6vding i Gotlands l\u00e4n, Kristina Als\u00e9r \u00e4r landsh\u00f6vding i Kronobergs l\u00e4n, Magdalena Andersson \u00e4r landsh\u00f6vding i V\u00e4sterbottens l\u00e4n, Maria Norrfalk \u00e4r landsh\u00f6vding i Dalarnas l\u00e4n, Rose-Marie Frebran \u00e4r landsh\u00f6vding i \u00d6rebro l\u00e4n, Lena Sommestad \u00e4r landsh\u00f6vding i Hallands l\u00e4n, Berit Andnor \u00e4r landsh\u00f6vding i Blekinge l\u00e4n, i Sk\u00e5ne l\u00e4n heter landsh\u00f6vdingen Margareta P\u00e5lsson.<\/p>\n<p>&nbsp;<\/p>\n<p>I de kommuner som jag har kontakt med, r\u00e5der kvinnodominans p\u00e5 ledande poster och jag har en obekr\u00e4ftad k\u00e4nsla av att s\u00e5 f\u00f6rh\u00e5ller det sig i r\u00e4tt s\u00e5 m\u00e5nga kommuner. Jag har inget som helst problem med det. Men visst l\u00e5ter det lite m\u00e4rkligt n\u00e4r till och med J\u00e4mst\u00e4lldhetsutskottets sammanst\u00e4llning i Ume\u00e5 kommun ser ut s\u00e5 h\u00e4r: Emma Vigren (S) ordf\u00f6rande, Tina Myhrberg (M) vice ordf\u00f6rande, Charlotta Westerlund (S) ledamot, Malin Forss (MP) ledamot, Emma Str\u00f6mberg (FP) ledamot, Gudrun Nordborg (V) ledamot och slutligen, Tommy Holmgren (S) ledamot.<\/p>\n<p>R\u00e4ttvisef\u00f6rmedlingen: ordf\u00f6rande Seher Yilmaz, vd Sofia Embr\u00e9n, projektledare Frida M\u00f6rtsell, grundare Lina Thomsg\u00e5rd.<\/p>\n<p>&nbsp;<\/p>\n<p>Att jobba och jobba h\u00e5rt, \u00e4r en m\u00f6jlighet. Att st\u00e4ndigt klaga p\u00e5 det ena och det andra \u00e4r naturligtvis ocks\u00e5 en tillg\u00e4nglig metod, inte minst f\u00f6r dem som inte \u00e4r tillr\u00e4ckligt \u201dstarka\u201d och inte tillr\u00e4ckligt motiverade. En rad tv-program visar att det \u00e4r m\u00f6jligt &#8211; om man anstr\u00e4nger sig tillr\u00e4ckligt mycket &#8211; att g\u00e5 ner i vikt \u00e4ven f\u00f6r kraftigt \u00f6verviktiga m\u00e4nniskor. Inte alla har medicinska f\u00f6ruts\u00e4ttningar f\u00f6r det, men troligen de flesta.<\/p>\n<p>Det finns flera sk\u00e5disar som gick \u201donormalt\u201d mycket upp i vikt eller \u201donormalt\u201d mycket ner i vikt f\u00f6r en filmroll. Exempelvis Robert de Niro som gick upp 27 kg f\u00f6r att vara trov\u00e4rdig i sin roll i filmen <em>Raging Bull<\/em>. Joe Pesci gick ner n\u00e4stan lika mycket f\u00f6r att klara av sin roll i samma film. D\u00e5 filmen inte var filmad i kronologisk ordning, fick de b\u00e5da \u00e5terigen ta sig tillbaka till sin normala vikt snabbt som attan. Vincent D&#8217;Onofrio gick upp 32 kg f\u00f6r filmen <em>Full Metal Jacket<\/em> skull. Christian Bale fick g\u00e5 ner avsev\u00e4rt f\u00f6r sin roll i filmen <em>The Fighter<\/em>, hans motspelare Mark Wahlberg gick upp lika mycket och skaffade sig dessutom muskler som gjorde hans karakt\u00e4r h\u00f6gst trov\u00e4rdig. Matthew McConaughey gick ner 22 kg f\u00f6r att kunna gestalta sin roll i filmen <em>Dallas Buyers Club<\/em>. Ren\u00e9e Zellweger gick upp 11 kg f\u00f6r att motsvara f\u00f6rest\u00e4llningen om sin rollkarakt\u00e4r i filmen <em>Bridget Jones&#8217;s Diary<\/em>. Elizabeth Taylor gick upp 14 kg f\u00f6r rollen som Martha i m\u00e4sterverket <em>Who&#8217;s Afraid of Virginia Woolf?<\/em> Skall jag forts\u00e4tta? Natalie Portman, Hilary Swank, Charlize Theron, Jennifer Hudson, Anne Hathaway\u2026 Russell Crowe, Matt Damon, 50 Cent, Tom Hanks, George Clooney, Jake Gyllenhaal, Jared Leto, Tom Hardy, Chris Pratt, Seth Rogen, Matthew Fox\u2026 Skall jag forts\u00e4tta?<\/p>\n<p>&nbsp;<\/p>\n<p>Helen Keller \u00e4r en sj\u00e4lvskriven hj\u00e4ltinna och inspirationsk\u00e4lla f\u00f6r alla oss som vill hitta den osynliga d\u00f6rren genom vilken vi kan tr\u00e4da in DIT, det vill s\u00e4ga till platser som vid f\u00f6rsta anblicken verkade vara st\u00e4ngda f\u00f6r oss.<\/p>\n<p>Den i barndomen poliodrabbade OS-sprinterdrottningen Wilma Rudolph \u00e4r en annan s\u00e5dan hj\u00e4ltinna. Den tredje hj\u00e4lten \u00e4r Demosthenes som trots sin stamning, trots h\u00e5l i gommen, trots axelryckningar och spasmer, trots s\u00e5 svaga lungor att hans r\u00f6st knappt h\u00f6rdes, trots of\u00f6rm\u00e5gan att forma munnen och tungan f\u00f6r att uttala vissa bokst\u00e4ver, trots en tillbakadragenhet och blyghet, blev antikens st\u00f6rste talare, tack vare m\u00e5lmedveten tr\u00e4ning med kiselstenar i munnen och genom andra osannolika, dock verksamma hj\u00e4lpmedel. Oscar Pistorius \u00e4r en paralympisk men \u00e4ven olympisk sprinter fr\u00e5n Sydafrika. Han f\u00f6ddes med missbildade underben och f\u00f6tter och hans ben amputerades nedanf\u00f6r kn\u00e4na vid elva m\u00e5naders \u00e5lder.<\/p>\n<p>Jag kan rabbla upp ytterligare ett 50-tal musik-, idrotts- och litteraturhj\u00e4ltar som med sin vilja bevisat att deras handikapp varit lika o\u00f6verstigligt som Berlinmuren och som 9 november 1989 omvandlades till souvenirsplitter. Jean Dominique Beuby f\u00f6rfattade sin bok <em>Fj\u00e4rilen i glaskupan<\/em> med sitt v\u00e4nstra \u00f6gas blinkningar, det vill s\u00e4ga med den enda muskel av kroppens flera tusen som han hade kontroll \u00f6ver.<\/p>\n<p>Tycker du att du kan, eller tycker du att du inte kan, har du r\u00e4tt i b\u00e5da fallen.<\/p>\n<p>Evelyn Glennie som \u00e4r slagverkare, f\u00f6rlorade sin h\u00f6rsel n\u00e4r hon var 12 \u00e5r ung. I allm\u00e4nhet f\u00f6rknippar man inte d\u00f6vhet med musik, \u00e4ven om de flesta vet att exempelvis Ludwig van Beethoven, Bed\u0159ich Smetana, Gabriel Faur\u00e9, Ralph Vaughan Williams, William Boyce, Danny Elfman, Brian Wilson, Pete Townshend, Ryan Adams och George Martin, var, respektive \u00e4r, antingen helt d\u00f6va eller att de drabbades av en gravt f\u00f6rsvagad h\u00f6rsel.<br \/>\n\u201d\u2026 en av jazzens mest virtuosa och stilbildande gitarrister\u201d, skriver Nationalencyklopedin om Django Reinhardt. Men v\u00e4gen dit var inte sj\u00e4lvklar: \u201dAt age 18 in 1928 in Saint-Ouen, Seine-Saint-Denis, Reinhardt was injured in a fire which ravaged the caravan he shared with Florine \u2018Bella\u2019 Mayer, his first wife. They were very poor, and to supplement their income, Bella made imitation flowers out of celluloid and paper. Returning from a performance late one night, Reinhardt apparently knocked over a candle on his way to bed, igniting these highly flammable materials. While his family and neighbours were quick to pull him to safety, he received first- and second-degree burns over half his body. His right leg was paralysed, and the fourth and fifth fingers of his left hand were badly burned. Doctors believed that he would never play guitar again and intended to amputate one of his legs. Reinhardt refused to have the surgery and left the hospital after a short time; he was able to walk within a year with the aid of a cane.<br \/>\nHis brother Joseph Reinhardt, also an accomplished guitarist, bought Django a new guitar. With rehabilitation and practice, he relearned his craft in a completely new way, even as his fourth and fifth fingers remained partially paralysed. He played all his guitar solos with only two fingers, and used the two injured digits only for chord work\u201d, skriver den engelska Wikipedia.<\/p>\n<p>Frank Zappa, en av mina musikaliska hj\u00e4ltar, hade fingrar som inte gav honom f\u00f6ruts\u00e4ttningar att bli den gitarrvirtuos som han s\u00e5 sm\u00e5ningom blev. Dessutom och h\u00e4r citerar jag Wikipedia \u201cIn December 1971, there were two serious setbacks. While performing at Casino de Montreux in Switzerland, The Mothers&#8217; equipment was destroyed when a flare set off by an audience member started a fire that burned down the casino. Immortalized in Deep Purple&#8217;s song \u201cSmoke on the Water\u201d, the event and immediate aftermath can be heard on the bootleg album <em>Swiss Cheese\/Fire<\/em>, released legally as part of Zappa&#8217;s <em>Beat the Boots II<\/em> compilation. After a week&#8217;s break, The Mothers played at the Rainbow Theatre, London, with rented gear. During the encore, an audience member pushed Zappa off the stage and into the concrete-floored orchestra pit. The band thought Zappa had been killed \u2013 he had suffered serious fractures, head trauma and injuries to his back, leg, and neck, as well as a crushed larynx, which ultimately caused his voice to drop a third after healing. This accident resulted in him using a wheelchair for an extended period, forcing him off the road for over half a year. Upon his return to the stage in September 1972, he was still wearing a leg brace, had a noticeable limp and could not stand for very long while on stage. Zappa noted that one leg healed \u201cshorter than the other\u201d (a reference later found in the lyrics of songs \u2018Zomby Woof\u2019 and \u2018Dancin&#8217; Fool\u2019), resulting in chronic back pain.\u201d<\/p>\n<p>Robert Wyatt, trummis, pianospelare, gitarrist, trumpetspelare och vokalist, f\u00f6ll i juni 1973 fr\u00e5n fj\u00e4rde v\u00e5ningen och blev paralyserad. Sedan dess spelar han in stors\u00e4ljande skivor och ger uts\u00e5lda konserter sittande i rullstol. Wyatt \u00e4r fortfarande aktiv.<\/p>\n<p>P\u00e5 musiksidan Gigwise rankas \u201d100 Greatest Drummers of All Time\u201d. P\u00e5 plats nummer 7 finns \u201cThe Thunder God\u201d dvs. Def Leppard trummisen Rick Allen, som sista december 1984 f\u00f6rlorade hela sin v\u00e4nstra hand. Def Leppard inklusive Rick Allen, \u00e4r fortfarande aktiva.<\/p>\n<p>&nbsp;<\/p>\n<p>\u00d6nskan att ta i besittning det man inte har omedelbara f\u00f6ruts\u00e4ttningar f\u00f6r, \u00e4r inte enbart m\u00e4nsklighetens drivande kraft, utan det kan \u00e4ven vara dess gissel, vilket alla kan intyga som haft det tvivelaktiga n\u00f6jet att konfronteras med en m\u00e4nniska som i folkmun s\u00e4gs vara p\u00e5 fel plats. Dessa motpoler kan definieras som utvecklingens dialektik. Ett steg fram och ett n\u00e5got mindre steg tillbaka. M\u00e4nskligheten g\u00e5r st\u00e4ndigt fram\u00e5t \u00e4ven om energi\u00e5tg\u00e5ngen i n\u00e5gra fall kan vara oproportionerligt stor.<\/p>\n<p>&nbsp;<\/p>\n<p>Det finns ett enormt stort antal kvinnor och m\u00e4n som inte borde ha den plats i v\u00e5rt samh\u00e4lle som de tillskansat sig. I den h\u00e4r artikeln skall jag n\u00e4mna n\u00e5gra f\u00e5.<\/p>\n<p>Jag b\u00f6rjar med Andrea Edwards, en sl\u00e4tstruken sk\u00e5despelerska, en l\u00f6jev\u00e4ckande regiss\u00f6r, och som \u00e4ven som snattare \u00e4r direkt usel eftersom hon g\u00e5ng efter annan blev tagen p\u00e5 bar g\u00e4rning.<\/p>\n<p>Edwards tar inte ansvar f\u00f6r sina handlingar utan skyller ifr\u00e5n sig praktiskt taget alla tillkortakommanden. I Sverige anses hon \u00e4nd\u00e5 vara n\u00e5got som en feministisk ikon, \u00e4ven om bara i synnerligen avgr\u00e4nsade kretsar.<\/p>\n<p>Att SVT finansierade Edwards regil\u00e4rlingsf\u00f6rs\u00f6k knappast kan fr\u00e4mja licensbetalarna. Att hon under en hel timme f\u00e5r beklaga sig \u00f6ver de \u201dor\u00e4ttvisor\u201d som hon personligen drabbades av, kan ej heller fr\u00e4mja n\u00e5gon, faktiskt inte ens henne sj\u00e4lv.<\/p>\n<p>Jag ville bli filmregiss\u00f6r. Men i Tjeckoslovakien, diktaturen d\u00e4r jag v\u00e4xte upp, kunde jag inte bli det, eftersom mina f\u00f6r\u00e4ldrars ideologiska profil stod i v\u00e4gen f\u00f6r det. Jag fick dock h\u00f6ra, att i Sverige vem som helst kunde bli filmregiss\u00f6r. Efter att jag sett Andrea Edwards tv ofilm, \u00e4r jag \u00f6vertygad om att s\u00e5 \u00e4r fallet. Vem som helst kan bli filmregiss\u00f6r i Sverige. Icke minst n\u00e4r hon ikl\u00e4r sig den r\u00e4tta \u201dideologiska\u201d profilen.<\/p>\n<p>Varf\u00f6r blev Edwards ofilm s\u00e5nt misslyckande? Det \u00e4r inte bara f\u00f6r att hon \u00e4r utan talang och l\u00e5ter sig f\u00f6rblindas av sin korst\u00e5gsagenda, utan det \u00e4r ocks\u00e5 p\u00e5 grund av att hon v\u00e4grar att lyssna p\u00e5 \u201dden andra sidan\u201d. Och \u201dden som inte kan lyssna, kan inte heller uttrycka sig\u201d, observerade Herakleitos f\u00f6r 2500 \u00e5r sedan, en reflexion som fortfarande \u00e4r fullt giltig \u00e4n i dag.<\/p>\n<p>&nbsp;<\/p>\n<p>De duktiga yrkesut\u00f6vare, kvinnliga som manliga, som inte f\u00e5r sina programf\u00f6rslag finansierade, eftersom en en\u00f6gd SVT-ideologi delar ut anslagen till den som gapar och ljuger mest och ljudligast, f\u00e5r finna sig i att f\u00e5 st\u00e5 utanf\u00f6r. Inte att undra p\u00e5 att det finns m\u00e4nniskor som v\u00e4nder de s\u00e5 kallade feministiska filmerna och pj\u00e4serna ryggen \u2013 efter att de, r\u00e4tt eller or\u00e4tt, f\u00e5r en k\u00e4nsla av att den feministiska film- och teaterkonsten \u00e4r identisk med det som Andrea Edwards krafsat ihop. \u00c4r vassa armb\u00e5gar den b\u00e4sta meriten nuf\u00f6rtiden? \u00c4r den SCUM-feministiska ideologin den b\u00e4sta meriten nuf\u00f6rtiden?<\/p>\n<p>Professor Catherine Edwards semivetenskapliga tv-serie i tre delar \u201c<em>Mothers<\/em><strong>, <\/strong><em>Murderers<\/em> and <em>Mistresses<\/em>: <em>Empresses of Ancient Rome\u201d heter i svensk tv r\u00e4tt och sl\u00e4tt \u201d<\/em>Romarrikets h\u00e4rskarinnor\u201d. F\u00e5r man sedermera inte f\u00f6rknippa kvinnomakt i svensk tv med \u201d<em>Murderers<\/em> and <em>Mistresses\u201d ens om en v\u00e4rldsk\u00e4nd kvinnlig feministisk auktoritet g\u00f6r det?\u00a0 <\/em><\/p>\n<p>&nbsp;<\/p>\n<p>Den ryske filosofen, revolution\u00e4ren och samh\u00e4llsomst\u00f6rtaren Lenin h\u00e4vdade, att av alla konstarter \u00e4r filmen den viktigaste. Och f\u00f6ljaktligen l\u00e4t han Sovjetunionens och kanske \u00e4ven v\u00e4rldens b\u00e4sta filmare f\u00f6rf\u00f6ra och motivera massorna till att skapa ett helt nytt land och samh\u00e4llsordning&#8230;<\/p>\n<p>\u00c4ven Nazitysklands dr. Goebbels, Indonesiens diktator Suharto, Kinas kommunistiske ledare Mao Zedong och hans fj\u00e4rde hustru, sk\u00e5despelerska Jiang Qing, samt Kubas Castro gav utryck f\u00f6r samma \u00f6vertygelse, och \u00e4ven de lyckades f\u00f6rf\u00f6ra massorna&#8230; Skulle detta postulat ha sin giltighet \u00e4ven i dagens v\u00e4rld? Knappast. Musikindustrin, modeindustrin och reklamindustrin har idag enligt mig en mycket st\u00f6rre genomslagskraft bland den breda allm\u00e4nheten. Inte minst d\u00e4rf\u00f6r, att denna, till skillnad fr\u00e5n Lenins, Suhartos, Mao Zedongs, Jiang Qings och Castros unders\u00e5tsallm\u00e4nhet, b\u00e5de kan l\u00e4sa och skriva.<\/p>\n<p>&nbsp;<\/p>\n<p>Andrea Edwards fick under SVTs beskydd leka Barbra Streisand, en beg\u00e5vning som kan det hela: skriva, sk\u00e5despela, regissera, producera. Vad skall man s\u00e4ga om det? Edwards f\u00e5r leka alla de andra som kan det hela: Natalie Portman, Julie Delpy, Ma\u00efwenn, Yoko Ono Lennon, Bryce Dallas Howard, Kathryn Bigelow, Sara Sugarman, Kathy Bates, Angelina Jolie, Lina Wertm\u00fcller, Nia Vardalos, Elaine May, Drew Barrymore, Scarlett Johansson, Lisa Ovies, Lady Gaga, Maggie Kiley, Jane Birkin, Jodie Foster, M\u00e9lanie Laurent, Barbara Loden, Bette Midler, Lucille Ball, Joan Rivers, Jessica Biel, Sally Field, Kate Hudson, Olivia Wilde, Diane Keaton, Tamara Jenkins, Sarah Polley, Klaudia Kovacs, Caroline Thompson, Lena Dunham, Lynn Shelton, Greta Gerwig, Cole Smith, Kelly-Ruth Mercier, Madonna, Maria Burton, Amy Heckerling, Adela Sequeyro, Kat Coiro, Renee McClellan, Ava DuVernay, Laurie Agard, Zsuzsa B\u00f6sz\u00f6rm\u00e9nyi, Paddy Russell, Isabel Coixet, Eliza Hittman, Maggie Carey, Jen Soska och hennes tvillingsyster Sylvia Soska, Megan Smith-Harris, Andrea Arnold, Rachel Goldenberg, Penny Marshall, Kate Kroll, Donna Deitch, Lexi Alexander, Lake Bell, Dorothy Atabong, Melissa McCarthy, Sandra Bullock, Amy Poehler, Claire Denis, Sara McIntyre, Sylvia Binsfeld, Su Friedrich, Katja von Garnier, Jennifer Westfeldt, Sally Potter, Mira Nair, Athina Rachel Tsangari, Diablo Cody, Julie Taymor, Kasi Lemmons, Deepa Mehta, Nicole Holofcener, Anne Fontaine, Patty Jenkins, Martha Coolidge, Sally El Hosaini, Naomi Kawase, Rebecca Miller, Miranda July, Brit Marling, Mary Harron, Shirley MacLaine, Glenn Close, Beyonc\u00e9 Knowles, Freida Lee Mock, Jane Campion, Kathryn Bigelow, Sofia Coppola, Nora Ephron \u2026 jag har s\u00e4kerligen gl\u00f6md m\u00e5nga, alltf\u00f6r m\u00e5nga andra, d\u00e5 jag inte \u00e4r n\u00e5gon kalenderbitare. Jo, tv\u00e5 m\u00e5ngbeg\u00e5vade svenskor kommer jag p\u00e5: Gunnel Lindblom och Anna Odell\u2026<\/p>\n<p>&nbsp;<\/p>\n<p>Jag kan se dig redan, hur du lyfter p\u00e5 \u00f6gonbrynet och menar hur det kommer sig att jag hoppar \u00f6ver Marie-Louise De Geer Bergenstr\u00e5hle och Mai Zetterling.<\/p>\n<p>Den senast n\u00e4mnda var f\u00f6dd 24 maj 1925 och blev i maj 2015 postumt upph\u00f6jt till skyarna: tv, radio, tidningar, tidskrifter, poddar et cetera, alla t\u00e4vlade om det hittills hemliga avsl\u00f6jande att Zetterling var ett geni, att hon var innovativ, of\u00f6rst\u00e5dd, marginaliserad, bortgl\u00f6md och f\u00f6re sin tid.<\/p>\n<p>Jag har n\u00e4mnt det tidigare och jag skall ta det \u00e4n en g\u00e5ng: Kvinnokampen vinner inte p\u00e5 att debatt\u00f6rer, journalister et cetera tar i, s\u00e5 de spricker. Om medelm\u00e5ttor och epigoner, presenteras under falskt flagg, s\u00e5 som fallet Mai Zetterling \u00e4r ett av alltf\u00f6r m\u00e5nga exempel p\u00e5, d\u00e5 blir dessa ivrarnas argument inte mycket att lita p\u00e5, och det \u00e4r inte om\u00f6jligt, att den kritiske betraktaren initialt kommer att ifr\u00e5gas\u00e4tta \u00e4ven s\u00e5dana representanter, som gott skulle kunna kvalificera sig till plats p\u00e5 en piedestal. Att Zetterling var ett geni \u00e4r en nys. Ingen av de ovann\u00e4mnda kvinnorna mellan Barbra Streisand och Nora Ephron utpekades som genier och \u00e4nd\u00e5 intar exempelvis Ma\u00efwenns filmer liknande f\u00f6rh\u00e5llande till Zetterlings som exempelvis fotbollslaget FC Barcelona till Pia Sundhages damlandslag anno 2015.<\/p>\n<p>Att Zetterling var innovativ och f\u00f6re sin tid \u00e4r egentligen om\u00f6jligt att diskutera, eftersom de p\u00e5st\u00e5enden inte vilar p\u00e5 n\u00e5got som helst faktafundament. Ta bort exempelvis Ingmar Bergman fr\u00e5n Mai Zetterlings filmer och ber\u00e4tta sedan vad blev kvar, f\u00f6rutom en wannabes f\u00f6rvirring. Hen som aldrig varit annat \u00e4n en asterisk p\u00e5 ett h\u00e4ndelsef\u00f6rlopp, kan aldrig vara \u201dutkastad\u201d och \u201dmarginaliserad\u201d. Hen befann sig aldrig innanf\u00f6r. Mai Zetterling har p\u00e5 inget vis h\u00e5llits \u201dutanf\u00f6r\u201d av n\u00e5gon oresonabel d\u00f6rrvakt, utan hon klarade inte av att h\u00e5lla sig \u201dinne\u201d.<\/p>\n<p>&nbsp;<\/p>\n<p>Visan \u201dKonserverad gr\u00f6t\u201d av Ulf Peder Olrog skapade tales\u00e4ttet \u201dallting g\u00e5r att s\u00e4lja med m\u00f6rdande reklam \u2013 kom och k\u00f6p konserverad gr\u00f6t\u201d, och den beskriver dessv\u00e4rre, hur v\u00e4rlden fungerar. Trots att m\u00e4nniskorna ofta vill bli bedragna och vilseledda, v\u00e4rlden och dess vardagar \u00e4r icke desto mindre en aktiv del av evolutionen, och evolutionen brukar spy upp och st\u00f6ta bort det som motverkar den. Det g\u00e4ller lika mycket konserverad gr\u00f6t, som Andrea Edwards, det g\u00e4ller den h\u00e4lsobringande \u201dRadium schokolade\u201d och samtliga andra p\u00e5 sin tid oerh\u00f6rt popul\u00e4ra radiumprodukter och det g\u00e4ller Hilma af Klint, som enligt gr\u00f6treklamen \u00e4r \u201den f\u00f6r m\u00e5nga ok\u00e4nd gigant i den svenska konsthistorien\u201d.<\/p>\n<p>Samma reklam p\u00e5st\u00e5r om af Klint \u00e4ven att \u201dhennes abstrakta m\u00e5leri f\u00f6reb\u00e5dade konstn\u00e4rer som Vasilij Kandinskij, Piet Mondrian och Kazimir Malevitj\u2026\u201d<\/p>\n<p>P\u00e5 vilket s\u00e4tt \u201df\u00f6reb\u00e5dade\u201d det dessa eviga m\u00e4stare? Vad \u00e4r det f\u00f6r svammel?<\/p>\n<p>Stora summor och mycket tid satsas p\u00e5 att omvandla denna n\u00e5got udda person till en stors\u00e4ljare. Och varf\u00f6r? Eftersom det \u00e4r m\u00f6jligt just nu. Just nu, mer eller mindre luras vi till att t\u00f6rsta efter kvinnliga \u201dmartyrer\u201d och kvinnliga of\u00f6rst\u00e5dda genier fr\u00e5n svunnen tid, oavsett vad de pysslade med, film, dramatik, m\u00e5leri eller svartkonst \u2013 allt verkar vara g\u00e5ngbart. Och babblandet och \u00f6vertrasserandet och bondf\u00e5ngeriet, kostar ofta ingenting, tv\u00e4rtom, man f\u00e5r en hel del skattefinansierade anslag till det. Att man satsar stort p\u00e5 af Klint, anses vara en god investering: hon efterl\u00e4mnade n\u00e4ra p\u00e5 ett tusen tavlor (!) efter sig och vid dagens priser f\u00f6r etablerade konstn\u00e4rer skulle det r\u00e4cka om ett enda verk lyckades g\u00e5 under klubban p\u00e5 exempelvis Christie&#8217;s, Sotheby&#8217;s eller auktionshuset Weidler \u2026<\/p>\n<p>Mycket tyder p\u00e5 att man lyckas etablera af Klint och att de alltid id\u00e9rika finansi\u00e4rerna f\u00e5r tillbaka sina satsningar, inklusive en solid avkastning. Men till slut kommer det finnas m\u00e5nga s\u00e5dana som blir de stora f\u00f6rlorarna p\u00e5 denna satsning. Precis som det blev d\u00e5 n\u00e4r tulpanl\u00f6karna slutade v\u00e4rderas till tusentals gulden och luftslottet Fermenta AB, styrd av 1985-\u00e5rs svensk, Refaat El-Sayed, uppl\u00f6stes i luften.<\/p>\n<p>&nbsp;<\/p>\n<p>\u201dDe kvinnliga beg\u00e5vningarnas massaker\u201d, \u00e4r ett uttryck myntat av Ebba Witt-Brattstr\u00f6m. Det handlar om alla dessa \u201dsuperbeg\u00e5vade\u201d kvinnor, som de vita, heterosexuella halvfeta, medel\u00e5lders m\u00e4n raderade bort fr\u00e5n historien. Kanske Hilma af Klint tillh\u00f6r dem eller Mai Zetterling?<\/p>\n<p>&nbsp;<\/p>\n<p>Tre av mina favoriter multipelbeg\u00e5vade och prisade sk\u00e5despelerskor, manusf\u00f6rfattare, producenter, publikmagneter, medm\u00e4nniskor som sk\u00e4nker bort mycket tid och stora summor till v\u00e4lg\u00f6rande \u00e4ndam\u00e5l, Kristen Wiig, Tina Fey och Emma Thompson fick ett flertal feta erbjudanden f\u00f6r att \u00e4ven regissera film. Men de avstod, med h\u00e4nvisning till att det finns folk som kan g\u00f6ra det b\u00e4ttre\u2026 H\u00e4nger du med, Andrea Edwards?<\/p>\n<p>Du f\u00e5r klaga, dock inte bara. Arbeta med dig sj\u00e4lv i st\u00e4llet.<\/p>\n<p>&nbsp;<\/p>\n<p>Har jag n\u00e5gorlunda r\u00e4tt i det ovanbeskrivna?<\/p>\n<p>Who gives a damn.<\/p>\n<p>Att ha r\u00e4tt \u00e4r inte tillr\u00e4ckligt. Giordano Bruno hade r\u00e4tt i det mesta men eftersom hans \u00e5sikter stred mot den katolska l\u00e4ran, br\u00e4ndes han p\u00e5 b\u00e5l p\u00e5 ett frekventerat marknadstorg i Roms centrum och \u201dmed tungan f\u00e4ngslad f\u00f6r sina galna ord\u201d. Dessutom tv\u00e5ngshamnade alla hans arbeten p\u00e5 Index librorum prohibitorum. Som sagt, att ha r\u00e4tt \u00e4r allt annat \u00e4n tillr\u00e4ckligt.<\/p>\n<p>&nbsp;<\/p>\n<p>I denna korta expos\u00e9 upptr\u00e4der bara f\u00e5 m\u00e4n men desto flera kvinnor. Det \u00e4r s\u00e5ledes min f\u00f6rhoppning att den kommer att f\u00f6rb\u00e4ttra \u00e5tminstone lite den st\u00e4ndigt haltande k\u00f6nsbalansstatistiken.<\/p>\n<p>&nbsp;<\/p>\n<p>Betraktelsen \u201cTala \u00e4r silver, gn\u00e4lla \u00e4r guld\u201d ing\u00e5r som del 16 av 53 i en serie artiklar betitlade \u201cEn feminists funderingar : mellan Katarina den Stora och Margot Wallstr\u00f6m\u201d, vilka jag t\u00e4nker offentligg\u00f6ra okronologiskt och med ett of\u00f6rutsebar tidsmellanrum.<\/p>\n<p>\u00a9 vladimir oravsky<\/p>\n","protected":false},"excerpt":{"rendered":"<p>Tala \u00e4r silver, gn\u00e4lla \u00e4r guld, tycks den nya devisen lyda &nbsp; Att ikl\u00e4 sig offerrollskoftan \u00e4r att skaffa sig sympatier. Vi uppfostrades n\u00e4mligen till att helt automatiskt tilldela offerrollskoftan trumfens status. Det avkr\u00e4vs av oss att mekaniskt hata den &hellip; <a href=\"http:\/\/www.susannavaris.com\/blogg\/2015\/09\/gastinlagg-oravsky-tala-ar-silver-gnalla-ar-guld\/\">Forts\u00e4tt l\u00e4sa <span class=\"meta-nav\">&rarr;<\/span><\/a><\/p>\n","protected":false},"author":1,"featured_media":0,"comment_status":"open","ping_status":"open","sticky":false,"template":"","format":"standard","meta":{"footnotes":""},"categories":[1364,181,9,3280,154,259,674,3358,4515,1321,1928,1162,589,590,403,303,384],"tags":[939,4900,4926,4903,4911,4918,4950,3750,4910,3279],"class_list":["post-15148","post","type-post","status-publish","format-standard","hentry","category-bocker","category-feminism","category-film","category-gastinlagg","category-genus","category-genusvetenskap","category-historia","category-identitetspolitik","category-invandring-och-integration","category-jamstalldhet","category-journalistik","category-kultur","category-medier","category-politik","category-pseudovetenskap","category-religion","category-tv","tag-andrea-edwards","tag-feminism","tag-gastinlagg","tag-genusvetenskap","tag-historia","tag-jamstalldhet","tag-offerkofteri","tag-oravsky","tag-politik","tag-vladimir-oravsky"],"_links":{"self":[{"href":"http:\/\/www.susannavaris.com\/blogg\/wp-json\/wp\/v2\/posts\/15148","targetHints":{"allow":["GET"]}}],"collection":[{"href":"http:\/\/www.susannavaris.com\/blogg\/wp-json\/wp\/v2\/posts"}],"about":[{"href":"http:\/\/www.susannavaris.com\/blogg\/wp-json\/wp\/v2\/types\/post"}],"author":[{"embeddable":true,"href":"http:\/\/www.susannavaris.com\/blogg\/wp-json\/wp\/v2\/users\/1"}],"replies":[{"embeddable":true,"href":"http:\/\/www.susannavaris.com\/blogg\/wp-json\/wp\/v2\/comments?post=15148"}],"version-history":[{"count":1,"href":"http:\/\/www.susannavaris.com\/blogg\/wp-json\/wp\/v2\/posts\/15148\/revisions"}],"predecessor-version":[{"id":15149,"href":"http:\/\/www.susannavaris.com\/blogg\/wp-json\/wp\/v2\/posts\/15148\/revisions\/15149"}],"wp:attachment":[{"href":"http:\/\/www.susannavaris.com\/blogg\/wp-json\/wp\/v2\/media?parent=15148"}],"wp:term":[{"taxonomy":"category","embeddable":true,"href":"http:\/\/www.susannavaris.com\/blogg\/wp-json\/wp\/v2\/categories?post=15148"},{"taxonomy":"post_tag","embeddable":true,"href":"http:\/\/www.susannavaris.com\/blogg\/wp-json\/wp\/v2\/tags?post=15148"}],"curies":[{"name":"wp","href":"https:\/\/api.w.org\/{rel}","templated":true}]}}