{"id":15150,"date":"2015-09-03T11:59:59","date_gmt":"2015-09-03T09:59:59","guid":{"rendered":"http:\/\/www.susannavaris.com\/blogg\/?p=15150"},"modified":"2015-09-03T12:03:19","modified_gmt":"2015-09-03T10:03:19","slug":"kalmteg-tag-tag-i-de-verkligt-stora-jamstalldhetsutmaningarna","status":"publish","type":"post","link":"http:\/\/www.susannavaris.com\/blogg\/2015\/09\/kalmteg-tag-tag-i-de-verkligt-stora-jamstalldhetsutmaningarna\/","title":{"rendered":"Kalmteg tar tag i de verkligt stora j\u00e4mst\u00e4lldhetsutmaningarna"},"content":{"rendered":"<p style=\"text-align: center;\"><a href=\"http:\/\/www.susannavaris.com\/blogg\/wp-content\/uploads\/2015\/09\/kalm-rubrik.jpg\"><img loading=\"lazy\" decoding=\"async\" class=\"aligncenter size-full wp-image-15151\" src=\"http:\/\/www.susannavaris.com\/blogg\/wp-content\/uploads\/2015\/09\/kalm-rubrik.jpg\" alt=\"kalm-rubrik\" width=\"888\" height=\"243\" srcset=\"http:\/\/www.susannavaris.com\/blogg\/wp-content\/uploads\/2015\/09\/kalm-rubrik.jpg 888w, http:\/\/www.susannavaris.com\/blogg\/wp-content\/uploads\/2015\/09\/kalm-rubrik-300x82.jpg 300w\" sizes=\"auto, (max-width: 888px) 100vw, 888px\" \/><\/a><em>Rubriken i SvD idag.<\/em><\/p>\n<p>Ja, det \u00e4r skakande l\u00e4sning s\u00e5 en trigger-warning utf\u00e4rdas h\u00e4rmed; i dagens SvD finns en\u00a0<a href=\"http:\/\/www.svd.se\/det-behovs-nagot-smartstillande-for-att-bladdra-vidare\">recension<\/a> av boken Hausfrau skriven av Jill Alexander Essbaum. jag l\u00e4gger mig inte i bokens kvalit\u00e9er p\u00e5 n\u00e5got vis, jag recenserar h\u00e4r enbart recensionen. Kalmteg hittar h\u00e4r en blind fl\u00e4ck p\u00e5 genusglas\u00f6gonens rosa yta i form av en grupp m\u00e4nniskor som uppenbarligen lever under ett outh\u00e4rdligt f\u00f6rtryck &#8211; de schweiziska bankirfruarna:<\/p>\n<blockquote><p>&#8221;I min fo\u0308rsta au pair-familj hade jag fa\u030att en inblick i hur livet som kvinna i Schweiz kunde vara. Jag passade de tva\u030a sma\u030a barnen medan pappan var pa\u030a affa\u0308rsresor och mamman la\u030ag inst\u00e4ngd i sovrummet med huvudva\u0308rk hela dagarna. Jag flydde snabbt, delvis av ra\u0308dsla att smittas av hemmafrusyndromet.&#8221;<\/p><\/blockquote>\n<p style=\"text-align: left;\">Det f\u00f6rst\u00e5r man ju n\u00e4r man tar del av denna beskrivning av, vad som n\u00e4rmast framst\u00e5r som en outh\u00e4rdlig tillvaro:<\/p>\n<blockquote><p><strong>&#8221;\u201dAnna var ledsen<\/strong> pa\u030a hundra vis.\u201d Meningen sammanfattar det dystra la\u0308get fo\u0308r hela Annas tillvaro. Liksom \u201dAnna bodde vid en a\u030aterva\u0308ndsgra\u0308nd\u201d. Hon a\u0308r amerikanska, gift med den schweiziska bankmannen Bruno, bor i en fin ort utanfo\u0308r Zu\u0308rich, hemmafru med tre barn, trots att hon nog inte ville ha ett enda. Hon tra\u0308ffar regelbundet sin jungianska analytiker, Frau Doktor Messerli, och bo\u0308rjar pa\u030a en kurs i ho\u0308gtyska, fo\u0308r att komma in i samha\u0308llet. Hon inser att hon borde gjort det na\u0308r hon kom till landet fo\u0308r nio a\u030ar sedan. Men hennes riktning i livet a\u0308r allt annat a\u0308n som de punktliga schweiziska ta\u030agen. Den a\u0308r snarare simmig som ostfondue.<\/p>\n<p><strong>Hennes sexuella<\/strong> relationer med andra ma\u0308n ger ett slags tillfa\u0308lliga kickar, endast d\u00e5 ka\u0308nner Anna na\u030agot.&#8221;<\/p><\/blockquote>\n<p>Kalmteg, i sin iver att hitta patriarkala strukturer av ett slag som passar in i den radikalfeministiska diskursen av idag, \u00e4r n\u00f6jd med sitt fynd:<\/p>\n<blockquote><p>&#8221;Givetvis kan en bera\u0308ttelse om tra\u00e5nga ko\u0308nsroller utspela sig var som helst, som i Sverige i Maria Svelands \u201dBitterfittan\u201d, men Schweiz a\u0308r a\u0308nda\u00e5 extra la\u0308mpat. Och jag inser plo\u0308tsligt hur la\u0308nge jag va\u0308ntat pa\u00e5 en s\u00e5 ha\u0308r skarp och gripande analys av situationen fo\u0308r kvinnorna i landet.&#8221;<\/p><\/blockquote>\n<p>Aldrig har v\u00e4l ett tunnare halmstr\u00e5 hittats l\u00e4ngre in i en tom lada n\u00e4r det g\u00e4ller att relativisera och blunda med ena \u00f6gat f\u00f6r att f\u00e5 den egna ber\u00e4ttelsen att g\u00e5 ihop? Det \u00e4r ocks\u00e5 intressant att konstatera att feminister inte lyckas se svaret trots att det serverats p\u00e5 en silverbricka under nosen p\u00e5 dem. Varf\u00f6r \u00e4r en schweizisk bankir mer attraktiv p\u00e5 \u00e4ktenskapsmarknaden \u00e4n, s\u00e4g Roffe som jobbar p\u00e5 n\u00e4rbutiken? \u00c4r alla stackars sm\u00e5flickor bara socialiserade till att spana efter bankirer? Vad hindrade Kalmtegs au pair-kollega att s\u00e4tta sig p\u00e5 skolb\u00e4nken i 7-8 \u00e5r och l\u00e4ngre \u00e4n s\u00e5, arbeta upp ett kontaktn\u00e4t, arbeta all den vakna tiden, g\u00f6ra karri\u00e4r inom bankv\u00e4rlden och starta en bank sj\u00e4lv? \u00c4r verkligen bara den manliga delen av befolkningen (aka patriarkatet) ansvarigt f\u00f6r de k\u00f6nsroller vi har och \u00e4r dessa verkligen enbart sociala konstruktioner? Varf\u00f6r \u00e5terskapar man dag efter dag, artikel efter artikel, bilden av mannen som subjekt och den som agerar och har en agens och kvinnan som motsatsen n\u00e4r man v\u00e4ljer att f\u00f6rneka kvinnors del i exempelvis normskapandet? Fr\u00e5gorna tar knappast slut, men hos feminismen finns inga svar att hitta, d\u00e4r \u00e4r trossatserna redan fastspikade.<\/p>\n<blockquote><p>&nbsp;<\/p><\/blockquote>\n","protected":false},"excerpt":{"rendered":"<p>Rubriken i SvD idag. Ja, det \u00e4r skakande l\u00e4sning s\u00e5 en trigger-warning utf\u00e4rdas h\u00e4rmed; i dagens SvD finns en\u00a0recension av boken Hausfrau skriven av Jill Alexander Essbaum. jag l\u00e4gger mig inte i bokens kvalit\u00e9er p\u00e5 n\u00e5got vis, jag recenserar h\u00e4r &hellip; <a href=\"http:\/\/www.susannavaris.com\/blogg\/2015\/09\/kalmteg-tag-tag-i-de-verkligt-stora-jamstalldhetsutmaningarna\/\">Forts\u00e4tt l\u00e4sa <span class=\"meta-nav\">&rarr;<\/span><\/a><\/p>\n","protected":false},"author":1,"featured_media":0,"comment_status":"open","ping_status":"open","sticky":false,"template":"","format":"standard","meta":{"footnotes":""},"categories":[178,1364,181,154,259,4808,3358,1321,1928,1162,589,590,403,303],"tags":[4919,1372,4900,4899,4903,4952,4918,4953,1335,2458,1543,1562,3046,4951,4954,504],"class_list":["post-15150","post","type-post","status-publish","format-standard","hentry","category-blodtryckshojare","category-bocker","category-feminism","category-genus","category-genusvetenskap","category-humor","category-identitetspolitik","category-jamstalldhet","category-journalistik","category-kultur","category-medier","category-politik","category-pseudovetenskap","category-religion","tag-bocker","tag-bok","tag-feminism","tag-genus","tag-genusvetenskap","tag-hausfrau","tag-jamstalldhet","tag-jill-alexander-essbaum","tag-konsroller","tag-lina-kalmteg","tag-patriarkat","tag-recension","tag-roman","tag-schweiz","tag-skonlitteratur","tag-svd"],"_links":{"self":[{"href":"http:\/\/www.susannavaris.com\/blogg\/wp-json\/wp\/v2\/posts\/15150","targetHints":{"allow":["GET"]}}],"collection":[{"href":"http:\/\/www.susannavaris.com\/blogg\/wp-json\/wp\/v2\/posts"}],"about":[{"href":"http:\/\/www.susannavaris.com\/blogg\/wp-json\/wp\/v2\/types\/post"}],"author":[{"embeddable":true,"href":"http:\/\/www.susannavaris.com\/blogg\/wp-json\/wp\/v2\/users\/1"}],"replies":[{"embeddable":true,"href":"http:\/\/www.susannavaris.com\/blogg\/wp-json\/wp\/v2\/comments?post=15150"}],"version-history":[{"count":2,"href":"http:\/\/www.susannavaris.com\/blogg\/wp-json\/wp\/v2\/posts\/15150\/revisions"}],"predecessor-version":[{"id":15153,"href":"http:\/\/www.susannavaris.com\/blogg\/wp-json\/wp\/v2\/posts\/15150\/revisions\/15153"}],"wp:attachment":[{"href":"http:\/\/www.susannavaris.com\/blogg\/wp-json\/wp\/v2\/media?parent=15150"}],"wp:term":[{"taxonomy":"category","embeddable":true,"href":"http:\/\/www.susannavaris.com\/blogg\/wp-json\/wp\/v2\/categories?post=15150"},{"taxonomy":"post_tag","embeddable":true,"href":"http:\/\/www.susannavaris.com\/blogg\/wp-json\/wp\/v2\/tags?post=15150"}],"curies":[{"name":"wp","href":"https:\/\/api.w.org\/{rel}","templated":true}]}}