{"id":15162,"date":"2015-09-11T12:30:35","date_gmt":"2015-09-11T10:30:35","guid":{"rendered":"http:\/\/www.susannavaris.com\/blogg\/?p=15162"},"modified":"2015-09-16T12:37:00","modified_gmt":"2015-09-16T10:37:00","slug":"invigning-av-playhouse-teater","status":"publish","type":"post","link":"http:\/\/www.susannavaris.com\/blogg\/2015\/09\/invigning-av-playhouse-teater\/","title":{"rendered":"Invigning av Playhouse Teater"},"content":{"rendered":"<p><a href=\"http:\/\/www.susannavaris.com\/blogg\/wp-content\/uploads\/2015\/09\/11885227_892236677525766_122490561785067388_n-pix.jpg\"><img loading=\"lazy\" decoding=\"async\" class=\"aligncenter size-full wp-image-15163\" src=\"http:\/\/www.susannavaris.com\/blogg\/wp-content\/uploads\/2015\/09\/11885227_892236677525766_122490561785067388_n-pix.jpg\" alt=\"11885227_892236677525766_122490561785067388_n-pix\" width=\"960\" height=\"678\" srcset=\"http:\/\/www.susannavaris.com\/blogg\/wp-content\/uploads\/2015\/09\/11885227_892236677525766_122490561785067388_n-pix.jpg 960w, http:\/\/www.susannavaris.com\/blogg\/wp-content\/uploads\/2015\/09\/11885227_892236677525766_122490561785067388_n-pix-300x212.jpg 300w\" sizes=\"auto, (max-width: 960px) 100vw, 960px\" \/><\/a><\/p>\n<p>I onsdags var jag bjuden p\u00e5 ett event av Skugge&amp;Co; ny\u00f6ppnandet av Playhouse teater p\u00e5 Drottninggatan 71. H\u00e4r har tidigare legat ett etablissemang med spaghettiopera och \u00e4nnu tidigare en biograf vars repertoar bestod av den slags ekivokt material som vi numera mestadels hittar p\u00e5 internet eller dvd (kunde min v\u00e4n som f\u00f6ljde med p\u00e5 eventet f\u00f6rt\u00e4lja).<\/p>\n<p style=\"text-align: center;\"><a href=\"http:\/\/www.susannavaris.com\/blogg\/wp-content\/uploads\/2015\/09\/WP_20150909_15_52_20_Pro-2.jpg\"><img loading=\"lazy\" decoding=\"async\" class=\"aligncenter size-full wp-image-15180\" src=\"http:\/\/www.susannavaris.com\/blogg\/wp-content\/uploads\/2015\/09\/WP_20150909_15_52_20_Pro-2.jpg\" alt=\"WP_20150909_15_52_20_Pro (2)\" width=\"3072\" height=\"1728\" srcset=\"http:\/\/www.susannavaris.com\/blogg\/wp-content\/uploads\/2015\/09\/WP_20150909_15_52_20_Pro-2.jpg 3072w, http:\/\/www.susannavaris.com\/blogg\/wp-content\/uploads\/2015\/09\/WP_20150909_15_52_20_Pro-2-300x169.jpg 300w, http:\/\/www.susannavaris.com\/blogg\/wp-content\/uploads\/2015\/09\/WP_20150909_15_52_20_Pro-2-1024x576.jpg 1024w\" sizes=\"auto, (max-width: 3072px) 100vw, 3072px\" \/><\/a><em>V\u00e4ntar p\u00e5 min v\u00e4n p\u00e5 Kulturhusets caf\u00e9. Jag hann \u00e4ven \u00f6verl\u00e4mna ett par reproduktioner, en The Cage II (Den Bl\u00e5 Ballerinan) p\u00e5 pl\u00e5t och en Red Rum p\u00e5 stor canvas till sina k\u00f6pare.<\/em><\/p>\n<p style=\"text-align: center;\"><a href=\"http:\/\/www.susannavaris.com\/blogg\/wp-content\/uploads\/2015\/09\/DSC_0874-50.jpg\"><img loading=\"lazy\" decoding=\"async\" class=\"aligncenter size-full wp-image-15164\" src=\"http:\/\/www.susannavaris.com\/blogg\/wp-content\/uploads\/2015\/09\/DSC_0874-50.jpg\" alt=\"DSC_0874-50\" width=\"2304\" height=\"1536\" srcset=\"http:\/\/www.susannavaris.com\/blogg\/wp-content\/uploads\/2015\/09\/DSC_0874-50.jpg 2304w, http:\/\/www.susannavaris.com\/blogg\/wp-content\/uploads\/2015\/09\/DSC_0874-50-300x200.jpg 300w, http:\/\/www.susannavaris.com\/blogg\/wp-content\/uploads\/2015\/09\/DSC_0874-50-1024x683.jpg 1024w\" sizes=\"auto, (max-width: 2304px) 100vw, 2304px\" \/><\/a> <a href=\"http:\/\/www.susannavaris.com\/blogg\/wp-content\/uploads\/2015\/09\/DSC_0875-50.jpg\"><img loading=\"lazy\" decoding=\"async\" class=\"aligncenter size-full wp-image-15165\" src=\"http:\/\/www.susannavaris.com\/blogg\/wp-content\/uploads\/2015\/09\/DSC_0875-50.jpg\" alt=\"DSC_0875-50\" width=\"2304\" height=\"1536\" srcset=\"http:\/\/www.susannavaris.com\/blogg\/wp-content\/uploads\/2015\/09\/DSC_0875-50.jpg 2304w, http:\/\/www.susannavaris.com\/blogg\/wp-content\/uploads\/2015\/09\/DSC_0875-50-300x200.jpg 300w, http:\/\/www.susannavaris.com\/blogg\/wp-content\/uploads\/2015\/09\/DSC_0875-50-1024x683.jpg 1024w\" sizes=\"auto, (max-width: 2304px) 100vw, 2304px\" \/><\/a><em>Foton, om inte annat anges: undertecknad.<\/em><\/p>\n<p style=\"text-align: center;\"><a href=\"http:\/\/www.susannavaris.com\/blogg\/wp-content\/uploads\/2015\/09\/skuggeco-01-crop-150.jpg\"><img loading=\"lazy\" decoding=\"async\" class=\"aligncenter size-full wp-image-15166\" src=\"http:\/\/www.susannavaris.com\/blogg\/wp-content\/uploads\/2015\/09\/skuggeco-01-crop-150.jpg\" alt=\"skuggeco-01-crop-150\" width=\"959\" height=\"509\" srcset=\"http:\/\/www.susannavaris.com\/blogg\/wp-content\/uploads\/2015\/09\/skuggeco-01-crop-150.jpg 959w, http:\/\/www.susannavaris.com\/blogg\/wp-content\/uploads\/2015\/09\/skuggeco-01-crop-150-300x159.jpg 300w\" sizes=\"auto, (max-width: 959px) 100vw, 959px\" \/><\/a><em>Jag i mitten i min favoritkimono. Foto: Skugge &amp; Co<\/em><\/p>\n<p style=\"text-align: center;\"><a href=\"http:\/\/www.susannavaris.com\/blogg\/wp-content\/uploads\/2015\/09\/DSC_0876-50.jpg\"><img loading=\"lazy\" decoding=\"async\" class=\"aligncenter size-full wp-image-15167\" src=\"http:\/\/www.susannavaris.com\/blogg\/wp-content\/uploads\/2015\/09\/DSC_0876-50.jpg\" alt=\"DSC_0876-50\" width=\"2304\" height=\"1536\" srcset=\"http:\/\/www.susannavaris.com\/blogg\/wp-content\/uploads\/2015\/09\/DSC_0876-50.jpg 2304w, http:\/\/www.susannavaris.com\/blogg\/wp-content\/uploads\/2015\/09\/DSC_0876-50-300x200.jpg 300w, http:\/\/www.susannavaris.com\/blogg\/wp-content\/uploads\/2015\/09\/DSC_0876-50-1024x683.jpg 1024w\" sizes=\"auto, (max-width: 2304px) 100vw, 2304px\" \/><\/a> <a href=\"http:\/\/www.susannavaris.com\/blogg\/wp-content\/uploads\/2015\/09\/DSC_0877-50.jpg\"><img loading=\"lazy\" decoding=\"async\" class=\"aligncenter size-full wp-image-15168\" src=\"http:\/\/www.susannavaris.com\/blogg\/wp-content\/uploads\/2015\/09\/DSC_0877-50.jpg\" alt=\"DSC_0877-50\" width=\"2304\" height=\"1536\" srcset=\"http:\/\/www.susannavaris.com\/blogg\/wp-content\/uploads\/2015\/09\/DSC_0877-50.jpg 2304w, http:\/\/www.susannavaris.com\/blogg\/wp-content\/uploads\/2015\/09\/DSC_0877-50-300x200.jpg 300w, http:\/\/www.susannavaris.com\/blogg\/wp-content\/uploads\/2015\/09\/DSC_0877-50-1024x683.jpg 1024w\" sizes=\"auto, (max-width: 2304px) 100vw, 2304px\" \/><\/a> <a href=\"http:\/\/www.susannavaris.com\/blogg\/wp-content\/uploads\/2015\/09\/DSC_0878-50.jpg\"><img loading=\"lazy\" decoding=\"async\" class=\"aligncenter size-full wp-image-15169\" src=\"http:\/\/www.susannavaris.com\/blogg\/wp-content\/uploads\/2015\/09\/DSC_0878-50.jpg\" alt=\"DSC_0878-50\" width=\"2304\" height=\"1536\" srcset=\"http:\/\/www.susannavaris.com\/blogg\/wp-content\/uploads\/2015\/09\/DSC_0878-50.jpg 2304w, http:\/\/www.susannavaris.com\/blogg\/wp-content\/uploads\/2015\/09\/DSC_0878-50-300x200.jpg 300w, http:\/\/www.susannavaris.com\/blogg\/wp-content\/uploads\/2015\/09\/DSC_0878-50-1024x683.jpg 1024w\" sizes=\"auto, (max-width: 2304px) 100vw, 2304px\" \/><\/a><em>Gratis bubbel och olivkompotter i glas f\u00f6re&#8230;<\/em><\/p>\n<p style=\"text-align: center;\"><a href=\"http:\/\/www.susannavaris.com\/blogg\/wp-content\/uploads\/2015\/09\/DSC_0880-50.jpg\"><img loading=\"lazy\" decoding=\"async\" class=\"aligncenter size-full wp-image-15170\" src=\"http:\/\/www.susannavaris.com\/blogg\/wp-content\/uploads\/2015\/09\/DSC_0880-50.jpg\" alt=\"DSC_0880-50\" width=\"1536\" height=\"2304\" srcset=\"http:\/\/www.susannavaris.com\/blogg\/wp-content\/uploads\/2015\/09\/DSC_0880-50.jpg 1536w, http:\/\/www.susannavaris.com\/blogg\/wp-content\/uploads\/2015\/09\/DSC_0880-50-200x300.jpg 200w, http:\/\/www.susannavaris.com\/blogg\/wp-content\/uploads\/2015\/09\/DSC_0880-50-683x1024.jpg 683w\" sizes=\"auto, (max-width: 1536px) 100vw, 1536px\" \/><\/a><em>Fredrik Strage spelade (bra) musik f\u00f6r oss&#8230;<\/em><\/p>\n<p style=\"text-align: center;\"><a href=\"http:\/\/www.susannavaris.com\/blogg\/wp-content\/uploads\/2015\/09\/DSC_0892-50.jpg\"><img loading=\"lazy\" decoding=\"async\" class=\"aligncenter size-full wp-image-15171\" src=\"http:\/\/www.susannavaris.com\/blogg\/wp-content\/uploads\/2015\/09\/DSC_0892-50.jpg\" alt=\"DSC_0892-50\" width=\"2304\" height=\"1536\" srcset=\"http:\/\/www.susannavaris.com\/blogg\/wp-content\/uploads\/2015\/09\/DSC_0892-50.jpg 2304w, http:\/\/www.susannavaris.com\/blogg\/wp-content\/uploads\/2015\/09\/DSC_0892-50-300x200.jpg 300w, http:\/\/www.susannavaris.com\/blogg\/wp-content\/uploads\/2015\/09\/DSC_0892-50-1024x683.jpg 1024w\" sizes=\"auto, (max-width: 2304px) 100vw, 2304px\" \/><\/a><em>Samma Ramones-l\u00e5da som jag sj\u00e4lv har hemma och sj\u00e4lvklart underbara Parallell Lines av Blondie&#8230;<\/em><\/p>\n<p style=\"text-align: center;\"><a href=\"http:\/\/www.susannavaris.com\/blogg\/wp-content\/uploads\/2015\/09\/DSC_0885-50-crop.jpg\"><img loading=\"lazy\" decoding=\"async\" class=\"aligncenter size-full wp-image-15172\" src=\"http:\/\/www.susannavaris.com\/blogg\/wp-content\/uploads\/2015\/09\/DSC_0885-50-crop.jpg\" alt=\"DSC_0885-50-crop\" width=\"1297\" height=\"1852\" srcset=\"http:\/\/www.susannavaris.com\/blogg\/wp-content\/uploads\/2015\/09\/DSC_0885-50-crop.jpg 1297w, http:\/\/www.susannavaris.com\/blogg\/wp-content\/uploads\/2015\/09\/DSC_0885-50-crop-210x300.jpg 210w, http:\/\/www.susannavaris.com\/blogg\/wp-content\/uploads\/2015\/09\/DSC_0885-50-crop-717x1024.jpg 717w\" sizes=\"auto, (max-width: 1297px) 100vw, 1297px\" \/><\/a> <a href=\"http:\/\/www.susannavaris.com\/blogg\/wp-content\/uploads\/2015\/09\/DSC_0886-50.jpg\"><img loading=\"lazy\" decoding=\"async\" class=\"aligncenter size-full wp-image-15173\" src=\"http:\/\/www.susannavaris.com\/blogg\/wp-content\/uploads\/2015\/09\/DSC_0886-50.jpg\" alt=\"DSC_0886-50\" width=\"1934\" height=\"1309\" srcset=\"http:\/\/www.susannavaris.com\/blogg\/wp-content\/uploads\/2015\/09\/DSC_0886-50.jpg 1934w, http:\/\/www.susannavaris.com\/blogg\/wp-content\/uploads\/2015\/09\/DSC_0886-50-300x203.jpg 300w, http:\/\/www.susannavaris.com\/blogg\/wp-content\/uploads\/2015\/09\/DSC_0886-50-1024x693.jpg 1024w\" sizes=\"auto, (max-width: 1934px) 100vw, 1934px\" \/><\/a><em>Elisabet Klason och Bj\u00f6rn L\u00f6nner, teaterns konstn\u00e4rliga ledare.<\/em><\/p>\n<p style=\"text-align: left;\">Konceptet verkar roligt och intressant; att kombinera k\u00f6k, bar och bistro med en teater d\u00e4r man s\u00e4tter upp nyskriven, amerikansk drama, b\u00e5de Broadway och Off-Broadway. En frisk fl\u00e4kt fr\u00e5n \u00d6ver D\u00e4r in i den inhemska ankdammen.<\/p>\n<p style=\"text-align: center;\"><a href=\"http:\/\/www.susannavaris.com\/blogg\/wp-content\/uploads\/2015\/09\/DSC_0887-crop.jpg\"><img loading=\"lazy\" decoding=\"async\" class=\"aligncenter size-full wp-image-15174\" src=\"http:\/\/www.susannavaris.com\/blogg\/wp-content\/uploads\/2015\/09\/DSC_0887-crop.jpg\" alt=\"DSC_0887-crop\" width=\"3022\" height=\"2369\" srcset=\"http:\/\/www.susannavaris.com\/blogg\/wp-content\/uploads\/2015\/09\/DSC_0887-crop.jpg 3022w, http:\/\/www.susannavaris.com\/blogg\/wp-content\/uploads\/2015\/09\/DSC_0887-crop-300x235.jpg 300w, http:\/\/www.susannavaris.com\/blogg\/wp-content\/uploads\/2015\/09\/DSC_0887-crop-1024x803.jpg 1024w\" sizes=\"auto, (max-width: 3022px) 100vw, 3022px\" \/><\/a><em>Ett litet smakprov p\u00e5 en kommande f\u00f6rest\u00e4llning&#8230;<\/em><\/p>\n<p style=\"text-align: center;\"><a href=\"http:\/\/www.susannavaris.com\/blogg\/wp-content\/uploads\/2015\/09\/WP_20150909_19_34_36_Pro__highres-crop.jpg\"><img loading=\"lazy\" decoding=\"async\" class=\"aligncenter size-full wp-image-15175\" src=\"http:\/\/www.susannavaris.com\/blogg\/wp-content\/uploads\/2015\/09\/WP_20150909_19_34_36_Pro__highres-crop.jpg\" alt=\"WP_20150909_19_34_36_Pro__highres-crop\" width=\"1863\" height=\"2532\" srcset=\"http:\/\/www.susannavaris.com\/blogg\/wp-content\/uploads\/2015\/09\/WP_20150909_19_34_36_Pro__highres-crop.jpg 1863w, http:\/\/www.susannavaris.com\/blogg\/wp-content\/uploads\/2015\/09\/WP_20150909_19_34_36_Pro__highres-crop-221x300.jpg 221w, http:\/\/www.susannavaris.com\/blogg\/wp-content\/uploads\/2015\/09\/WP_20150909_19_34_36_Pro__highres-crop-753x1024.jpg 753w\" sizes=\"auto, (max-width: 1863px) 100vw, 1863px\" \/><\/a><em>Sedan var det dags &#8211; den officiella invigningen!<\/em><\/p>\n<p style=\"text-align: center;\"><a href=\"http:\/\/www.susannavaris.com\/blogg\/wp-content\/uploads\/2015\/09\/DSC_0889-50.jpg\"><img loading=\"lazy\" decoding=\"async\" class=\"aligncenter size-full wp-image-15176\" src=\"http:\/\/www.susannavaris.com\/blogg\/wp-content\/uploads\/2015\/09\/DSC_0889-50.jpg\" alt=\"DSC_0889-50\" width=\"2304\" height=\"1536\" srcset=\"http:\/\/www.susannavaris.com\/blogg\/wp-content\/uploads\/2015\/09\/DSC_0889-50.jpg 2304w, http:\/\/www.susannavaris.com\/blogg\/wp-content\/uploads\/2015\/09\/DSC_0889-50-300x200.jpg 300w, http:\/\/www.susannavaris.com\/blogg\/wp-content\/uploads\/2015\/09\/DSC_0889-50-1024x683.jpg 1024w\" sizes=\"auto, (max-width: 2304px) 100vw, 2304px\" \/><\/a> <a href=\"http:\/\/www.susannavaris.com\/blogg\/wp-content\/uploads\/2015\/09\/DSC_0890-50.jpg\"><img loading=\"lazy\" decoding=\"async\" class=\"aligncenter size-full wp-image-15177\" src=\"http:\/\/www.susannavaris.com\/blogg\/wp-content\/uploads\/2015\/09\/DSC_0890-50.jpg\" alt=\"DSC_0890-50\" width=\"2304\" height=\"1536\" srcset=\"http:\/\/www.susannavaris.com\/blogg\/wp-content\/uploads\/2015\/09\/DSC_0890-50.jpg 2304w, http:\/\/www.susannavaris.com\/blogg\/wp-content\/uploads\/2015\/09\/DSC_0890-50-300x200.jpg 300w, http:\/\/www.susannavaris.com\/blogg\/wp-content\/uploads\/2015\/09\/DSC_0890-50-1024x683.jpg 1024w\" sizes=\"auto, (max-width: 2304px) 100vw, 2304px\" \/><\/a><em>Ett lila band klipptes och guldig j\u00e4ttekonfetti ramade in \u00f6gonblicket. Efter\u00e5t fortsatte bjudningen och musiken, men jag fick tyv\u00e4rr dra mig hem\u00e5t eftersom det alltid finns en morgondag och den alls inte l\u00e4ngre \u00e4r ledig.<\/em><\/p>\n<p style=\"text-align: center;\"><a href=\"http:\/\/www.susannavaris.com\/blogg\/wp-content\/uploads\/2015\/09\/DSC_0893-50.jpg\"><img loading=\"lazy\" decoding=\"async\" class=\"aligncenter size-full wp-image-15178\" src=\"http:\/\/www.susannavaris.com\/blogg\/wp-content\/uploads\/2015\/09\/DSC_0893-50.jpg\" alt=\"DSC_0893-50\" width=\"2304\" height=\"1536\" srcset=\"http:\/\/www.susannavaris.com\/blogg\/wp-content\/uploads\/2015\/09\/DSC_0893-50.jpg 2304w, http:\/\/www.susannavaris.com\/blogg\/wp-content\/uploads\/2015\/09\/DSC_0893-50-300x200.jpg 300w, http:\/\/www.susannavaris.com\/blogg\/wp-content\/uploads\/2015\/09\/DSC_0893-50-1024x683.jpg 1024w\" sizes=\"auto, (max-width: 2304px) 100vw, 2304px\" \/><\/a> <a href=\"http:\/\/www.susannavaris.com\/blogg\/wp-content\/uploads\/2015\/09\/DSC_0894-50.jpg\"><img loading=\"lazy\" decoding=\"async\" class=\"aligncenter size-full wp-image-15179\" src=\"http:\/\/www.susannavaris.com\/blogg\/wp-content\/uploads\/2015\/09\/DSC_0894-50.jpg\" alt=\"DSC_0894-50\" width=\"2304\" height=\"1536\" srcset=\"http:\/\/www.susannavaris.com\/blogg\/wp-content\/uploads\/2015\/09\/DSC_0894-50.jpg 2304w, http:\/\/www.susannavaris.com\/blogg\/wp-content\/uploads\/2015\/09\/DSC_0894-50-300x200.jpg 300w, http:\/\/www.susannavaris.com\/blogg\/wp-content\/uploads\/2015\/09\/DSC_0894-50-1024x683.jpg 1024w\" sizes=\"auto, (max-width: 2304px) 100vw, 2304px\" \/><\/a><em>Bistron, v\u00e4ldigt stilfullt och gemytligt.<\/em><\/p>\n<p style=\"text-align: left;\">Som sagt, alltihopa verkar sp\u00e4nnande och jag kommer s\u00e4kert att bes\u00f6ka teatern och\/eller bistron vid tillf\u00e4lle.<\/p>\n<ul>\n<li style=\"text-align: left;\">: &#8211; : &#8211; : &#8211;<\/li>\n<\/ul>\n<p>Evenemanget kom med i Expressen 14. sep:<\/p>\n<p><a href=\"http:\/\/www.susannavaris.com\/blogg\/wp-content\/uploads\/2015\/09\/skugge-02.jpg\"><img loading=\"lazy\" decoding=\"async\" class=\"aligncenter size-full wp-image-15218\" src=\"http:\/\/www.susannavaris.com\/blogg\/wp-content\/uploads\/2015\/09\/skugge-02.jpg\" alt=\"skugge-02\" width=\"960\" height=\"632\" srcset=\"http:\/\/www.susannavaris.com\/blogg\/wp-content\/uploads\/2015\/09\/skugge-02.jpg 960w, http:\/\/www.susannavaris.com\/blogg\/wp-content\/uploads\/2015\/09\/skugge-02-300x198.jpg 300w\" sizes=\"auto, (max-width: 960px) 100vw, 960px\" \/><\/a><\/p>\n","protected":false},"excerpt":{"rendered":"<p>I onsdags var jag bjuden p\u00e5 ett event av Skugge&amp;Co; ny\u00f6ppnandet av Playhouse teater p\u00e5 Drottninggatan 71. H\u00e4r har tidigare legat ett etablissemang med spaghettiopera och \u00e4nnu tidigare en biograf vars repertoar bestod av den slags ekivokt material som vi &hellip; <a href=\"http:\/\/www.susannavaris.com\/blogg\/2015\/09\/invigning-av-playhouse-teater\/\">Forts\u00e4tt l\u00e4sa <span class=\"meta-nav\">&rarr;<\/span><\/a><\/p>\n","protected":false},"author":1,"featured_media":0,"comment_status":"open","ping_status":"open","sticky":false,"template":"","format":"standard","meta":{"footnotes":""},"categories":[555,1162],"tags":[2994,4964,4962,4961,554,4880,4963,4960,749,1945],"class_list":["post-15162","post","type-post","status-publish","format-standard","hentry","category-events","category-kultur","tag-bar","tag-bistro","tag-broadway","tag-drottninggatan","tag-event","tag-fredrik-strage","tag-off-broadway","tag-playhouse-teater","tag-skugge-co","tag-teater"],"_links":{"self":[{"href":"http:\/\/www.susannavaris.com\/blogg\/wp-json\/wp\/v2\/posts\/15162","targetHints":{"allow":["GET"]}}],"collection":[{"href":"http:\/\/www.susannavaris.com\/blogg\/wp-json\/wp\/v2\/posts"}],"about":[{"href":"http:\/\/www.susannavaris.com\/blogg\/wp-json\/wp\/v2\/types\/post"}],"author":[{"embeddable":true,"href":"http:\/\/www.susannavaris.com\/blogg\/wp-json\/wp\/v2\/users\/1"}],"replies":[{"embeddable":true,"href":"http:\/\/www.susannavaris.com\/blogg\/wp-json\/wp\/v2\/comments?post=15162"}],"version-history":[{"count":4,"href":"http:\/\/www.susannavaris.com\/blogg\/wp-json\/wp\/v2\/posts\/15162\/revisions"}],"predecessor-version":[{"id":15219,"href":"http:\/\/www.susannavaris.com\/blogg\/wp-json\/wp\/v2\/posts\/15162\/revisions\/15219"}],"wp:attachment":[{"href":"http:\/\/www.susannavaris.com\/blogg\/wp-json\/wp\/v2\/media?parent=15162"}],"wp:term":[{"taxonomy":"category","embeddable":true,"href":"http:\/\/www.susannavaris.com\/blogg\/wp-json\/wp\/v2\/categories?post=15162"},{"taxonomy":"post_tag","embeddable":true,"href":"http:\/\/www.susannavaris.com\/blogg\/wp-json\/wp\/v2\/tags?post=15162"}],"curies":[{"name":"wp","href":"https:\/\/api.w.org\/{rel}","templated":true}]}}