{"id":1519,"date":"2011-07-24T09:49:02","date_gmt":"2011-07-24T07:49:02","guid":{"rendered":"http:\/\/www.susannavaris.com\/blogg\/?p=1519"},"modified":"2023-02-14T19:28:43","modified_gmt":"2023-02-14T18:28:43","slug":"dagens-blodtryckshojare","status":"publish","type":"post","link":"http:\/\/www.susannavaris.com\/blogg\/2011\/07\/dagens-blodtryckshojare\/","title":{"rendered":"Dagens blodtrycksh\u00f6jare"},"content":{"rendered":"<div class=\"wp-block-image\">\n<figure class=\"aligncenter size-full\"><img loading=\"lazy\" decoding=\"async\" width=\"1024\" height=\"993\" src=\"http:\/\/www.susannavaris.com\/blogg\/wp-content\/uploads\/2023\/02\/000-Anna-Lena_Lodenius_in_February_2015.jpg\" alt=\"\" class=\"wp-image-17925\" title=\"annalena\" srcset=\"http:\/\/www.susannavaris.com\/blogg\/wp-content\/uploads\/2023\/02\/000-Anna-Lena_Lodenius_in_February_2015.jpg 1024w, http:\/\/www.susannavaris.com\/blogg\/wp-content\/uploads\/2023\/02\/000-Anna-Lena_Lodenius_in_February_2015-300x291.jpg 300w, http:\/\/www.susannavaris.com\/blogg\/wp-content\/uploads\/2023\/02\/000-Anna-Lena_Lodenius_in_February_2015-768x745.jpg 768w\" sizes=\"auto, (max-width: 1024px) 100vw, 1024px\" \/><figcaption class=\"wp-element-caption\"><br>Anna-Lena Lodenius in a rally in support of threatened artists and writers at the Kulturhuset Stadsteatern in Stockholm, February 14th 2015. <a href=\"https:\/\/commons.wikimedia.org\/wiki\/User:FrankieF\">Frankie Fouganthin<\/a> &#8211; Own work \/ Wikipedia \/ https:\/\/creativecommons.org\/licenses\/by-sa\/4.0<\/figcaption><\/figure>\n<\/div>\n\n\n<p class=\"has-text-align-center\"><em>Anna-Lena Lodenius<\/em><\/p>\n\n\n\n<p>P\u00e5 DN Debatt spekulerar Anna-Lena Lodenius i efterdyningarna av h\u00e4ndelserna i Norge kring g\u00e4rningsmannens v\u00e4sen. Detta \u00e4r ett skr\u00e4ckexempel p\u00e5 det jag tidigare skrivit om: behovet av att hitta identifikationsfaktorer f\u00f6r det &#8221;onda&#8221; f\u00f6r att man i framtiden tror sig kunna undvika den h\u00e4r slags h\u00e4ndelser.<\/p>\n\n\n\n<p>Hur ser d\u00e5 det &#8221;onda&#8221; ut enligt Anna-Lena? Jo, det \u00e4r en man (pust, hon sj\u00e4lv \u00e4r ju kvinna), han \u00e4r l\u00e5gutbildad (pust, hon sj\u00e4lv \u00e4r h\u00f6gutbildad), han befinner sig i utanf\u00f6rskap (pust, det g\u00f6r inte hon sj\u00e4lv) och han \u00e4r h\u00f6gerextrem (vilken tur att hon sj\u00e4lv \u00e4r v\u00e4nster)! Vad bra, lugnande och anv\u00e4ndbart att konstatera att det &#8221;onda&#8221; kan identifieras, men helst hos personer som \u00e4r s\u00e5 olika henne sj\u00e4lv som det g\u00e5r. Allt frid och fr\u00f6jd och resultatet av spekulationen kan ju \u00e4ven anv\u00e4ndas mot politiska motst\u00e5ndare!!<\/p>\n\n\n\n<p>Smakl\u00f6st \u00e4r ordet.<\/p>\n\n\n\n<p>H\u00e4r finns exemplet p\u00e5 debattartikeln jag aldrig mera hoppas se i sammanhang som denna:<\/p>\n\n\n\n<p><a href=\"http:\/\/www.dn.se\/debatt\/hur-ska-vi-identifiera-de-ensamma-farliga-mannen\">http:\/\/www.dn.se\/debatt\/hur-ska-vi-identifiera-de-ensamma-farliga-mannen<\/a><\/p>\n\n\n\n<p>f\u00f6r tydlighetens skull: jag \u00e4r absolut ingen f\u00f6rsvarare av extrema ideologier \u00e5t vilka h\u00e5ll och kanter som helst. Jag v\u00e4nder mig mot f\u00f6rs\u00f6ket att identifiera &#8221;ondskan&#8221; hos en viss sort av m\u00e4nniskor.<\/p>\n","protected":false},"excerpt":{"rendered":"<p>Anna-Lena Lodenius P\u00e5 DN Debatt spekulerar Anna-Lena Lodenius i efterdyningarna av h\u00e4ndelserna i Norge kring g\u00e4rningsmannens v\u00e4sen. Detta \u00e4r ett skr\u00e4ckexempel p\u00e5 det jag tidigare skrivit om: behovet av att hitta identifikationsfaktorer f\u00f6r det &#8221;onda&#8221; f\u00f6r att man i framtiden &hellip; <a href=\"http:\/\/www.susannavaris.com\/blogg\/2011\/07\/dagens-blodtryckshojare\/\">Forts\u00e4tt l\u00e4sa <span class=\"meta-nav\">&rarr;<\/span><\/a><\/p>\n","protected":false},"author":1,"featured_media":1520,"comment_status":"open","ping_status":"open","sticky":false,"template":"","format":"standard","meta":{"footnotes":""},"categories":[178,674,589,590],"tags":[456,457,175,453,448,449],"class_list":["post-1519","post","type-post","status-publish","format-standard","has-post-thumbnail","hentry","category-blodtryckshojare","category-historia","category-medier","category-politik","tag-anna-lena-lodenius","tag-dagens-nyheter","tag-dn","tag-norge","tag-oslo","tag-terrorism"],"_links":{"self":[{"href":"http:\/\/www.susannavaris.com\/blogg\/wp-json\/wp\/v2\/posts\/1519","targetHints":{"allow":["GET"]}}],"collection":[{"href":"http:\/\/www.susannavaris.com\/blogg\/wp-json\/wp\/v2\/posts"}],"about":[{"href":"http:\/\/www.susannavaris.com\/blogg\/wp-json\/wp\/v2\/types\/post"}],"author":[{"embeddable":true,"href":"http:\/\/www.susannavaris.com\/blogg\/wp-json\/wp\/v2\/users\/1"}],"replies":[{"embeddable":true,"href":"http:\/\/www.susannavaris.com\/blogg\/wp-json\/wp\/v2\/comments?post=1519"}],"version-history":[{"count":6,"href":"http:\/\/www.susannavaris.com\/blogg\/wp-json\/wp\/v2\/posts\/1519\/revisions"}],"predecessor-version":[{"id":17927,"href":"http:\/\/www.susannavaris.com\/blogg\/wp-json\/wp\/v2\/posts\/1519\/revisions\/17927"}],"wp:featuredmedia":[{"embeddable":true,"href":"http:\/\/www.susannavaris.com\/blogg\/wp-json\/wp\/v2\/media\/1520"}],"wp:attachment":[{"href":"http:\/\/www.susannavaris.com\/blogg\/wp-json\/wp\/v2\/media?parent=1519"}],"wp:term":[{"taxonomy":"category","embeddable":true,"href":"http:\/\/www.susannavaris.com\/blogg\/wp-json\/wp\/v2\/categories?post=1519"},{"taxonomy":"post_tag","embeddable":true,"href":"http:\/\/www.susannavaris.com\/blogg\/wp-json\/wp\/v2\/tags?post=1519"}],"curies":[{"name":"wp","href":"https:\/\/api.w.org\/{rel}","templated":true}]}}