{"id":15371,"date":"2015-10-09T13:57:52","date_gmt":"2015-10-09T11:57:52","guid":{"rendered":"http:\/\/www.susannavaris.com\/blogg\/?p=15371"},"modified":"2015-10-09T13:57:52","modified_gmt":"2015-10-09T11:57:52","slug":"frysen-full-med-kott","status":"publish","type":"post","link":"http:\/\/www.susannavaris.com\/blogg\/2015\/10\/frysen-full-med-kott\/","title":{"rendered":"Frysen full med k\u00f6tt"},"content":{"rendered":"<p>Nu \u00e4r v\u00e5r frys full med ekologiskt och djurv\u00e4nligt producerat k\u00f6tt fr\u00e5n Klovsta Lantbruk och Rafnaslakt! Jag vill g\u00e4rna g\u00f6ra lite reklam f\u00f6r v\u00e5ra v\u00e4nner Eija och Mika Kortesaaris k\u00f6ttproduktion, d\u00e4r allt \u00e4r sm\u00e5skaligt, ekologiskt och mycket djurv\u00e4nligt. Maken till bortsk\u00e4mda grisar finns knappast annanstans till exempel (egen, mobil husvagn med ett hav av h\u00f6, b\u00f6k i skog och mark, ekologiska gr\u00f6nsaker att tugga p\u00e5 etc). Farfar, k\u00e4nd f\u00f6r sina vinthundsliknande grisar (de ska ju ha roligt i en j\u00e4tteomh\u00e4gnad), skulle bli r\u00f6rd av lycka. Vi best\u00e4llde n\u00f6tk\u00f6tt fr\u00e5n stut (kolla bara ursprungsm\u00e4rkningen!):<\/p>\n<p><a href=\"http:\/\/www.susannavaris.com\/blogg\/wp-content\/uploads\/2015\/10\/WP_20151009_13_08_38_Pro__highres-adj-50.png\"><img loading=\"lazy\" decoding=\"async\" class=\"aligncenter size-full wp-image-15372\" src=\"http:\/\/www.susannavaris.com\/blogg\/wp-content\/uploads\/2015\/10\/WP_20151009_13_08_38_Pro__highres-adj-50.png\" alt=\"WP_20151009_13_08_38_Pro__highres-adj-50\" width=\"3856\" height=\"2176\" srcset=\"http:\/\/www.susannavaris.com\/blogg\/wp-content\/uploads\/2015\/10\/WP_20151009_13_08_38_Pro__highres-adj-50.png 3856w, http:\/\/www.susannavaris.com\/blogg\/wp-content\/uploads\/2015\/10\/WP_20151009_13_08_38_Pro__highres-adj-50-300x169.png 300w, http:\/\/www.susannavaris.com\/blogg\/wp-content\/uploads\/2015\/10\/WP_20151009_13_08_38_Pro__highres-adj-50-1024x578.png 1024w\" sizes=\"auto, (max-width: 3856px) 100vw, 3856px\" \/><\/a> <a href=\"http:\/\/www.susannavaris.com\/blogg\/wp-content\/uploads\/2015\/10\/WP_20151009_13_08_57_Pro__highres-adj-50.jpg\"><img loading=\"lazy\" decoding=\"async\" class=\"aligncenter size-full wp-image-15373\" src=\"http:\/\/www.susannavaris.com\/blogg\/wp-content\/uploads\/2015\/10\/WP_20151009_13_08_57_Pro__highres-adj-50.jpg\" alt=\"WP_20151009_13_08_57_Pro__highres-adj-50\" width=\"1833\" height=\"2545\" srcset=\"http:\/\/www.susannavaris.com\/blogg\/wp-content\/uploads\/2015\/10\/WP_20151009_13_08_57_Pro__highres-adj-50.jpg 1833w, http:\/\/www.susannavaris.com\/blogg\/wp-content\/uploads\/2015\/10\/WP_20151009_13_08_57_Pro__highres-adj-50-216x300.jpg 216w, http:\/\/www.susannavaris.com\/blogg\/wp-content\/uploads\/2015\/10\/WP_20151009_13_08_57_Pro__highres-adj-50-738x1024.jpg 738w\" sizes=\"auto, (max-width: 1833px) 100vw, 1833px\" \/><\/a><\/p>\n<p>Eija bloggar f\u00f6rresten f\u00f6r Lantliv: <a href=\"http:\/\/www.lantliv.com\/category\/bloggar\/eija-norrfrid\/\">h\u00e4r\u00a0<\/a><\/p>\n<p>Instagram: <a href=\"https:\/\/instagram.com\/norrfridseija\/\">Norrfridseija<\/a><\/p>\n<p>Norrfrid g\u00e5rdsbutik p\u00e5 Facebook: <a href=\"https:\/\/www.facebook.com\/norrfridgard\">h\u00e4r<\/a><\/p>\n<p style=\"text-align: center;\"><a href=\"http:\/\/www.susannavaris.com\/blogg\/wp-content\/uploads\/2015\/10\/Eija_Kortesaari.jpg\"><img loading=\"lazy\" decoding=\"async\" class=\"aligncenter size-full wp-image-15374\" src=\"http:\/\/www.susannavaris.com\/blogg\/wp-content\/uploads\/2015\/10\/Eija_Kortesaari.jpg\" alt=\"Eija_Kortesaari\" width=\"1000\" height=\"341\" srcset=\"http:\/\/www.susannavaris.com\/blogg\/wp-content\/uploads\/2015\/10\/Eija_Kortesaari.jpg 1000w, http:\/\/www.susannavaris.com\/blogg\/wp-content\/uploads\/2015\/10\/Eija_Kortesaari-300x102.jpg 300w\" sizes=\"auto, (max-width: 1000px) 100vw, 1000px\" \/><\/a><a href=\"http:\/\/www.susannavaris.com\/blogg\/wp-content\/uploads\/2015\/10\/klovsta.jpg\"><img loading=\"lazy\" decoding=\"async\" class=\"aligncenter size-full wp-image-15375\" src=\"http:\/\/www.susannavaris.com\/blogg\/wp-content\/uploads\/2015\/10\/klovsta.jpg\" alt=\"klovsta\" width=\"670\" height=\"892\" srcset=\"http:\/\/www.susannavaris.com\/blogg\/wp-content\/uploads\/2015\/10\/klovsta.jpg 670w, http:\/\/www.susannavaris.com\/blogg\/wp-content\/uploads\/2015\/10\/klovsta-225x300.jpg 225w\" sizes=\"auto, (max-width: 670px) 100vw, 670px\" \/><\/a><em>Bild fr\u00e5n hagen i Klovsta. Foto: Eija Kortesaari\/Lantliv<\/em><\/p>\n","protected":false},"excerpt":{"rendered":"<p>Nu \u00e4r v\u00e5r frys full med ekologiskt och djurv\u00e4nligt producerat k\u00f6tt fr\u00e5n Klovsta Lantbruk och Rafnaslakt! Jag vill g\u00e4rna g\u00f6ra lite reklam f\u00f6r v\u00e5ra v\u00e4nner Eija och Mika Kortesaaris k\u00f6ttproduktion, d\u00e4r allt \u00e4r sm\u00e5skaligt, ekologiskt och mycket djurv\u00e4nligt. Maken till &hellip; <a href=\"http:\/\/www.susannavaris.com\/blogg\/2015\/10\/frysen-full-med-kott\/\">Forts\u00e4tt l\u00e4sa <span class=\"meta-nav\">&rarr;<\/span><\/a><\/p>\n","protected":false},"author":1,"featured_media":0,"comment_status":"open","ping_status":"open","sticky":false,"template":"","format":"standard","meta":{"footnotes":""},"categories":[1162],"tags":[2238,5025,5023,5024,5020,5026,5028,5022,2922,1177,5027,5021,5029],"class_list":["post-15371","post","type-post","status-publish","format-standard","hentry","category-kultur","tag-eko","tag-ekologisk","tag-ekologiskt-kott","tag-giftfritt","tag-klovsta","tag-kottlada","tag-kottproduktion","tag-lokalproducerat","tag-mat","tag-norrfrid","tag-norrfrid-gardsbutik","tag-notkott","tag-rafnaslakt"],"_links":{"self":[{"href":"http:\/\/www.susannavaris.com\/blogg\/wp-json\/wp\/v2\/posts\/15371","targetHints":{"allow":["GET"]}}],"collection":[{"href":"http:\/\/www.susannavaris.com\/blogg\/wp-json\/wp\/v2\/posts"}],"about":[{"href":"http:\/\/www.susannavaris.com\/blogg\/wp-json\/wp\/v2\/types\/post"}],"author":[{"embeddable":true,"href":"http:\/\/www.susannavaris.com\/blogg\/wp-json\/wp\/v2\/users\/1"}],"replies":[{"embeddable":true,"href":"http:\/\/www.susannavaris.com\/blogg\/wp-json\/wp\/v2\/comments?post=15371"}],"version-history":[{"count":1,"href":"http:\/\/www.susannavaris.com\/blogg\/wp-json\/wp\/v2\/posts\/15371\/revisions"}],"predecessor-version":[{"id":15376,"href":"http:\/\/www.susannavaris.com\/blogg\/wp-json\/wp\/v2\/posts\/15371\/revisions\/15376"}],"wp:attachment":[{"href":"http:\/\/www.susannavaris.com\/blogg\/wp-json\/wp\/v2\/media?parent=15371"}],"wp:term":[{"taxonomy":"category","embeddable":true,"href":"http:\/\/www.susannavaris.com\/blogg\/wp-json\/wp\/v2\/categories?post=15371"},{"taxonomy":"post_tag","embeddable":true,"href":"http:\/\/www.susannavaris.com\/blogg\/wp-json\/wp\/v2\/tags?post=15371"}],"curies":[{"name":"wp","href":"https:\/\/api.w.org\/{rel}","templated":true}]}}