{"id":1538,"date":"2011-07-25T21:29:32","date_gmt":"2011-07-25T19:29:32","guid":{"rendered":"http:\/\/www.susannavaris.com\/blogg\/?p=1538"},"modified":"2011-07-25T21:29:32","modified_gmt":"2011-07-25T19:29:32","slug":"dagens-collage","status":"publish","type":"post","link":"http:\/\/www.susannavaris.com\/blogg\/2011\/07\/dagens-collage\/","title":{"rendered":"Dagens collage"},"content":{"rendered":"<p>Ur n\u00e5gonstans, vem vet varifr\u00e5n, d\u00f6k blomsterflickan upp i mitt sinne och jag m\u00e5ste genast g\u00f6ra ett collage. Som jag tidigare skrivit, \u00e4r collagen ett bra s\u00e4tt att f\u00e5 ut n\u00e5gra av alla dessa figurer och id\u00e9:er snabbt. Ibland m\u00f6ts jag av att dessa verk inte betraktas som lika v\u00e4rdefulla som de helt och h\u00e5llet m\u00e5lade. Hantverket r\u00f6ner en stark uppskattning. F\u00f6r mig k\u00e4nns id\u00e9:en i sig mer intressant f\u00f6r det mesta. B\u00e5da delarna \u00e4r f\u00f6rst\u00e5s optimalt, men jag har helt enkelt inte tid nog att m\u00e5la allt som jag vill uttrycka. S\u00e5 \u00e4rade publikum f\u00e5r leva med mina collage som ett komplement, men \u00e4ven som verk i sig sj\u00e4lva. Om de \u00e4r bra eller d\u00e5liga l\u00e4mnar jag \u00e5t den som k\u00e4nner sig manad att bed\u00f6ma, jag hoppas och tror att jag fortfarande har utveckling framf\u00f6r mig&#8230;<\/p>\n<p>Men h\u00e4r, den senaste, Flowergirl:<\/p>\n<p><a href=\"http:\/\/www.susannavaris.com\/blogg\/wp-content\/uploads\/2011\/07\/Flowergirl-60-mixed-media-2011.jpg\"><img loading=\"lazy\" decoding=\"async\" class=\"aligncenter size-large wp-image-1540\" title=\"Flowergirl 60 mixed media 2011\" src=\"http:\/\/www.susannavaris.com\/blogg\/wp-content\/uploads\/2011\/07\/Flowergirl-60-mixed-media-2011-716x1024.jpg\" alt=\"\" width=\"640\" height=\"915\" srcset=\"http:\/\/www.susannavaris.com\/blogg\/wp-content\/uploads\/2011\/07\/Flowergirl-60-mixed-media-2011-716x1024.jpg 716w, http:\/\/www.susannavaris.com\/blogg\/wp-content\/uploads\/2011\/07\/Flowergirl-60-mixed-media-2011-209x300.jpg 209w, http:\/\/www.susannavaris.com\/blogg\/wp-content\/uploads\/2011\/07\/Flowergirl-60-mixed-media-2011.jpg 1677w\" sizes=\"auto, (max-width: 640px) 100vw, 640px\" \/><\/a><\/p>\n","protected":false},"excerpt":{"rendered":"<p>Ur n\u00e5gonstans, vem vet varifr\u00e5n, d\u00f6k blomsterflickan upp i mitt sinne och jag m\u00e5ste genast g\u00f6ra ett collage. Som jag tidigare skrivit, \u00e4r collagen ett bra s\u00e4tt att f\u00e5 ut n\u00e5gra av alla dessa figurer och id\u00e9:er snabbt. Ibland m\u00f6ts &hellip; <a href=\"http:\/\/www.susannavaris.com\/blogg\/2011\/07\/dagens-collage\/\">Forts\u00e4tt l\u00e4sa <span class=\"meta-nav\">&rarr;<\/span><\/a><\/p>\n","protected":false},"author":1,"featured_media":1540,"comment_status":"open","ping_status":"open","sticky":false,"template":"","format":"standard","meta":{"footnotes":""},"categories":[7,3,1],"tags":[164,466,314,103],"class_list":["post-1538","post","type-post","status-publish","format-standard","has-post-thumbnail","hentry","category-egna-verk","category-konst","category-okategoriserade","tag-collage","tag-flowergirl","tag-horror-art","tag-mixed-media"],"_links":{"self":[{"href":"http:\/\/www.susannavaris.com\/blogg\/wp-json\/wp\/v2\/posts\/1538","targetHints":{"allow":["GET"]}}],"collection":[{"href":"http:\/\/www.susannavaris.com\/blogg\/wp-json\/wp\/v2\/posts"}],"about":[{"href":"http:\/\/www.susannavaris.com\/blogg\/wp-json\/wp\/v2\/types\/post"}],"author":[{"embeddable":true,"href":"http:\/\/www.susannavaris.com\/blogg\/wp-json\/wp\/v2\/users\/1"}],"replies":[{"embeddable":true,"href":"http:\/\/www.susannavaris.com\/blogg\/wp-json\/wp\/v2\/comments?post=1538"}],"version-history":[{"count":2,"href":"http:\/\/www.susannavaris.com\/blogg\/wp-json\/wp\/v2\/posts\/1538\/revisions"}],"predecessor-version":[{"id":1542,"href":"http:\/\/www.susannavaris.com\/blogg\/wp-json\/wp\/v2\/posts\/1538\/revisions\/1542"}],"wp:featuredmedia":[{"embeddable":true,"href":"http:\/\/www.susannavaris.com\/blogg\/wp-json\/wp\/v2\/media\/1540"}],"wp:attachment":[{"href":"http:\/\/www.susannavaris.com\/blogg\/wp-json\/wp\/v2\/media?parent=1538"}],"wp:term":[{"taxonomy":"category","embeddable":true,"href":"http:\/\/www.susannavaris.com\/blogg\/wp-json\/wp\/v2\/categories?post=1538"},{"taxonomy":"post_tag","embeddable":true,"href":"http:\/\/www.susannavaris.com\/blogg\/wp-json\/wp\/v2\/tags?post=1538"}],"curies":[{"name":"wp","href":"https:\/\/api.w.org\/{rel}","templated":true}]}}