{"id":1544,"date":"2011-07-26T09:35:31","date_gmt":"2011-07-26T07:35:31","guid":{"rendered":"http:\/\/www.susannavaris.com\/blogg\/?p=1544"},"modified":"2011-09-01T11:27:38","modified_gmt":"2011-09-01T09:27:38","slug":"masjavlar","status":"publish","type":"post","link":"http:\/\/www.susannavaris.com\/blogg\/2011\/07\/masjavlar\/","title":{"rendered":"M\u00e5sj\u00e4vlar"},"content":{"rendered":"<p style=\"text-align: center;\"><a href=\"http:\/\/www.susannavaris.com\/blogg\/wp-content\/uploads\/2011\/07\/Silly-Things-I-crop-mixed-media-2011.jpg\"><img loading=\"lazy\" decoding=\"async\" class=\"aligncenter size-large wp-image-1545\" title=\"Silly Things I crop mixed media 2011\" src=\"http:\/\/www.susannavaris.com\/blogg\/wp-content\/uploads\/2011\/07\/Silly-Things-I-crop-mixed-media-2011-522x1024.jpg\" alt=\"\" width=\"522\" height=\"1024\" srcset=\"http:\/\/www.susannavaris.com\/blogg\/wp-content\/uploads\/2011\/07\/Silly-Things-I-crop-mixed-media-2011-522x1024.jpg 522w, http:\/\/www.susannavaris.com\/blogg\/wp-content\/uploads\/2011\/07\/Silly-Things-I-crop-mixed-media-2011-153x300.jpg 153w\" sizes=\"auto, (max-width: 522px) 100vw, 522px\" \/><\/a><em>Silly Things I mixed media 2011<\/em><\/p>\n<p>Jag tycks inte vara ensam om mina vederm\u00f6dor med m\u00e5sar. Carin St\u00e5hlberg skriver p\u00e5 Namn och Nytt i dagens DN:<\/p>\n<p>&#8221;En dag f\u00f6rra sommaren p\u00e5 v\u00e4g till jobbet i en annan del av staden d\u00f6k en fiskm\u00e5s ner p\u00e5 mitt huvud. Touchade h\u00e5ret. Dess unge irrade omkring p\u00e5 gatan 30-40 meter bort. Trafiken var livlig, m\u00e4nniskostr\u00f6mmen likas\u00e5 &#8211; och s\u00e5 tog han sikte p\u00e5 mig! Jag, en fredlig djurv\u00e4nlig typ. Till dess v\u00e4nligt inst\u00e4lld till fiskm\u00e5sar. Inte nu. Absolut inte nu.&#8221;<\/p>\n<p>F\u00f6r n\u00e5gra veckor sedan, i juni vill jag minnas, skrev \u00e4ven hennes kollega Bergius om liknande scenarier p\u00e5 Hantverkargatan. Han undrade \u00f6ver det kloka i att anl\u00e4gga bo mitt p\u00e5 ett h\u00f6gtrafikerat str\u00e5k i Stockholm. IQ fiskm\u00e5s \u00e4r ett i h\u00f6gsta grad relevant begrepp. IQ fiskpinne \u00e4r n\u00e4rmast en f\u00f6rol\u00e4mpning mot fiskpinnar.<\/p>\n<p>Utst\u00e4llningen &#8221;Anti-m\u00e5s&#8221; eller &#8221;Fuck the Seagulls&#8221; rycker allt n\u00e4rmare, nu n\u00e4r det verkligen verkar vara ett aktuellt tema och n\u00e5got som ber\u00f6r m\u00e5nga&#8230;<\/p>\n<p>Mitt tidigare inl\u00e4gg p\u00e5 tema m\u00e5s:<\/p>\n<p><a href=\"http:\/\/www.susannavaris.com\/blogg\/2011\/05\/venus-versus-mas\/\">http:\/\/www.susannavaris.com\/blogg\/2011\/05\/venus-versus-mas\/<\/a><\/p>\n","protected":false},"excerpt":{"rendered":"<p>Silly Things I mixed media 2011 Jag tycks inte vara ensam om mina vederm\u00f6dor med m\u00e5sar. Carin St\u00e5hlberg skriver p\u00e5 Namn och Nytt i dagens DN: &#8221;En dag f\u00f6rra sommaren p\u00e5 v\u00e4g till jobbet i en annan del av staden &hellip; <a href=\"http:\/\/www.susannavaris.com\/blogg\/2011\/07\/masjavlar\/\">Forts\u00e4tt l\u00e4sa <span class=\"meta-nav\">&rarr;<\/span><\/a><\/p>\n","protected":false},"author":1,"featured_media":1545,"comment_status":"open","ping_status":"open","sticky":false,"template":"","format":"standard","meta":{"footnotes":""},"categories":[7,3,589],"tags":[102,470,469,175,467,468,104,101],"class_list":["post-1544","post","type-post","status-publish","format-standard","has-post-thumbnail","hentry","category-egna-verk","category-konst","category-medier","tag-afrodite","tag-bergius","tag-carin-stahlberg","tag-dn","tag-fiskmas","tag-mas","tag-silly-things-i","tag-venus"],"_links":{"self":[{"href":"http:\/\/www.susannavaris.com\/blogg\/wp-json\/wp\/v2\/posts\/1544","targetHints":{"allow":["GET"]}}],"collection":[{"href":"http:\/\/www.susannavaris.com\/blogg\/wp-json\/wp\/v2\/posts"}],"about":[{"href":"http:\/\/www.susannavaris.com\/blogg\/wp-json\/wp\/v2\/types\/post"}],"author":[{"embeddable":true,"href":"http:\/\/www.susannavaris.com\/blogg\/wp-json\/wp\/v2\/users\/1"}],"replies":[{"embeddable":true,"href":"http:\/\/www.susannavaris.com\/blogg\/wp-json\/wp\/v2\/comments?post=1544"}],"version-history":[{"count":3,"href":"http:\/\/www.susannavaris.com\/blogg\/wp-json\/wp\/v2\/posts\/1544\/revisions"}],"predecessor-version":[{"id":2048,"href":"http:\/\/www.susannavaris.com\/blogg\/wp-json\/wp\/v2\/posts\/1544\/revisions\/2048"}],"wp:featuredmedia":[{"embeddable":true,"href":"http:\/\/www.susannavaris.com\/blogg\/wp-json\/wp\/v2\/media\/1545"}],"wp:attachment":[{"href":"http:\/\/www.susannavaris.com\/blogg\/wp-json\/wp\/v2\/media?parent=1544"}],"wp:term":[{"taxonomy":"category","embeddable":true,"href":"http:\/\/www.susannavaris.com\/blogg\/wp-json\/wp\/v2\/categories?post=1544"},{"taxonomy":"post_tag","embeddable":true,"href":"http:\/\/www.susannavaris.com\/blogg\/wp-json\/wp\/v2\/tags?post=1544"}],"curies":[{"name":"wp","href":"https:\/\/api.w.org\/{rel}","templated":true}]}}