{"id":15462,"date":"2015-10-22T10:46:53","date_gmt":"2015-10-22T08:46:53","guid":{"rendered":"http:\/\/www.susannavaris.com\/blogg\/?p=15462"},"modified":"2015-10-22T11:10:19","modified_gmt":"2015-10-22T09:10:19","slug":"ny-satir-idiothem-minneskortet","status":"publish","type":"post","link":"http:\/\/www.susannavaris.com\/blogg\/2015\/10\/ny-satir-idiothem-minneskortet\/","title":{"rendered":"Ny satir: Idiothem &#8211; &#8221;Minneskortet&#8221;"},"content":{"rendered":"<p>En ny satirgrupp vid namn Idiothem har sett dagens ljus och beg\u00e5r nu premi\u00e4r med sin f\u00f6rsta kortfilm &#8211; <em>Minneskortet<\/em>:<\/p>\n<p>https:\/\/www.youtube.com\/watch?v=PkVDw-27Xnk&#038;feature=youtu.be<\/p>\n<p>Idiothem finns \u00e4ven p\u00e5 Facebook: <a href=\"https:\/\/www.facebook.com\/idiothem?ref=profile\">Idiothem<\/a><\/p>\n","protected":false},"excerpt":{"rendered":"<p>En ny satirgrupp vid namn Idiothem har sett dagens ljus och beg\u00e5r nu premi\u00e4r med sin f\u00f6rsta kortfilm &#8211; Minneskortet: https:\/\/www.youtube.com\/watch?v=PkVDw-27Xnk&#038;feature=youtu.be Idiothem finns \u00e4ven p\u00e5 Facebook: Idiothem<\/p>\n","protected":false},"author":1,"featured_media":0,"comment_status":"open","ping_status":"open","sticky":false,"template":"","format":"standard","meta":{"footnotes":""},"categories":[181,9,4808,3358,1162,590],"tags":[4224,4900,5062,4016,5063,4875,5064,1462,4910,4225,637,3087],"class_list":["post-15462","post","type-post","status-publish","format-standard","hentry","category-feminism","category-film","category-humor","category-identitetspolitik","category-kultur","category-politik","tag-asiktskorridor","tag-feminism","tag-idiothem","tag-intersektionalism","tag-klipp","tag-kortfilm","tag-pelle-karlsson","tag-pk","tag-politik","tag-satir","tag-sd","tag-video"],"_links":{"self":[{"href":"http:\/\/www.susannavaris.com\/blogg\/wp-json\/wp\/v2\/posts\/15462","targetHints":{"allow":["GET"]}}],"collection":[{"href":"http:\/\/www.susannavaris.com\/blogg\/wp-json\/wp\/v2\/posts"}],"about":[{"href":"http:\/\/www.susannavaris.com\/blogg\/wp-json\/wp\/v2\/types\/post"}],"author":[{"embeddable":true,"href":"http:\/\/www.susannavaris.com\/blogg\/wp-json\/wp\/v2\/users\/1"}],"replies":[{"embeddable":true,"href":"http:\/\/www.susannavaris.com\/blogg\/wp-json\/wp\/v2\/comments?post=15462"}],"version-history":[{"count":3,"href":"http:\/\/www.susannavaris.com\/blogg\/wp-json\/wp\/v2\/posts\/15462\/revisions"}],"predecessor-version":[{"id":15465,"href":"http:\/\/www.susannavaris.com\/blogg\/wp-json\/wp\/v2\/posts\/15462\/revisions\/15465"}],"wp:attachment":[{"href":"http:\/\/www.susannavaris.com\/blogg\/wp-json\/wp\/v2\/media?parent=15462"}],"wp:term":[{"taxonomy":"category","embeddable":true,"href":"http:\/\/www.susannavaris.com\/blogg\/wp-json\/wp\/v2\/categories?post=15462"},{"taxonomy":"post_tag","embeddable":true,"href":"http:\/\/www.susannavaris.com\/blogg\/wp-json\/wp\/v2\/tags?post=15462"}],"curies":[{"name":"wp","href":"https:\/\/api.w.org\/{rel}","templated":true}]}}