{"id":15468,"date":"2015-11-02T17:55:39","date_gmt":"2015-11-02T16:55:39","guid":{"rendered":"http:\/\/www.susannavaris.com\/blogg\/?p=15468"},"modified":"2015-11-02T18:11:48","modified_gmt":"2015-11-02T17:11:48","slug":"upplosning","status":"publish","type":"post","link":"http:\/\/www.susannavaris.com\/blogg\/2015\/11\/upplosning\/","title":{"rendered":"Uppl\u00f6sning"},"content":{"rendered":"<p style=\"text-align: center;\"><a href=\"http:\/\/www.susannavaris.com\/blogg\/wp-content\/uploads\/2015\/11\/Caspar_David_Friedrich_-_A_Walk_at_Dusk_-_Google_Art_Project.jpg\"><img loading=\"lazy\" decoding=\"async\" class=\"aligncenter size-full wp-image-15470\" src=\"http:\/\/www.susannavaris.com\/blogg\/wp-content\/uploads\/2015\/11\/Caspar_David_Friedrich_-_A_Walk_at_Dusk_-_Google_Art_Project.jpg\" alt=\"Caspar_David_Friedrich_-_A_Walk_at_Dusk_-_Google_Art_Project\" width=\"4281\" height=\"3267\" srcset=\"http:\/\/www.susannavaris.com\/blogg\/wp-content\/uploads\/2015\/11\/Caspar_David_Friedrich_-_A_Walk_at_Dusk_-_Google_Art_Project.jpg 4281w, http:\/\/www.susannavaris.com\/blogg\/wp-content\/uploads\/2015\/11\/Caspar_David_Friedrich_-_A_Walk_at_Dusk_-_Google_Art_Project-300x229.jpg 300w, http:\/\/www.susannavaris.com\/blogg\/wp-content\/uploads\/2015\/11\/Caspar_David_Friedrich_-_A_Walk_at_Dusk_-_Google_Art_Project-1024x781.jpg 1024w\" sizes=\"auto, (max-width: 4281px) 100vw, 4281px\" \/><\/a><em><strong>Caspar David Friedrich<\/strong>, &#8221;A Walk at Dusk&#8221;<\/em><\/p>\n<p>&#8221;L\u00e5t det vara bara&#8230;&#8221;<\/p>\n<p>&#8221;Nej, men det&#8230;&#8221;<\/p>\n<p>Jag s\u00e4ger inte mera. F\u00f6r man kan inte bara strunta i den flottiga p\u00f6len som bildas i diskhon. Och i den andra. Det g\u00e5r ju inte att strunta i att han inte kan g\u00f6ra n\u00e5gonting p\u00e5 diskb\u00e4nken. Hur ska han eller hemtj\u00e4nsten diska? Ska han sk\u00f6lja frukterna p\u00e5 badrummet ist\u00e4llet? Nej, det g\u00e5r ju inte. Men i hans v\u00e4rld g\u00e5r det alldeles utm\u00e4rkt att inte bry sig om att r\u00f6ren under diskhon \u00e4r igensatta. S\u00e5 jag h\u00e4ller i kaustik soda. Sedan g\u00e5r jag den promenad jag egentligen skulle till. Jag hade ju bara kommit f\u00f6rbi f\u00f6r att l\u00e4mna lite f\u00e4rdigmatsportioner s\u00e5 att han har n\u00e5got varmt att \u00e4ta. Han lagar knappt n\u00e5gon mat l\u00e4ngre. Han som var en bra kock.<\/p>\n<p>P\u00e5 v\u00e4gen hem g\u00e5r jag f\u00f6rbi aff\u00e4ren igen: hur hade han det med toapapper&#8230;? Eller tandkr\u00e4m&#8230;? Jag k\u00f6per toapapper, deo och tandkr\u00e4m. Han hade fem paket skivad skinka och fem l\u00e5dor sm\u00e5 tomater, d\u00e4r den understa bara inneh\u00f6ll djupr\u00f6da, russinlika. Tre h\u00e5rdostar ocks\u00e5. Och en hel del f\u00f6rpackningar med mer eller mindre m\u00f6gligt inneh\u00e5ll. Jag rensade och putsade i kylsk\u00e5pet. Och jag k\u00f6per tre f\u00f6rpackningar med det h\u00e5rda tunnbr\u00f6d han tycker om.<\/p>\n<p>Jag har b\u00f6rjat f\u00e5 in en rutin nu. Kolla alla platser f\u00f6r viktiga papper efter r\u00e4kningar, l\u00e4kartider och annat som m\u00e5ste hanteras. Kolla s\u00e5 att allt ser ok ut \u00f6verlag. Kolla in i f\u00f6rr\u00e5det efter \u00e5tervinning. Plocka bort gamla fruktrester och annat fr\u00e5n borden. Putsa det som beh\u00f6vs och plocka ut gammal mat. Sl\u00e4ng och \u00e5tervinn.<\/p>\n<p>Och rutinen \u00e4r v\u00e4l en sak, det \u00e4r de of\u00f6rberedda sakerna jag inte klarar av. Det \u00e4r som att st\u00e4ndigt g\u00e5 i ett sp\u00f6khus d\u00e4r det ramlar ut skelett fr\u00e5n v\u00e4ggarna. Det g\u00e5r inte att strunta i att andra v\u00e4skan inom en vecka \u00e4r borta&#8230;fanns det n\u00e5got som n\u00e5gon kan utnyttja i dem? Det g\u00e5r inte att strunta i att sjukv\u00e5rden pl\u00f6tsligt menar att man kanske utsatts p\u00e5 tbc-smitta och m\u00e5ste infinna sig f\u00f6r provtagning. Innan han har kommit ner till t\u00e5gstationen med bussen har han gl\u00f6mt att det var dit hans skulle och \u00e5ker ner till stan ist\u00e4llet. F\u00f6r att inte tala om hur om\u00f6jligt det vore f\u00f6r honom att orientera sig p\u00e5 ett nytt st\u00e4lle i det j\u00e4ttekomplex som heter Karolinska Institutet. Allts\u00e5 m\u00e5ste man f\u00f6lja med. Utan bil och k\u00f6rkort blir det en halvdag.<\/p>\n<p>Kaustik sodan hj\u00e4lpte f\u00f6rst\u00e5s inte. Vi fick plocka is\u00e4r r\u00f6ren, rensa, putsa badkaret efter\u00e5t och den flottiga p\u00f6len bara bestod. Trots Allehelgona fanns det som tur var en fastighetsjour och jag f\u00f6ruts\u00e4tter att stoppet \u00e4r fixat nu. Fast riktigt s\u00e4kert kan det aldrig vara. Polisen skulle ju ha ringt och sagt att de hittat hans pl\u00e5nbok. Ber\u00e4ttade kass\u00f6rskan p\u00e5 livsmedelsbutiken d\u00e4r han i somras ramlade ihop och hamnade p\u00e5 sjukhus. Eller var det bara s\u00e5 att jag hade sagt att jag anm\u00e4lt den f\u00f6rsvunna pl\u00e5nboken?<\/p>\n<p>Eller hur var det den dagen d\u00e5 han ringde och beklagade sig \u00f6ver att han inte hade n\u00e5gon almanacka? F\u00f6r att han inte kunde se hur bussarna gick. Skulle han \u00e5ka n\u00e5gonstans just d\u00e5&#8230;han hade ju tidigare samma dag sagt att han varit nere p\u00e5 stan och sen hade det varit sjukgymnastik ocks\u00e5&#8230;? Efter en stund kom vi fram till att det kanske inte alls var det han ville f\u00e5 fram. Men vad det var vet vi inte \u00e4n. Jag gissar p\u00e5 den f\u00f6rsvunna pl\u00e5nboken.<\/p>\n<p>En v\u00e4ska lyckades jag efter lite detektivarbete lokalisera till en specifik taxibil och n\u00e5gon dag efter kunde jag springa ner till bussh\u00e5llplatsen f\u00f6r att ta emot den kvargl\u00f6mda pinalen fr\u00e5n taxichauff\u00f6ren. Det var tyv\u00e4rr inte den som inneh\u00e5llit pl\u00e5nboken.<\/p>\n<p>Jag ser honom fragmenteras. Vissa bitar faller helt bort, andra kan glimra till ibland eller kanske bara fl\u00e4mta till lite svagt. Den skarpa blicken har trubbats av och blivit tom. En del av hans jag \u00e4r borta. Den jag k\u00e4nde \u00e4r nu n\u00e5gon annan. Men ibland&#8230;ibland sveper det gamla jaget f\u00f6rbi. Korta stunder d\u00e5 det pl\u00f6tsligt \u00e4r som f\u00f6rr. Min v\u00e4n \u00e4r nu p\u00e5 en f\u00e4rd som inte g\u00e5r att v\u00e4nda.<\/p>\n","protected":false},"excerpt":{"rendered":"<p>Caspar David Friedrich, &#8221;A Walk at Dusk&#8221; &#8221;L\u00e5t det vara bara&#8230;&#8221; &#8221;Nej, men det&#8230;&#8221; Jag s\u00e4ger inte mera. F\u00f6r man kan inte bara strunta i den flottiga p\u00f6len som bildas i diskhon. Och i den andra. Det g\u00e5r ju inte &hellip; <a href=\"http:\/\/www.susannavaris.com\/blogg\/2015\/11\/upplosning\/\">Forts\u00e4tt l\u00e4sa <span class=\"meta-nav\">&rarr;<\/span><\/a><\/p>\n","protected":false},"author":1,"featured_media":0,"comment_status":"open","ping_status":"open","sticky":false,"template":"","format":"standard","meta":{"footnotes":""},"categories":[1],"tags":[5067,5065,458,5066,5069,5070,5068,2849],"class_list":["post-15468","post","type-post","status-publish","format-standard","hentry","category-okategoriserade","tag-aldrande","tag-alzheimer","tag-caspar-david-friedrich","tag-demens","tag-hjarnan","tag-kognitiv-storning","tag-minnet","tag-sjukdom"],"_links":{"self":[{"href":"http:\/\/www.susannavaris.com\/blogg\/wp-json\/wp\/v2\/posts\/15468","targetHints":{"allow":["GET"]}}],"collection":[{"href":"http:\/\/www.susannavaris.com\/blogg\/wp-json\/wp\/v2\/posts"}],"about":[{"href":"http:\/\/www.susannavaris.com\/blogg\/wp-json\/wp\/v2\/types\/post"}],"author":[{"embeddable":true,"href":"http:\/\/www.susannavaris.com\/blogg\/wp-json\/wp\/v2\/users\/1"}],"replies":[{"embeddable":true,"href":"http:\/\/www.susannavaris.com\/blogg\/wp-json\/wp\/v2\/comments?post=15468"}],"version-history":[{"count":4,"href":"http:\/\/www.susannavaris.com\/blogg\/wp-json\/wp\/v2\/posts\/15468\/revisions"}],"predecessor-version":[{"id":15473,"href":"http:\/\/www.susannavaris.com\/blogg\/wp-json\/wp\/v2\/posts\/15468\/revisions\/15473"}],"wp:attachment":[{"href":"http:\/\/www.susannavaris.com\/blogg\/wp-json\/wp\/v2\/media?parent=15468"}],"wp:term":[{"taxonomy":"category","embeddable":true,"href":"http:\/\/www.susannavaris.com\/blogg\/wp-json\/wp\/v2\/categories?post=15468"},{"taxonomy":"post_tag","embeddable":true,"href":"http:\/\/www.susannavaris.com\/blogg\/wp-json\/wp\/v2\/tags?post=15468"}],"curies":[{"name":"wp","href":"https:\/\/api.w.org\/{rel}","templated":true}]}}