{"id":1548,"date":"2011-07-26T23:39:39","date_gmt":"2011-07-26T21:39:39","guid":{"rendered":"http:\/\/www.susannavaris.com\/blogg\/?p=1548"},"modified":"2011-07-27T14:43:40","modified_gmt":"2011-07-27T12:43:40","slug":"bloggevent-pa-galleri-angel","status":"publish","type":"post","link":"http:\/\/www.susannavaris.com\/blogg\/2011\/07\/bloggevent-pa-galleri-angel\/","title":{"rendered":"Bloggevent p\u00e5 Galleri \u00c4ngel"},"content":{"rendered":"<p style=\"text-align: center;\"><a href=\"http:\/\/www.susannavaris.com\/blogg\/wp-content\/uploads\/2011\/07\/2011juli-020.jpg\"><img loading=\"lazy\" decoding=\"async\" class=\"aligncenter size-large wp-image-1549\" title=\"2011juli 020\" src=\"http:\/\/www.susannavaris.com\/blogg\/wp-content\/uploads\/2011\/07\/2011juli-020-768x1024.jpg\" alt=\"\" width=\"640\" height=\"853\" srcset=\"http:\/\/www.susannavaris.com\/blogg\/wp-content\/uploads\/2011\/07\/2011juli-020-768x1024.jpg 768w, http:\/\/www.susannavaris.com\/blogg\/wp-content\/uploads\/2011\/07\/2011juli-020-225x300.jpg 225w\" sizes=\"auto, (max-width: 640px) 100vw, 640px\" \/><\/a><em>Det har regnat inatt&#8230;<\/em><\/p>\n<p style=\"text-align: center;\"><a href=\"http:\/\/www.susannavaris.com\/blogg\/wp-content\/uploads\/2011\/07\/2011juli-022.jpg\"><img loading=\"lazy\" decoding=\"async\" class=\"aligncenter size-large wp-image-1550\" title=\"2011juli 022\" src=\"http:\/\/www.susannavaris.com\/blogg\/wp-content\/uploads\/2011\/07\/2011juli-022-768x1024.jpg\" alt=\"\" width=\"640\" height=\"853\" srcset=\"http:\/\/www.susannavaris.com\/blogg\/wp-content\/uploads\/2011\/07\/2011juli-022-768x1024.jpg 768w, http:\/\/www.susannavaris.com\/blogg\/wp-content\/uploads\/2011\/07\/2011juli-022-225x300.jpg 225w\" sizes=\"auto, (max-width: 640px) 100vw, 640px\" \/><\/a><\/p>\n<p>F\u00f6rmiddag skiss f\u00f6r kommande portr\u00e4tt. Lunch, liten promenad och till kv\u00e4llen \u00e5kte vi in till Stockholm f\u00f6r att delta i ett evenemang, ett mini-bloggevent p\u00e5 Galleri \u00c4ngel i Gamla stan. F\u00f6rsta g\u00e5ngen i Stockholm p\u00e5 sex (!?) veckor&#8230;tiden flyger iv\u00e4g. Nu b\u00f6rjar jag n\u00e4stan vara mig sj\u00e4lv igen efter operationen och det k\u00e4nns bra.<\/p>\n<p style=\"text-align: center;\"><a href=\"http:\/\/www.susannavaris.com\/blogg\/wp-content\/uploads\/2011\/07\/11072610-60.jpg\"><img loading=\"lazy\" decoding=\"async\" class=\"aligncenter size-large wp-image-1551\" title=\"11072610-60\" src=\"http:\/\/www.susannavaris.com\/blogg\/wp-content\/uploads\/2011\/07\/11072610-60-682x1024.jpg\" alt=\"\" width=\"640\" height=\"960\" srcset=\"http:\/\/www.susannavaris.com\/blogg\/wp-content\/uploads\/2011\/07\/11072610-60-682x1024.jpg 682w, http:\/\/www.susannavaris.com\/blogg\/wp-content\/uploads\/2011\/07\/11072610-60-199x300.jpg 199w, http:\/\/www.susannavaris.com\/blogg\/wp-content\/uploads\/2011\/07\/11072610-60.jpg 1843w\" sizes=\"auto, (max-width: 640px) 100vw, 640px\" \/><\/a><em>Galleri \u00c4ngel, V\u00e4sterl\u00e5nggatan 65, Stockholm<\/em><\/p>\n<p>Kv\u00e4llens evenemang anordnades av Cool PR och Janne Siponen och jag hade ingen aning om vad som v\u00e4ntade mer \u00e4n att det var konst av n\u00e5got slag.<\/p>\n<p>Konstn\u00e4rinnan som st\u00e4ller ut heter Magdalena Borkowska och hennes konst \u00e4r f\u00e4rgstark, explosiv&#8230;cool. Jag hittade referenser till Dal\u00ed, Mir\u00f2, Kandinsky&#8230;kanske lite Chagall. Fotorealistiska f\u00e4lt mixade med f\u00e4rgstarka, mer graffitti-liknande. Som graffitti inspirerat av ovan n\u00e4mnda konstn\u00e4rer och en del annat. \u00a0H\u00e4ftigt!<\/p>\n<p style=\"text-align: center;\"><a href=\"http:\/\/www.susannavaris.com\/blogg\/wp-content\/uploads\/2011\/07\/11072601-60.jpg\"><img loading=\"lazy\" decoding=\"async\" class=\"aligncenter size-large wp-image-1552\" title=\"11072601-60\" src=\"http:\/\/www.susannavaris.com\/blogg\/wp-content\/uploads\/2011\/07\/11072601-60-1024x682.jpg\" alt=\"\" width=\"640\" height=\"426\" srcset=\"http:\/\/www.susannavaris.com\/blogg\/wp-content\/uploads\/2011\/07\/11072601-60-1024x682.jpg 1024w, http:\/\/www.susannavaris.com\/blogg\/wp-content\/uploads\/2011\/07\/11072601-60-300x199.jpg 300w\" sizes=\"auto, (max-width: 640px) 100vw, 640px\" \/><\/a><a href=\"http:\/\/www.susannavaris.com\/blogg\/wp-content\/uploads\/2011\/07\/11072603-60.jpg\"><img loading=\"lazy\" decoding=\"async\" class=\"aligncenter size-large wp-image-1553\" title=\"11072603-60\" src=\"http:\/\/www.susannavaris.com\/blogg\/wp-content\/uploads\/2011\/07\/11072603-60-1024x682.jpg\" alt=\"\" width=\"640\" height=\"426\" srcset=\"http:\/\/www.susannavaris.com\/blogg\/wp-content\/uploads\/2011\/07\/11072603-60-1024x682.jpg 1024w, http:\/\/www.susannavaris.com\/blogg\/wp-content\/uploads\/2011\/07\/11072603-60-300x199.jpg 300w\" sizes=\"auto, (max-width: 640px) 100vw, 640px\" \/><\/a><a href=\"http:\/\/www.susannavaris.com\/blogg\/wp-content\/uploads\/2011\/07\/11072604-60.jpg\"><img loading=\"lazy\" decoding=\"async\" class=\"aligncenter size-large wp-image-1554\" title=\"11072604-60\" src=\"http:\/\/www.susannavaris.com\/blogg\/wp-content\/uploads\/2011\/07\/11072604-60-682x1024.jpg\" alt=\"\" width=\"640\" height=\"960\" srcset=\"http:\/\/www.susannavaris.com\/blogg\/wp-content\/uploads\/2011\/07\/11072604-60-682x1024.jpg 682w, http:\/\/www.susannavaris.com\/blogg\/wp-content\/uploads\/2011\/07\/11072604-60-199x300.jpg 199w, http:\/\/www.susannavaris.com\/blogg\/wp-content\/uploads\/2011\/07\/11072604-60.jpg 1843w\" sizes=\"auto, (max-width: 640px) 100vw, 640px\" \/><\/a><em>Ett sj\u00e4lvportr\u00e4tt?<\/em><\/p>\n<p style=\"text-align: center;\"><a href=\"http:\/\/www.susannavaris.com\/blogg\/wp-content\/uploads\/2011\/07\/11072605-60.jpg\"><img loading=\"lazy\" decoding=\"async\" class=\"aligncenter size-large wp-image-1555\" title=\"11072605-60\" src=\"http:\/\/www.susannavaris.com\/blogg\/wp-content\/uploads\/2011\/07\/11072605-60-682x1024.jpg\" alt=\"\" width=\"640\" height=\"960\" srcset=\"http:\/\/www.susannavaris.com\/blogg\/wp-content\/uploads\/2011\/07\/11072605-60-682x1024.jpg 682w, http:\/\/www.susannavaris.com\/blogg\/wp-content\/uploads\/2011\/07\/11072605-60-199x300.jpg 199w, http:\/\/www.susannavaris.com\/blogg\/wp-content\/uploads\/2011\/07\/11072605-60.jpg 1843w\" sizes=\"auto, (max-width: 640px) 100vw, 640px\" \/><\/a><em>Konstn\u00e4rinnan och dotter?<\/em><\/p>\n<p style=\"text-align: center;\"><a href=\"http:\/\/www.susannavaris.com\/blogg\/wp-content\/uploads\/2011\/07\/11072606-60.jpg\"><img loading=\"lazy\" decoding=\"async\" class=\"aligncenter size-large wp-image-1556\" title=\"11072606-60\" src=\"http:\/\/www.susannavaris.com\/blogg\/wp-content\/uploads\/2011\/07\/11072606-60-682x1024.jpg\" alt=\"\" width=\"640\" height=\"960\" srcset=\"http:\/\/www.susannavaris.com\/blogg\/wp-content\/uploads\/2011\/07\/11072606-60-682x1024.jpg 682w, http:\/\/www.susannavaris.com\/blogg\/wp-content\/uploads\/2011\/07\/11072606-60-199x300.jpg 199w, http:\/\/www.susannavaris.com\/blogg\/wp-content\/uploads\/2011\/07\/11072606-60.jpg 1843w\" sizes=\"auto, (max-width: 640px) 100vw, 640px\" \/><\/a><a href=\"http:\/\/www.susannavaris.com\/blogg\/wp-content\/uploads\/2011\/07\/11072607-60.jpg\"><img loading=\"lazy\" decoding=\"async\" class=\"aligncenter size-large wp-image-1557\" title=\"11072607-60\" src=\"http:\/\/www.susannavaris.com\/blogg\/wp-content\/uploads\/2011\/07\/11072607-60-1024x682.jpg\" alt=\"\" width=\"640\" height=\"426\" srcset=\"http:\/\/www.susannavaris.com\/blogg\/wp-content\/uploads\/2011\/07\/11072607-60-1024x682.jpg 1024w, http:\/\/www.susannavaris.com\/blogg\/wp-content\/uploads\/2011\/07\/11072607-60-300x199.jpg 300w\" sizes=\"auto, (max-width: 640px) 100vw, 640px\" \/><\/a><a href=\"http:\/\/www.susannavaris.com\/blogg\/wp-content\/uploads\/2011\/07\/11072608-60.jpg\"><img loading=\"lazy\" decoding=\"async\" class=\"aligncenter size-large wp-image-1558\" title=\"11072608-60\" src=\"http:\/\/www.susannavaris.com\/blogg\/wp-content\/uploads\/2011\/07\/11072608-60-682x1024.jpg\" alt=\"\" width=\"640\" height=\"960\" srcset=\"http:\/\/www.susannavaris.com\/blogg\/wp-content\/uploads\/2011\/07\/11072608-60-682x1024.jpg 682w, http:\/\/www.susannavaris.com\/blogg\/wp-content\/uploads\/2011\/07\/11072608-60-199x300.jpg 199w, http:\/\/www.susannavaris.com\/blogg\/wp-content\/uploads\/2011\/07\/11072608-60.jpg 1843w\" sizes=\"auto, (max-width: 640px) 100vw, 640px\" \/><\/a><a href=\"http:\/\/www.susannavaris.com\/blogg\/wp-content\/uploads\/2011\/07\/11072609-60.jpg\"><img loading=\"lazy\" decoding=\"async\" class=\"aligncenter size-large wp-image-1559\" title=\"11072609-60\" src=\"http:\/\/www.susannavaris.com\/blogg\/wp-content\/uploads\/2011\/07\/11072609-60-682x1024.jpg\" alt=\"\" width=\"640\" height=\"960\" srcset=\"http:\/\/www.susannavaris.com\/blogg\/wp-content\/uploads\/2011\/07\/11072609-60-682x1024.jpg 682w, http:\/\/www.susannavaris.com\/blogg\/wp-content\/uploads\/2011\/07\/11072609-60-199x300.jpg 199w, http:\/\/www.susannavaris.com\/blogg\/wp-content\/uploads\/2011\/07\/11072609-60.jpg 1843w\" sizes=\"auto, (max-width: 640px) 100vw, 640px\" \/><\/a><em>Janne Siponen och Magdalena Borkowska<\/em><\/p>\n<p style=\"text-align: center;\"><a href=\"http:\/\/www.nattstad.se\/janne.siponen\">http:\/\/www.nattstad.se\/janne.siponen<\/a><\/p>\n<p style=\"text-align: center;\"><a href=\"http:\/\/www.susannavaris.com\/blogg\/wp-content\/uploads\/2011\/07\/nattstad01.jpg\"><img loading=\"lazy\" decoding=\"async\" class=\"aligncenter size-full wp-image-1571\" title=\"nattstad01\" src=\"http:\/\/www.susannavaris.com\/blogg\/wp-content\/uploads\/2011\/07\/nattstad01.jpg\" alt=\"\" width=\"728\" height=\"487\" srcset=\"http:\/\/www.susannavaris.com\/blogg\/wp-content\/uploads\/2011\/07\/nattstad01.jpg 728w, http:\/\/www.susannavaris.com\/blogg\/wp-content\/uploads\/2011\/07\/nattstad01-300x200.jpg 300w\" sizes=\"auto, (max-width: 728px) 100vw, 728px\" \/><\/a><em>Ulf Holm\u00e9n och jag. Bild fr\u00e5n Nattstad.se<\/em><\/p>\n<p style=\"text-align: center;\"><a href=\"http:\/\/www.susannavaris.com\/blogg\/wp-content\/uploads\/2011\/07\/11072611-60.jpg\"><img loading=\"lazy\" decoding=\"async\" class=\"aligncenter size-large wp-image-1560\" title=\"11072611-60\" src=\"http:\/\/www.susannavaris.com\/blogg\/wp-content\/uploads\/2011\/07\/11072611-60-682x1024.jpg\" alt=\"\" width=\"640\" height=\"960\" srcset=\"http:\/\/www.susannavaris.com\/blogg\/wp-content\/uploads\/2011\/07\/11072611-60-682x1024.jpg 682w, http:\/\/www.susannavaris.com\/blogg\/wp-content\/uploads\/2011\/07\/11072611-60-199x300.jpg 199w, http:\/\/www.susannavaris.com\/blogg\/wp-content\/uploads\/2011\/07\/11072611-60.jpg 1843w\" sizes=\"auto, (max-width: 640px) 100vw, 640px\" \/><\/a><em>Fikapaus p\u00e5 hemv\u00e4gen<\/em><\/p>\n<p style=\"text-align: center;\"><a href=\"http:\/\/www.susannavaris.com\/blogg\/wp-content\/uploads\/2011\/07\/11072612-60.jpg\"><img loading=\"lazy\" decoding=\"async\" class=\"aligncenter size-large wp-image-1561\" title=\"11072612-60\" src=\"http:\/\/www.susannavaris.com\/blogg\/wp-content\/uploads\/2011\/07\/11072612-60-1024x682.jpg\" alt=\"\" width=\"640\" height=\"426\" srcset=\"http:\/\/www.susannavaris.com\/blogg\/wp-content\/uploads\/2011\/07\/11072612-60-1024x682.jpg 1024w, http:\/\/www.susannavaris.com\/blogg\/wp-content\/uploads\/2011\/07\/11072612-60-300x199.jpg 300w\" sizes=\"auto, (max-width: 640px) 100vw, 640px\" \/><\/a><em>Alltid roligt med goodiebag!<\/em><\/p>\n<p style=\"text-align: center;\"><a href=\"http:\/\/www.susannavaris.com\/blogg\/wp-content\/uploads\/2011\/07\/2011juli-026.jpg\"><img loading=\"lazy\" decoding=\"async\" class=\"aligncenter size-large wp-image-1562\" title=\"2011juli 026\" src=\"http:\/\/www.susannavaris.com\/blogg\/wp-content\/uploads\/2011\/07\/2011juli-026-768x1024.jpg\" alt=\"\" width=\"640\" height=\"853\" srcset=\"http:\/\/www.susannavaris.com\/blogg\/wp-content\/uploads\/2011\/07\/2011juli-026-768x1024.jpg 768w, http:\/\/www.susannavaris.com\/blogg\/wp-content\/uploads\/2011\/07\/2011juli-026-225x300.jpg 225w\" sizes=\"auto, (max-width: 640px) 100vw, 640px\" \/><\/a><em>Hemma p\u00e5 balkongen&#8230;<\/em><\/p>\n<p style=\"text-align: center;\">Det var s\u00e5\u00e5 sk\u00f6nt att \u00e4ntligen kunna komma lite l\u00e4ngre \u00e4n balkongen, aff\u00e4ren eller maximalt sm\u00e5 promenader. Det g\u00e5r verkligen fram\u00e5t med kroppen nu. Roligt event var det ocks\u00e5! Mycket godsaker och mycket folk&#8230;i en mycket varm lokal.<\/p>\n","protected":false},"excerpt":{"rendered":"<p>Det har regnat inatt&#8230; F\u00f6rmiddag skiss f\u00f6r kommande portr\u00e4tt. Lunch, liten promenad och till kv\u00e4llen \u00e5kte vi in till Stockholm f\u00f6r att delta i ett evenemang, ett mini-bloggevent p\u00e5 Galleri \u00c4ngel i Gamla stan. F\u00f6rsta g\u00e5ngen i Stockholm p\u00e5 sex &hellip; <a href=\"http:\/\/www.susannavaris.com\/blogg\/2011\/07\/bloggevent-pa-galleri-angel\/\">Forts\u00e4tt l\u00e4sa <span class=\"meta-nav\">&rarr;<\/span><\/a><\/p>\n","protected":false},"author":1,"featured_media":1559,"comment_status":"open","ping_status":"open","sticky":false,"template":"","format":"standard","meta":{"footnotes":""},"categories":[3,1,4],"tags":[473,471,95,474,17,472,475,476],"class_list":["post-1548","post","type-post","status-publish","format-standard","has-post-thumbnail","hentry","category-konst","category-okategoriserade","category-utstallning","tag-cool-pr","tag-galleri-angel","tag-gamla-stan","tag-janne-siponen","tag-konst-2","tag-magdalena-borkowska","tag-vasterlanggatan","tag-vernissage"],"_links":{"self":[{"href":"http:\/\/www.susannavaris.com\/blogg\/wp-json\/wp\/v2\/posts\/1548","targetHints":{"allow":["GET"]}}],"collection":[{"href":"http:\/\/www.susannavaris.com\/blogg\/wp-json\/wp\/v2\/posts"}],"about":[{"href":"http:\/\/www.susannavaris.com\/blogg\/wp-json\/wp\/v2\/types\/post"}],"author":[{"embeddable":true,"href":"http:\/\/www.susannavaris.com\/blogg\/wp-json\/wp\/v2\/users\/1"}],"replies":[{"embeddable":true,"href":"http:\/\/www.susannavaris.com\/blogg\/wp-json\/wp\/v2\/comments?post=1548"}],"version-history":[{"count":6,"href":"http:\/\/www.susannavaris.com\/blogg\/wp-json\/wp\/v2\/posts\/1548\/revisions"}],"predecessor-version":[{"id":1575,"href":"http:\/\/www.susannavaris.com\/blogg\/wp-json\/wp\/v2\/posts\/1548\/revisions\/1575"}],"wp:featuredmedia":[{"embeddable":true,"href":"http:\/\/www.susannavaris.com\/blogg\/wp-json\/wp\/v2\/media\/1559"}],"wp:attachment":[{"href":"http:\/\/www.susannavaris.com\/blogg\/wp-json\/wp\/v2\/media?parent=1548"}],"wp:term":[{"taxonomy":"category","embeddable":true,"href":"http:\/\/www.susannavaris.com\/blogg\/wp-json\/wp\/v2\/categories?post=1548"},{"taxonomy":"post_tag","embeddable":true,"href":"http:\/\/www.susannavaris.com\/blogg\/wp-json\/wp\/v2\/tags?post=1548"}],"curies":[{"name":"wp","href":"https:\/\/api.w.org\/{rel}","templated":true}]}}