{"id":15496,"date":"2015-11-12T18:10:19","date_gmt":"2015-11-12T17:10:19","guid":{"rendered":"http:\/\/www.susannavaris.com\/blogg\/?p=15496"},"modified":"2015-11-12T18:11:37","modified_gmt":"2015-11-12T17:11:37","slug":"balmain-och-hm","status":"publish","type":"post","link":"http:\/\/www.susannavaris.com\/blogg\/2015\/11\/balmain-och-hm\/","title":{"rendered":"Balmain och HM"},"content":{"rendered":"<p>Jag lyckades slinka igenom vid ett obevakat \u00f6gonblick p\u00e5 HM.s hemsida och roffa \u00e5t mig tv\u00e5 av de \u00fcbersnygga handv\u00e4skorna som ingick i HM:s samarbete med Balmain. Det gick n\u00e4mligen inte att komma in p\u00e5 sidan mellan 10, d\u00e5 kollektionen sl\u00e4pptes och 13.40, d\u00e5 jag till sist fick n\u00e5gon tursam slot. Idag kunde jag \u00e4ntligen h\u00e4mta dem p\u00e5 posten!<\/p>\n<p style=\"text-align: center;\"><a href=\"http:\/\/www.susannavaris.com\/blogg\/wp-content\/uploads\/2015\/11\/DSC_0070-50.jpg\"><img loading=\"lazy\" decoding=\"async\" class=\"aligncenter size-full wp-image-15497\" src=\"http:\/\/www.susannavaris.com\/blogg\/wp-content\/uploads\/2015\/11\/DSC_0070-50.jpg\" alt=\"DSC_0070-50\" width=\"1719\" height=\"1417\" srcset=\"http:\/\/www.susannavaris.com\/blogg\/wp-content\/uploads\/2015\/11\/DSC_0070-50.jpg 1719w, http:\/\/www.susannavaris.com\/blogg\/wp-content\/uploads\/2015\/11\/DSC_0070-50-300x247.jpg 300w, http:\/\/www.susannavaris.com\/blogg\/wp-content\/uploads\/2015\/11\/DSC_0070-50-1024x844.jpg 1024w\" sizes=\"auto, (max-width: 1719px) 100vw, 1719px\" \/><\/a> <a href=\"http:\/\/www.susannavaris.com\/blogg\/wp-content\/uploads\/2015\/11\/DSC_0071-crop.jpg\"><img loading=\"lazy\" decoding=\"async\" class=\"aligncenter size-full wp-image-15498\" src=\"http:\/\/www.susannavaris.com\/blogg\/wp-content\/uploads\/2015\/11\/DSC_0071-crop.jpg\" alt=\"DSC_0071-crop\" width=\"3047\" height=\"2037\" srcset=\"http:\/\/www.susannavaris.com\/blogg\/wp-content\/uploads\/2015\/11\/DSC_0071-crop.jpg 3047w, http:\/\/www.susannavaris.com\/blogg\/wp-content\/uploads\/2015\/11\/DSC_0071-crop-300x201.jpg 300w, http:\/\/www.susannavaris.com\/blogg\/wp-content\/uploads\/2015\/11\/DSC_0071-crop-1024x685.jpg 1024w\" sizes=\"auto, (max-width: 3047px) 100vw, 3047px\" \/><\/a> <a href=\"http:\/\/www.susannavaris.com\/blogg\/wp-content\/uploads\/2015\/11\/DSC_0072-50.jpg\"><img loading=\"lazy\" decoding=\"async\" class=\"aligncenter size-full wp-image-15499\" src=\"http:\/\/www.susannavaris.com\/blogg\/wp-content\/uploads\/2015\/11\/DSC_0072-50.jpg\" alt=\"DSC_0072-50\" width=\"1513\" height=\"2076\" srcset=\"http:\/\/www.susannavaris.com\/blogg\/wp-content\/uploads\/2015\/11\/DSC_0072-50.jpg 1513w, http:\/\/www.susannavaris.com\/blogg\/wp-content\/uploads\/2015\/11\/DSC_0072-50-219x300.jpg 219w, http:\/\/www.susannavaris.com\/blogg\/wp-content\/uploads\/2015\/11\/DSC_0072-50-746x1024.jpg 746w\" sizes=\"auto, (max-width: 1513px) 100vw, 1513px\" \/><\/a><em>Kristall-clutchen. Helt fantastisk kvalitet med mjukt skinn och fina applikationer. Bilden g\u00f6r inte v\u00e4skan alls r\u00e4ttvisa. Kvalitet i minsta detalj. Tom m\u00e4rkesfl\u00e4rparna sitter fast med l\u00e4derband. Dustbag p\u00e5 k\u00f6pet.<\/em><\/p>\n<p style=\"text-align: center;\"><a href=\"http:\/\/www.susannavaris.com\/blogg\/wp-content\/uploads\/2015\/11\/DSC_0073-50.jpg\"><img loading=\"lazy\" decoding=\"async\" class=\"aligncenter size-full wp-image-15500\" src=\"http:\/\/www.susannavaris.com\/blogg\/wp-content\/uploads\/2015\/11\/DSC_0073-50.jpg\" alt=\"DSC_0073-50\" width=\"2223\" height=\"1232\" srcset=\"http:\/\/www.susannavaris.com\/blogg\/wp-content\/uploads\/2015\/11\/DSC_0073-50.jpg 2223w, http:\/\/www.susannavaris.com\/blogg\/wp-content\/uploads\/2015\/11\/DSC_0073-50-300x166.jpg 300w, http:\/\/www.susannavaris.com\/blogg\/wp-content\/uploads\/2015\/11\/DSC_0073-50-1024x568.jpg 1024w\" sizes=\"auto, (max-width: 2223px) 100vw, 2223px\" \/><\/a> <a href=\"http:\/\/www.susannavaris.com\/blogg\/wp-content\/uploads\/2015\/11\/DSC_0074-50.jpg\"><img loading=\"lazy\" decoding=\"async\" class=\"aligncenter size-full wp-image-15501\" src=\"http:\/\/www.susannavaris.com\/blogg\/wp-content\/uploads\/2015\/11\/DSC_0074-50.jpg\" alt=\"DSC_0074-50\" width=\"2304\" height=\"1536\" srcset=\"http:\/\/www.susannavaris.com\/blogg\/wp-content\/uploads\/2015\/11\/DSC_0074-50.jpg 2304w, http:\/\/www.susannavaris.com\/blogg\/wp-content\/uploads\/2015\/11\/DSC_0074-50-300x200.jpg 300w, http:\/\/www.susannavaris.com\/blogg\/wp-content\/uploads\/2015\/11\/DSC_0074-50-1024x683.jpg 1024w\" sizes=\"auto, (max-width: 2304px) 100vw, 2304px\" \/><\/a><em>Den r\u00f6da mocka-clutchen. Den kan b\u00e4ras med handtag, eller handtaget invikt i v\u00e4skan.<\/em><\/p>\n<p style=\"text-align: left;\">Jag \u00e4r s\u00e5\u00e5 glad att jag lyckades haffa v\u00e4skorna efter att ha gett upp hoppet f\u00f6r gott under den aktuella dagen. Det fanns m\u00e5nga snygga plagg i kollektionen ocks\u00e5. N\u00e5gra favoriter:<\/p>\n<p style=\"text-align: center;\"><a href=\"http:\/\/www.susannavaris.com\/blogg\/wp-content\/uploads\/2015\/11\/balmain_56054068ddf2b362682a87bf.jpg\"><img loading=\"lazy\" decoding=\"async\" class=\"aligncenter size-full wp-image-15502\" src=\"http:\/\/www.susannavaris.com\/blogg\/wp-content\/uploads\/2015\/11\/balmain_56054068ddf2b362682a87bf.jpg\" alt=\"balmain_56054068ddf2b362682a87bf\" width=\"620\" height=\"431\" srcset=\"http:\/\/www.susannavaris.com\/blogg\/wp-content\/uploads\/2015\/11\/balmain_56054068ddf2b362682a87bf.jpg 620w, http:\/\/www.susannavaris.com\/blogg\/wp-content\/uploads\/2015\/11\/balmain_56054068ddf2b362682a87bf-300x209.jpg 300w\" sizes=\"auto, (max-width: 620px) 100vw, 620px\" \/><\/a> <a href=\"http:\/\/www.susannavaris.com\/blogg\/wp-content\/uploads\/2015\/11\/Balmain-HM-Fashion-Show.jpg\"><img loading=\"lazy\" decoding=\"async\" class=\"aligncenter size-full wp-image-15504\" src=\"http:\/\/www.susannavaris.com\/blogg\/wp-content\/uploads\/2015\/11\/Balmain-HM-Fashion-Show.jpg\" alt=\"Balmain-HM-Fashion-Show\" width=\"599\" height=\"597\" srcset=\"http:\/\/www.susannavaris.com\/blogg\/wp-content\/uploads\/2015\/11\/Balmain-HM-Fashion-Show.jpg 599w, http:\/\/www.susannavaris.com\/blogg\/wp-content\/uploads\/2015\/11\/Balmain-HM-Fashion-Show-150x150.jpg 150w, http:\/\/www.susannavaris.com\/blogg\/wp-content\/uploads\/2015\/11\/Balmain-HM-Fashion-Show-300x300.jpg 300w\" sizes=\"auto, (max-width: 599px) 100vw, 599px\" \/><\/a> <a href=\"http:\/\/www.susannavaris.com\/blogg\/wp-content\/uploads\/2015\/11\/balmain-svart-monstrad-klanning.jpg\"><img loading=\"lazy\" decoding=\"async\" class=\"aligncenter size-full wp-image-15505\" src=\"http:\/\/www.susannavaris.com\/blogg\/wp-content\/uploads\/2015\/11\/balmain-svart-monstrad-klanning.jpg\" alt=\"balmain-svart-monstrad-klanning\" width=\"633\" height=\"1000\" srcset=\"http:\/\/www.susannavaris.com\/blogg\/wp-content\/uploads\/2015\/11\/balmain-svart-monstrad-klanning.jpg 633w, http:\/\/www.susannavaris.com\/blogg\/wp-content\/uploads\/2015\/11\/balmain-svart-monstrad-klanning-190x300.jpg 190w\" sizes=\"auto, (max-width: 633px) 100vw, 633px\" \/><\/a><a href=\"http:\/\/www.susannavaris.com\/blogg\/wp-content\/uploads\/2015\/11\/balmain-hm_2000x1125-1152x648.jpg\"><img loading=\"lazy\" decoding=\"async\" class=\"aligncenter size-full wp-image-15503\" src=\"http:\/\/www.susannavaris.com\/blogg\/wp-content\/uploads\/2015\/11\/balmain-hm_2000x1125-1152x648.jpg\" alt=\"balmain-hm_2000x1125-1152x648\" width=\"1152\" height=\"648\" srcset=\"http:\/\/www.susannavaris.com\/blogg\/wp-content\/uploads\/2015\/11\/balmain-hm_2000x1125-1152x648.jpg 1152w, http:\/\/www.susannavaris.com\/blogg\/wp-content\/uploads\/2015\/11\/balmain-hm_2000x1125-1152x648-300x169.jpg 300w, http:\/\/www.susannavaris.com\/blogg\/wp-content\/uploads\/2015\/11\/balmain-hm_2000x1125-1152x648-1024x576.jpg 1024w\" sizes=\"auto, (max-width: 1152px) 100vw, 1152px\" \/><\/a><em>Designern Olivier Rousteing som skapat kollektionen har tidigare arbetat f\u00f6r bland annat Roberto Cavalli, en annan favorit.<\/em><\/p>\n<p style=\"text-align: center;\"><a href=\"http:\/\/www.susannavaris.com\/blogg\/wp-content\/uploads\/2015\/11\/Pierre_Balmain_and_Ruth_Ford_photographed_by_Carl_Van_Vechten_November_9_1947.jpg\"><img loading=\"lazy\" decoding=\"async\" class=\"aligncenter size-full wp-image-15506\" src=\"http:\/\/www.susannavaris.com\/blogg\/wp-content\/uploads\/2015\/11\/Pierre_Balmain_and_Ruth_Ford_photographed_by_Carl_Van_Vechten_November_9_1947.jpg\" alt=\"Pierre_Balmain_and_Ruth_Ford,_photographed_by_Carl_Van_Vechten,_November_9,_1947\" width=\"220\" height=\"289\" \/><\/a><em>&#8221;Pierre Balmain and Ruth Ford, photographed by Carl Van Vechten, November 9, 1947&#8221; by Carl Van Vechten &#8211; Van Vechten Collection at Library of Congress.<\/em><\/p>\n<p style=\"text-align: left;\">Modehuset Balmain grundades av Pierre Balmain 1946. Under efterkrigstiden kallades Pierre Balmain f\u00f6r &#8221;kungen av franskt mode&#8221; och han kl\u00e4dde storheter som Ava Gardner och Brigitte Bardot, Nicaraguas f\u00f6rsta dam Hope Portocarrero och Thailands drottning Sirikit. Under denna period skapade Christian Dior sin &#8221;new look&#8221; med volumin\u00f6sa kjolar, h\u00e5rt sn\u00f6rda midjor och i allt en ultrakvinnlig siluett, den totala motsatsen till ransoneringstidens minimalistiska kreationer. Nu g\u00e4llde lyx, fl\u00e4rd och extravagans. Pierre Balmain skapade i samma anda och r\u00e4knades snabbt in bland modets st\u00f6rsta namn.<\/p>\n<p style=\"text-align: center;\"><a href=\"http:\/\/www.susannavaris.com\/blogg\/wp-content\/uploads\/2015\/11\/balmain-dovima-50.jpg\"><img loading=\"lazy\" decoding=\"async\" class=\"aligncenter size-full wp-image-15507\" src=\"http:\/\/www.susannavaris.com\/blogg\/wp-content\/uploads\/2015\/11\/balmain-dovima-50.jpg\" alt=\"balmain-dovima-50\" width=\"460\" height=\"640\" srcset=\"http:\/\/www.susannavaris.com\/blogg\/wp-content\/uploads\/2015\/11\/balmain-dovima-50.jpg 460w, http:\/\/www.susannavaris.com\/blogg\/wp-content\/uploads\/2015\/11\/balmain-dovima-50-216x300.jpg 216w\" sizes=\"auto, (max-width: 460px) 100vw, 460px\" \/><\/a><em>Den d\u00e5tida supermodellen (begreppet myntades dock f\u00f6rst p\u00e5 90-talet) Dovima i Balmain 1950.<\/em><\/p>\n<p style=\"text-align: center;\"><a href=\"http:\/\/www.susannavaris.com\/blogg\/wp-content\/uploads\/2015\/11\/balmain-dovima-58.jpg\"><img loading=\"lazy\" decoding=\"async\" class=\"aligncenter size-full wp-image-15522\" src=\"http:\/\/www.susannavaris.com\/blogg\/wp-content\/uploads\/2015\/11\/balmain-dovima-58.jpg\" alt=\"balmain-dovima-58\" width=\"459\" height=\"640\" srcset=\"http:\/\/www.susannavaris.com\/blogg\/wp-content\/uploads\/2015\/11\/balmain-dovima-58.jpg 459w, http:\/\/www.susannavaris.com\/blogg\/wp-content\/uploads\/2015\/11\/balmain-dovima-58-215x300.jpg 215w\" sizes=\"auto, (max-width: 459px) 100vw, 459px\" \/><\/a><em>Dovima 1958.<\/em><\/p>\n<p style=\"text-align: center;\"><a href=\"http:\/\/www.susannavaris.com\/blogg\/wp-content\/uploads\/2015\/11\/balmain-52.jpg\"><img loading=\"lazy\" decoding=\"async\" class=\"aligncenter size-full wp-image-15508\" src=\"http:\/\/www.susannavaris.com\/blogg\/wp-content\/uploads\/2015\/11\/balmain-52.jpg\" alt=\"balmain-52\" width=\"400\" height=\"568\" srcset=\"http:\/\/www.susannavaris.com\/blogg\/wp-content\/uploads\/2015\/11\/balmain-52.jpg 400w, http:\/\/www.susannavaris.com\/blogg\/wp-content\/uploads\/2015\/11\/balmain-52-211x300.jpg 211w\" sizes=\"auto, (max-width: 400px) 100vw, 400px\" \/><\/a> <a href=\"http:\/\/www.susannavaris.com\/blogg\/wp-content\/uploads\/2015\/11\/balmain1952.jpg\"><img loading=\"lazy\" decoding=\"async\" class=\"aligncenter size-full wp-image-15509\" src=\"http:\/\/www.susannavaris.com\/blogg\/wp-content\/uploads\/2015\/11\/balmain1952.jpg\" alt=\"balmain1952\" width=\"822\" height=\"1024\" srcset=\"http:\/\/www.susannavaris.com\/blogg\/wp-content\/uploads\/2015\/11\/balmain1952.jpg 822w, http:\/\/www.susannavaris.com\/blogg\/wp-content\/uploads\/2015\/11\/balmain1952-241x300.jpg 241w\" sizes=\"auto, (max-width: 822px) 100vw, 822px\" \/><\/a><em>1952. Dovima nederst i r\u00f6d linnedr\u00e4kt.<\/em><\/p>\n<p style=\"text-align: center;\"><a href=\"http:\/\/www.susannavaris.com\/blogg\/wp-content\/uploads\/2015\/11\/balmain-8dbb0f0c90bc6a5f805f73f7624c4492.jpg\"><img loading=\"lazy\" decoding=\"async\" class=\"aligncenter size-full wp-image-15510\" src=\"http:\/\/www.susannavaris.com\/blogg\/wp-content\/uploads\/2015\/11\/balmain-8dbb0f0c90bc6a5f805f73f7624c4492.jpg\" alt=\"balmain-8dbb0f0c90bc6a5f805f73f7624c4492\" width=\"370\" height=\"480\" srcset=\"http:\/\/www.susannavaris.com\/blogg\/wp-content\/uploads\/2015\/11\/balmain-8dbb0f0c90bc6a5f805f73f7624c4492.jpg 370w, http:\/\/www.susannavaris.com\/blogg\/wp-content\/uploads\/2015\/11\/balmain-8dbb0f0c90bc6a5f805f73f7624c4492-231x300.jpg 231w\" sizes=\"auto, (max-width: 370px) 100vw, 370px\" \/><\/a> <a href=\"http:\/\/www.susannavaris.com\/blogg\/wp-content\/uploads\/2015\/11\/balmain-56.jpg\"><img loading=\"lazy\" decoding=\"async\" class=\"aligncenter size-full wp-image-15511\" src=\"http:\/\/www.susannavaris.com\/blogg\/wp-content\/uploads\/2015\/11\/balmain-56.jpg\" alt=\"balmain-56\" width=\"473\" height=\"577\" srcset=\"http:\/\/www.susannavaris.com\/blogg\/wp-content\/uploads\/2015\/11\/balmain-56.jpg 473w, http:\/\/www.susannavaris.com\/blogg\/wp-content\/uploads\/2015\/11\/balmain-56-246x300.jpg 246w\" sizes=\"auto, (max-width: 473px) 100vw, 473px\" \/><\/a> <a href=\"http:\/\/www.susannavaris.com\/blogg\/wp-content\/uploads\/2015\/11\/balmain-Chiff07b.jpg\"><img loading=\"lazy\" decoding=\"async\" class=\"aligncenter size-full wp-image-15512\" src=\"http:\/\/www.susannavaris.com\/blogg\/wp-content\/uploads\/2015\/11\/balmain-Chiff07b.jpg\" alt=\"balmain-Chiff07b\" width=\"825\" height=\"887\" srcset=\"http:\/\/www.susannavaris.com\/blogg\/wp-content\/uploads\/2015\/11\/balmain-Chiff07b.jpg 825w, http:\/\/www.susannavaris.com\/blogg\/wp-content\/uploads\/2015\/11\/balmain-Chiff07b-279x300.jpg 279w\" sizes=\"auto, (max-width: 825px) 100vw, 825px\" \/><\/a><em>En kreation fr\u00e5n 1956 i mitten.<\/em><\/p>\n<p style=\"text-align: center;\"><a href=\"http:\/\/www.susannavaris.com\/blogg\/wp-content\/uploads\/2015\/11\/balmain-1956.jpg\"><img loading=\"lazy\" decoding=\"async\" class=\"aligncenter size-full wp-image-15513\" src=\"http:\/\/www.susannavaris.com\/blogg\/wp-content\/uploads\/2015\/11\/balmain-1956.jpg\" alt=\"balmain-1956\" width=\"667\" height=\"933\" srcset=\"http:\/\/www.susannavaris.com\/blogg\/wp-content\/uploads\/2015\/11\/balmain-1956.jpg 667w, http:\/\/www.susannavaris.com\/blogg\/wp-content\/uploads\/2015\/11\/balmain-1956-214x300.jpg 214w\" sizes=\"auto, (max-width: 667px) 100vw, 667px\" \/><\/a> <a href=\"http:\/\/www.susannavaris.com\/blogg\/wp-content\/uploads\/2015\/11\/balmain-ANNE-ST-MARIE-BALMAIN-HAT.jpg\"><img loading=\"lazy\" decoding=\"async\" class=\"aligncenter size-full wp-image-15514\" src=\"http:\/\/www.susannavaris.com\/blogg\/wp-content\/uploads\/2015\/11\/balmain-ANNE-ST-MARIE-BALMAIN-HAT.jpg\" alt=\"balmain-ANNE-ST-MARIE-BALMAIN-HAT\" width=\"500\" height=\"658\" srcset=\"http:\/\/www.susannavaris.com\/blogg\/wp-content\/uploads\/2015\/11\/balmain-ANNE-ST-MARIE-BALMAIN-HAT.jpg 500w, http:\/\/www.susannavaris.com\/blogg\/wp-content\/uploads\/2015\/11\/balmain-ANNE-ST-MARIE-BALMAIN-HAT-228x300.jpg 228w\" sizes=\"auto, (max-width: 500px) 100vw, 500px\" \/><\/a><em>Mera r\u00f6tt. Dovima 1956 \u00f6verst, Anne St Marie i en hatt fr\u00e5n Balmain nederst.<\/em><\/p>\n<p style=\"text-align: center;\"><a href=\"http:\/\/www.susannavaris.com\/blogg\/wp-content\/uploads\/2015\/11\/balmain-bardot.jpg\"><img loading=\"lazy\" decoding=\"async\" class=\"aligncenter size-full wp-image-15515\" src=\"http:\/\/www.susannavaris.com\/blogg\/wp-content\/uploads\/2015\/11\/balmain-bardot.jpg\" alt=\"balmain-bardot\" width=\"383\" height=\"500\" srcset=\"http:\/\/www.susannavaris.com\/blogg\/wp-content\/uploads\/2015\/11\/balmain-bardot.jpg 383w, http:\/\/www.susannavaris.com\/blogg\/wp-content\/uploads\/2015\/11\/balmain-bardot-230x300.jpg 230w\" sizes=\"auto, (max-width: 383px) 100vw, 383px\" \/><\/a><em>Brigitte Bardot i Balmain&#8230;<\/em><\/p>\n<p style=\"text-align: center;\"><a href=\"http:\/\/www.susannavaris.com\/blogg\/wp-content\/uploads\/2015\/11\/balmain-janine-holland-51.jpg\"><img loading=\"lazy\" decoding=\"async\" class=\"aligncenter size-full wp-image-15516\" src=\"http:\/\/www.susannavaris.com\/blogg\/wp-content\/uploads\/2015\/11\/balmain-janine-holland-51.jpg\" alt=\"balmain-janine-holland-51\" width=\"335\" height=\"420\" srcset=\"http:\/\/www.susannavaris.com\/blogg\/wp-content\/uploads\/2015\/11\/balmain-janine-holland-51.jpg 335w, http:\/\/www.susannavaris.com\/blogg\/wp-content\/uploads\/2015\/11\/balmain-janine-holland-51-239x300.jpg 239w\" sizes=\"auto, (max-width: 335px) 100vw, 335px\" \/><\/a><em>Pierre Balmain och Janine Holland 1951.<\/em><\/p>\n<p style=\"text-align: left;\">Efter grundarens fr\u00e5nf\u00e4lle 1982 har huset Balmain letts av ett antal olika huvuddesigners, d\u00e4ribland sj\u00e4lvaste Oscar de la Renta.<\/p>\n<p style=\"text-align: center;\"><a href=\"http:\/\/www.susannavaris.com\/blogg\/wp-content\/uploads\/2015\/11\/balmain-oscar-2002.jpg\"><img loading=\"lazy\" decoding=\"async\" class=\"aligncenter size-full wp-image-15517\" src=\"http:\/\/www.susannavaris.com\/blogg\/wp-content\/uploads\/2015\/11\/balmain-oscar-2002.jpg\" alt=\"balmain-oscar-2002\" width=\"940\" height=\"705\" srcset=\"http:\/\/www.susannavaris.com\/blogg\/wp-content\/uploads\/2015\/11\/balmain-oscar-2002.jpg 940w, http:\/\/www.susannavaris.com\/blogg\/wp-content\/uploads\/2015\/11\/balmain-oscar-2002-300x225.jpg 300w\" sizes=\"auto, (max-width: 940px) 100vw, 940px\" \/><\/a> <a href=\"http:\/\/www.susannavaris.com\/blogg\/wp-content\/uploads\/2015\/11\/balmain-oscarde.jpg\"><img loading=\"lazy\" decoding=\"async\" class=\"aligncenter size-full wp-image-15518\" src=\"http:\/\/www.susannavaris.com\/blogg\/wp-content\/uploads\/2015\/11\/balmain-oscarde.jpg\" alt=\"balmain-oscarde\" width=\"475\" height=\"640\" srcset=\"http:\/\/www.susannavaris.com\/blogg\/wp-content\/uploads\/2015\/11\/balmain-oscarde.jpg 475w, http:\/\/www.susannavaris.com\/blogg\/wp-content\/uploads\/2015\/11\/balmain-oscarde-223x300.jpg 223w\" sizes=\"auto, (max-width: 475px) 100vw, 475px\" \/><\/a><em>Exempel p\u00e5 Oscar de la Rentas design f\u00f6r Balmain. Den sista kollektionen f\u00f6r m\u00e4rket 2002 \u00f6verst.<\/em><\/p>\n<p style=\"text-align: center;\">M\u00e4rket fick en yngre och rockigare profil med Christophe Decarnin (2005-2011) som konstn\u00e4rlig ledare:<\/p>\n<p style=\"text-align: center;\"><a href=\"http:\/\/www.susannavaris.com\/blogg\/wp-content\/uploads\/2015\/11\/balmain-denim_10_20_2010_5.jpg\"><img loading=\"lazy\" decoding=\"async\" class=\"aligncenter size-full wp-image-15519\" src=\"http:\/\/www.susannavaris.com\/blogg\/wp-content\/uploads\/2015\/11\/balmain-denim_10_20_2010_5.jpg\" alt=\"balmain-denim_10_20_2010_5\" width=\"773\" height=\"427\" srcset=\"http:\/\/www.susannavaris.com\/blogg\/wp-content\/uploads\/2015\/11\/balmain-denim_10_20_2010_5.jpg 773w, http:\/\/www.susannavaris.com\/blogg\/wp-content\/uploads\/2015\/11\/balmain-denim_10_20_2010_5-300x166.jpg 300w\" sizes=\"auto, (max-width: 773px) 100vw, 773px\" \/><\/a> <a href=\"http:\/\/www.susannavaris.com\/blogg\/wp-content\/uploads\/2015\/11\/balmain-static1.squarespace2.png\"><img loading=\"lazy\" decoding=\"async\" class=\"aligncenter size-full wp-image-15520\" src=\"http:\/\/www.susannavaris.com\/blogg\/wp-content\/uploads\/2015\/11\/balmain-static1.squarespace2.png\" alt=\"balmain-static1.squarespace2\" width=\"744\" height=\"556\" srcset=\"http:\/\/www.susannavaris.com\/blogg\/wp-content\/uploads\/2015\/11\/balmain-static1.squarespace2.png 744w, http:\/\/www.susannavaris.com\/blogg\/wp-content\/uploads\/2015\/11\/balmain-static1.squarespace2-300x224.png 300w\" sizes=\"auto, (max-width: 744px) 100vw, 744px\" \/><\/a> <a href=\"http:\/\/www.susannavaris.com\/blogg\/wp-content\/uploads\/2015\/11\/balmain1-2010.jpg\"><img loading=\"lazy\" decoding=\"async\" class=\"aligncenter size-full wp-image-15521\" src=\"http:\/\/www.susannavaris.com\/blogg\/wp-content\/uploads\/2015\/11\/balmain1-2010.jpg\" alt=\"balmain1-2010\" width=\"500\" height=\"296\" srcset=\"http:\/\/www.susannavaris.com\/blogg\/wp-content\/uploads\/2015\/11\/balmain1-2010.jpg 500w, http:\/\/www.susannavaris.com\/blogg\/wp-content\/uploads\/2015\/11\/balmain1-2010-300x178.jpg 300w\" sizes=\"auto, (max-width: 500px) 100vw, 500px\" \/><\/a><em>Exempel ur sommar- och h\u00f6st-kollektionerna 2010 av Christophe Decarnin.<\/em><\/p>\n<p style=\"text-align: left;\">Och nu har jag allts\u00e5 ett par exemplar av denna stolta modetradition i min \u00e4go! :)<\/p>\n<p style=\"text-align: center;\">\n","protected":false},"excerpt":{"rendered":"<p>Jag lyckades slinka igenom vid ett obevakat \u00f6gonblick p\u00e5 HM.s hemsida och roffa \u00e5t mig tv\u00e5 av de \u00fcbersnygga handv\u00e4skorna som ingick i HM:s samarbete med Balmain. Det gick n\u00e4mligen inte att komma in p\u00e5 sidan mellan 10, d\u00e5 kollektionen &hellip; <a href=\"http:\/\/www.susannavaris.com\/blogg\/2015\/11\/balmain-och-hm\/\">Forts\u00e4tt l\u00e4sa <span class=\"meta-nav\">&rarr;<\/span><\/a><\/p>\n","protected":false},"author":1,"featured_media":0,"comment_status":"open","ping_status":"open","sticky":false,"template":"","format":"standard","meta":{"footnotes":""},"categories":[3,1162,14],"tags":[5091,5082,5095,5083,5087,5086,5089,870,3820,808,5092,5094,19,5093,4384,5084,63,5090,5085,5088],"class_list":["post-15496","post","type-post","status-publish","format-standard","hentry","category-konst","category-kultur","category-mode","tag-anne-st-marie","tag-balmain","tag-balmain-x-hm","tag-balmaination","tag-brigitte-barot","tag-christophe-decarnin","tag-dovima","tag-fashion","tag-handvaska","tag-hm","tag-janine-holland","tag-kladskapare","tag-mode-2","tag-olivier-rousteing","tag-oscar-de-la-renta","tag-pierre-balmain","tag-roberto-cavalli","tag-ruth-ford","tag-style","tag-supermodell"],"_links":{"self":[{"href":"http:\/\/www.susannavaris.com\/blogg\/wp-json\/wp\/v2\/posts\/15496","targetHints":{"allow":["GET"]}}],"collection":[{"href":"http:\/\/www.susannavaris.com\/blogg\/wp-json\/wp\/v2\/posts"}],"about":[{"href":"http:\/\/www.susannavaris.com\/blogg\/wp-json\/wp\/v2\/types\/post"}],"author":[{"embeddable":true,"href":"http:\/\/www.susannavaris.com\/blogg\/wp-json\/wp\/v2\/users\/1"}],"replies":[{"embeddable":true,"href":"http:\/\/www.susannavaris.com\/blogg\/wp-json\/wp\/v2\/comments?post=15496"}],"version-history":[{"count":3,"href":"http:\/\/www.susannavaris.com\/blogg\/wp-json\/wp\/v2\/posts\/15496\/revisions"}],"predecessor-version":[{"id":15525,"href":"http:\/\/www.susannavaris.com\/blogg\/wp-json\/wp\/v2\/posts\/15496\/revisions\/15525"}],"wp:attachment":[{"href":"http:\/\/www.susannavaris.com\/blogg\/wp-json\/wp\/v2\/media?parent=15496"}],"wp:term":[{"taxonomy":"category","embeddable":true,"href":"http:\/\/www.susannavaris.com\/blogg\/wp-json\/wp\/v2\/categories?post=15496"},{"taxonomy":"post_tag","embeddable":true,"href":"http:\/\/www.susannavaris.com\/blogg\/wp-json\/wp\/v2\/tags?post=15496"}],"curies":[{"name":"wp","href":"https:\/\/api.w.org\/{rel}","templated":true}]}}