{"id":15528,"date":"2015-11-13T21:38:06","date_gmt":"2015-11-13T20:38:06","guid":{"rendered":"http:\/\/www.susannavaris.com\/blogg\/?p=15528"},"modified":"2015-11-13T21:38:06","modified_gmt":"2015-11-13T20:38:06","slug":"radslan-for-radslan","status":"publish","type":"post","link":"http:\/\/www.susannavaris.com\/blogg\/2015\/11\/radslan-for-radslan\/","title":{"rendered":"R\u00e4dslan f\u00f6r r\u00e4dslan"},"content":{"rendered":"<p style=\"text-align: center;\"><a href=\"http:\/\/www.susannavaris.com\/blogg\/wp-content\/uploads\/2015\/11\/apo-pekka-st\u00e5lnacke.jpg\"><img loading=\"lazy\" decoding=\"async\" class=\"aligncenter size-full wp-image-15529\" src=\"http:\/\/www.susannavaris.com\/blogg\/wp-content\/uploads\/2015\/11\/apo-pekka-st\u00e5lnacke.jpg\" alt=\"apo-pekka-st\u00e5lnacke\" width=\"1366\" height=\"860\" srcset=\"http:\/\/www.susannavaris.com\/blogg\/wp-content\/uploads\/2015\/11\/apo-pekka-st\u00e5lnacke.jpg 1366w, http:\/\/www.susannavaris.com\/blogg\/wp-content\/uploads\/2015\/11\/apo-pekka-st\u00e5lnacke-300x189.jpg 300w, http:\/\/www.susannavaris.com\/blogg\/wp-content\/uploads\/2015\/11\/apo-pekka-st\u00e5lnacke-1024x645.jpg 1024w\" sizes=\"auto, (max-width: 1366px) 100vw, 1366px\" \/><\/a><em>Foto: Pekka St\u00e5lnacke<\/em><\/p>\n<p>Ingen har v\u00e4l undg\u00e5tt den bekymmersamma situationen f\u00f6r landet med en regering som inte verkar begripa att dess jobb \u00e4r att regera (inte enbart att inneha makt) och s\u00e4rskilt det lilla, utopiska och sekteristiska partiet som ing\u00e5r d\u00e4ri och vars idealistiska perspektiv p\u00e5 omv\u00e4rlden nu lett till en invandring av aldrig tidigare sk\u00e5dat slag och magnitud. Jag har inte skrivit mycket om detta, mest f\u00f6r att jag k\u00e4nt mig handfallen inf\u00f6r situationen och f\u00f6r att andra saker har kr\u00e4vt min uppm\u00e4rksamhet. F\u00f6rst under de senaste m\u00e5naderna har det dels blivit m\u00f6jligt att tala om dessa &#8221;volymer&#8221; av m\u00e4nniskor utan att f\u00e5 en rasistst\u00e4mpel i pannan och under senaste veckorna har f\u00f6rslag, som n\u00e4r de tidigare har lagts, blivit klassade som reaktion\u00e4ra och rasistiska och vars l\u00e4ggares m\u00e4nniskosyn blivit ifr\u00e5gasatt. Nu verkar m\u00e5nga inse att det kanske inte var m\u00f6jligt f\u00f6r Sverige att ha fullst\u00e4ndigt \u00f6ppna gr\u00e4nser och fri invandring.<\/p>\n<p>Det finns s\u00e4kert en hel del idealism bakom m\u00e5ngas agerande och vilja att hj\u00e4lpa alla som lider av n\u00f6d, men fr\u00e5n min horisont \u00e4r politiken s\u00e4llan s\u00e5 naiv och godhj\u00e4rtad. Det m\u00e5 l\u00e5ta konspiratoriskt, men jag tror att socialdemokratin, som den maktorganisation i brist p\u00e5 visioner och med en allt minskande traditionell arbetarbas och allt \u00f6kande, modern bidragstagarbas inte alls skulle tacka nej till en och annan miljon nya v\u00e4ljare. S har omvandlats till ett fr\u00e4lse, en organisation d\u00e4r makten \u00e4r allt och karri\u00e4rerna \u00e4rvs ner\u00e5t i generationerna. Vad g\u00f6ra n\u00e4r det egna fr\u00e4lsets maktbas sakta f\u00f6rsvinner och n\u00e4r man inte l\u00e4ngre har visioner f\u00f6r den medelklass som sprungit ur den arbetarklass man tidigare f\u00f6retr\u00e4dde?<\/p>\n<p>H\u00f6gern, framf\u00f6r allt den mest liberala falangen, vill g\u00e4rna se v\u00e4lf\u00e4rdsstaten nedmonterad och devisen &#8221;var och en sin egen lyckas smed&#8221; f\u00f6rverkligad. I den frihetliga andan vill man inte se en begr\u00e4nsande nationalstat. Alla ska kunna s\u00f6ka sin lycka var \u00e4n de vill. Att till\u00e5ta fri invandring fr\u00e5n fr\u00e4mst fattiga delar av v\u00e4rlden \u00e4r ett effektivt s\u00e4tt att f\u00e5 det f\u00f6rsta m\u00e5let avklarat. Inte ens v\u00e4nstern kan beskatta folket s\u00e5 mycket att transfereringssystemen kan h\u00e5lla f\u00f6r det tryck som kommer att uppst\u00e5 p\u00e5 dem.<\/p>\n<p>Det \u00e4r n\u00e4mligen ingen tillf\u00e4llig topp som f\u00f6ranleds av Daesh h\u00e4rjningar i Mellan\u00f6stern. En del m\u00e4nniskor kommer d\u00e4rifr\u00e5n just nu, men majoriteten kommer fr\u00e5n andra h\u00e5ll och den tilltagande trenden kommer att vara just detta: fattiga m\u00e4nniskor som nu s\u00f6ker sig till de rikare delarna av v\u00e4rlden. M\u00e5nga kommer till Sverige eftersom de h\u00e4r har en f\u00f6rankring och har vetskap om att Sverige \u00e4r gener\u00f6st. Jag funderar sj\u00e4lv p\u00e5 tillflyktsorter och vad t\u00e4nker v\u00e4l jag p\u00e5 f\u00f6rst: Finland. Sj\u00e4lvklart skulle jag f\u00f6rs\u00f6ka flytta dit d\u00e4r jag har anknytning och sl\u00e4kt.<\/p>\n<p>Om det finns annat spel bakom kulisserna bakom den historiskt stora invandringsv\u00e5gen ska l\u00e5tas vara osagt, men jag st\u00e4llde fr\u00e5gan om den \u00f6ppnade kranen i ett tidigare <a href=\"http:\/\/www.susannavaris.com\/blogg\/2015\/11\/vad-hande-i-april-maj\/\">inl\u00e4gg<\/a>.<\/p>\n<p style=\"text-align: center;\"><a href=\"http:\/\/www.susannavaris.com\/blogg\/wp-content\/uploads\/2015\/11\/asyls\u00f6kande-151105.png\"><img loading=\"lazy\" decoding=\"async\" class=\"aligncenter size-full wp-image-15487\" src=\"http:\/\/www.susannavaris.com\/blogg\/wp-content\/uploads\/2015\/11\/asyls\u00f6kande-151105.png\" alt=\"asyls\u00f6kande-151105\" width=\"1440\" height=\"755\" srcset=\"http:\/\/www.susannavaris.com\/blogg\/wp-content\/uploads\/2015\/11\/asyls\u00f6kande-151105.png 1440w, http:\/\/www.susannavaris.com\/blogg\/wp-content\/uploads\/2015\/11\/asyls\u00f6kande-151105-300x157.png 300w, http:\/\/www.susannavaris.com\/blogg\/wp-content\/uploads\/2015\/11\/asyls\u00f6kande-151105-1024x537.png 1024w\" sizes=\"auto, (max-width: 1440px) 100vw, 1440px\" \/><\/a><em>Vad h\u00e4nde egentligen i april-maj? K\u00e4lla: <a href=\"http:\/\/www.susannavaris.com\/blogg\/2015\/11\/vad-hande-i-april-maj\/\">Migrationsverket <\/a><\/em><\/p>\n<p style=\"text-align: left;\">Per Gudmundsson i <a href=\"http:\/\/www.svd.se\/god-morgan-johansson\">SvD<\/a>:<\/p>\n<blockquote><p><strong>&#8221;Migrationen i globaliseringens sp\u00e5r<\/strong> \u00e4r en lika omv\u00e4lvande utveckling som n\u00e5gonsin industrialiseringen eller urbaniseringen. Det vore f\u00e5f\u00e4ngt att tro att den skulle avta. N\u00e4r v\u00e4lst\u00e5ndet stiger och kommunikationerna blir b\u00e4ttre kommer allt fler att r\u00f6ra p\u00e5 sig.<\/p>\n<p>Enligt <a href=\"http:\/\/esa.un.org\/unpd\/wpp\/\" target=\"_blank\">FN:s befolkningsprognos<\/a> kan vi v\u00e4nta oss att bli 9,7 miljarder m\u00e4nniskor p\u00e5 klotet \u00e5r 2050. S\u00e4rskilt i de fattigare delarna av v\u00e4rlden \u00f6kar befolkningarna. L\u00e4nder som redan i\u2009dag \u00e4r ursprung till stora flyktingstr\u00f6mmar v\u00e4xer kraftigt. Exempelvis v\u00e4ntas Somalia g\u00e5 fr\u00e5n 10,7 till 27 miljoner \u00e5r 2050. Afghanistan g\u00e5r fr\u00e5n 32,5 till 55,9 miljoner.&#8221;<\/p>\n<p>[&#8230;]<\/p>\n<p>&#8221;Ett tydligt exempel \u00e4r de ensamkommande unga asyls\u00f6karna. F\u00f6r bara ett decennium sedan kunde de r\u00e4knas i hundratal. F\u00f6r att inte uts\u00e4tta barn f\u00f6r samma h\u00e5rda process som m\u00f6tte vuxna asyls\u00f6kare skapade vi ett mer gener\u00f6st regelverk f\u00f6r omyndiga. F\u00f6ljden har blivit att antalet ensamkommande i \u00e5r kan uppg\u00e5 till 40000. Ett Kalmar. Lejonparten \u00e4r ynglingar fr\u00e5n Afghanistan. Kostnaderna har v\u00e4xt explosionsartat. Vid slutet av Migrationsverkets prognosperiod, 2019, riskerar enbart kommuners\u00e4ttningarna f\u00f6r ensamkommande uppg\u00e5 till 30 miljarder kronor. Det motsvarar n\u00e4stan hela bist\u00e5ndsbudgeten.&#8221;<\/p><\/blockquote>\n<p style=\"text-align: left;\">Den senaste m\u00e5naden har det kommit i genomsnitt 2000 personer per dag till Sverige. F\u00f6rra veckan s\u00f6kte 10 201 personer asyl i Sverige. Tillf\u00e4lliga (10 dagar) gr\u00e4nskontroller har nu uppr\u00e4ttats och antalet s\u00f6kanden l\u00e4r d\u00e4mpas n\u00e5got, men av de personer som redan befinner sig i landet har m\u00e5nga inte ens s\u00f6kt asyl och m\u00e5nga &#8221;f\u00f6rsvinner&#8221;. De lagar och regler som f\u00f6rbinder Sverige att ta emot flyktingar finns p\u00e5 Migrationsverkets sida (<a href=\"http:\/\/www.migrationsverket.se\/Privatpersoner\/Skydd-och-asyl-i-Sverige\/Asylregler.html\">l\u00e4nk<\/a>) och \u00e4r, som synes, m\u00e5nga. FN:s\u00a0<a href=\"http:\/\/www.manskligarattigheter.se\/dm3\/file_archive\/060621\/9649d2011fd4f5bb858acf1419189c67\/konventionstexter_pdfversion.pdf\">konvention<\/a> om de m\u00e4nskliga r\u00e4ttigheterna kom till strax efter andra v\u00e4rldskriget, 1948:<\/p>\n<blockquote>\n<div data-canvas-width=\"70.2\">&#8221;Artikel 14<\/div>\n<div data-canvas-width=\"540.3666666666667\">1. Var och en har r\u00e4tt att i andra l\u00e4nder s\u00f6ka och \u00e5tnjuta asyl fr\u00e5n f\u00f6rf\u00f6ljelse.<\/div>\n<div data-canvas-width=\"642.5333333333334\">2. Denna r\u00e4tt f\u00e5r inte \u00e5beropas vid r\u00e4ttsliga \u00e5tg\u00e4rder som genuint grundas p\u00e5 icke-politiska<\/div>\n<div data-canvas-width=\"613.2499999999999\">brott eller p\u00e5 g\u00e4rningar som strider mot F\u00f6renta nationernas \u00e4ndam\u00e5l och grundsatser.&#8221;<\/div>\n<div data-canvas-width=\"613.2499999999999\"><\/div>\n<\/blockquote>\n<p>(Randanm\u00e4rkning: hur st\u00e4mmer Artikel 16 pkt 3 \u00f6verens med den i Sverige s\u00e5 popul\u00e4ra normritiken?<\/p>\n<blockquote>\n<div data-canvas-width=\"180.7\">&#8221;3. Familjen \u00e4r den naturliga och grundl\u00e4ggande enheten i samh\u00e4llet och har r\u00e4tt till samh\u00e4llets och statens skydd.&#8221;)<\/div>\n<div data-canvas-width=\"180.7\"><\/div>\n<\/blockquote>\n<p data-canvas-width=\"180.7\">H\u00e4r talas det om en hel uppsj\u00f6 av r\u00e4ttigheter f\u00f6r m\u00e4nniskor och de som \u00e4r skyldiga att uppr\u00e4tth\u00e5lla dessa r\u00e4ttigheter \u00e4r framf\u00f6r allt, staterna som skrivit under konventionen. Det finns m\u00e5nga sk\u00e4l f\u00f6r asyl och extra m\u00e5nga i Sverige, som har \u00e4n mer vida \u00e5taganden enligt sin egen lagstiftning. Men kan man verkligen tala om asylsk\u00e4l n\u00e4r fattiga m\u00e4nniskor s\u00f6ker sig till de rika l\u00e4nderna? Har den rika delen av v\u00e4rlden skyldigheter gentemot den fattiga? Den h\u00e4r fr\u00e5gan, hur obehaglig den kan tyckas, kommer att bli br\u00e4nnhet inom snar framtid och vi b\u00f6r formulera bra svar p\u00e5 den. N\u00e5got s\u00e4ger mig att det svenska debattklimatet, trots ett antal kov\u00e4ndningar i \u00e5siktskorridoren p\u00e5 sistone, inte \u00e4r moget f\u00f6r det.<\/p>\n<p style=\"text-align: center;\" data-canvas-width=\"180.7\"><a href=\"http:\/\/www.susannavaris.com\/blogg\/wp-content\/uploads\/2015\/11\/apo-madness-of-sweden.png\"><img loading=\"lazy\" decoding=\"async\" class=\"aligncenter size-full wp-image-15530\" src=\"http:\/\/www.susannavaris.com\/blogg\/wp-content\/uploads\/2015\/11\/apo-madness-of-sweden.png\" alt=\"apo-madness-of-sweden\" width=\"632\" height=\"335\" srcset=\"http:\/\/www.susannavaris.com\/blogg\/wp-content\/uploads\/2015\/11\/apo-madness-of-sweden.png 632w, http:\/\/www.susannavaris.com\/blogg\/wp-content\/uploads\/2015\/11\/apo-madness-of-sweden-300x159.png 300w\" sizes=\"auto, (max-width: 632px) 100vw, 632px\" \/><\/a><em>Ur utst\u00e4llningen <a href=\"http:\/\/www.madnessofsweden.se\/\">Madness of Sweden<\/a><\/em><\/p>\n<p data-canvas-width=\"180.7\">Fler m\u00e4nniskor i Sverige skulle inte med n\u00f6dv\u00e4ndighet beh\u00f6va betyda problem, tv\u00e4rtom, om vi hade den starka bas av stora industrier d\u00e4r det kryllade av l\u00e5gkvalificerade arbeten som en invandrare kunde sk\u00f6ta efter en vecka i Sverige. Som i 60-, 70- och 80-talets S\u00f6dert\u00e4lje. Problemet \u00e4r s\u00e5dana jobb har rationaliserats bort eller flyttat till billigare l\u00e4nder. Tj\u00e4nstesektorn \u00e4r enligt v\u00e4nstern lite dubi\u00f6s och d\u00e4rf\u00f6r ska inte den st\u00f6djas med exempelvis rut. D\u00e4r st\u00e4ngs en annan d\u00f6rr till f\u00f6rs\u00f6rjning. Framf\u00f6r allt f\u00f6r invandrarkvinnor. Sverige \u00e4r s\u00e4mst i klassen p\u00e5 att f\u00e5 invandrare i arbete; <a href=\"http:\/\/www.tino.us\/2013\/12\/skakande-ny-rapport-fran-scb-om-integration\/\">Tino Sanandaj om SCB-rapport om integration<\/a>.<\/p>\n<p data-canvas-width=\"180.7\">Jag k\u00e4nner oro inf\u00f6r framtiden, det ska inte f\u00f6rnekas. N\u00e4r Andreas Cervenka beskriver den svenska (och globala) ekonomin som en humla som inte b\u00f6r kunna flyga (min j\u00e4mf\u00f6relse, inte hans), dvs n\u00e5got som egentligen inte b\u00f6r fungera men g\u00f6r det \u00e4nd\u00e5, f\u00e5r det inte direkt mina farh\u00e5gor att lugna sig. Jag har v\u00e4nner som talar om jaktlicenser, pepparspray, elgeneratorer och annat som kan vara v\u00e4rdefullt vid en situation d\u00e4r de normala systemen havererar. Floden av galna f\u00f6rslag och kaoset som nu b\u00f6rjar uppst\u00e5 p\u00e5 allt fler st\u00e4llen i det offentliga Sverige f\u00e5r mig att k\u00e4nna vanmakt. Ett fredsskadat land som nu \u00e4r i f\u00e4rd att skaffa sig sin f\u00f6rsta riktiga kris p\u00e5 decennier, om inte sekel, tornar upp sig. D\u00e4r jag r\u00f6r mig h\u00f6r jag allt mer s\u00e4llan svenska talas. Landet \u00e4r f\u00f6r\u00e4ndrat redan och kommer att f\u00f6r\u00e4ndras mycket mycket mera. M\u00e5nga menar att samh\u00e4llskontraktet \u00e4r brutet och vill inte finansiera det som p\u00e5g\u00e5r med sina skatter. (N\u00e4r Mp\u00a0<a href=\"http:\/\/www.svd.se\/gor-inte-ap-fonder-till-mp-fonder\/om\/ledare\">vill ta<\/a> mina pensionspengar f\u00f6r att h\u00e5lla ideologisk lekstuga \u00e4r jag ben\u00e4gen att s\u00e4lla mig till skaran.)<\/p>\n<p data-canvas-width=\"180.7\">Karl Bejbom bist\u00e5r f\u00f6rresten <a href=\"http:\/\/www.gp.se\/nyheter\/debatt\/1.2893006-flyktingkrisen-kraver-en-nationell-handlingsplan\">h\u00e4r<\/a> med en klarsynt analys.<\/p>\n<p data-canvas-width=\"180.7\">Jag vill inte oroas och framf\u00f6r allt vill jag inte bli r\u00e4dd. En r\u00e4dd m\u00e4nniska t\u00e4nker inte klart. Inget gott kommer ur det. Men i bakhuvudet har jag Finland. Borde jag kanske b\u00f6rja s\u00e4lja av lite saker&#8230;?<\/p>\n","protected":false},"excerpt":{"rendered":"<p>Foto: Pekka St\u00e5lnacke Ingen har v\u00e4l undg\u00e5tt den bekymmersamma situationen f\u00f6r landet med en regering som inte verkar begripa att dess jobb \u00e4r att regera (inte enbart att inneha makt) och s\u00e4rskilt det lilla, utopiska och sekteristiska partiet som ing\u00e5r &hellip; <a href=\"http:\/\/www.susannavaris.com\/blogg\/2015\/11\/radslan-for-radslan\/\">Forts\u00e4tt l\u00e4sa <span class=\"meta-nav\">&rarr;<\/span><\/a><\/p>\n","protected":false},"author":1,"featured_media":0,"comment_status":"open","ping_status":"open","sticky":false,"template":"","format":"standard","meta":{"footnotes":""},"categories":[107,4515,590,1060,1611],"tags":[2033,2673,4520,4521,2592,5102,4473,4418,3177,5100,3277,4516,2339,4047,3642,1358,774,5101],"class_list":["post-15528","post","type-post","status-publish","format-standard","hentry","category-finland","category-invandring-och-integration","category-politik","category-samhallsplanering","category-skrackkonst","tag-apokalyps","tag-arbetsloshet","tag-asyl","tag-asylsokande","tag-fn","tag-haveri","tag-integration","tag-invandring","tag-kris","tag-madness-of-sweden","tag-manskliga-rattigheter","tag-migration","tag-miljopartiet","tag-mp","tag-s","tag-socialdemokraterna","tag-socialdemokrati","tag-sysselsattning"],"_links":{"self":[{"href":"http:\/\/www.susannavaris.com\/blogg\/wp-json\/wp\/v2\/posts\/15528","targetHints":{"allow":["GET"]}}],"collection":[{"href":"http:\/\/www.susannavaris.com\/blogg\/wp-json\/wp\/v2\/posts"}],"about":[{"href":"http:\/\/www.susannavaris.com\/blogg\/wp-json\/wp\/v2\/types\/post"}],"author":[{"embeddable":true,"href":"http:\/\/www.susannavaris.com\/blogg\/wp-json\/wp\/v2\/users\/1"}],"replies":[{"embeddable":true,"href":"http:\/\/www.susannavaris.com\/blogg\/wp-json\/wp\/v2\/comments?post=15528"}],"version-history":[{"count":1,"href":"http:\/\/www.susannavaris.com\/blogg\/wp-json\/wp\/v2\/posts\/15528\/revisions"}],"predecessor-version":[{"id":15531,"href":"http:\/\/www.susannavaris.com\/blogg\/wp-json\/wp\/v2\/posts\/15528\/revisions\/15531"}],"wp:attachment":[{"href":"http:\/\/www.susannavaris.com\/blogg\/wp-json\/wp\/v2\/media?parent=15528"}],"wp:term":[{"taxonomy":"category","embeddable":true,"href":"http:\/\/www.susannavaris.com\/blogg\/wp-json\/wp\/v2\/categories?post=15528"},{"taxonomy":"post_tag","embeddable":true,"href":"http:\/\/www.susannavaris.com\/blogg\/wp-json\/wp\/v2\/tags?post=15528"}],"curies":[{"name":"wp","href":"https:\/\/api.w.org\/{rel}","templated":true}]}}