{"id":15532,"date":"2015-11-13T23:14:40","date_gmt":"2015-11-13T22:14:40","guid":{"rendered":"http:\/\/www.susannavaris.com\/blogg\/?p=15532"},"modified":"2015-11-13T23:14:40","modified_gmt":"2015-11-13T22:14:40","slug":"jag-en-inspiration","status":"publish","type":"post","link":"http:\/\/www.susannavaris.com\/blogg\/2015\/11\/jag-en-inspiration\/","title":{"rendered":"Jag &#8211; en inspiration?"},"content":{"rendered":"<p>Min v\u00e4n och konstn\u00e4rskollega, Fredrik Sk\u00f6ld, omn\u00e4mner mig som en inspiration i denna artikel:<\/p>\n<p style=\"text-align: center;\"><a href=\"http:\/\/www.susannavaris.com\/blogg\/wp-content\/uploads\/2015\/11\/skold-151113.jpg\"><img loading=\"lazy\" decoding=\"async\" class=\"aligncenter size-full wp-image-15533\" src=\"http:\/\/www.susannavaris.com\/blogg\/wp-content\/uploads\/2015\/11\/skold-151113.jpg\" alt=\"skold-151113\" width=\"720\" height=\"960\" srcset=\"http:\/\/www.susannavaris.com\/blogg\/wp-content\/uploads\/2015\/11\/skold-151113.jpg 720w, http:\/\/www.susannavaris.com\/blogg\/wp-content\/uploads\/2015\/11\/skold-151113-225x300.jpg 225w\" sizes=\"auto, (max-width: 720px) 100vw, 720px\" \/><\/a><em><a href=\"http:\/\/www.strangnas.se\/sv\/Uppleva-gora\/Kultur\/Kultur--och-aktivitetshus\/Utstallningar-pa-Multeum\/\">Utst\u00e4llningen<\/a> Sova i grupp m\u00f6ter Absurdis Circus p\u00e5 Multeum i Str\u00e4ngn\u00e4s.<\/em><\/p>\n<p style=\"text-align: center;\"><a href=\"http:\/\/www.susannavaris.com\/blogg\/wp-content\/uploads\/2015\/11\/skold-01.jpg\"><img loading=\"lazy\" decoding=\"async\" class=\"aligncenter size-full wp-image-15534\" src=\"http:\/\/www.susannavaris.com\/blogg\/wp-content\/uploads\/2015\/11\/skold-01.jpg\" alt=\"skold-01\" width=\"642\" height=\"960\" srcset=\"http:\/\/www.susannavaris.com\/blogg\/wp-content\/uploads\/2015\/11\/skold-01.jpg 642w, http:\/\/www.susannavaris.com\/blogg\/wp-content\/uploads\/2015\/11\/skold-01-201x300.jpg 201w\" sizes=\"auto, (max-width: 642px) 100vw, 642px\" \/><\/a><em>Foto: Fredrik Sk\u00f6ld<\/em><\/p>\n<p style=\"text-align: left;\">Fredrik, som jag k\u00e4nt sedan Myspace-tiden n\u00e5gon g\u00e5ng 2007, har p\u00e5 senare \u00e5r utvecklats med stormsteg och g\u00f6r riktigt sp\u00e4nnande konst:<\/p>\n<p style=\"text-align: center;\"><a href=\"http:\/\/www.susannavaris.com\/blogg\/wp-content\/uploads\/2015\/11\/skold-02.jpg\"><img loading=\"lazy\" decoding=\"async\" class=\"aligncenter size-full wp-image-15535\" src=\"http:\/\/www.susannavaris.com\/blogg\/wp-content\/uploads\/2015\/11\/skold-02.jpg\" alt=\"skold-02\" width=\"723\" height=\"960\" srcset=\"http:\/\/www.susannavaris.com\/blogg\/wp-content\/uploads\/2015\/11\/skold-02.jpg 723w, http:\/\/www.susannavaris.com\/blogg\/wp-content\/uploads\/2015\/11\/skold-02-226x300.jpg 226w\" sizes=\"auto, (max-width: 723px) 100vw, 723px\" \/><\/a><a href=\"http:\/\/www.susannavaris.com\/blogg\/wp-content\/uploads\/2015\/11\/skold-03.jpg\"><img loading=\"lazy\" decoding=\"async\" class=\"aligncenter size-full wp-image-15536\" src=\"http:\/\/www.susannavaris.com\/blogg\/wp-content\/uploads\/2015\/11\/skold-03.jpg\" alt=\"skold-03\" width=\"723\" height=\"960\" srcset=\"http:\/\/www.susannavaris.com\/blogg\/wp-content\/uploads\/2015\/11\/skold-03.jpg 723w, http:\/\/www.susannavaris.com\/blogg\/wp-content\/uploads\/2015\/11\/skold-03-226x300.jpg 226w\" sizes=\"auto, (max-width: 723px) 100vw, 723px\" \/><\/a><a href=\"http:\/\/www.susannavaris.com\/blogg\/wp-content\/uploads\/2015\/11\/skold-04.jpg\"><img loading=\"lazy\" decoding=\"async\" class=\"aligncenter size-full wp-image-15537\" src=\"http:\/\/www.susannavaris.com\/blogg\/wp-content\/uploads\/2015\/11\/skold-04.jpg\" alt=\"skold-04\" width=\"723\" height=\"960\" srcset=\"http:\/\/www.susannavaris.com\/blogg\/wp-content\/uploads\/2015\/11\/skold-04.jpg 723w, http:\/\/www.susannavaris.com\/blogg\/wp-content\/uploads\/2015\/11\/skold-04-226x300.jpg 226w\" sizes=\"auto, (max-width: 723px) 100vw, 723px\" \/><\/a><a href=\"http:\/\/www.susannavaris.com\/blogg\/wp-content\/uploads\/2015\/11\/skold-05.jpg\"><img loading=\"lazy\" decoding=\"async\" class=\"aligncenter size-full wp-image-15538\" src=\"http:\/\/www.susannavaris.com\/blogg\/wp-content\/uploads\/2015\/11\/skold-05.jpg\" alt=\"skold-05\" width=\"723\" height=\"960\" srcset=\"http:\/\/www.susannavaris.com\/blogg\/wp-content\/uploads\/2015\/11\/skold-05.jpg 723w, http:\/\/www.susannavaris.com\/blogg\/wp-content\/uploads\/2015\/11\/skold-05-226x300.jpg 226w\" sizes=\"auto, (max-width: 723px) 100vw, 723px\" \/><\/a><em>N\u00e5gra exempel ur Sk\u00f6lds produktion. Foton: Fredrik Sk\u00f6ld<\/em><\/p>\n<p style=\"text-align: center;\"><a href=\"http:\/\/www.susannavaris.com\/blogg\/wp-content\/uploads\/2015\/11\/fredrikskold01.jpg\"><img loading=\"lazy\" decoding=\"async\" class=\"aligncenter size-full wp-image-15539\" src=\"http:\/\/www.susannavaris.com\/blogg\/wp-content\/uploads\/2015\/11\/fredrikskold01.jpg\" alt=\"fredrikskold01\" width=\"960\" height=\"720\" srcset=\"http:\/\/www.susannavaris.com\/blogg\/wp-content\/uploads\/2015\/11\/fredrikskold01.jpg 960w, http:\/\/www.susannavaris.com\/blogg\/wp-content\/uploads\/2015\/11\/fredrikskold01-300x225.jpg 300w\" sizes=\"auto, (max-width: 960px) 100vw, 960px\" \/><\/a><em>Jag och Fredrik \u00e4r seri\u00f6sa p\u00e5 f\u00f6rra \u00e5rets Affordable Art Fair i Stockholm.<\/em><\/p>\n<p style=\"text-align: left;\">Tack Fredrik! det \u00e4r s\u00e5 klart roligt att kunna inspirera!<\/p>\n","protected":false},"excerpt":{"rendered":"<p>Min v\u00e4n och konstn\u00e4rskollega, Fredrik Sk\u00f6ld, omn\u00e4mner mig som en inspiration i denna artikel: Utst\u00e4llningen Sova i grupp m\u00f6ter Absurdis Circus p\u00e5 Multeum i Str\u00e4ngn\u00e4s. Foto: Fredrik Sk\u00f6ld Fredrik, som jag k\u00e4nt sedan Myspace-tiden n\u00e5gon g\u00e5ng 2007, har p\u00e5 senare &hellip; <a href=\"http:\/\/www.susannavaris.com\/blogg\/2015\/11\/jag-en-inspiration\/\">Forts\u00e4tt l\u00e4sa <span class=\"meta-nav\">&rarr;<\/span><\/a><\/p>\n","protected":false},"author":1,"featured_media":0,"comment_status":"open","ping_status":"open","sticky":false,"template":"","format":"standard","meta":{"footnotes":""},"categories":[4243,3,1162,415,1611,4],"tags":[4245,4246,5106,418,1265,17,5105,5104,5103,122],"class_list":["post-15532","post","type-post","status-publish","format-standard","hentry","category-affordable-art-fair","category-konst","category-kultur","category-lowbrow","category-skrackkonst","category-utstallning","tag-aaf","tag-affordable-art-fair-2","tag-andreas-luhenko","tag-art","tag-fredrik-skold","tag-konst-2","tag-multeum","tag-sova-i-grupp-moter-absurdis-circus","tag-strangnas","tag-utstallning-2"],"_links":{"self":[{"href":"http:\/\/www.susannavaris.com\/blogg\/wp-json\/wp\/v2\/posts\/15532","targetHints":{"allow":["GET"]}}],"collection":[{"href":"http:\/\/www.susannavaris.com\/blogg\/wp-json\/wp\/v2\/posts"}],"about":[{"href":"http:\/\/www.susannavaris.com\/blogg\/wp-json\/wp\/v2\/types\/post"}],"author":[{"embeddable":true,"href":"http:\/\/www.susannavaris.com\/blogg\/wp-json\/wp\/v2\/users\/1"}],"replies":[{"embeddable":true,"href":"http:\/\/www.susannavaris.com\/blogg\/wp-json\/wp\/v2\/comments?post=15532"}],"version-history":[{"count":1,"href":"http:\/\/www.susannavaris.com\/blogg\/wp-json\/wp\/v2\/posts\/15532\/revisions"}],"predecessor-version":[{"id":15540,"href":"http:\/\/www.susannavaris.com\/blogg\/wp-json\/wp\/v2\/posts\/15532\/revisions\/15540"}],"wp:attachment":[{"href":"http:\/\/www.susannavaris.com\/blogg\/wp-json\/wp\/v2\/media?parent=15532"}],"wp:term":[{"taxonomy":"category","embeddable":true,"href":"http:\/\/www.susannavaris.com\/blogg\/wp-json\/wp\/v2\/categories?post=15532"},{"taxonomy":"post_tag","embeddable":true,"href":"http:\/\/www.susannavaris.com\/blogg\/wp-json\/wp\/v2\/tags?post=15532"}],"curies":[{"name":"wp","href":"https:\/\/api.w.org\/{rel}","templated":true}]}}