{"id":15541,"date":"2015-11-14T19:59:21","date_gmt":"2015-11-14T18:59:21","guid":{"rendered":"http:\/\/www.susannavaris.com\/blogg\/?p=15541"},"modified":"2015-11-14T19:59:21","modified_gmt":"2015-11-14T18:59:21","slug":"rodin-pa-nationalmuseumkonstakademien","status":"publish","type":"post","link":"http:\/\/www.susannavaris.com\/blogg\/2015\/11\/rodin-pa-nationalmuseumkonstakademien\/","title":{"rendered":"Rodin p\u00e5 Nationalmuseum\/Konstakademien"},"content":{"rendered":"<p>Trots de chockerande h\u00e4ndelserna i Paris ig\u00e5r, d\u00e4r i nul\u00e4get mellan hundra och tv\u00e5hundra m\u00e4nniskor d\u00f6dats och \u00e4nnu fler skadats i en rad olika, samtidiga attentat, besl\u00f6t vi oss att h\u00e5lla oss till v\u00e5r tidigare best\u00e4mda plan att \u00e5ka in till Stockholm f\u00f6r att avnjuta lite konst. Planen hade f\u00f6rst\u00e5s reviderats, d\u00e5 flera av oss \u00e4r halta och lytta och p\u00e5 olika s\u00e4tt sjuka, men konst skulle vi \u00e5tminstone se. Det g\u00e4ller att, trots att omv\u00e4rlden rasar p\u00e5 olika s\u00e4tt, h\u00e5lla fast vid sitt liv och g\u00f6ra saker man uppskattar. R\u00e4dslan och oron f\u00e5r inte ta \u00f6verhanden. Jag tyckte att Rodin, med sin enast\u00e5ende f\u00f6rm\u00e5ga att skildra starka k\u00e4nslor inuti m\u00e4nniskokroppar och som varandes fransman, passade dessutom utm\u00e4rkt en dag som denna, d\u00e5 Frankrike och de drabbade upptar v\u00e5ra tankar. Fran\u00e7ois-Auguste-Ren\u00e9 Rodin, f\u00f6ddes 12 november 1840 i Paris.<\/p>\n<p style=\"text-align: center;\"><a href=\"http:\/\/www.susannavaris.com\/blogg\/wp-content\/uploads\/2015\/11\/Z\u00fcrich_-_Kunsthaus_-_Rodins_H\u00f6llentor_IMG_7384_ShiftN.jpg\"><img loading=\"lazy\" decoding=\"async\" class=\"aligncenter size-full wp-image-15542\" src=\"http:\/\/www.susannavaris.com\/blogg\/wp-content\/uploads\/2015\/11\/Z\u00fcrich_-_Kunsthaus_-_Rodins_H\u00f6llentor_IMG_7384_ShiftN.jpg\" alt=\"Z\u00fcrich_-_Kunsthaus_-_Rodin's_H\u00f6llentor_IMG_7384_ShiftN\" width=\"2667\" height=\"4000\" srcset=\"http:\/\/www.susannavaris.com\/blogg\/wp-content\/uploads\/2015\/11\/Z\u00fcrich_-_Kunsthaus_-_Rodins_H\u00f6llentor_IMG_7384_ShiftN.jpg 2667w, http:\/\/www.susannavaris.com\/blogg\/wp-content\/uploads\/2015\/11\/Z\u00fcrich_-_Kunsthaus_-_Rodins_H\u00f6llentor_IMG_7384_ShiftN-200x300.jpg 200w, http:\/\/www.susannavaris.com\/blogg\/wp-content\/uploads\/2015\/11\/Z\u00fcrich_-_Kunsthaus_-_Rodins_H\u00f6llentor_IMG_7384_ShiftN-683x1024.jpg 683w\" sizes=\"auto, (max-width: 2667px) 100vw, 2667px\" \/><\/a><em>M\u00e5nga av skulpturerna i utst\u00e4llningen kretsar kring Helvetesporten, som dock bara fanns med p\u00e5 bild. Foto fr\u00e5n Wikipedia: <a title=\"Category:La Porte de l'enfer (Kunsthaus Z\u00fcrich)\" href=\"https:\/\/commons.wikimedia.org\/wiki\/Category:La_Porte_de_l%27enfer_%28Kunsthaus_Z%C3%BCrich%29\">La Porte de l\u2019Enfer (The Gates of Hell)<\/a> by <a title=\"Category:Auguste Rodin\" href=\"https:\/\/commons.wikimedia.org\/wiki\/Category:Auguste_Rodin\">Auguste Rodin<\/a> situated at the <a title=\"Category:Kunsthaus Z\u00fcrich\" href=\"https:\/\/commons.wikimedia.org\/wiki\/Category:Kunsthaus_Z%C3%BCrich\">Kunsthaus<\/a> in <a title=\"Z\u00fcrich\" href=\"https:\/\/commons.wikimedia.org\/wiki\/Z%C3%BCrich\">Z\u00fcrich<\/a> (Switzerland) <\/em><\/p>\n<p style=\"text-align: center;\"><a href=\"http:\/\/www.susannavaris.com\/blogg\/wp-content\/uploads\/2015\/11\/DSC_0081-50.jpg\"><img loading=\"lazy\" decoding=\"async\" class=\"aligncenter size-full wp-image-15547\" src=\"http:\/\/www.susannavaris.com\/blogg\/wp-content\/uploads\/2015\/11\/DSC_0081-50.jpg\" alt=\"DSC_0081-50\" width=\"1030\" height=\"1521\" srcset=\"http:\/\/www.susannavaris.com\/blogg\/wp-content\/uploads\/2015\/11\/DSC_0081-50.jpg 1030w, http:\/\/www.susannavaris.com\/blogg\/wp-content\/uploads\/2015\/11\/DSC_0081-50-203x300.jpg 203w, http:\/\/www.susannavaris.com\/blogg\/wp-content\/uploads\/2015\/11\/DSC_0081-50-693x1024.jpg 693w\" sizes=\"auto, (max-width: 1030px) 100vw, 1030px\" \/><\/a><\/p>\n<p style=\"text-align: center;\"><a href=\"http:\/\/www.susannavaris.com\/blogg\/wp-content\/uploads\/2015\/11\/DSC_0075-50-text.jpg\"><img loading=\"lazy\" decoding=\"async\" class=\"aligncenter size-full wp-image-15543\" src=\"http:\/\/www.susannavaris.com\/blogg\/wp-content\/uploads\/2015\/11\/DSC_0075-50-text.jpg\" alt=\"DSC_0075-50-text\" width=\"2304\" height=\"1536\" srcset=\"http:\/\/www.susannavaris.com\/blogg\/wp-content\/uploads\/2015\/11\/DSC_0075-50-text.jpg 2304w, http:\/\/www.susannavaris.com\/blogg\/wp-content\/uploads\/2015\/11\/DSC_0075-50-text-300x200.jpg 300w, http:\/\/www.susannavaris.com\/blogg\/wp-content\/uploads\/2015\/11\/DSC_0075-50-text-1024x683.jpg 1024w\" sizes=\"auto, (max-width: 2304px) 100vw, 2304px\" \/><\/a> <a href=\"http:\/\/www.susannavaris.com\/blogg\/wp-content\/uploads\/2015\/11\/DSC_0076-50.jpg\"><img loading=\"lazy\" decoding=\"async\" class=\"aligncenter size-full wp-image-15544\" src=\"http:\/\/www.susannavaris.com\/blogg\/wp-content\/uploads\/2015\/11\/DSC_0076-50.jpg\" alt=\"DSC_0076-50\" width=\"1364\" height=\"958\" srcset=\"http:\/\/www.susannavaris.com\/blogg\/wp-content\/uploads\/2015\/11\/DSC_0076-50.jpg 1364w, http:\/\/www.susannavaris.com\/blogg\/wp-content\/uploads\/2015\/11\/DSC_0076-50-300x211.jpg 300w, http:\/\/www.susannavaris.com\/blogg\/wp-content\/uploads\/2015\/11\/DSC_0076-50-1024x719.jpg 1024w\" sizes=\"auto, (max-width: 1364px) 100vw, 1364px\" \/><\/a> <a href=\"http:\/\/www.susannavaris.com\/blogg\/wp-content\/uploads\/2015\/11\/DSC_0077-50-text.jpg\"><img loading=\"lazy\" decoding=\"async\" class=\"aligncenter size-full wp-image-15545\" src=\"http:\/\/www.susannavaris.com\/blogg\/wp-content\/uploads\/2015\/11\/DSC_0077-50-text.jpg\" alt=\"DSC_0077-50-text\" width=\"1536\" height=\"2304\" srcset=\"http:\/\/www.susannavaris.com\/blogg\/wp-content\/uploads\/2015\/11\/DSC_0077-50-text.jpg 1536w, http:\/\/www.susannavaris.com\/blogg\/wp-content\/uploads\/2015\/11\/DSC_0077-50-text-200x300.jpg 200w, http:\/\/www.susannavaris.com\/blogg\/wp-content\/uploads\/2015\/11\/DSC_0077-50-text-683x1024.jpg 683w\" sizes=\"auto, (max-width: 1536px) 100vw, 1536px\" \/><\/a><a href=\"http:\/\/www.susannavaris.com\/blogg\/wp-content\/uploads\/2015\/11\/DSC_0078-50-text.jpg\"><img loading=\"lazy\" decoding=\"async\" class=\"aligncenter size-full wp-image-15546\" src=\"http:\/\/www.susannavaris.com\/blogg\/wp-content\/uploads\/2015\/11\/DSC_0078-50-text.jpg\" alt=\"DSC_0078-50-text\" width=\"2304\" height=\"1536\" srcset=\"http:\/\/www.susannavaris.com\/blogg\/wp-content\/uploads\/2015\/11\/DSC_0078-50-text.jpg 2304w, http:\/\/www.susannavaris.com\/blogg\/wp-content\/uploads\/2015\/11\/DSC_0078-50-text-300x200.jpg 300w, http:\/\/www.susannavaris.com\/blogg\/wp-content\/uploads\/2015\/11\/DSC_0078-50-text-1024x683.jpg 1024w\" sizes=\"auto, (max-width: 2304px) 100vw, 2304px\" \/><\/a><a href=\"http:\/\/www.susannavaris.com\/blogg\/wp-content\/uploads\/2015\/11\/DSC_0079-50.jpg\"><img loading=\"lazy\" decoding=\"async\" class=\"aligncenter size-full wp-image-15548\" src=\"http:\/\/www.susannavaris.com\/blogg\/wp-content\/uploads\/2015\/11\/DSC_0079-50.jpg\" alt=\"DSC_0079-50\" width=\"1836\" height=\"1237\" srcset=\"http:\/\/www.susannavaris.com\/blogg\/wp-content\/uploads\/2015\/11\/DSC_0079-50.jpg 1836w, http:\/\/www.susannavaris.com\/blogg\/wp-content\/uploads\/2015\/11\/DSC_0079-50-300x202.jpg 300w, http:\/\/www.susannavaris.com\/blogg\/wp-content\/uploads\/2015\/11\/DSC_0079-50-1024x690.jpg 1024w\" sizes=\"auto, (max-width: 1836px) 100vw, 1836px\" \/><\/a> <a href=\"http:\/\/www.susannavaris.com\/blogg\/wp-content\/uploads\/2015\/11\/DSC_0082-50-text.jpg\"><img loading=\"lazy\" decoding=\"async\" class=\"aligncenter size-full wp-image-15549\" src=\"http:\/\/www.susannavaris.com\/blogg\/wp-content\/uploads\/2015\/11\/DSC_0082-50-text.jpg\" alt=\"DSC_0082-50-text\" width=\"2304\" height=\"1536\" srcset=\"http:\/\/www.susannavaris.com\/blogg\/wp-content\/uploads\/2015\/11\/DSC_0082-50-text.jpg 2304w, http:\/\/www.susannavaris.com\/blogg\/wp-content\/uploads\/2015\/11\/DSC_0082-50-text-300x200.jpg 300w, http:\/\/www.susannavaris.com\/blogg\/wp-content\/uploads\/2015\/11\/DSC_0082-50-text-1024x683.jpg 1024w\" sizes=\"auto, (max-width: 2304px) 100vw, 2304px\" \/><\/a><em>T\u00e4nkaren. Brons, nr 6.<\/em><\/p>\n<p style=\"text-align: center;\"><a href=\"http:\/\/www.susannavaris.com\/blogg\/wp-content\/uploads\/2015\/11\/DSC_0083-50-text.jpg\"><img loading=\"lazy\" decoding=\"async\" class=\"aligncenter size-full wp-image-15550\" src=\"http:\/\/www.susannavaris.com\/blogg\/wp-content\/uploads\/2015\/11\/DSC_0083-50-text.jpg\" alt=\"DSC_0083-50-text\" width=\"1536\" height=\"2304\" srcset=\"http:\/\/www.susannavaris.com\/blogg\/wp-content\/uploads\/2015\/11\/DSC_0083-50-text.jpg 1536w, http:\/\/www.susannavaris.com\/blogg\/wp-content\/uploads\/2015\/11\/DSC_0083-50-text-200x300.jpg 200w, http:\/\/www.susannavaris.com\/blogg\/wp-content\/uploads\/2015\/11\/DSC_0083-50-text-683x1024.jpg 683w\" sizes=\"auto, (max-width: 1536px) 100vw, 1536px\" \/><\/a><em>Rodin blev inte riktigt accepterad i de finare konstsalongerna till en b\u00f6rjan och han kom inte in p\u00e5 de mest erk\u00e4nda skolorna. Han hittade dock en egen nisch i best\u00e4llningsarbeten och portr\u00e4tt. Jules Dalou och Victor Hugo.<\/em><\/p>\n<p style=\"text-align: center;\"><a href=\"http:\/\/www.susannavaris.com\/blogg\/wp-content\/uploads\/2015\/11\/DSC_0084-50.jpg\"><img loading=\"lazy\" decoding=\"async\" class=\"aligncenter size-full wp-image-15551\" src=\"http:\/\/www.susannavaris.com\/blogg\/wp-content\/uploads\/2015\/11\/DSC_0084-50.jpg\" alt=\"DSC_0084-50\" width=\"2304\" height=\"1536\" srcset=\"http:\/\/www.susannavaris.com\/blogg\/wp-content\/uploads\/2015\/11\/DSC_0084-50.jpg 2304w, http:\/\/www.susannavaris.com\/blogg\/wp-content\/uploads\/2015\/11\/DSC_0084-50-300x200.jpg 300w, http:\/\/www.susannavaris.com\/blogg\/wp-content\/uploads\/2015\/11\/DSC_0084-50-1024x683.jpg 1024w\" sizes=\"auto, (max-width: 2304px) 100vw, 2304px\" \/><\/a><em>Moderskan bland skulpturerna.<\/em><\/p>\n<p style=\"text-align: center;\"><a href=\"http:\/\/www.susannavaris.com\/blogg\/wp-content\/uploads\/2015\/11\/DSC_0086-50-text.jpg\"><img loading=\"lazy\" decoding=\"async\" class=\"aligncenter size-full wp-image-15552\" src=\"http:\/\/www.susannavaris.com\/blogg\/wp-content\/uploads\/2015\/11\/DSC_0086-50-text.jpg\" alt=\"DSC_0086-50-text\" width=\"1532\" height=\"2072\" srcset=\"http:\/\/www.susannavaris.com\/blogg\/wp-content\/uploads\/2015\/11\/DSC_0086-50-text.jpg 1532w, http:\/\/www.susannavaris.com\/blogg\/wp-content\/uploads\/2015\/11\/DSC_0086-50-text-222x300.jpg 222w, http:\/\/www.susannavaris.com\/blogg\/wp-content\/uploads\/2015\/11\/DSC_0086-50-text-757x1024.jpg 757w\" sizes=\"auto, (max-width: 1532px) 100vw, 1532px\" \/><\/a><em>Nymfer. Skulpt\u00f6ren sj\u00e4lv p\u00e5 bild i bakgrunden.<\/em><\/p>\n<p style=\"text-align: center;\"><a href=\"http:\/\/www.susannavaris.com\/blogg\/wp-content\/uploads\/2015\/11\/DSC_0087-50-text.jpg\"><img loading=\"lazy\" decoding=\"async\" class=\"aligncenter size-full wp-image-15553\" src=\"http:\/\/www.susannavaris.com\/blogg\/wp-content\/uploads\/2015\/11\/DSC_0087-50-text.jpg\" alt=\"DSC_0087-50-text\" width=\"1536\" height=\"2304\" srcset=\"http:\/\/www.susannavaris.com\/blogg\/wp-content\/uploads\/2015\/11\/DSC_0087-50-text.jpg 1536w, http:\/\/www.susannavaris.com\/blogg\/wp-content\/uploads\/2015\/11\/DSC_0087-50-text-200x300.jpg 200w, http:\/\/www.susannavaris.com\/blogg\/wp-content\/uploads\/2015\/11\/DSC_0087-50-text-683x1024.jpg 683w\" sizes=\"auto, (max-width: 1536px) 100vw, 1536px\" \/><\/a><em>Den f\u00f6rlorade sonen.<\/em><\/p>\n<p style=\"text-align: center;\"><a href=\"http:\/\/www.susannavaris.com\/blogg\/wp-content\/uploads\/2015\/11\/DSC_0088-50-text.jpg\"><img loading=\"lazy\" decoding=\"async\" class=\"aligncenter size-full wp-image-15554\" src=\"http:\/\/www.susannavaris.com\/blogg\/wp-content\/uploads\/2015\/11\/DSC_0088-50-text.jpg\" alt=\"DSC_0088-50-text\" width=\"1536\" height=\"2247\" srcset=\"http:\/\/www.susannavaris.com\/blogg\/wp-content\/uploads\/2015\/11\/DSC_0088-50-text.jpg 1536w, http:\/\/www.susannavaris.com\/blogg\/wp-content\/uploads\/2015\/11\/DSC_0088-50-text-205x300.jpg 205w, http:\/\/www.susannavaris.com\/blogg\/wp-content\/uploads\/2015\/11\/DSC_0088-50-text-700x1024.jpg 700w\" sizes=\"auto, (max-width: 1536px) 100vw, 1536px\" \/><\/a><em>Hette denna Sorgens ansikte?<\/em><\/p>\n<p style=\"text-align: center;\"><a href=\"http:\/\/www.susannavaris.com\/blogg\/wp-content\/uploads\/2015\/11\/DSC_0089-50-text.jpg\"><img loading=\"lazy\" decoding=\"async\" class=\"aligncenter size-full wp-image-15555\" src=\"http:\/\/www.susannavaris.com\/blogg\/wp-content\/uploads\/2015\/11\/DSC_0089-50-text.jpg\" alt=\"DSC_0089-50-text\" width=\"1536\" height=\"2304\" srcset=\"http:\/\/www.susannavaris.com\/blogg\/wp-content\/uploads\/2015\/11\/DSC_0089-50-text.jpg 1536w, http:\/\/www.susannavaris.com\/blogg\/wp-content\/uploads\/2015\/11\/DSC_0089-50-text-200x300.jpg 200w, http:\/\/www.susannavaris.com\/blogg\/wp-content\/uploads\/2015\/11\/DSC_0089-50-text-683x1024.jpg 683w\" sizes=\"auto, (max-width: 1536px) 100vw, 1536px\" \/><\/a><em>Honor\u00e9 de Balzac.<\/em><\/p>\n<p style=\"text-align: center;\"><a href=\"http:\/\/www.susannavaris.com\/blogg\/wp-content\/uploads\/2015\/11\/DSC_0090-50-text.jpg\"><img loading=\"lazy\" decoding=\"async\" class=\"aligncenter size-full wp-image-15556\" src=\"http:\/\/www.susannavaris.com\/blogg\/wp-content\/uploads\/2015\/11\/DSC_0090-50-text.jpg\" alt=\"DSC_0090-50-text\" width=\"1536\" height=\"2304\" srcset=\"http:\/\/www.susannavaris.com\/blogg\/wp-content\/uploads\/2015\/11\/DSC_0090-50-text.jpg 1536w, http:\/\/www.susannavaris.com\/blogg\/wp-content\/uploads\/2015\/11\/DSC_0090-50-text-200x300.jpg 200w, http:\/\/www.susannavaris.com\/blogg\/wp-content\/uploads\/2015\/11\/DSC_0090-50-text-683x1024.jpg 683w\" sizes=\"auto, (max-width: 1536px) 100vw, 1536px\" \/><\/a><em>En samling skulpturer av nordiska skulpt\u00f6rer som haft samr\u00f6re med Rodin fanns ocks\u00e5 med p\u00e5 utst\u00e4llningen. H\u00e4r syns Carl Eldhs Omfamning i bakgrunden och Johan Teodor Lundbergs Stranden och V\u00e5gen i f\u00f6rgrunden.<\/em><\/p>\n<p style=\"text-align: center;\"><a href=\"http:\/\/www.susannavaris.com\/blogg\/wp-content\/uploads\/2015\/11\/DSC_0093-50-text.jpg\"><img loading=\"lazy\" decoding=\"async\" class=\"aligncenter size-full wp-image-15557\" src=\"http:\/\/www.susannavaris.com\/blogg\/wp-content\/uploads\/2015\/11\/DSC_0093-50-text.jpg\" alt=\"DSC_0093-50-text\" width=\"1285\" height=\"2103\" srcset=\"http:\/\/www.susannavaris.com\/blogg\/wp-content\/uploads\/2015\/11\/DSC_0093-50-text.jpg 1285w, http:\/\/www.susannavaris.com\/blogg\/wp-content\/uploads\/2015\/11\/DSC_0093-50-text-183x300.jpg 183w, http:\/\/www.susannavaris.com\/blogg\/wp-content\/uploads\/2015\/11\/DSC_0093-50-text-626x1024.jpg 626w\" sizes=\"auto, (max-width: 1285px) 100vw, 1285px\" \/><\/a><em>Torso.<\/em><\/p>\n<p style=\"text-align: center;\"><a href=\"http:\/\/www.susannavaris.com\/blogg\/wp-content\/uploads\/2015\/11\/DSC_0094-50-text.jpg\"><img loading=\"lazy\" decoding=\"async\" class=\"aligncenter size-full wp-image-15558\" src=\"http:\/\/www.susannavaris.com\/blogg\/wp-content\/uploads\/2015\/11\/DSC_0094-50-text.jpg\" alt=\"DSC_0094-50-text\" width=\"1536\" height=\"2304\" srcset=\"http:\/\/www.susannavaris.com\/blogg\/wp-content\/uploads\/2015\/11\/DSC_0094-50-text.jpg 1536w, http:\/\/www.susannavaris.com\/blogg\/wp-content\/uploads\/2015\/11\/DSC_0094-50-text-200x300.jpg 200w, http:\/\/www.susannavaris.com\/blogg\/wp-content\/uploads\/2015\/11\/DSC_0094-50-text-683x1024.jpg 683w\" sizes=\"auto, (max-width: 1536px) 100vw, 1536px\" \/><\/a><em>Denna skulptur, Meditation, fanns i ett antal varianter. Ingen av poserna gav n\u00e5got meditativt intryck enligt mig, snarare verkade figurerna vrida sig i pl\u00e5gsamma mardr\u00f6mmar eller kanske n\u00e5gon slags extas. Rodin arbetade under vissa perioder mycket med en slags halvf\u00e4rdig finish, d\u00e4r exempelvis skrovliga kanter efter former finns kvar. Han ville synligg\u00f6ra skulpterandets process i det f\u00e4rdiga verket.<\/em><\/p>\n<p style=\"text-align: left;\">Jag har tidigare sett en samling stora Rodin-skulpturer p\u00e5 MoMA i New York. Denna utst\u00e4llning bestod mest av medelstora och mindre verk (s\u00e4kerligen p\u00e5 grund av logistiken), men var mycket informativ och m\u00e5ngsidig. Det var trevligt med de sm\u00e5 sitth\u00f6rnor d\u00e4r man kunde vila sina ben och samtidigt k\u00e4nna p\u00e5 ett antal sm\u00e5 skulpturer som fanns monterade vid dem och som just var till f\u00f6r att k\u00e4nnas p\u00e5. Konsten f\u00e5r s\u00e4llan vidr\u00f6ras, s\u00e5 detta var ett trevligt grepp.<\/p>\n","protected":false},"excerpt":{"rendered":"<p>Trots de chockerande h\u00e4ndelserna i Paris ig\u00e5r, d\u00e4r i nul\u00e4get mellan hundra och tv\u00e5hundra m\u00e4nniskor d\u00f6dats och \u00e4nnu fler skadats i en rad olika, samtidiga attentat, besl\u00f6t vi oss att h\u00e5lla oss till v\u00e5r tidigare best\u00e4mda plan att \u00e5ka in &hellip; <a href=\"http:\/\/www.susannavaris.com\/blogg\/2015\/11\/rodin-pa-nationalmuseumkonstakademien\/\">Forts\u00e4tt l\u00e4sa <span class=\"meta-nav\">&rarr;<\/span><\/a><\/p>\n","protected":false},"author":1,"featured_media":0,"comment_status":"open","ping_status":"open","sticky":false,"template":"","format":"standard","meta":{"footnotes":""},"categories":[3,1162,4],"tags":[418,5112,3949,5110,5113,17,4424,5108,21,5107,5109,1800,446,122,5111],"class_list":["post-15541","post","type-post","status-publish","format-standard","hentry","category-konst","category-kultur","category-utstallning","tag-art","tag-carl-eldh","tag-frankrike","tag-honore-de-balzac","tag-johan-teodor-lundberg","tag-konst-2","tag-konstakademien","tag-nationalmuseet","tag-nationalmuseum","tag-rodin","tag-skulptor","tag-skulptur","tag-terror","tag-utstallning-2","tag-victor-hugo"],"_links":{"self":[{"href":"http:\/\/www.susannavaris.com\/blogg\/wp-json\/wp\/v2\/posts\/15541","targetHints":{"allow":["GET"]}}],"collection":[{"href":"http:\/\/www.susannavaris.com\/blogg\/wp-json\/wp\/v2\/posts"}],"about":[{"href":"http:\/\/www.susannavaris.com\/blogg\/wp-json\/wp\/v2\/types\/post"}],"author":[{"embeddable":true,"href":"http:\/\/www.susannavaris.com\/blogg\/wp-json\/wp\/v2\/users\/1"}],"replies":[{"embeddable":true,"href":"http:\/\/www.susannavaris.com\/blogg\/wp-json\/wp\/v2\/comments?post=15541"}],"version-history":[{"count":1,"href":"http:\/\/www.susannavaris.com\/blogg\/wp-json\/wp\/v2\/posts\/15541\/revisions"}],"predecessor-version":[{"id":15559,"href":"http:\/\/www.susannavaris.com\/blogg\/wp-json\/wp\/v2\/posts\/15541\/revisions\/15559"}],"wp:attachment":[{"href":"http:\/\/www.susannavaris.com\/blogg\/wp-json\/wp\/v2\/media?parent=15541"}],"wp:term":[{"taxonomy":"category","embeddable":true,"href":"http:\/\/www.susannavaris.com\/blogg\/wp-json\/wp\/v2\/categories?post=15541"},{"taxonomy":"post_tag","embeddable":true,"href":"http:\/\/www.susannavaris.com\/blogg\/wp-json\/wp\/v2\/tags?post=15541"}],"curies":[{"name":"wp","href":"https:\/\/api.w.org\/{rel}","templated":true}]}}