{"id":15608,"date":"2015-11-30T22:59:20","date_gmt":"2015-11-30T21:59:20","guid":{"rendered":"http:\/\/www.susannavaris.com\/blogg\/?p=15608"},"modified":"2015-12-01T09:44:08","modified_gmt":"2015-12-01T08:44:08","slug":"foljetongen-telia-del-sjuttioelva","status":"publish","type":"post","link":"http:\/\/www.susannavaris.com\/blogg\/2015\/11\/foljetongen-telia-del-sjuttioelva\/","title":{"rendered":"F\u00f6ljetongen Telia del sjuttioelva"},"content":{"rendered":"<p>Efter att n\u00e4stan ha f\u00e5tt en hj\u00e4rtattack i samband med\u00a0<a href=\"http:\/\/www.susannavaris.com\/blogg\/2015\/11\/telia-kan-knappt-sjunka-langre-snart\/\">br\u00e5ket<\/a> med den stora, statliga telej\u00e4tten och efter att de\u00a0<a href=\"http:\/\/www.susannavaris.com\/blogg\/2015\/11\/telia-backar\/\">backat<\/a> ang\u00e5ende min v\u00e4ns dyra kanalpaket inbillade jag mig att allting var frid och fr\u00f6jd. Tills jag s\u00e5g m\u00e5nadens r\u00e4kning. Den l\u00e5g p\u00e5 ca 750 ist\u00e4llet f\u00f6r 800 kronor f\u00f6r min v\u00e4n. P\u00e5 internetbanken kan man inte se en specifikation och inlogging p\u00e5 Telia med Bank-ID fungerade inte. Ingenstans finns en e-postadress att finna. Jag blir antagligen \u00e5ter tvungen att med risk f\u00f6r min mentala och fysiska h\u00e4lsa tillbringa en halvtimme i telefonk\u00f6 till denna bolag f\u00f6r att utr\u00f6na vad som h\u00e4nt. I mitt upprivna tillst\u00e5nd gl\u00f6mde jag att be den h\u00e4r firman att bekr\u00e4fta upps\u00e4gningen av kanalpaketet och jag befarar det v\u00e4rsta, dvs att det ska bli mer br\u00e5k. Det \u00e4r knappt jag f\u00e5r ekonomin att g\u00e5 ihop f\u00f6r min v\u00e4n, som nu ocks\u00e5 r\u00e5kat ut f\u00f6r en rej\u00e4l skattesm\u00e4ll och det h\u00e4r \u00e4r det sista vi beh\u00f6ver. Jag f\u00e5r se om det g\u00e5r att hitta r\u00e4kningen hemma hos v\u00e4nnen, d\u00e4r ju det mesta i pappersv\u00e4g har en tendens att f\u00f6rsvinna. Annars blir det timmar i telefon med Telia igen. S\u00e5 underbart. Jag k\u00e4nner redan det lugn jag efter min sjukskrivning till f\u00f6ljd av stressyndrom lyckats \u00e5terfinna luckras upp.<\/p>\n<p>Till\u00e4gg (151201):<\/p>\n<p>Efter 33 minuter i telefonk\u00f6 till ovan n\u00e4mnda f\u00f6retag har jag nu \u00e4nd\u00e5 f\u00e5tt bekr\u00e4ftelse p\u00e5 att kanalpaketet \u00e4r uppsagt 4. november. Fakturan har bara f\u00f6tts redan i oktober och eventuella extra inbetalningar f\u00e5r vi v\u00e4nta med tills n\u00e4sta faktura f\u00f6r att f\u00e5 igen. De h\u00e4r hundralapparna g\u00f6r nu att v\u00e4nnens hyra inte har kunnat g\u00e5 iv\u00e4g p\u00e5 autogiro och vi riskerar inkasso samt avgifter eftersom hans n\u00e4sta pension f\u00f6rst dyker upp senare. V\u00e4nnens pension kommer fr\u00e5n olika h\u00e5ll och betalas ut kring den 17:e, 25:e och 5:e varje m\u00e5nad. Min s\u00f6mn \u00e4r p\u00e5verkad igen eftersom det finns f\u00e5 saker som \u00e4r lika stressande som ekonomi- och teknikstrul. I kombination med noll kontroll fungerar det inte f\u00f6r mig.<\/p>\n","protected":false},"excerpt":{"rendered":"<p>Efter att n\u00e4stan ha f\u00e5tt en hj\u00e4rtattack i samband med\u00a0br\u00e5ket med den stora, statliga telej\u00e4tten och efter att de\u00a0backat ang\u00e5ende min v\u00e4ns dyra kanalpaket inbillade jag mig att allting var frid och fr\u00f6jd. Tills jag s\u00e5g m\u00e5nadens r\u00e4kning. Den l\u00e5g &hellip; <a href=\"http:\/\/www.susannavaris.com\/blogg\/2015\/11\/foljetongen-telia-del-sjuttioelva\/\">Forts\u00e4tt l\u00e4sa <span class=\"meta-nav\">&rarr;<\/span><\/a><\/p>\n","protected":false},"author":1,"featured_media":0,"comment_status":"open","ping_status":"open","sticky":false,"template":"","format":"standard","meta":{"footnotes":""},"categories":[178],"tags":[2444,5142,953,2442,2252],"class_list":["post-15608","post","type-post","status-publish","format-standard","hentry","category-blodtryckshojare","tag-bredband","tag-kanalpaket","tag-stress","tag-telia","tag-tv-2"],"_links":{"self":[{"href":"http:\/\/www.susannavaris.com\/blogg\/wp-json\/wp\/v2\/posts\/15608","targetHints":{"allow":["GET"]}}],"collection":[{"href":"http:\/\/www.susannavaris.com\/blogg\/wp-json\/wp\/v2\/posts"}],"about":[{"href":"http:\/\/www.susannavaris.com\/blogg\/wp-json\/wp\/v2\/types\/post"}],"author":[{"embeddable":true,"href":"http:\/\/www.susannavaris.com\/blogg\/wp-json\/wp\/v2\/users\/1"}],"replies":[{"embeddable":true,"href":"http:\/\/www.susannavaris.com\/blogg\/wp-json\/wp\/v2\/comments?post=15608"}],"version-history":[{"count":3,"href":"http:\/\/www.susannavaris.com\/blogg\/wp-json\/wp\/v2\/posts\/15608\/revisions"}],"predecessor-version":[{"id":15611,"href":"http:\/\/www.susannavaris.com\/blogg\/wp-json\/wp\/v2\/posts\/15608\/revisions\/15611"}],"wp:attachment":[{"href":"http:\/\/www.susannavaris.com\/blogg\/wp-json\/wp\/v2\/media?parent=15608"}],"wp:term":[{"taxonomy":"category","embeddable":true,"href":"http:\/\/www.susannavaris.com\/blogg\/wp-json\/wp\/v2\/categories?post=15608"},{"taxonomy":"post_tag","embeddable":true,"href":"http:\/\/www.susannavaris.com\/blogg\/wp-json\/wp\/v2\/tags?post=15608"}],"curies":[{"name":"wp","href":"https:\/\/api.w.org\/{rel}","templated":true}]}}