{"id":15616,"date":"2015-12-10T19:56:12","date_gmt":"2015-12-10T18:56:12","guid":{"rendered":"http:\/\/www.susannavaris.com\/blogg\/?p=15616"},"modified":"2015-12-13T11:17:46","modified_gmt":"2015-12-13T10:17:46","slug":"funderingar-kring-sakernas-tillstand","status":"publish","type":"post","link":"http:\/\/www.susannavaris.com\/blogg\/2015\/12\/funderingar-kring-sakernas-tillstand\/","title":{"rendered":"Olikbehandling beh\u00f6ver inte vara diskriminering"},"content":{"rendered":"<p>Det \u00e4r dags f\u00f6r Nobel-festligheterna och prisutdelningarna. De viktigaste framstegen f\u00f6r m\u00e4nskligheten ska uppm\u00e4rksammas och i svensk kontext vet vi ju alla att det betyder att uppn\u00e5 en f\u00f6rdelning av 50 &#8211; 100 % kvinnor p\u00e5 de som nu f\u00f6r\u00e4rats priser, de som tidigare f\u00f6r\u00e4rats priser och de som beviljas forskningsanslag.<\/p>\n<p>&nbsp;<\/p>\n<p style=\"text-align: center;\"><a href=\"http:\/\/www.susannavaris.com\/blogg\/2015\/12\/funderingar-kring-sakernas-tillstand\/nobel-01\/\" rel=\"attachment wp-att-15617\"><img loading=\"lazy\" decoding=\"async\" class=\"aligncenter size-full wp-image-15617\" src=\"http:\/\/www.susannavaris.com\/blogg\/wp-content\/uploads\/2015\/12\/nobel-01.jpg\" alt=\"nobel-01\" width=\"535\" height=\"289\" srcset=\"http:\/\/www.susannavaris.com\/blogg\/wp-content\/uploads\/2015\/12\/nobel-01.jpg 535w, http:\/\/www.susannavaris.com\/blogg\/wp-content\/uploads\/2015\/12\/nobel-01-300x162.jpg 300w\" sizes=\"auto, (max-width: 535px) 100vw, 535px\" \/><\/a> <a href=\"http:\/\/www.susannavaris.com\/blogg\/2015\/12\/funderingar-kring-sakernas-tillstand\/nobel-02\/\" rel=\"attachment wp-att-15618\"><img loading=\"lazy\" decoding=\"async\" class=\"aligncenter size-full wp-image-15618\" src=\"http:\/\/www.susannavaris.com\/blogg\/wp-content\/uploads\/2015\/12\/nobel-02.jpg\" alt=\"nobel-02\" width=\"266\" height=\"291\" \/><\/a> <a href=\"http:\/\/www.susannavaris.com\/blogg\/2015\/12\/funderingar-kring-sakernas-tillstand\/nobel03\/\" rel=\"attachment wp-att-15619\"><img loading=\"lazy\" decoding=\"async\" class=\"aligncenter size-full wp-image-15619\" src=\"http:\/\/www.susannavaris.com\/blogg\/wp-content\/uploads\/2015\/12\/nobel03.jpg\" alt=\"nobel03\" width=\"1301\" height=\"345\" srcset=\"http:\/\/www.susannavaris.com\/blogg\/wp-content\/uploads\/2015\/12\/nobel03.jpg 1301w, http:\/\/www.susannavaris.com\/blogg\/wp-content\/uploads\/2015\/12\/nobel03-300x80.jpg 300w, http:\/\/www.susannavaris.com\/blogg\/wp-content\/uploads\/2015\/12\/nobel03-768x204.jpg 768w, http:\/\/www.susannavaris.com\/blogg\/wp-content\/uploads\/2015\/12\/nobel03-1024x272.jpg 1024w\" sizes=\"auto, (max-width: 1301px) 100vw, 1301px\" \/><\/a> <a href=\"http:\/\/www.susannavaris.com\/blogg\/2015\/12\/funderingar-kring-sakernas-tillstand\/nobel-04\/\" rel=\"attachment wp-att-15620\"><img loading=\"lazy\" decoding=\"async\" class=\"aligncenter size-full wp-image-15620\" src=\"http:\/\/www.susannavaris.com\/blogg\/wp-content\/uploads\/2015\/12\/nobel-04.jpg\" alt=\"nobel-04\" width=\"648\" height=\"240\" srcset=\"http:\/\/www.susannavaris.com\/blogg\/wp-content\/uploads\/2015\/12\/nobel-04.jpg 648w, http:\/\/www.susannavaris.com\/blogg\/wp-content\/uploads\/2015\/12\/nobel-04-300x111.jpg 300w\" sizes=\"auto, (max-width: 648px) 100vw, 648px\" \/><\/a><em>Alla sk\u00e4rmdumpar ovan \u00e4r fr\u00e5n dagens SvD.<\/em><\/p>\n<p style=\"text-align: left;\">Konstigt nog hittar jag inte s\u00e5 mycket p\u00e5 samma tema i de andra tidningarna, s\u00e5 jag kanske f\u00e5r backa p\u00e5 min tes p\u00e5 en g\u00e5ng &#8211; f\u00f6rdelningen av kvinnor kanske inte \u00e4r det absolut viktigaste som kan uppm\u00e4rksammas i samband med Nobel?<\/p>\n<p style=\"text-align: left;\">Det var f\u00f6rresten inte Nobel jag skulle skriva om, utan senaste\u00a0<a href=\"http:\/\/www.svt.se\/debatt\/se-program\/debatt-sasong-14-03-12-22-00\">Debatt<\/a> p\u00e5 SVT. Den s\u00e4ndes visserligen f\u00f6r en tid sedan, men jag s\u00e5g programmet f\u00f6rst ig\u00e5r. Ett av \u00e4mnena var f\u00f6rslaget om att tjejer\/kvinnor som studerar it-utbildningar skulle f\u00e5 sina studiel\u00e5n\u00a0<a href=\"http:\/\/www.nyteknik.se\/nyheter\/it_telekom\/allmant\/article3949943.ece\">betalda<\/a> av oss skattebetalare, allt i namnet av den heliga j\u00e4mst\u00e4lldheten. Ett antal debatt\u00f6rer deltog, bl a Ann Heberlein, Clarence Crafoord fr\u00e5n Centrum f\u00f6r R\u00e4ttvisa och Eva-Maria Svensson, professor i r\u00e4ttsvetenskap.<\/p>\n<p style=\"text-align: left;\"><a href=\"http:\/\/www.susannavaris.com\/blogg\/2015\/12\/funderingar-kring-sakernas-tillstand\/debatt-01\/\" rel=\"attachment wp-att-15621\"><img loading=\"lazy\" decoding=\"async\" class=\"aligncenter size-full wp-image-15621\" src=\"http:\/\/www.susannavaris.com\/blogg\/wp-content\/uploads\/2015\/12\/debatt-01.jpg\" alt=\"debatt-01\" width=\"998\" height=\"535\" srcset=\"http:\/\/www.susannavaris.com\/blogg\/wp-content\/uploads\/2015\/12\/debatt-01.jpg 998w, http:\/\/www.susannavaris.com\/blogg\/wp-content\/uploads\/2015\/12\/debatt-01-300x161.jpg 300w, http:\/\/www.susannavaris.com\/blogg\/wp-content\/uploads\/2015\/12\/debatt-01-768x412.jpg 768w\" sizes=\"auto, (max-width: 998px) 100vw, 998px\" \/><\/a><\/p>\n<p>Belinda Ohlsson fr\u00e5gar Eva-Maria Svensson om f\u00f6rslaget inneb\u00e4r en diskriminering av m\u00e4n:<\/p>\n<blockquote>\n<p style=\"text-align: left;\">&#8221;All olikbehandling \u00e4r inte diskriminering och det \u00e4r ju s\u00e5 att vi har en j\u00e4mst\u00e4lldhetsprincip som inneb\u00e4r att staten m\u00e5ste&#8230;\u00e4r faktiskt skyldig att vidta aktiva \u00e5tg\u00e4rder f\u00f6r att undanr\u00f6ja j\u00e4mst\u00e4lldhet och f\u00f6r att&#8230;eeeh, undanr\u00f6ja oj\u00e4mst\u00e4lldhet&#8230;och fr\u00e4mja j\u00e4mst\u00e4lldhet och det \u00e4r vi skyldiga att g\u00f6ra enligt internationella konventioner som kvinnokonventionen och enligt EU-f\u00f6rdraget och svensk lag ger ocks\u00e5 ett visst utrymme f\u00f6r att vidta aktiva \u00e5tg\u00e4rder. Eeeh, sen s\u00e5 \u00e4r eeh&#8230;diskrimineringsreglerna&#8230;kan man s\u00e4ga en metod f\u00f6r att uppn\u00e5 j\u00e4mst\u00e4lldhet. Eeeh&#8230;och&#8230;en olikbehandling kan i vissa l\u00e4gen vara diskriminerande men den \u00e4r inte givet diskriminerande&#8230;det handlar om en avv\u00e4gning, helt enkelt.&#8221;<\/p>\n<\/blockquote>\n<p style=\"text-align: left;\">H\u00e4r ser vi frukterna av det postmoderna tankegodset i form av den socialkonstruktivistiska feminismen i praktiken. Att inte bli diskriminerad \u00e4r allts\u00e5 inte n\u00e5got som numera automatiskt h\u00f6r ihop med likabehandling. Numera har vi ju en bunt med konventioner sprungna ur samma, socialkonstruktivistiska id\u00e9er som kan anses v\u00e4ga lika tungt n\u00e4r det g\u00e4ller diskriminering. H\u00e5rresande.<\/p>\n<p style=\"text-align: left;\">Eva-Maria Svensson \u00e4r nu inte vilken neutral professor i r\u00e4ttsvetenskap som helst:<\/p>\n<p style=\"text-align: left;\"><a href=\"http:\/\/www.susannavaris.com\/blogg\/2015\/12\/funderingar-kring-sakernas-tillstand\/evamariasvensson_0711\/\" rel=\"attachment wp-att-15622\"><img loading=\"lazy\" decoding=\"async\" class=\"aligncenter size-medium wp-image-15622\" src=\"http:\/\/www.susannavaris.com\/blogg\/wp-content\/uploads\/2015\/12\/evamariasvensson_0711-200x300.jpg\" alt=\"evamariasvensson_0711\" width=\"200\" height=\"300\" srcset=\"http:\/\/www.susannavaris.com\/blogg\/wp-content\/uploads\/2015\/12\/evamariasvensson_0711-200x300.jpg 200w, http:\/\/www.susannavaris.com\/blogg\/wp-content\/uploads\/2015\/12\/evamariasvensson_0711-768x1155.jpg 768w, http:\/\/www.susannavaris.com\/blogg\/wp-content\/uploads\/2015\/12\/evamariasvensson_0711-681x1024.jpg 681w\" sizes=\"auto, (max-width: 200px) 100vw, 200px\" \/><\/a><em>Eva-Maria Svensson, professor R\u00e4ttsfilosofi\/teori, familjer\u00e4tt, genusteori kunnig i bl a Genusr\u00e4ttsvetenskap: <a href=\"http:\/\/law.handels.gu.se\/kontakt\/personal\/eva-maria_svensson\">G\u00f6teborgs universitet. <\/a><\/em><\/p>\n<p style=\"text-align: left;\">Eva-Maria Svensson har ocks\u00e5 skrivit boken <a href=\"http:\/\/www.hhgs.se\/event\/967326516668502\/\">Genusr\u00e4ttsvetenskap<\/a>. Hon har ocks\u00e5 anlitat som utredare av den f\u00f6rra regeringen och f\u00f6reslagit f\u00f6rbud mot kommersiell reklam med k\u00f6nsdiskriminerande utformning: <a href=\"http:\/\/unvis.it\/www.aftonbladet.se\/wendela\/article11337423.ab\">Aftonbladet (unvis.it) <\/a><\/p>\n<p style=\"text-align: left;\">Att uppn\u00e5 50\/50-f\u00f6rdelning mellan k\u00f6nen inom de prestigefulla delarna av samh\u00e4llet \u00e4r allts\u00e5 numera den enda och allenar\u00e5dande definitionen p\u00e5 j\u00e4mst\u00e4lldhet. Detta har jag ju skrivit om i \u00e5ratal och vill ni permanent bli s\u00f6mnl\u00f6sa s\u00e5 l\u00e4ser ni Tanja Bergkvists utredningar av det svenska genusvansinnet <a href=\"https:\/\/tanjabergkvist.wordpress.com\/\">h\u00e4r<\/a>.<\/p>\n<p style=\"text-align: center;\"><a href=\"http:\/\/www.susannavaris.com\/blogg\/2015\/12\/funderingar-kring-sakernas-tillstand\/tabularasa1\/\" rel=\"attachment wp-att-15624\"><img loading=\"lazy\" decoding=\"async\" class=\"aligncenter size-medium wp-image-15624\" src=\"http:\/\/www.susannavaris.com\/blogg\/wp-content\/uploads\/2015\/12\/tabularasa1-300x207.jpg\" alt=\"tabularasa1\" width=\"300\" height=\"207\" srcset=\"http:\/\/www.susannavaris.com\/blogg\/wp-content\/uploads\/2015\/12\/tabularasa1-300x207.jpg 300w, http:\/\/www.susannavaris.com\/blogg\/wp-content\/uploads\/2015\/12\/tabularasa1.jpg 400w\" sizes=\"auto, (max-width: 300px) 100vw, 300px\" \/><\/a><em>Tabula rasa &#8211; alla \u00e4r vi oskrivna ark i b\u00f6rjan. Eller&#8230;?<\/em><\/p>\n<p style=\"text-align: left;\">F\u00f6r det \u00e4r v\u00e4l s\u00e5? Att alla m\u00e4nniskor \u00e4r exakt likadana, vita ark n\u00e4r de f\u00f6ds och som sedan modelleras av sin omgivning till att ha vissa preferenser och vara p\u00e5 vissa s\u00e4tt? Att tjejer s\u00f6ker sig till it-utbildningarna i l\u00e5g utstr\u00e4ckning enkom f\u00f6r att de har formats av omgivningen till att inte g\u00f6ra det? Inget tvivel om saken? Det \u00e4r n\u00e4mligen enbart om det ligger till p\u00e5 det s\u00e4ttet som \u00e5tg\u00e4rder som den ovan kan bli begripliga. Om ens d\u00e5. Det offentliga Sverige har allts\u00e5 anammat en syn p\u00e5 k\u00f6nen och j\u00e4mst\u00e4lldheten som skapats av radikalfeminister p\u00e5 amerikanska universitet och sedan uppr\u00e4tth\u00e5lls av genusinstitutionerna h\u00e4r hemma. M\u00e4nniskor \u00e4r inte l\u00e4ngre biologiska varelser, vi \u00e4r enbart sociala konstruktioner. M\u00e4nniskor v\u00e4ljer inte sina liv i enlighet med n\u00e5gon slags fri vilja, vi \u00e4r alla manipulerade av &#8221;strukturerna&#8221; att g\u00f6ra vissa val. Och f\u00f6r att &#8221;st\u00e4lla de h\u00e4r valen tillr\u00e4tta&#8221; \u00e4r man beredd att g\u00e5 till den h\u00e4r slags diskriminerande ytterligheter.<\/p>\n<p style=\"text-align: left;\">Samtidigt har det v\u00e4l aldrig n\u00e5gonsin producerats lika m\u00e5nga alster i namnet av just likabehandling, allas lika v\u00e4rde etc p\u00e5 landets institutioner. \u00c5tskilliga hentimmar och \u00e5tskilligt med serverkapacitet till\u00e4gnas \u00e5t dessa deviser i tiden. Lagstiftning inte att f\u00f6rgl\u00f6mma: <a href=\"http:\/\/www.riksdagen.se\/sv\/Dokument-Lagar\/Lagar\/Svenskforfattningssamling\/Lag-20011286-om-likabehandl_sfs-2001-1286\/\">Lag om likabehandling<\/a><\/p>\n<p style=\"text-align: left;\">Det m\u00e5ste ju k\u00e4nnas som ett viktigt arbete d\u00e5 det s\u00e5 l\u00e4ttvindigt kan kastas i papperskorgen av det genusindustriella komplexets f\u00f6retr\u00e4dare?<\/p>\n<p style=\"text-align: left;\">Krig \u00e4r fred och diskriminering \u00e4r j\u00e4mst\u00e4lldhet. Ideologi \u00e4r forskning. Hur kan en del av dessa moderna feminister anse att olika spelregler \u00e4r en fiffig id\u00e9? Hela den tid jag fortfarande kallade mig feminist ville jag ha exakt samma spelregler som m\u00e4n, varken mer eller mindre. Jag ville veta att jag inte gavs f\u00f6rdelar, men ocks\u00e5 att jag inte behandlades s\u00e4mre. I dagsl\u00e4get \u00e4r verkar de flesta feminister vara f\u00f6rblindade av f\u00f6rdelning, 50-100 %. Att respektera m\u00e4nniskors val och se till att erbjuda alla samma spelregler verkar fullst\u00e4ndigt pass\u00e9. Att erbjuda m\u00e4nniskor av visst k\u00f6n skattefinansierade studiel\u00e5n \u00e4r att erbjuda dem privilegier. Ett ytterst missbrukat ord i dessa tider f\u00f6rresten. Ett privilegium \u00e4r inte samma sak som en f\u00f6rdel. Ett privilegium \u00e4r formellt och institutionaliserat. Att feminismen av idag inte alls sysslar med j\u00e4mst\u00e4lldhet, utan \u00e4r en fackf\u00f6rening f\u00f6r kvinnor blir allt mer uppenbart.<\/p>\n<p style=\"text-align: left;\">En biologisk man skulle f\u00f6rst\u00e5s kunna s\u00e4ga att han identifierar sig som kvinna och p\u00e5 s\u00e5 vis kr\u00e4va gratis it-utbildning. Det vore intressant att f\u00f6lja det kaos av kolliderande likabehandlings-, diskriminerings- och v\u00e4rdegrundsdokument som skulle f\u00f6lja p\u00e5 det. Allt med sitt ursprung i det grumliga universum som genusvansinnet utg\u00f6r.<\/p>\n<p style=\"text-align: left;\">Undrar f\u00f6r \u00f6vrigt hur genusiterna sorterar fram de individer som gjort &#8221;fria&#8221; val och de som inte gjort det? En stor del av alla som arbetar inom en bransch dominerad av det ena eller det andra k\u00f6net har ju uppenbarligen valt fel och d\u00e4rmed socialiserats fel. Och vad baserar sig de \u00e5terst\u00e5endes val p\u00e5? Vad \u00e4r det f\u00f6r skillnad p\u00e5 en tjej som valt att bli sjuksk\u00f6terska, men socialiserats fel och en som ocks\u00e5 valt att bli sjuksk\u00f6terska, men socialiserats r\u00e4tt? 50 % av alla sjuksk\u00f6terskor, som ocks\u00e5 \u00e4r kvinnor, har ju valt r\u00e4tt.<\/p>\n<p style=\"text-align: left;\">P\u00e5 samma tema:<\/p>\n<p style=\"text-align: left;\">L\u00f6jesguiden:<\/p>\n<blockquote class=\"wp-embedded-content\" data-secret=\"5LUPvbBVIh\"><p><a href=\"https:\/\/lojesguiden.wordpress.com\/2015\/12\/04\/ett-missbruk-av-ord\/\">Ett missbruk av&nbsp;ord<\/a><\/p><\/blockquote>\n<p><iframe loading=\"lazy\" class=\"wp-embedded-content\" sandbox=\"allow-scripts\" security=\"restricted\" style=\"position: absolute; clip: rect(1px, 1px, 1px, 1px);\" title=\"&#8221;Ett missbruk av&nbsp;ord&#8221; &#8212; L\u00f6jesguiden\" src=\"https:\/\/lojesguiden.wordpress.com\/2015\/12\/04\/ett-missbruk-av-ord\/embed\/#?secret=Kc4NTY1g2C#?secret=5LUPvbBVIh\" data-secret=\"5LUPvbBVIh\" width=\"600\" height=\"338\" frameborder=\"0\" marginwidth=\"0\" marginheight=\"0\" scrolling=\"no\"><\/iframe><\/p>\n<p>Fnordspotting: <a href=\"http:\/\/fnordspotting.blogspot.se\/2015\/12\/om-studielan-och-sarlagstiftning.html\">Om studiel\u00e5n och s\u00e4rlagstiftning <\/a><\/p>\n<p>J\u00e4mst\u00e4lldhetsfeministern:<\/p>\n<p><a href=\"https:\/\/jamstalldhetsfeministern.wordpress.com\/2015\/12\/11\/regeringens-utredare-foreslar-kvinnor-ska-fa-sina-studielan-avskrivna\/\">https:\/\/jamstalldhetsfeministern.wordpress.com\/2015\/12\/11\/regeringens-utredare-foreslar-kvinnor-ska-fa-sina-studielan-avskrivna\/<\/a><\/p>\n<p>Toklandet:<\/p>\n<blockquote class=\"wp-embedded-content\" data-secret=\"HecQX9qzGZ\"><p><a href=\"https:\/\/toklandet.wordpress.com\/2015\/12\/12\/nobelpris-och-kvinnor\/\">Nobelpris och kvinnor<\/a><\/p><\/blockquote>\n<p><iframe loading=\"lazy\" class=\"wp-embedded-content\" sandbox=\"allow-scripts\" security=\"restricted\" style=\"position: absolute; clip: rect(1px, 1px, 1px, 1px);\" title=\"&#8221;Nobelpris och kvinnor&#8221; &#8212; WTF?\" src=\"https:\/\/toklandet.wordpress.com\/2015\/12\/12\/nobelpris-och-kvinnor\/embed\/#?secret=IStt5tmiTG#?secret=HecQX9qzGZ\" data-secret=\"HecQX9qzGZ\" width=\"600\" height=\"338\" frameborder=\"0\" marginwidth=\"0\" marginheight=\"0\" scrolling=\"no\"><\/iframe><\/p>\n<p>Clarence Crafoord i SvD 151213:<\/p>\n<p><a href=\"http:\/\/www.svd.se\/clarence-crafoord-digitaliseringskommissionens-lagvattenmarke\/om\/ledare-gastinlagg\">Digitaliseringskommissionens l\u00e5gvattenm\u00e4rke<\/a><\/p>\n<p>Till\u00e4gg:<\/p>\n<p>Jag skriver h\u00e4r<\/p>\n<blockquote class=\"wp-embedded-content\" data-secret=\"jQO08F9i2U\"><p><a href=\"http:\/\/www.susannavaris.com\/blogg\/2015\/05\/den-feministiska-regeringen-fornekar-sig-inte\/\">Den feministiska regeringen f\u00f6rnekar sig inte<\/a><\/p><\/blockquote>\n<p><iframe loading=\"lazy\" class=\"wp-embedded-content\" sandbox=\"allow-scripts\" security=\"restricted\" style=\"position: absolute; clip: rect(1px, 1px, 1px, 1px);\" title=\"\u201dDen feministiska regeringen f\u00f6rnekar sig inte\u201d &ndash; Susanna&#039;s Crowbar\" src=\"http:\/\/www.susannavaris.com\/blogg\/2015\/05\/den-feministiska-regeringen-fornekar-sig-inte\/embed\/#?secret=MytvauD8fI#?secret=jQO08F9i2U\" data-secret=\"jQO08F9i2U\" width=\"600\" height=\"338\" frameborder=\"0\" marginwidth=\"0\" marginheight=\"0\" scrolling=\"no\"><\/iframe><\/p>\n<p>om den allt annat \u00e4n j\u00e4mst\u00e4llda situationen inom den h\u00f6gre utbildningen i Sverige, d\u00e4r 60 % av de studerande \u00e4r kvinnor.<\/p>\n","protected":false},"excerpt":{"rendered":"<p>Det \u00e4r dags f\u00f6r Nobel-festligheterna och prisutdelningarna. De viktigaste framstegen f\u00f6r m\u00e4nskligheten ska uppm\u00e4rksammas och i svensk kontext vet vi ju alla att det betyder att uppn\u00e5 en f\u00f6rdelning av 50 &#8211; 100 % kvinnor p\u00e5 de som nu f\u00f6r\u00e4rats &hellip; <a href=\"http:\/\/www.susannavaris.com\/blogg\/2015\/12\/funderingar-kring-sakernas-tillstand\/\">Forts\u00e4tt l\u00e4sa <span class=\"meta-nav\">&rarr;<\/span><\/a><\/p>\n","protected":false},"author":1,"featured_media":0,"comment_status":"open","ping_status":"open","sticky":false,"template":"","format":"standard","meta":{"footnotes":""},"categories":[178,1364,181,154,259,1321,1928,589,1,403,303,2140,117],"tags":[2460,719,2342,5143,4900,5144,4903,2467,5146,4918,4039,2546,5148,4686,5147,5145,151,3316,2464],"class_list":["post-15616","post","type-post","status-publish","format-standard","hentry","category-blodtryckshojare","category-bocker","category-feminism","category-genus","category-genusvetenskap","category-jamstalldhet","category-journalistik","category-medier","category-okategoriserade","category-pseudovetenskap","category-religion","category-skolan","category-vetenskap","tag-2460","tag-debatt","tag-diskriminering","tag-eva-maria-svensson","tag-feminism","tag-genusrattsvetenskap","tag-genusvetenskap","tag-hogskola","tag-it-utbildning","tag-jamstalldhet","tag-likabehandling","tag-nobel","tag-privilegie","tag-socialkonstruktivism","tag-studiestod","tag-tabula-rasa","tag-tanja-bergkvist","tag-universitet","tag-utbildning"],"_links":{"self":[{"href":"http:\/\/www.susannavaris.com\/blogg\/wp-json\/wp\/v2\/posts\/15616","targetHints":{"allow":["GET"]}}],"collection":[{"href":"http:\/\/www.susannavaris.com\/blogg\/wp-json\/wp\/v2\/posts"}],"about":[{"href":"http:\/\/www.susannavaris.com\/blogg\/wp-json\/wp\/v2\/types\/post"}],"author":[{"embeddable":true,"href":"http:\/\/www.susannavaris.com\/blogg\/wp-json\/wp\/v2\/users\/1"}],"replies":[{"embeddable":true,"href":"http:\/\/www.susannavaris.com\/blogg\/wp-json\/wp\/v2\/comments?post=15616"}],"version-history":[{"count":10,"href":"http:\/\/www.susannavaris.com\/blogg\/wp-json\/wp\/v2\/posts\/15616\/revisions"}],"predecessor-version":[{"id":15647,"href":"http:\/\/www.susannavaris.com\/blogg\/wp-json\/wp\/v2\/posts\/15616\/revisions\/15647"}],"wp:attachment":[{"href":"http:\/\/www.susannavaris.com\/blogg\/wp-json\/wp\/v2\/media?parent=15616"}],"wp:term":[{"taxonomy":"category","embeddable":true,"href":"http:\/\/www.susannavaris.com\/blogg\/wp-json\/wp\/v2\/categories?post=15616"},{"taxonomy":"post_tag","embeddable":true,"href":"http:\/\/www.susannavaris.com\/blogg\/wp-json\/wp\/v2\/tags?post=15616"}],"curies":[{"name":"wp","href":"https:\/\/api.w.org\/{rel}","templated":true}]}}