{"id":1566,"date":"2011-07-27T09:59:11","date_gmt":"2011-07-27T07:59:11","guid":{"rendered":"http:\/\/www.susannavaris.com\/blogg\/?p=1566"},"modified":"2023-02-14T20:20:27","modified_gmt":"2023-02-14T19:20:27","slug":"dagens-blodtryckshojare-2","status":"publish","type":"post","link":"http:\/\/www.susannavaris.com\/blogg\/2011\/07\/dagens-blodtryckshojare-2\/","title":{"rendered":"Dagens blodtrycksh\u00f6jare"},"content":{"rendered":"<div class=\"wp-block-image\">\n<figure class=\"aligncenter size-large\"><img loading=\"lazy\" decoding=\"async\" width=\"1024\" height=\"1024\" src=\"http:\/\/www.susannavaris.com\/blogg\/wp-content\/uploads\/2023\/02\/Bild-borttagen-1024x1024.jpg\" alt=\"\" class=\"wp-image-17619\" title=\"Petter+Larsson\" srcset=\"http:\/\/www.susannavaris.com\/blogg\/wp-content\/uploads\/2023\/02\/Bild-borttagen-1024x1024.jpg 1024w, http:\/\/www.susannavaris.com\/blogg\/wp-content\/uploads\/2023\/02\/Bild-borttagen-300x300.jpg 300w, http:\/\/www.susannavaris.com\/blogg\/wp-content\/uploads\/2023\/02\/Bild-borttagen-150x150.jpg 150w, http:\/\/www.susannavaris.com\/blogg\/wp-content\/uploads\/2023\/02\/Bild-borttagen-768x768.jpg 768w, http:\/\/www.susannavaris.com\/blogg\/wp-content\/uploads\/2023\/02\/Bild-borttagen-1536x1536.jpg 1536w, http:\/\/www.susannavaris.com\/blogg\/wp-content\/uploads\/2023\/02\/Bild-borttagen-2048x2048.jpg 2048w\" sizes=\"auto, (max-width: 1024px) 100vw, 1024px\" \/><\/figure>\n<\/div>\n\n\n<p>Aftonbladet Kultur och Petter Larsson den h\u00e4r g\u00e5ngen, har gjort det igen. I efterdyningarna av tragedierna i Norge, letas det fortfarande efter syndabockar och medel att f\u00f6rhindra att n\u00e5got liknande ska ske igen. Jag har skrivit om det i tidigare inl\u00e4gg.<\/p>\n\n\n\n<p>Det \u00e4r ledsamt att konstatera att Petter Larsson vill skapa ett samband mellan terroristen i Norge och f\u00f6rst, de h\u00f6gerextrema partierna i Europa och sedan \u00e4ven allianspartierna i Sverige. Samma quilt by association-metodik, som han i samma artikel v\u00e4nder sig emot n\u00e4r det g\u00e4ller fr\u00e4mst muslimer.<\/p>\n\n\n\n<p>Jag blir tr\u00f6tt. Och uppgiven. Egentligen borde jag inte sl\u00f6sa mera energi p\u00e5 denna form av interna, politiska k\u00e4bblerier, men jag k\u00e4nner att jag \u00e4nd\u00e5 vill reagera. Petter Larsson b\u00f6r dra en mycket unken filt \u00f6ver sig och sk\u00e4mmas.<\/p>\n\n\n\n<p>Artikeln finns h\u00e4r:<\/p>\n\n\n\n<p><a href=\"http:\/\/www.aftonbladet.se\/kultur\/article13375610.ab\">http:\/\/www.aftonbladet.se\/kultur\/article13375610.ab<\/a><\/p>\n\n\n\n<p>Tragedin i Norge har tagit en tid att ta in, \u00e5tminstone f\u00f6r mig personligen. Fr\u00e5n f\u00f6rsta dagens initiala klump i halsen och chock, har det s\u00e5 sm\u00e5ningom b\u00f6rjat sippra fram en f\u00f6rest\u00e4llning om det fruktansv\u00e4rda som h\u00e4nt. Jag kan inte ens f\u00f6rest\u00e4lla mig vilket inferno m\u00e4nniskorna p\u00e5 Ut\u00f6ya har upplevt. Jens Stoltenberg har gjort ett fantastiskt arbete. Jag antar att Norge kommer att vara ett annorlunda land en l\u00e5ng tid fram\u00e5t. Jag sk\u00e4nker en tanke till alla anh\u00f6riga och \u00f6verlevande fr\u00e5n tragedierna.<\/p>\n","protected":false},"excerpt":{"rendered":"<p>Aftonbladet Kultur och Petter Larsson den h\u00e4r g\u00e5ngen, har gjort det igen. I efterdyningarna av tragedierna i Norge, letas det fortfarande efter syndabockar och medel att f\u00f6rhindra att n\u00e5got liknande ska ske igen. Jag har skrivit om det i tidigare &hellip; <a href=\"http:\/\/www.susannavaris.com\/blogg\/2011\/07\/dagens-blodtryckshojare-2\/\">Forts\u00e4tt l\u00e4sa <span class=\"meta-nav\">&rarr;<\/span><\/a><\/p>\n","protected":false},"author":1,"featured_media":1567,"comment_status":"open","ping_status":"open","sticky":false,"template":"","format":"standard","meta":{"footnotes":""},"categories":[178,589,590],"tags":[149,478,453,477,446,447],"class_list":["post-1566","post","type-post","status-publish","format-standard","has-post-thumbnail","hentry","category-blodtryckshojare","category-medier","category-politik","tag-aftonbladet","tag-aftonbladet-kultur","tag-norge","tag-petter-larsson","tag-terror","tag-terrorattentat"],"_links":{"self":[{"href":"http:\/\/www.susannavaris.com\/blogg\/wp-json\/wp\/v2\/posts\/1566","targetHints":{"allow":["GET"]}}],"collection":[{"href":"http:\/\/www.susannavaris.com\/blogg\/wp-json\/wp\/v2\/posts"}],"about":[{"href":"http:\/\/www.susannavaris.com\/blogg\/wp-json\/wp\/v2\/types\/post"}],"author":[{"embeddable":true,"href":"http:\/\/www.susannavaris.com\/blogg\/wp-json\/wp\/v2\/users\/1"}],"replies":[{"embeddable":true,"href":"http:\/\/www.susannavaris.com\/blogg\/wp-json\/wp\/v2\/comments?post=1566"}],"version-history":[{"count":7,"href":"http:\/\/www.susannavaris.com\/blogg\/wp-json\/wp\/v2\/posts\/1566\/revisions"}],"predecessor-version":[{"id":17935,"href":"http:\/\/www.susannavaris.com\/blogg\/wp-json\/wp\/v2\/posts\/1566\/revisions\/17935"}],"wp:featuredmedia":[{"embeddable":true,"href":"http:\/\/www.susannavaris.com\/blogg\/wp-json\/wp\/v2\/media\/1567"}],"wp:attachment":[{"href":"http:\/\/www.susannavaris.com\/blogg\/wp-json\/wp\/v2\/media?parent=1566"}],"wp:term":[{"taxonomy":"category","embeddable":true,"href":"http:\/\/www.susannavaris.com\/blogg\/wp-json\/wp\/v2\/categories?post=1566"},{"taxonomy":"post_tag","embeddable":true,"href":"http:\/\/www.susannavaris.com\/blogg\/wp-json\/wp\/v2\/tags?post=1566"}],"curies":[{"name":"wp","href":"https:\/\/api.w.org\/{rel}","templated":true}]}}